{"id":47970,"date":"2025-06-05T21:30:00","date_gmt":"2025-06-06T00:30:00","guid":{"rendered":"https:\/\/www.correiobraziliense.com.br\/cbradar\/?p=47970"},"modified":"2025-06-05T06:28:18","modified_gmt":"2025-06-05T09:28:18","slug":"a-cidade-que-virou-queridinha-de-familias-e-aposentados-em-busca-de-qualidade-de-vida","status":"publish","type":"post","link":"https:\/\/www.correiobraziliense.com.br\/cbradar\/a-cidade-que-virou-queridinha-de-familias-e-aposentados-em-busca-de-qualidade-de-vida\/","title":{"rendered":"A cidade que virou queridinha de fam\u00edlias e aposentados em busca de qualidade de vida"},"content":{"rendered":"\n<p><strong><a href=\"https:\/\/cabofrio.rj.gov.br\/\" target=\"_blank\" rel=\"noreferrer noopener\">Cabo Frio<\/a> \u00e9 uma das joias do litoral fluminense, com praias de areia branca e mar azul cristalino que conquistam turistas o ano inteiro.<\/strong> A cidade combina paisagens paradis\u00edacas com uma estrutura urbana completa, sendo ideal tanto para morar quanto para visitar. Com forte apelo tur\u00edstico, Cabo Frio oferece lazer, gastronomia, cultura e uma atmosfera acolhedora. \u00c9 um destino onde a beleza natural encontra qualidade de vida.<\/p>\n\n\n\n<p><strong>Cabo Frio proporciona uma \u00f3tima qualidade de vida para quem valoriza o mar, o sol e um ritmo de vida mais leve.<\/strong> A cidade oferece estrutura completa, clima agrad\u00e1vel e belas praias com \u00e1guas cristalinas. A presen\u00e7a de \u00e1reas residenciais tranquilas, boa oferta de servi\u00e7os e com\u00e9rcio ativo contribui para o conforto dos moradores. \u00c9 um destino bastante procurado por aposentados, fam\u00edlias e trabalhadores remotos.<\/p>\n\n\n\n<h2 class=\"wp-block-heading\">Como Cabo Frio promove a sustentabilidade?<\/h2>\n\n\n\n<p><strong>Cabo Frio aposta na preserva\u00e7\u00e3o de suas praias, dunas e \u00e1reas verdes por meio de projetos ambientais e a\u00e7\u00f5es educativas.<\/strong> A cidade integra a \u00c1rea de Prote\u00e7\u00e3o Ambiental do Pau-Brasil e possui iniciativas de coleta seletiva e limpeza urbana. A conscientiza\u00e7\u00e3o ambiental \u00e9 promovida em escolas e junto a turistas. Parcerias com ONGs fortalecem a preserva\u00e7\u00e3o da Lagoa de Araruama e dos ecossistemas locais.<\/p>\n\n\n\n<h2 class=\"wp-block-heading\">Vale a pena morar em Cabo Frio?<\/h2>\n\n\n\n<p><strong>Sim, morar em Cabo Frio \u00e9 uma excelente op\u00e7\u00e3o para quem deseja qualidade de vida com paisagens paradis\u00edacas ao redor.<\/strong> A cidade une tranquilidade e praticidade, com bairros bem servidos, boas escolas e um com\u00e9rcio ativo. A vida costeira favorece o bem-estar e o lazer. \u00c9 um lugar acolhedor, com oportunidades para empreender no turismo, gastronomia e servi\u00e7os.<\/p>\n\n\n\n<figure class=\"wp-block-image size-large\"><img decoding=\"async\" width=\"1024\" height=\"576\" src=\"https:\/\/www.correiobraziliense.com.br\/cbradar\/wp-content\/uploads\/2025\/06\/Cabo-Frio_1749046101714-1024x576.jpg\" alt=\"A cidade que virou queridinha de fam\u00edlias e aposentados em busca de qualidade de vida\" class=\"wp-image-47972\" srcset=\"https:\/\/www.correiobraziliense.com.br\/cbradar\/wp-content\/uploads\/2025\/06\/Cabo-Frio_1749046101714-1024x576.jpg 1024w, https:\/\/www.correiobraziliense.com.br\/cbradar\/wp-content\/uploads\/2025\/06\/Cabo-Frio_1749046101714-300x169.jpg 300w, https:\/\/www.correiobraziliense.com.br\/cbradar\/wp-content\/uploads\/2025\/06\/Cabo-Frio_1749046101714-768x432.jpg 768w, https:\/\/www.correiobraziliense.com.br\/cbradar\/wp-content\/uploads\/2025\/06\/Cabo-Frio_1749046101714-750x422.jpg 750w, https:\/\/www.correiobraziliense.com.br\/cbradar\/wp-content\/uploads\/2025\/06\/Cabo-Frio_1749046101714-1140x641.jpg 1140w, https:\/\/www.correiobraziliense.com.br\/cbradar\/wp-content\/uploads\/2025\/06\/Cabo-Frio_1749046101714.jpg 1280w\" sizes=\"(max-width: 1024px) 100vw, 1024px\" \/><figcaption class=\"wp-element-caption\">Cabo Frio. Cr\u00e9ditos: depositphotos.com \/ Cristian_Lourenco<\/figcaption><\/figure>\n\n\n\n<h2 class=\"wp-block-heading\">Como \u00e9 a educa\u00e7\u00e3o em Cabo Frio?<\/h2>\n\n\n\n<p><strong>A educa\u00e7\u00e3o em Cabo Frio \u00e9 atendida por escolas p\u00fablicas e privadas, al\u00e9m de polos universit\u00e1rios e centros t\u00e9cnicos.<\/strong> O munic\u00edpio investe em programas educacionais e oferece forma\u00e7\u00e3o complementar por meio de oficinas e projetos culturais. H\u00e1 tamb\u00e9m iniciativas voltadas \u00e0 inclus\u00e3o e ao fortalecimento da educa\u00e7\u00e3o ambiental. A cidade \u00e9 refer\u00eancia regional em algumas \u00e1reas do ensino.<\/p>\n\n\n\n<h2 class=\"wp-block-heading\">Qual \u00e9 a economia local e as oportunidades de trabalho em Cabo Frio?<\/h2>\n\n\n\n<p><strong>A economia de Cabo Frio gira em torno do turismo, com\u00e9rcio, servi\u00e7os e pesca.<\/strong> Durante o ano todo, especialmente no ver\u00e3o, a cidade atrai visitantes que movimentam o setor hoteleiro e gastron\u00f4mico. H\u00e1 boas oportunidades para profissionais aut\u00f4nomos e empreendedores. O setor de im\u00f3veis tamb\u00e9m \u00e9 aquecido, com crescimento na constru\u00e7\u00e3o civil e aluguel por temporada.<\/p>\n\n\n\n<h2 class=\"wp-block-heading\">O que fazer em Cabo Frio?<\/h2>\n\n\n\n<ul class=\"wp-block-list\">\n<li><strong>Praia do Forte<\/strong>: extensa faixa de areia branca e mar azul-turquesa.<\/li>\n\n\n\n<li><strong>Ilha do Japon\u00eas<\/strong>: passeio imperd\u00edvel com paisagem tranquila e \u00e1guas calmas.<\/li>\n\n\n\n<li><strong>Boulevard Canal<\/strong>: restaurantes, bares e lojinhas em clima bo\u00eamio.<\/li>\n\n\n\n<li><strong>Rua dos Biqu\u00ednis<\/strong>: polo de moda praia com lojas para todos os estilos.<\/li>\n\n\n\n<li><strong>Forte S\u00e3o Mateus<\/strong>: constru\u00e7\u00e3o hist\u00f3rica com vista panor\u00e2mica para o mar.<\/li>\n<\/ul>\n\n\n\n<figure class=\"wp-block-image size-large\"><img decoding=\"async\" width=\"1024\" height=\"576\" src=\"https:\/\/www.correiobraziliense.com.br\/cbradar\/wp-content\/uploads\/2025\/06\/Cabo-Frio_1749046160186-1024x576.jpg\" alt=\"A cidade que virou queridinha de fam\u00edlias e aposentados em busca de qualidade de vida\" class=\"wp-image-47973\" srcset=\"https:\/\/www.correiobraziliense.com.br\/cbradar\/wp-content\/uploads\/2025\/06\/Cabo-Frio_1749046160186-1024x576.jpg 1024w, https:\/\/www.correiobraziliense.com.br\/cbradar\/wp-content\/uploads\/2025\/06\/Cabo-Frio_1749046160186-300x169.jpg 300w, https:\/\/www.correiobraziliense.com.br\/cbradar\/wp-content\/uploads\/2025\/06\/Cabo-Frio_1749046160186-768x432.jpg 768w, https:\/\/www.correiobraziliense.com.br\/cbradar\/wp-content\/uploads\/2025\/06\/Cabo-Frio_1749046160186-750x422.jpg 750w, https:\/\/www.correiobraziliense.com.br\/cbradar\/wp-content\/uploads\/2025\/06\/Cabo-Frio_1749046160186-1140x641.jpg 1140w, https:\/\/www.correiobraziliense.com.br\/cbradar\/wp-content\/uploads\/2025\/06\/Cabo-Frio_1749046160186.jpg 1280w\" sizes=\"(max-width: 1024px) 100vw, 1024px\" \/><figcaption class=\"wp-element-caption\">Cabo Frio. Cr\u00e9ditos: depositphotos.com \/ epasqualli<\/figcaption><\/figure>\n\n\n\n<h2 class=\"wp-block-heading\">O que devo saber antes de ir a Cabo Frio?<\/h2>\n\n\n\n<p><strong>\u00c9 importante saber que a cidade recebe muitos turistas nos feriados e no ver\u00e3o, ent\u00e3o vale planejar com anteced\u00eancia.<\/strong> As praias s\u00e3o p\u00fablicas e bem cuidadas, mas o uso de protetor solar biodegrad\u00e1vel \u00e9 recomendado. A cidade \u00e9 segura, com policiamento na orla e boa estrutura de transporte. Leve roupas leves, chap\u00e9u e disposi\u00e7\u00e3o para aproveitar o litoral.<\/p>\n\n\n\n<h2 class=\"wp-block-heading\">Vale a pena visitar Cabo Frio?<\/h2>\n\n\n\n<p><strong>Sim, visitar Cabo Frio \u00e9 ideal para quem busca sol, mar e boa estrutura tur\u00edstica.<\/strong> A cidade \u00e9 um dos destinos mais procurados da Regi\u00e3o dos Lagos e oferece belezas naturais, cultura e lazer. \u00c9 perfeita para viagens em fam\u00edlia, casais e grupos de amigos. Al\u00e9m disso, serve de base para explorar outras cidades como <strong>Arraial do Cabo<\/strong> e <strong>B\u00fazios<\/strong>.<\/p>\n\n\n\n<h2 class=\"wp-block-heading\">Como chegar em Cabo Frio?<\/h2>\n\n\n\n<p><strong>Cabo Frio est\u00e1 a cerca de 150 km do <a href=\"https:\/\/www.correiobraziliense.com.br\/cbradar\/a-beleza-escondida-da-joia-serrana-que-encanta-o-rio-de-janeiro\/\" target=\"_blank\" rel=\"noreferrer noopener\">Rio de Janeiro<\/a>, com acesso facilitado pela RJ-124 (Via Lagos).<\/strong> A cidade possui aeroporto com voos sazonais e linhas rodovi\u00e1rias regulares. Tamb\u00e9m \u00e9 poss\u00edvel chegar de carro ou transfer, em um trajeto com belas paisagens litor\u00e2neas. A infraestrutura \u00e9 boa para quem viaja tanto sozinho quanto em grupo.<\/p>\n","protected":false},"excerpt":{"rendered":"<p>Morar nessa cidade \u00e9 viver com o p\u00e9 na areia e infraestrutura urbana. Descubra por que tantos est\u00e3o trocando a capital por esse para\u00edso.<\/p>\n","protected":false},"author":3,"featured_media":47971,"comment_status":"open","ping_status":"open","sticky":false,"template":"","format":"standard","meta":{"_yoast_wpseo_focuskw":"Cabo Frio","_yoast_wpseo_title":"%%title%%","_yoast_wpseo_metadesc":"Morar nessa cidade \u00e9 viver com o p\u00e9 na areia e infraestrutura urbana. Descubra por que tantos est\u00e3o trocando a capital por esse para\u00edso.","jnews-multi-image_gallery":[],"jnews_single_post":{"format":"standard"},"jnews_primary_category":[],"jnews_social_meta":[],"jnews_override_counter":[],"footnotes":""},"categories":[108],"tags":[109],"class_list":["post-47970","post","type-post","status-publish","format-standard","has-post-thumbnail","hentry","category-cidades","tag-cidades"],"yoast_head":"<!-- This site is optimized with the Yoast SEO plugin v24.6 - https:\/\/yoast.com\/wordpress\/plugins\/seo\/ -->\n<title>A cidade que virou queridinha de fam\u00edlias e aposentados em busca de qualidade de vida<\/title>\n<meta name=\"description\" content=\"Morar nessa cidade \u00e9 viver com o p\u00e9 na areia e infraestrutura urbana. Descubra por que tantos est\u00e3o trocando a capital por esse para\u00edso.\" \/>\n<meta name=\"robots\" content=\"index, follow, max-snippet:-1, max-image-preview:large, max-video-preview:-1\" \/>\n<link rel=\"canonical\" href=\"https:\/\/www.correiobraziliense.com.br\/cbradar\/a-cidade-que-virou-queridinha-de-familias-e-aposentados-em-busca-de-qualidade-de-vida\/\" \/>\n<meta property=\"og:locale\" content=\"pt_BR\" \/>\n<meta property=\"og:type\" content=\"article\" \/>\n<meta property=\"og:title\" content=\"A cidade que virou queridinha de fam\u00edlias e aposentados em busca de qualidade de vida\" \/>\n<meta property=\"og:description\" content=\"Morar nessa cidade \u00e9 viver com o p\u00e9 na areia e infraestrutura urbana. Descubra por que tantos est\u00e3o trocando a capital por esse para\u00edso.\" \/>\n<meta property=\"og:url\" content=\"https:\/\/www.correiobraziliense.com.br\/cbradar\/a-cidade-que-virou-queridinha-de-familias-e-aposentados-em-busca-de-qualidade-de-vida\/\" \/>\n<meta property=\"og:site_name\" content=\"Correio Braziliense - Radar\" \/>\n<meta property=\"article:published_time\" content=\"2025-06-06T00:30:00+00:00\" \/>\n<meta property=\"og:image\" content=\"https:\/\/www.correiobraziliense.com.br\/cbradar\/wp-content\/uploads\/2025\/06\/Cabo-Frio_1749046046766.jpg\" \/>\n\t<meta property=\"og:image:width\" content=\"1280\" \/>\n\t<meta property=\"og:image:height\" content=\"720\" \/>\n\t<meta property=\"og:image:type\" content=\"image\/jpeg\" \/>\n<meta name=\"author\" content=\"Larissa Carvalho\" \/>\n<meta name=\"twitter:card\" content=\"summary_large_image\" \/>\n<meta name=\"twitter:label1\" content=\"Escrito por\" \/>\n\t<meta name=\"twitter:data1\" content=\"Larissa Carvalho\" \/>\n\t<meta name=\"twitter:label2\" content=\"Est. tempo de leitura\" \/>\n\t<meta name=\"twitter:data2\" content=\"5 minutos\" \/>\n<!-- \/ Yoast SEO plugin. -->","yoast_head_json":{"title":"A cidade que virou queridinha de fam\u00edlias e aposentados em busca de qualidade de vida","description":"Morar nessa cidade \u00e9 viver com o p\u00e9 na areia e infraestrutura urbana. Descubra por que tantos est\u00e3o trocando a capital por esse para\u00edso.","robots":{"index":"index","follow":"follow","max-snippet":"max-snippet:-1","max-image-preview":"max-image-preview:large","max-video-preview":"max-video-preview:-1"},"canonical":"https:\/\/www.correiobraziliense.com.br\/cbradar\/a-cidade-que-virou-queridinha-de-familias-e-aposentados-em-busca-de-qualidade-de-vida\/","og_locale":"pt_BR","og_type":"article","og_title":"A cidade que virou queridinha de fam\u00edlias e aposentados em busca de qualidade de vida","og_description":"Morar nessa cidade \u00e9 viver com o p\u00e9 na areia e infraestrutura urbana. Descubra por que tantos est\u00e3o trocando a capital por esse para\u00edso.","og_url":"https:\/\/www.correiobraziliense.com.br\/cbradar\/a-cidade-que-virou-queridinha-de-familias-e-aposentados-em-busca-de-qualidade-de-vida\/","og_site_name":"Correio Braziliense - Radar","article_published_time":"2025-06-06T00:30:00+00:00","og_image":[{"width":1280,"height":720,"url":"https:\/\/www.correiobraziliense.com.br\/cbradar\/wp-content\/uploads\/2025\/06\/Cabo-Frio_1749046046766.jpg","type":"image\/jpeg"}],"author":"Larissa Carvalho","twitter_card":"summary_large_image","twitter_misc":{"Escrito por":"Larissa Carvalho","Est. tempo de leitura":"5 minutos"},"schema":{"@context":"https:\/\/schema.org","@graph":[{"@type":"WebPage","@id":"https:\/\/www.correiobraziliense.com.br\/cbradar\/a-cidade-que-virou-queridinha-de-familias-e-aposentados-em-busca-de-qualidade-de-vida\/","url":"https:\/\/www.correiobraziliense.com.br\/cbradar\/a-cidade-que-virou-queridinha-de-familias-e-aposentados-em-busca-de-qualidade-de-vida\/","name":"A cidade que virou queridinha de fam\u00edlias e aposentados em busca de qualidade de vida","isPartOf":{"@id":"https:\/\/www.correiobraziliense.com.br\/cbradar\/#website"},"primaryImageOfPage":{"@id":"https:\/\/www.correiobraziliense.com.br\/cbradar\/a-cidade-que-virou-queridinha-de-familias-e-aposentados-em-busca-de-qualidade-de-vida\/#primaryimage"},"image":{"@id":"https:\/\/www.correiobraziliense.com.br\/cbradar\/a-cidade-que-virou-queridinha-de-familias-e-aposentados-em-busca-de-qualidade-de-vida\/#primaryimage"},"thumbnailUrl":"https:\/\/www.correiobraziliense.com.br\/cbradar\/wp-content\/uploads\/2025\/06\/Cabo-Frio_1749046046766.jpg","datePublished":"2025-06-06T00:30:00+00:00","author":{"@id":"https:\/\/www.correiobraziliense.com.br\/cbradar\/#\/schema\/person\/58422787644df994b53a19d3e56c1513"},"description":"Morar nessa cidade \u00e9 viver com o p\u00e9 na areia e infraestrutura urbana. Descubra por que tantos est\u00e3o trocando a capital por esse para\u00edso.","breadcrumb":{"@id":"https:\/\/www.correiobraziliense.com.br\/cbradar\/a-cidade-que-virou-queridinha-de-familias-e-aposentados-em-busca-de-qualidade-de-vida\/#breadcrumb"},"inLanguage":"pt-BR","potentialAction":[{"@type":"ReadAction","target":["https:\/\/www.correiobraziliense.com.br\/cbradar\/a-cidade-que-virou-queridinha-de-familias-e-aposentados-em-busca-de-qualidade-de-vida\/"]}]},{"@type":"ImageObject","inLanguage":"pt-BR","@id":"https:\/\/www.correiobraziliense.com.br\/cbradar\/a-cidade-que-virou-queridinha-de-familias-e-aposentados-em-busca-de-qualidade-de-vida\/#primaryimage","url":"https:\/\/www.correiobraziliense.com.br\/cbradar\/wp-content\/uploads\/2025\/06\/Cabo-Frio_1749046046766.jpg","contentUrl":"https:\/\/www.correiobraziliense.com.br\/cbradar\/wp-content\/uploads\/2025\/06\/Cabo-Frio_1749046046766.jpg","width":1280,"height":720,"caption":"Cabo Frio. Cr\u00e9ditos: depositphotos.com \/ Cristian_Lourenco"},{"@type":"BreadcrumbList","@id":"https:\/\/www.correiobraziliense.com.br\/cbradar\/a-cidade-que-virou-queridinha-de-familias-e-aposentados-em-busca-de-qualidade-de-vida\/#breadcrumb","itemListElement":[{"@type":"ListItem","position":1,"name":"In\u00edcio","item":"https:\/\/www.correiobraziliense.com.br\/cbradar\/"},{"@type":"ListItem","position":2,"name":"A cidade que virou queridinha de fam\u00edlias e aposentados em busca de qualidade de vida"}]},{"@type":"WebSite","@id":"https:\/\/www.correiobraziliense.com.br\/cbradar\/#website","url":"https:\/\/www.correiobraziliense.com.br\/cbradar\/","name":"Correio Braziliense - Radar","description":"Acompanhe as \u00faltimas not\u00edcias e fique bem informado sobre tudo o que acontece no Brasil e no mundo.","potentialAction":[{"@type":"SearchAction","target":{"@type":"EntryPoint","urlTemplate":"https:\/\/www.correiobraziliense.com.br\/cbradar\/?s={search_term_string}"},"query-input":{"@type":"PropertyValueSpecification","valueRequired":true,"valueName":"search_term_string"}}],"inLanguage":"pt-BR"},{"@type":"Person","@id":"https:\/\/www.correiobraziliense.com.br\/cbradar\/#\/schema\/person\/58422787644df994b53a19d3e56c1513","name":"Larissa Carvalho","image":{"@type":"ImageObject","inLanguage":"pt-BR","@id":"https:\/\/www.correiobraziliense.com.br\/cbradar\/#\/schema\/person\/image\/","url":"https:\/\/secure.gravatar.com\/avatar\/fe4f91a0de32b52a838d0d612abdc1aa?s=96&d=mm&r=g","contentUrl":"https:\/\/secure.gravatar.com\/avatar\/fe4f91a0de32b52a838d0d612abdc1aa?s=96&d=mm&r=g","caption":"Larissa Carvalho"},"url":"https:\/\/www.correiobraziliense.com.br\/cbradar\/author\/larissamyth\/"}]}},"_links":{"self":[{"href":"https:\/\/www.correiobraziliense.com.br\/cbradar\/wp-json\/wp\/v2\/posts\/47970","targetHints":{"allow":["GET"]}}],"collection":[{"href":"https:\/\/www.correiobraziliense.com.br\/cbradar\/wp-json\/wp\/v2\/posts"}],"about":[{"href":"https:\/\/www.correiobraziliense.com.br\/cbradar\/wp-json\/wp\/v2\/types\/post"}],"author":[{"embeddable":true,"href":"https:\/\/www.correiobraziliense.com.br\/cbradar\/wp-json\/wp\/v2\/users\/3"}],"replies":[{"embeddable":true,"href":"https:\/\/www.correiobraziliense.com.br\/cbradar\/wp-json\/wp\/v2\/comments?post=47970"}],"version-history":[{"count":2,"href":"https:\/\/www.correiobraziliense.com.br\/cbradar\/wp-json\/wp\/v2\/posts\/47970\/revisions"}],"predecessor-version":[{"id":48445,"href":"https:\/\/www.correiobraziliense.com.br\/cbradar\/wp-json\/wp\/v2\/posts\/47970\/revisions\/48445"}],"wp:featuredmedia":[{"embeddable":true,"href":"https:\/\/www.correiobraziliense.com.br\/cbradar\/wp-json\/wp\/v2\/media\/47971"}],"wp:attachment":[{"href":"https:\/\/www.correiobraziliense.com.br\/cbradar\/wp-json\/wp\/v2\/media?parent=47970"}],"wp:term":[{"taxonomy":"category","embeddable":true,"href":"https:\/\/www.correiobraziliense.com.br\/cbradar\/wp-json\/wp\/v2\/categories?post=47970"},{"taxonomy":"post_tag","embeddable":true,"href":"https:\/\/www.correiobraziliense.com.br\/cbradar\/wp-json\/wp\/v2\/tags?post=47970"}],"curies":[{"name":"wp","href":"https:\/\/api.w.org\/{rel}","templated":true}]}}