{"id":4833,"date":"2025-02-23T13:30:00","date_gmt":"2025-02-23T16:30:00","guid":{"rendered":"https:\/\/www.correiobraziliense.com.br\/cbradar\/?p=4833"},"modified":"2025-02-22T08:54:19","modified_gmt":"2025-02-22T11:54:19","slug":"aprenda-a-plantar-mamao-e-aproveite-todos-os-seus-beneficios","status":"publish","type":"post","link":"https:\/\/www.correiobraziliense.com.br\/cbradar\/aprenda-a-plantar-mamao-e-aproveite-todos-os-seus-beneficios\/","title":{"rendered":"Aprenda a plantar mam\u00e3o e aproveite todos os seus benef\u00edcios"},"content":{"rendered":"\n<p>O mam\u00e3o \u00e9 uma fruta amplamente consumida no <strong>Brasil<\/strong>, conhecido por suas propriedades nutricionais e medicinais. As variedades mais comuns no pa\u00eds s\u00e3o o <strong>Hava\u00ed<\/strong>, <strong>Papaya<\/strong> e <strong>Formosa<\/strong>. Este fruto \u00e9 valorizado por suas caracter\u00edsticas anti-inflamat\u00f3rias, cicatrizantes, diur\u00e9ticas e laxantes, al\u00e9m de auxiliar na digest\u00e3o. Al\u00e9m disso, os caro\u00e7os do mam\u00e3o s\u00e3o considerados verm\u00edfugos naturais, conforme explica a especialista em Nutri\u00e7\u00e3o Cl\u00ednica, <strong>Eriv\u00e2nia Fontes<\/strong>, em entrevista ao portal Petz.<\/p>\n\n\n\n<p>Rico em nutrientes, o mam\u00e3o cont\u00e9m a\u00e7\u00facares, fibras, vitaminas C, E e K, al\u00e9m de minerais como c\u00e1lcio, ferro, f\u00f3sforo, magn\u00e9sio, pot\u00e1ssio e zinco. Essa composi\u00e7\u00e3o faz do mam\u00e3o um alimento completo, contribuindo para uma dieta equilibrada e saud\u00e1vel.<\/p>\n\n\n\n<h2 class=\"wp-block-heading\"><strong>Como plantar mam\u00e3o: dicas essenciais<\/strong><\/h2>\n\n\n\n<p>Plantar mam\u00e3o em casa pode ser uma tarefa simples e recompensadora. N\u00e3o h\u00e1 restri\u00e7\u00f5es quanto \u00e0 \u00e9poca do plantio, mas \u00e9 recomendado realizar a tarefa durante a esta\u00e7\u00e3o chuvosa para economizar \u00e1gua. O mamoeiro se adapta bem a regi\u00f5es com temperaturas entre 22 \u00baC e 26 \u00baC e deve ser plantado em locais ensolarados.<\/p>\n\n\n\n<p>O cultivo geralmente come\u00e7a a partir das sementes, que podem ser obtidas diretamente do fruto ou compradas em lojas especializadas. Antes do plantio, \u00e9 importante retirar a membrana das sementes, lav\u00e1-las e deix\u00e1-las secar em um local com pouca luz. Para plantar em vasos, escolha um recipiente de 100 litros com boa aduba\u00e7\u00e3o. Caso opte por plantar no solo, siga algumas orienta\u00e7\u00f5es para garantir o sucesso do cultivo.<\/p>\n\n\n\n<figure class=\"wp-block-image size-large\"><img decoding=\"async\" width=\"1024\" height=\"576\" src=\"https:\/\/www.correiobraziliense.com.br\/cbradar\/wp-content\/uploads\/2025\/02\/mamao_1740193698194-1024x576.jpg\" alt=\"Aprenda a plantar mam\u00e3o e aproveite todos os seus benef\u00edcios!\" class=\"wp-image-4847\" srcset=\"https:\/\/www.correiobraziliense.com.br\/cbradar\/wp-content\/uploads\/2025\/02\/mamao_1740193698194-1024x576.jpg 1024w, https:\/\/www.correiobraziliense.com.br\/cbradar\/wp-content\/uploads\/2025\/02\/mamao_1740193698194-300x169.jpg 300w, https:\/\/www.correiobraziliense.com.br\/cbradar\/wp-content\/uploads\/2025\/02\/mamao_1740193698194-768x432.jpg 768w, https:\/\/www.correiobraziliense.com.br\/cbradar\/wp-content\/uploads\/2025\/02\/mamao_1740193698194-750x422.jpg 750w, https:\/\/www.correiobraziliense.com.br\/cbradar\/wp-content\/uploads\/2025\/02\/mamao_1740193698194-1140x641.jpg 1140w, https:\/\/www.correiobraziliense.com.br\/cbradar\/wp-content\/uploads\/2025\/02\/mamao_1740193698194.jpg 1280w\" sizes=\"(max-width: 1024px) 100vw, 1024px\" \/><figcaption class=\"wp-element-caption\">mam\u00e3o aberto\nCre\u0301ditos: depositphotos.com \/ rochu_2008\n\n<\/figcaption><\/figure>\n\n\n\n<h2 class=\"wp-block-heading\"><strong>Quais s\u00e3o as melhores pr\u00e1ticas para o cultivo do mamoeiro?<\/strong><\/h2>\n\n\n\n<p>Para um cultivo eficaz, \u00e9 crucial manter a irriga\u00e7\u00e3o adequada e adubar o solo regularmente. O espa\u00e7amento ideal entre as plantas deve ser de tr\u00eas a quatro metros entre as linhas e 1,80 m a 2,50 m entre as plantas. A irriga\u00e7\u00e3o deve ser feita pelo menos duas vezes ao dia para garantir o desenvolvimento saud\u00e1vel do mamoeiro.<\/p>\n\n\n\n<p>\u00c9 importante tamb\u00e9m monitorar a sa\u00fade da planta, prevenindo doen\u00e7as comuns como as viroses do mosaico e da mancha anelar do mamoeiro. A renova\u00e7\u00e3o do pomar a cada dois a quatro anos \u00e9 recomendada para manter a qualidade dos frutos.<\/p>\n\n\n\n<h2 class=\"wp-block-heading\"><strong>Quando \u00e9 o momento ideal para a colheita?<\/strong><\/h2>\n\n\n\n<p>O per\u00edodo de colheita do mam\u00e3o ocorre geralmente de quatro a seis semanas ap\u00f3s a abertura da flor. Este \u00e9 um momento especial, pois colher o pr\u00f3prio alimento proporciona uma sensa\u00e7\u00e3o \u00fanica de satisfa\u00e7\u00e3o e conex\u00e3o com a natureza.<\/p>\n\n\n\n<h2 class=\"wp-block-heading\"><strong>Receitas pr\u00e1ticas com mam\u00e3o<\/strong><\/h2>\n\n\n\n<p>Com o mamoeiro em casa, \u00e9 poss\u00edvel preparar receitas deliciosas e saud\u00e1veis. Uma sugest\u00e3o \u00e9 a costelinha de porco com mam\u00e3o verde, que combina o sabor adocicado do mam\u00e3o com a sucul\u00eancia da carne. Outra op\u00e7\u00e3o simples \u00e9 o mam\u00e3o com coalhada e aveia, ideal para um caf\u00e9 da manh\u00e3 nutritivo.<\/p>\n\n\n\n<p>Agora que voc\u00ea conhece os benef\u00edcios do mam\u00e3o, as t\u00e9cnicas de plantio e algumas receitas pr\u00e1ticas, \u00e9 hora de colocar em pr\u00e1tica essas dicas e aproveitar ao m\u00e1ximo essa fruta vers\u00e1til e nutritiva.<\/p>\n","protected":false},"excerpt":{"rendered":"<p>Descubra os benef\u00edcios do mam\u00e3o para a sa\u00fade e como plantar essa fruta deliciosa em casa, al\u00e9m de conferir receitas pr\u00e1ticas com mam\u00e3o.<\/p>\n","protected":false},"author":3,"featured_media":4843,"comment_status":"open","ping_status":"open","sticky":false,"template":"","format":"standard","meta":{"_yoast_wpseo_focuskw":"plantar mam\u00e3o","_yoast_wpseo_title":"%%title%%","_yoast_wpseo_metadesc":"Descubra os benef\u00edcios do mam\u00e3o para a sa\u00fade e como plantar essa fruta deliciosa em casa, al\u00e9m de conferir receitas pr\u00e1ticas com mam\u00e3o.","jnews-multi-image_gallery":[],"jnews_single_post":{"format":"standard"},"jnews_primary_category":[],"jnews_social_meta":[],"jnews_override_counter":[],"footnotes":""},"categories":[136],"post_tag":[137,982],"class_list":["post-4833","post","type-post","status-publish","format-standard","has-post-thumbnail","hentry","category-jardinagem","tag-como-plantar","tag-mamao"],"yoast_head":"<!-- This site is optimized with the Yoast SEO plugin v24.6 - https:\/\/yoast.com\/wordpress\/plugins\/seo\/ -->\n<title>Aprenda a plantar mam\u00e3o e aproveite todos os seus benef\u00edcios<\/title>\n<meta name=\"description\" content=\"Descubra os benef\u00edcios do mam\u00e3o para a sa\u00fade e como plantar essa fruta deliciosa em casa, al\u00e9m de conferir receitas pr\u00e1ticas com mam\u00e3o.\" \/>\n<meta name=\"robots\" content=\"index, follow, max-snippet:-1, max-image-preview:large, max-video-preview:-1\" \/>\n<link rel=\"canonical\" href=\"https:\/\/www.correiobraziliense.com.br\/cbradar\/aprenda-a-plantar-mamao-e-aproveite-todos-os-seus-beneficios\/\" \/>\n<meta property=\"og:locale\" content=\"pt_BR\" \/>\n<meta property=\"og:type\" content=\"article\" \/>\n<meta property=\"og:title\" content=\"Aprenda a plantar mam\u00e3o e aproveite todos os seus benef\u00edcios\" \/>\n<meta property=\"og:description\" content=\"Descubra os benef\u00edcios do mam\u00e3o para a sa\u00fade e como plantar essa fruta deliciosa em casa, al\u00e9m de conferir receitas pr\u00e1ticas com mam\u00e3o.\" \/>\n<meta property=\"og:url\" content=\"https:\/\/www.correiobraziliense.com.br\/cbradar\/aprenda-a-plantar-mamao-e-aproveite-todos-os-seus-beneficios\/\" \/>\n<meta property=\"og:site_name\" content=\"Correio Braziliense - Radar\" \/>\n<meta property=\"article:published_time\" content=\"2025-02-23T16:30:00+00:00\" \/>\n<meta property=\"og:image\" content=\"https:\/\/www.correiobraziliense.com.br\/cbradar\/wp-content\/uploads\/2025\/02\/mamao_1740193552309.jpg\" \/>\n\t<meta property=\"og:image:width\" content=\"1280\" \/>\n\t<meta property=\"og:image:height\" content=\"720\" \/>\n\t<meta property=\"og:image:type\" content=\"image\/jpeg\" \/>\n<meta name=\"author\" content=\"Larissa Carvalho\" \/>\n<meta name=\"twitter:card\" content=\"summary_large_image\" \/>\n<meta name=\"twitter:label1\" content=\"Escrito por\" \/>\n\t<meta name=\"twitter:data1\" content=\"Larissa Carvalho\" \/>\n\t<meta name=\"twitter:label2\" content=\"Est. tempo de leitura\" \/>\n\t<meta name=\"twitter:data2\" content=\"4 minutos\" \/>\n<!-- \/ Yoast SEO plugin. -->","yoast_head_json":{"title":"Aprenda a plantar mam\u00e3o e aproveite todos os seus benef\u00edcios","description":"Descubra os benef\u00edcios do mam\u00e3o para a sa\u00fade e como plantar essa fruta deliciosa em casa, al\u00e9m de conferir receitas pr\u00e1ticas com mam\u00e3o.","robots":{"index":"index","follow":"follow","max-snippet":"max-snippet:-1","max-image-preview":"max-image-preview:large","max-video-preview":"max-video-preview:-1"},"canonical":"https:\/\/www.correiobraziliense.com.br\/cbradar\/aprenda-a-plantar-mamao-e-aproveite-todos-os-seus-beneficios\/","og_locale":"pt_BR","og_type":"article","og_title":"Aprenda a plantar mam\u00e3o e aproveite todos os seus benef\u00edcios","og_description":"Descubra os benef\u00edcios do mam\u00e3o para a sa\u00fade e como plantar essa fruta deliciosa em casa, al\u00e9m de conferir receitas pr\u00e1ticas com mam\u00e3o.","og_url":"https:\/\/www.correiobraziliense.com.br\/cbradar\/aprenda-a-plantar-mamao-e-aproveite-todos-os-seus-beneficios\/","og_site_name":"Correio Braziliense - Radar","article_published_time":"2025-02-23T16:30:00+00:00","og_image":[{"width":1280,"height":720,"url":"https:\/\/www.correiobraziliense.com.br\/cbradar\/wp-content\/uploads\/2025\/02\/mamao_1740193552309.jpg","type":"image\/jpeg"}],"author":"Larissa Carvalho","twitter_card":"summary_large_image","twitter_misc":{"Escrito por":"Larissa Carvalho","Est. tempo de leitura":"4 minutos"},"schema":{"@context":"https:\/\/schema.org","@graph":[{"@type":"WebPage","@id":"https:\/\/www.correiobraziliense.com.br\/cbradar\/aprenda-a-plantar-mamao-e-aproveite-todos-os-seus-beneficios\/","url":"https:\/\/www.correiobraziliense.com.br\/cbradar\/aprenda-a-plantar-mamao-e-aproveite-todos-os-seus-beneficios\/","name":"Aprenda a plantar mam\u00e3o e aproveite todos os seus benef\u00edcios","isPartOf":{"@id":"https:\/\/www.correiobraziliense.com.br\/cbradar\/#website"},"primaryImageOfPage":{"@id":"https:\/\/www.correiobraziliense.com.br\/cbradar\/aprenda-a-plantar-mamao-e-aproveite-todos-os-seus-beneficios\/#primaryimage"},"image":{"@id":"https:\/\/www.correiobraziliense.com.br\/cbradar\/aprenda-a-plantar-mamao-e-aproveite-todos-os-seus-beneficios\/#primaryimage"},"thumbnailUrl":"https:\/\/www.correiobraziliense.com.br\/cbradar\/wp-content\/uploads\/2025\/02\/mamao_1740193552309.jpg","datePublished":"2025-02-23T16:30:00+00:00","author":{"@id":"https:\/\/www.correiobraziliense.com.br\/cbradar\/#\/schema\/person\/58422787644df994b53a19d3e56c1513"},"description":"Descubra os benef\u00edcios do mam\u00e3o para a sa\u00fade e como plantar essa fruta deliciosa em casa, al\u00e9m de conferir receitas pr\u00e1ticas com mam\u00e3o.","breadcrumb":{"@id":"https:\/\/www.correiobraziliense.com.br\/cbradar\/aprenda-a-plantar-mamao-e-aproveite-todos-os-seus-beneficios\/#breadcrumb"},"inLanguage":"pt-BR","potentialAction":[{"@type":"ReadAction","target":["https:\/\/www.correiobraziliense.com.br\/cbradar\/aprenda-a-plantar-mamao-e-aproveite-todos-os-seus-beneficios\/"]}]},{"@type":"ImageObject","inLanguage":"pt-BR","@id":"https:\/\/www.correiobraziliense.com.br\/cbradar\/aprenda-a-plantar-mamao-e-aproveite-todos-os-seus-beneficios\/#primaryimage","url":"https:\/\/www.correiobraziliense.com.br\/cbradar\/wp-content\/uploads\/2025\/02\/mamao_1740193552309.jpg","contentUrl":"https:\/\/www.correiobraziliense.com.br\/cbradar\/wp-content\/uploads\/2025\/02\/mamao_1740193552309.jpg","width":1280,"height":720,"caption":"como plantar mamoeiro Cre\u0301ditos: depositphotos.com \/\u00a0somsak"},{"@type":"BreadcrumbList","@id":"https:\/\/www.correiobraziliense.com.br\/cbradar\/aprenda-a-plantar-mamao-e-aproveite-todos-os-seus-beneficios\/#breadcrumb","itemListElement":[{"@type":"ListItem","position":1,"name":"In\u00edcio","item":"https:\/\/www.correiobraziliense.com.br\/cbradar\/"},{"@type":"ListItem","position":2,"name":"Aprenda a plantar mam\u00e3o e aproveite todos os seus benef\u00edcios"}]},{"@type":"WebSite","@id":"https:\/\/www.correiobraziliense.com.br\/cbradar\/#website","url":"https:\/\/www.correiobraziliense.com.br\/cbradar\/","name":"Correio Braziliense - Radar","description":"Acompanhe as \u00faltimas not\u00edcias e fique bem informado sobre tudo o que acontece no Brasil e no mundo.","potentialAction":[{"@type":"SearchAction","target":{"@type":"EntryPoint","urlTemplate":"https:\/\/www.correiobraziliense.com.br\/cbradar\/?s={search_term_string}"},"query-input":{"@type":"PropertyValueSpecification","valueRequired":true,"valueName":"search_term_string"}}],"inLanguage":"pt-BR"},{"@type":"Person","@id":"https:\/\/www.correiobraziliense.com.br\/cbradar\/#\/schema\/person\/58422787644df994b53a19d3e56c1513","name":"Larissa Carvalho","image":{"@type":"ImageObject","inLanguage":"pt-BR","@id":"https:\/\/www.correiobraziliense.com.br\/cbradar\/#\/schema\/person\/image\/","url":"https:\/\/secure.gravatar.com\/avatar\/fe4f91a0de32b52a838d0d612abdc1aa?s=96&d=mm&r=g","contentUrl":"https:\/\/secure.gravatar.com\/avatar\/fe4f91a0de32b52a838d0d612abdc1aa?s=96&d=mm&r=g","caption":"Larissa Carvalho"},"url":"https:\/\/www.correiobraziliense.com.br\/cbradar\/author\/larissamyth\/"}]}},"_links":{"self":[{"href":"https:\/\/www.correiobraziliense.com.br\/cbradar\/wp-json\/wp\/v2\/posts\/4833","targetHints":{"allow":["GET"]}}],"collection":[{"href":"https:\/\/www.correiobraziliense.com.br\/cbradar\/wp-json\/wp\/v2\/posts"}],"about":[{"href":"https:\/\/www.correiobraziliense.com.br\/cbradar\/wp-json\/wp\/v2\/types\/post"}],"author":[{"embeddable":true,"href":"https:\/\/www.correiobraziliense.com.br\/cbradar\/wp-json\/wp\/v2\/users\/3"}],"replies":[{"embeddable":true,"href":"https:\/\/www.correiobraziliense.com.br\/cbradar\/wp-json\/wp\/v2\/comments?post=4833"}],"version-history":[{"count":4,"href":"https:\/\/www.correiobraziliense.com.br\/cbradar\/wp-json\/wp\/v2\/posts\/4833\/revisions"}],"predecessor-version":[{"id":5096,"href":"https:\/\/www.correiobraziliense.com.br\/cbradar\/wp-json\/wp\/v2\/posts\/4833\/revisions\/5096"}],"wp:featuredmedia":[{"embeddable":true,"href":"https:\/\/www.correiobraziliense.com.br\/cbradar\/wp-json\/wp\/v2\/media\/4843"}],"wp:attachment":[{"href":"https:\/\/www.correiobraziliense.com.br\/cbradar\/wp-json\/wp\/v2\/media?parent=4833"}],"wp:term":[{"taxonomy":"category","embeddable":true,"href":"https:\/\/www.correiobraziliense.com.br\/cbradar\/wp-json\/wp\/v2\/categories?post=4833"},{"taxonomy":"post_tag","embeddable":true,"href":"https:\/\/www.correiobraziliense.com.br\/cbradar\/wp-json\/wp\/v2\/post_tag?post=4833"}],"curies":[{"name":"wp","href":"https:\/\/api.w.org\/{rel}","templated":true}]}}