{"id":48927,"date":"2025-06-07T09:00:35","date_gmt":"2025-06-07T12:00:35","guid":{"rendered":"https:\/\/www.correiobraziliense.com.br\/cbradar\/?p=48927"},"modified":"2025-06-06T12:43:26","modified_gmt":"2025-06-06T15:43:26","slug":"essa-tecnica-para-lavar-tenis-na-maquina-vai-salvar-seus-pares","status":"publish","type":"post","link":"https:\/\/www.correiobraziliense.com.br\/cbradar\/essa-tecnica-para-lavar-tenis-na-maquina-vai-salvar-seus-pares\/","title":{"rendered":"Essa t\u00e9cnica para lavar t\u00eanis na m\u00e1quina vai salvar seus pares"},"content":{"rendered":"\n<p>Os t\u00eanis s\u00e3o um item essencial no guarda-roupa de muitas pessoas, usados tanto para atividades esportivas quanto para o dia a dia. No entanto, a limpeza desses cal\u00e7ados pode gerar d\u00favidas. \u00c9 seguro lav\u00e1-los na m\u00e1quina? Eles podem ser danificados no processo? Segundo especialistas em limpeza dom\u00e9stica, \u00e9 poss\u00edvel lavar t\u00eanis na m\u00e1quina de lavar sem comprometer sua integridade, desde que algumas precau\u00e7\u00f5es sejam tomadas.<\/p>\n\n\n\n<p>Uma dica importante \u00e9 utilizar sacos de lavagem espec\u00edficos para cada t\u00eanis. Esses sacos, preferencialmente de material esponjoso, protegem a superf\u00edcie dos cal\u00e7ados durante o ciclo de lavagem, evitando danos causados pelo atrito com o tambor da <a href=\"https:\/\/www.correiobraziliense.com.br\/cbradar\/5-truques-caseiros-que-eliminam-o-mau-cheiro-da-maquina-de-lavar\/\" target=\"_blank\" rel=\"noopener\">m\u00e1quina.<\/a> Al\u00e9m disso, ajudam a minimizar o ru\u00eddo e o desgaste dos tecidos. \u00c9 crucial colocar cada t\u00eanis em um saco separado para garantir um equil\u00edbrio adequado durante o processo.<\/p>\n\n\n\n<h2 class=\"wp-block-heading\">Quais s\u00e3o as dicas dos especialistas para lavar t\u00eanis na m\u00e1quina?<\/h2>\n\n\n\n<p>Para evitar problemas durante a lavagem, como desequil\u00edbrio do tambor, \u00e9 recomendado adicionar um item volumoso, como um velho roup\u00e3o de banho, junto com os t\u00eanis. Isso ajuda a distribuir o peso de forma mais uniforme, especialmente em m\u00e1quinas mais antigas que podem ter dificuldades em lidar com cargas desbalanceadas. O roup\u00e3o n\u00e3o s\u00f3 adiciona massa, mas tamb\u00e9m contribui para um ciclo de centrifuga\u00e7\u00e3o mais suave.<\/p>\n\n\n\n<p>Outro ponto a ser considerado \u00e9 a escolha do programa de lavagem. Optar por um ciclo delicado, com temperatura baixa (n\u00e3o superior a 30 graus Celsius) e centrifuga\u00e7\u00e3o leve, \u00e9 essencial para preservar os materiais dos t\u00eanis, que frequentemente incluem borracha, tecidos t\u00e9cnicos e pl\u00e1sticos. Esses cuidados ajudam a evitar o desgaste excessivo e a deforma\u00e7\u00e3o dos cal\u00e7ados.<\/p>\n\n\n<div class=\"wp-block-image\">\n<figure class=\"aligncenter size-large\"><img decoding=\"async\" width=\"1024\" height=\"576\" src=\"https:\/\/www.correiobraziliense.com.br\/cbradar\/wp-content\/uploads\/2025\/06\/lavar-tenis-maquina_1749224514343-1024x576.jpg\" alt=\"Essa t\u00e9cnica para lavar t\u00eanis na m\u00e1quina vai salvar seus pares\" class=\"wp-image-48947\" srcset=\"https:\/\/www.correiobraziliense.com.br\/cbradar\/wp-content\/uploads\/2025\/06\/lavar-tenis-maquina_1749224514343-1024x576.jpg 1024w, https:\/\/www.correiobraziliense.com.br\/cbradar\/wp-content\/uploads\/2025\/06\/lavar-tenis-maquina_1749224514343-300x169.jpg 300w, https:\/\/www.correiobraziliense.com.br\/cbradar\/wp-content\/uploads\/2025\/06\/lavar-tenis-maquina_1749224514343-768x432.jpg 768w, https:\/\/www.correiobraziliense.com.br\/cbradar\/wp-content\/uploads\/2025\/06\/lavar-tenis-maquina_1749224514343-750x422.jpg 750w, https:\/\/www.correiobraziliense.com.br\/cbradar\/wp-content\/uploads\/2025\/06\/lavar-tenis-maquina_1749224514343-1140x641.jpg 1140w, https:\/\/www.correiobraziliense.com.br\/cbradar\/wp-content\/uploads\/2025\/06\/lavar-tenis-maquina_1749224514343.jpg 1280w\" sizes=\"(max-width: 1024px) 100vw, 1024px\" \/><figcaption class=\"wp-element-caption\">T\u00eanis na m\u00e1quina &#8211; Cr\u00e9ditos: depositphotos.com \/ serezniy<\/figcaption><\/figure><\/div>\n\n\n<h2 class=\"wp-block-heading\">Como secar t\u00eanis ap\u00f3s a lavagem?<\/h2>\n\n\n\n<p>Ap\u00f3s a lavagem, a secagem correta dos t\u00eanis \u00e9 fundamental para manter sua forma e durabilidade. O uso de secadoras n\u00e3o \u00e9 recomendado, pois o calor intenso pode deformar os cal\u00e7ados e comprometer a cola e a estrutura interna. A melhor op\u00e7\u00e3o \u00e9 deix\u00e1-los secar ao ar livre, em um local ventilado e \u00e0 sombra, para evitar que o sol direto desbote os materiais e os torne mais fr\u00e1geis.<\/p>\n\n\n\n<h2 class=\"wp-block-heading\">Quais s\u00e3o as alternativas para t\u00eanis mais delicados?<\/h2>\n\n\n\n<p>Para t\u00eanis mais delicados, que possam n\u00e3o suportar a lavagem na m\u00e1quina, a limpeza manual \u00e9 a alternativa mais segura. Isso pode ser feito com uma escova macia e uma solu\u00e7\u00e3o de \u00e1gua e sab\u00e3o neutro, garantindo que o cal\u00e7ado seja limpo sem danificar seus materiais. Este m\u00e9todo \u00e9 especialmente recomendado para cal\u00e7ados com detalhes sens\u00edveis ou feitos de materiais mais fr\u00e1geis.<\/p>\n\n\n\n<p>Com essas orienta\u00e7\u00f5es, \u00e9 poss\u00edvel manter os t\u00eanis limpos e bem cuidados, prolongando sua vida \u00fatil e garantindo que estejam sempre prontos para o uso. Seguir essas dicas n\u00e3o s\u00f3 economiza tempo, mas tamb\u00e9m esfor\u00e7o, permitindo que os t\u00eanis sejam lavados de forma eficiente e segura.<\/p>\n","protected":false},"excerpt":{"rendered":"<p>Os t\u00eanis s\u00e3o um item essencial no guarda-roupa de muitas pessoas, usados tanto para atividades esportivas quanto para o dia a dia. No entanto, a limpeza desses cal\u00e7ados pode gerar d\u00favidas. \u00c9 seguro lav\u00e1-los na m\u00e1quina? Eles podem ser danificados no processo? Segundo especialistas em limpeza dom\u00e9stica, \u00e9 poss\u00edvel lavar t\u00eanis na m\u00e1quina de lavar [&hellip;]<\/p>\n","protected":false},"author":9,"featured_media":48948,"comment_status":"open","ping_status":"open","sticky":false,"template":"","format":"standard","meta":{"jnews-multi-image_gallery":[],"jnews_single_post":{"format":"standard"},"jnews_primary_category":[],"jnews_social_meta":[],"jnews_override_counter":[],"footnotes":""},"categories":[112],"post_tag":[6014,1973,6013,4082],"class_list":["post-48927","post","type-post","status-publish","format-standard","has-post-thumbnail","hentry","category-curiosidades","tag-calcados","tag-dicas-de-limpeza","tag-limpeza-de-tenis","tag-maquina-de-lavar"],"yoast_head":"<!-- This site is optimized with the Yoast SEO plugin v24.6 - https:\/\/yoast.com\/wordpress\/plugins\/seo\/ -->\n<title>Essa t\u00e9cnica para lavar t\u00eanis na m\u00e1quina vai salvar seus pares<\/title>\n<meta name=\"description\" content=\"Aprenda como lavar t\u00eanis na m\u00e1quina com seguran\u00e7a e preserve seus cal\u00e7ados com dicas pr\u00e1ticas e simples de especialistas.\" \/>\n<meta name=\"robots\" content=\"index, follow, max-snippet:-1, max-image-preview:large, max-video-preview:-1\" \/>\n<link rel=\"canonical\" href=\"https:\/\/www.correiobraziliense.com.br\/cbradar\/essa-tecnica-para-lavar-tenis-na-maquina-vai-salvar-seus-pares\/\" \/>\n<meta property=\"og:locale\" content=\"pt_BR\" \/>\n<meta property=\"og:type\" content=\"article\" \/>\n<meta property=\"og:title\" content=\"Essa t\u00e9cnica para lavar t\u00eanis na m\u00e1quina vai salvar seus pares\" \/>\n<meta property=\"og:description\" content=\"Aprenda como lavar t\u00eanis na m\u00e1quina com seguran\u00e7a e preserve seus cal\u00e7ados com dicas pr\u00e1ticas e simples de especialistas.\" \/>\n<meta property=\"og:url\" content=\"https:\/\/www.correiobraziliense.com.br\/cbradar\/essa-tecnica-para-lavar-tenis-na-maquina-vai-salvar-seus-pares\/\" \/>\n<meta property=\"og:site_name\" content=\"Correio Braziliense - Radar\" \/>\n<meta property=\"article:published_time\" content=\"2025-06-07T12:00:35+00:00\" \/>\n<meta property=\"og:image\" content=\"https:\/\/www.correiobraziliense.com.br\/cbradar\/wp-content\/uploads\/2025\/06\/lavar-tenis-maquina_1749224565026.jpg\" \/>\n\t<meta property=\"og:image:width\" content=\"1280\" \/>\n\t<meta property=\"og:image:height\" content=\"720\" \/>\n\t<meta property=\"og:image:type\" content=\"image\/jpeg\" \/>\n<meta name=\"author\" content=\"Daniely Cardoso\" \/>\n<meta name=\"twitter:card\" content=\"summary_large_image\" \/>\n<meta name=\"twitter:label1\" content=\"Escrito por\" \/>\n\t<meta name=\"twitter:data1\" content=\"Daniely Cardoso\" \/>\n\t<meta name=\"twitter:label2\" content=\"Est. tempo de leitura\" \/>\n\t<meta name=\"twitter:data2\" content=\"3 minutos\" \/>\n<!-- \/ Yoast SEO plugin. -->","yoast_head_json":{"title":"Essa t\u00e9cnica para lavar t\u00eanis na m\u00e1quina vai salvar seus pares","description":"Aprenda como lavar t\u00eanis na m\u00e1quina com seguran\u00e7a e preserve seus cal\u00e7ados com dicas pr\u00e1ticas e simples de especialistas.","robots":{"index":"index","follow":"follow","max-snippet":"max-snippet:-1","max-image-preview":"max-image-preview:large","max-video-preview":"max-video-preview:-1"},"canonical":"https:\/\/www.correiobraziliense.com.br\/cbradar\/essa-tecnica-para-lavar-tenis-na-maquina-vai-salvar-seus-pares\/","og_locale":"pt_BR","og_type":"article","og_title":"Essa t\u00e9cnica para lavar t\u00eanis na m\u00e1quina vai salvar seus pares","og_description":"Aprenda como lavar t\u00eanis na m\u00e1quina com seguran\u00e7a e preserve seus cal\u00e7ados com dicas pr\u00e1ticas e simples de especialistas.","og_url":"https:\/\/www.correiobraziliense.com.br\/cbradar\/essa-tecnica-para-lavar-tenis-na-maquina-vai-salvar-seus-pares\/","og_site_name":"Correio Braziliense - Radar","article_published_time":"2025-06-07T12:00:35+00:00","og_image":[{"width":1280,"height":720,"url":"https:\/\/www.correiobraziliense.com.br\/cbradar\/wp-content\/uploads\/2025\/06\/lavar-tenis-maquina_1749224565026.jpg","type":"image\/jpeg"}],"author":"Daniely Cardoso","twitter_card":"summary_large_image","twitter_misc":{"Escrito por":"Daniely Cardoso","Est. tempo de leitura":"3 minutos"},"schema":{"@context":"https:\/\/schema.org","@graph":[{"@type":"WebPage","@id":"https:\/\/www.correiobraziliense.com.br\/cbradar\/essa-tecnica-para-lavar-tenis-na-maquina-vai-salvar-seus-pares\/","url":"https:\/\/www.correiobraziliense.com.br\/cbradar\/essa-tecnica-para-lavar-tenis-na-maquina-vai-salvar-seus-pares\/","name":"Essa t\u00e9cnica para lavar t\u00eanis na m\u00e1quina vai salvar seus pares","isPartOf":{"@id":"https:\/\/www.correiobraziliense.com.br\/cbradar\/#website"},"primaryImageOfPage":{"@id":"https:\/\/www.correiobraziliense.com.br\/cbradar\/essa-tecnica-para-lavar-tenis-na-maquina-vai-salvar-seus-pares\/#primaryimage"},"image":{"@id":"https:\/\/www.correiobraziliense.com.br\/cbradar\/essa-tecnica-para-lavar-tenis-na-maquina-vai-salvar-seus-pares\/#primaryimage"},"thumbnailUrl":"https:\/\/www.correiobraziliense.com.br\/cbradar\/wp-content\/uploads\/2025\/06\/lavar-tenis-maquina_1749224565026.jpg","datePublished":"2025-06-07T12:00:35+00:00","author":{"@id":"https:\/\/www.correiobraziliense.com.br\/cbradar\/#\/schema\/person\/7356666e12ec0ee53f348ee5db227032"},"description":"Aprenda como lavar t\u00eanis na m\u00e1quina com seguran\u00e7a e preserve seus cal\u00e7ados com dicas pr\u00e1ticas e simples de especialistas.","breadcrumb":{"@id":"https:\/\/www.correiobraziliense.com.br\/cbradar\/essa-tecnica-para-lavar-tenis-na-maquina-vai-salvar-seus-pares\/#breadcrumb"},"inLanguage":"pt-BR","potentialAction":[{"@type":"ReadAction","target":["https:\/\/www.correiobraziliense.com.br\/cbradar\/essa-tecnica-para-lavar-tenis-na-maquina-vai-salvar-seus-pares\/"]}]},{"@type":"ImageObject","inLanguage":"pt-BR","@id":"https:\/\/www.correiobraziliense.com.br\/cbradar\/essa-tecnica-para-lavar-tenis-na-maquina-vai-salvar-seus-pares\/#primaryimage","url":"https:\/\/www.correiobraziliense.com.br\/cbradar\/wp-content\/uploads\/2025\/06\/lavar-tenis-maquina_1749224565026.jpg","contentUrl":"https:\/\/www.correiobraziliense.com.br\/cbradar\/wp-content\/uploads\/2025\/06\/lavar-tenis-maquina_1749224565026.jpg","width":1280,"height":720,"caption":"T\u00eanis - Cr\u00e9ditos: depositphotos.com \/ dmitryi"},{"@type":"BreadcrumbList","@id":"https:\/\/www.correiobraziliense.com.br\/cbradar\/essa-tecnica-para-lavar-tenis-na-maquina-vai-salvar-seus-pares\/#breadcrumb","itemListElement":[{"@type":"ListItem","position":1,"name":"In\u00edcio","item":"https:\/\/www.correiobraziliense.com.br\/cbradar\/"},{"@type":"ListItem","position":2,"name":"Essa t\u00e9cnica para lavar t\u00eanis na m\u00e1quina vai salvar seus pares"}]},{"@type":"WebSite","@id":"https:\/\/www.correiobraziliense.com.br\/cbradar\/#website","url":"https:\/\/www.correiobraziliense.com.br\/cbradar\/","name":"Correio Braziliense - Radar","description":"Acompanhe as \u00faltimas not\u00edcias e fique bem informado sobre tudo o que acontece no Brasil e no mundo.","potentialAction":[{"@type":"SearchAction","target":{"@type":"EntryPoint","urlTemplate":"https:\/\/www.correiobraziliense.com.br\/cbradar\/?s={search_term_string}"},"query-input":{"@type":"PropertyValueSpecification","valueRequired":true,"valueName":"search_term_string"}}],"inLanguage":"pt-BR"},{"@type":"Person","@id":"https:\/\/www.correiobraziliense.com.br\/cbradar\/#\/schema\/person\/7356666e12ec0ee53f348ee5db227032","name":"Daniely Cardoso","image":{"@type":"ImageObject","inLanguage":"pt-BR","@id":"https:\/\/www.correiobraziliense.com.br\/cbradar\/#\/schema\/person\/image\/","url":"https:\/\/secure.gravatar.com\/avatar\/4b80ddbd124d1f071b626d52d62e5dff?s=96&d=mm&r=g","contentUrl":"https:\/\/secure.gravatar.com\/avatar\/4b80ddbd124d1f071b626d52d62e5dff?s=96&d=mm&r=g","caption":"Daniely Cardoso"},"description":"Redatora nos portais CB Radar e EM Foco, formada pela Universidade Federal de Goi\u00e1s, em Goi\u00e2nia. Apaixonada por comunica\u00e7\u00e3o, arte, decora\u00e7\u00e3o e tend\u00eancias, atuo na produ\u00e7\u00e3o de conte\u00fados envolventes sobre curiosidades, moda, beleza e paisagismo, sempre com um olhar atento \u00e0s novidades do momento.","sameAs":["https:\/\/www.correiobraziliense.com.br\/cbradar"],"url":"https:\/\/www.correiobraziliense.com.br\/cbradar\/author\/danielymyth\/"}]}},"_links":{"self":[{"href":"https:\/\/www.correiobraziliense.com.br\/cbradar\/wp-json\/wp\/v2\/posts\/48927","targetHints":{"allow":["GET"]}}],"collection":[{"href":"https:\/\/www.correiobraziliense.com.br\/cbradar\/wp-json\/wp\/v2\/posts"}],"about":[{"href":"https:\/\/www.correiobraziliense.com.br\/cbradar\/wp-json\/wp\/v2\/types\/post"}],"author":[{"embeddable":true,"href":"https:\/\/www.correiobraziliense.com.br\/cbradar\/wp-json\/wp\/v2\/users\/9"}],"replies":[{"embeddable":true,"href":"https:\/\/www.correiobraziliense.com.br\/cbradar\/wp-json\/wp\/v2\/comments?post=48927"}],"version-history":[{"count":3,"href":"https:\/\/www.correiobraziliense.com.br\/cbradar\/wp-json\/wp\/v2\/posts\/48927\/revisions"}],"predecessor-version":[{"id":48949,"href":"https:\/\/www.correiobraziliense.com.br\/cbradar\/wp-json\/wp\/v2\/posts\/48927\/revisions\/48949"}],"wp:featuredmedia":[{"embeddable":true,"href":"https:\/\/www.correiobraziliense.com.br\/cbradar\/wp-json\/wp\/v2\/media\/48948"}],"wp:attachment":[{"href":"https:\/\/www.correiobraziliense.com.br\/cbradar\/wp-json\/wp\/v2\/media?parent=48927"}],"wp:term":[{"taxonomy":"category","embeddable":true,"href":"https:\/\/www.correiobraziliense.com.br\/cbradar\/wp-json\/wp\/v2\/categories?post=48927"},{"taxonomy":"post_tag","embeddable":true,"href":"https:\/\/www.correiobraziliense.com.br\/cbradar\/wp-json\/wp\/v2\/post_tag?post=48927"}],"curies":[{"name":"wp","href":"https:\/\/api.w.org\/{rel}","templated":true}]}}