{"id":49147,"date":"2025-06-09T06:10:00","date_gmt":"2025-06-09T09:10:00","guid":{"rendered":"https:\/\/www.correiobraziliense.com.br\/cbradar\/?p=49147"},"modified":"2025-06-09T06:02:17","modified_gmt":"2025-06-09T09:02:17","slug":"aloe-vera-no-quintal-veja-como-cultivar-sua-propria-farmacia-natural","status":"publish","type":"post","link":"https:\/\/www.correiobraziliense.com.br\/cbradar\/aloe-vera-no-quintal-veja-como-cultivar-sua-propria-farmacia-natural\/","title":{"rendered":"Aloe vera no quintal? Veja como cultivar sua pr\u00f3pria farm\u00e1cia natural"},"content":{"rendered":"\n<p>A<a href=\"https:\/\/pt.wikipedia.org\/wiki\/Aloe_vera\" target=\"_blank\" rel=\"noreferrer noopener\"> <strong>aloe vera<\/strong><\/a>, conhecida popularmente como <strong>babosa<\/strong>, \u00e9 uma planta suculenta famosa por suas propriedades medicinais, cosm\u00e9ticas e hidratantes. Presente em lo\u00e7\u00f5es, shampoos, pomadas e sucos, essa planta \u00e9 uma verdadeira aliada da sa\u00fade e da beleza natural. F\u00e1cil de cultivar, resistente e de crescimento r\u00e1pido, a <strong>aloe vera<\/strong> pode ser plantada em vasos, canteiros ou diretamente no <strong><a href=\"https:\/\/www.correiobraziliense.com.br\/cbradar\/nao-cometa-esses-erros-ao-plantar-ameixa-no-seu-jardim\/\" target=\"_blank\" rel=\"noreferrer noopener\">jardim<\/a><\/strong>. Com os cuidados corretos, ela se desenvolve por muitos anos, sendo uma \u00f3tima op\u00e7\u00e3o para quem deseja ter uma fonte natural de tratamento para pele, cabelo, sistema digestivo e muito mais.<\/p>\n\n\n\n<h2 class=\"wp-block-heading\">Qual \u00e9 o clima e o solo ideais para o cultivo da aloe vera?<\/h2>\n\n\n\n<p>A <strong>aloe vera<\/strong> \u00e9 origin\u00e1ria de regi\u00f5es \u00e1ridas e semi\u00e1ridas e prefere climas quentes e secos. Ela cresce melhor em temperaturas entre 20\u202f\u00b0C e 30\u202f\u00b0C, mas tamb\u00e9m tolera varia\u00e7\u00f5es. No entanto, n\u00e3o suporta bem geadas ou ambientes muito \u00famidos. Por isso, em regi\u00f5es frias ou chuvosas, o ideal \u00e9 plant\u00e1-la em vasos que possam ser levados para locais abrigados durante o inverno.<\/p>\n\n\n\n<p>O solo deve ser bem drenado, leve e pobre em mat\u00e9ria org\u00e2nica, com pH entre 6,0 e 7,5. Solos muito ricos ou argilosos ret\u00eam \u00e1gua em excesso, o que pode apodrecer as ra\u00edzes da planta. Uma mistura ideal para vasos \u00e9 composta por terra comum, areia grossa e um pouco de cascalho. No solo direto, recomenda-se adicionar areia para melhorar a drenagem.<\/p>\n\n\n<div class=\"wp-block-image\">\n<figure class=\"aligncenter size-large\"><img decoding=\"async\" width=\"1024\" height=\"576\" src=\"https:\/\/www.correiobraziliense.com.br\/cbradar\/wp-content\/uploads\/2025\/03\/babosa_1740802326513-1024x576.jpg\" alt=\"Aprenda como a aloe-vera pode salvar a sua pele\" class=\"wp-image-7944\" srcset=\"https:\/\/www.correiobraziliense.com.br\/cbradar\/wp-content\/uploads\/2025\/03\/babosa_1740802326513-1024x576.jpg 1024w, https:\/\/www.correiobraziliense.com.br\/cbradar\/wp-content\/uploads\/2025\/03\/babosa_1740802326513-300x169.jpg 300w, https:\/\/www.correiobraziliense.com.br\/cbradar\/wp-content\/uploads\/2025\/03\/babosa_1740802326513-768x432.jpg 768w, https:\/\/www.correiobraziliense.com.br\/cbradar\/wp-content\/uploads\/2025\/03\/babosa_1740802326513-750x422.jpg 750w, https:\/\/www.correiobraziliense.com.br\/cbradar\/wp-content\/uploads\/2025\/03\/babosa_1740802326513-1140x642.jpg 1140w, https:\/\/www.correiobraziliense.com.br\/cbradar\/wp-content\/uploads\/2025\/03\/babosa_1740802326513.jpg 1279w\" sizes=\"(max-width: 1024px) 100vw, 1024px\" \/><figcaption class=\"wp-element-caption\">Babosa (aloe vera) \/\/ Cr\u00e9ditos: depositphotos.com \/ sommaill<\/figcaption><\/figure><\/div>\n\n\n<h2 class=\"wp-block-heading\">Como preparar a terra e plantar aloe vera da forma correta?<\/h2>\n\n\n\n<p>O preparo come\u00e7a pela escolha do local ou recipiente. A <strong>aloe vera<\/strong> precisa de bastante luz solar direta, por no m\u00ednimo 6 horas por dia. Se cultivada em ambientes sombreados, tende a crescer estiolada (alongada e fraca) e com folhas mais finas.<\/p>\n\n\n\n<p>Para o plantio em vaso, escolha um recipiente com pelo menos 30 cm de profundidade e furos para drenagem. Coloque uma camada de brita ou argila expandida no fundo, depois adicione a mistura de terra com areia. Para plantio no solo, revolva a terra e melhore a drenagem com areia ou pedra brita.<\/p>\n\n\n\n<p>A propaga\u00e7\u00e3o da <strong>aloe vera<\/strong> \u00e9 feita por brotos laterais, conhecidos como \u201cfilhotes\u201d, que nascem ao redor da planta-m\u00e3e. Basta retir\u00e1-los com cuidado, com pelo menos 5 a 10 cm de altura e algumas ra\u00edzes, e replant\u00e1-los no novo local. O plantio por folha n\u00e3o \u00e9 eficiente, pois a folha cortada n\u00e3o enra\u00edza facilmente.<\/p>\n\n\n\n<p>Ap\u00f3s o plantio, regue levemente apenas para firmar a muda no solo. Evite molhar novamente at\u00e9 que o solo esteja completamente seco.<\/p>\n\n\n\n<h2 class=\"wp-block-heading\">Quais os cuidados essenciais durante o crescimento da aloe vera?<\/h2>\n\n\n\n<p>A <strong>aloe vera<\/strong> \u00e9 uma planta de manuten\u00e7\u00e3o simples. A rega deve ser moderada, pois o ac\u00famulo de \u00e1gua \u00e9 prejudicial. Regue apenas quando o solo estiver totalmente seco, o que pode variar de 7 a 15 dias, dependendo do clima e do recipiente. Em esta\u00e7\u00f5es mais frias ou chuvosas, as regas devem ser ainda mais espa\u00e7adas.<\/p>\n\n\n\n<p>A planta gosta de sol pleno, e o ideal \u00e9 deix\u00e1-la ao ar livre, onde possa tomar luz natural diariamente. Se cultivada em local interno, \u00e9 importante coloc\u00e1-la pr\u00f3xima a uma janela bem iluminada.<\/p>\n\n\n\n<p>A aduba\u00e7\u00e3o n\u00e3o \u00e9 obrigat\u00f3ria, mas pode ser feita a cada 3 meses com compostos leves e equilibrados. O uso de h\u00famus de minhoca em pequena quantidade \u00e9 suficiente. Evite adubos ricos em nitrog\u00eanio, que favorecem o ac\u00famulo de \u00e1gua nas folhas.<\/p>\n\n\n\n<p>A <strong>aloe vera<\/strong> se beneficia de podas ocasionais para remo\u00e7\u00e3o de folhas danificadas ou antigas, bem como dos brotos excedentes. Essas a\u00e7\u00f5es evitam o enfraquecimento da planta-m\u00e3e e favorecem a renova\u00e7\u00e3o constante.<\/p>\n\n\n\n<h2 class=\"wp-block-heading\">A aloe vera sofre com pragas ou doen\u00e7as?<\/h2>\n\n\n\n<p>A <strong>aloe vera<\/strong> \u00e9 naturalmente resistente, mas pode sofrer com algumas pragas como cochonilhas, pulg\u00f5es e fungos, especialmente em locais muito \u00famidos ou com m\u00e1 ventila\u00e7\u00e3o. O ataque de cochonilhas pode ser identificado por pequenas manchas brancas nas folhas.<\/p>\n\n\n\n<p>Para controle natural, recomenda-se o uso de \u00f3leo de <strong>neem<\/strong> ou uma solu\u00e7\u00e3o de \u00e1gua com sab\u00e3o neutro, aplicada diretamente nas \u00e1reas afetadas. Tamb\u00e9m \u00e9 importante manter a planta em ambiente seco e bem ventilado.<\/p>\n\n\n\n<p>Folhas moles ou com manchas pretas indicam excesso de umidade, ou drenagem deficiente. Nesses casos, \u00e9 fundamental ajustar a rega e melhorar o solo ou substrato usado.<\/p>\n\n\n\n<h2 class=\"wp-block-heading\">Quando colher a aloe vera e como usar o gel de forma segura?<\/h2>\n\n\n\n<p>A <strong>aloe vera<\/strong> pode ser colhida a partir de 6 a 9 meses ap\u00f3s o plantio, quando suas folhas estiverem grossas, firmes e bem desenvolvidas. Escolha sempre as folhas mais velhas, localizadas na base da planta, e evite cortar v\u00e1rias ao mesmo tempo para n\u00e3o prejudicar o desenvolvimento da planta.<\/p>\n\n\n\n<p>Para extrair o <strong>gel<\/strong>, corte a folha na base, lave bem e deixe escorrer o l\u00edquido amarelado (l\u00e1tex), que pode ser irritante para a pele e o sistema digestivo. Ap\u00f3s essa etapa, corte as laterais com espinhos, abra a folha e retire o gel transl\u00facido com uma colher. Ele pode ser utilizado em m\u00e1scaras faciais, hidrata\u00e7\u00f5es capilares, cicatriza\u00e7\u00f5es e at\u00e9 na prepara\u00e7\u00e3o de sucos, desde que bem higienizado e consumido com modera\u00e7\u00e3o.<\/p>\n\n\n\n<p>O armazenamento do gel pode ser feito em potes de vidro esterilizados, dentro da geladeira, por at\u00e9 uma semana. Para uso prolongado, o gel pode ser congelado em cubos.<\/p>\n\n\n\n<h2 class=\"wp-block-heading\">FAQ \u2014 Perguntas frequentes sobre o cultivo da aloe vera<\/h2>\n\n\n\n<p><strong>1. Posso cultivar aloe vera dentro de casa?<\/strong><br>Sim, mas o local deve receber bastante luz solar direta. Janelas amplas e varandas s\u00e3o ideais. Em locais com pouca luz, a planta enfraquece e perde suas propriedades.<\/p>\n\n\n\n<p><strong>2. A aloe vera precisa de muita \u00e1gua?<\/strong><br>N\u00e3o. Por ser uma suculenta, ela armazena \u00e1gua nas folhas. Regas em excesso s\u00e3o a principal causa de morte da planta. Regue apenas quando o solo estiver totalmente seco.<\/p>\n\n\n\n<p><strong>3. Posso plantar uma folha de babosa para fazer muda?<\/strong><br>N\u00e3o \u00e9 o m\u00e9todo mais eficaz. O ideal \u00e9 utilizar os brotos (filhotes) que nascem ao redor da planta-m\u00e3e. Folhas cortadas raramente enra\u00edzam com sucesso.<\/p>\n\n\n\n<p><strong>4. A babosa \u00e9 t\u00f3xica?<\/strong><br>O gel interno da <strong>aloe vera<\/strong> \u00e9 seguro para uso externo e consumo moderado. Por\u00e9m, o l\u00e1tex amarelo presente logo abaixo da casca pode ser irritante e laxativo. Deve ser descartado antes do uso.<\/p>\n\n\n\n<p><strong>5. De quanto em quanto tempo posso colher as folhas?<\/strong><br>Espere a planta se recuperar entre cada colheita. Em m\u00e9dia, \u00e9 seguro colher 1 a 2 folhas por m\u00eas em plantas bem desenvolvidas.<\/p>\n","protected":false},"excerpt":{"rendered":"<p>A aloe vera, conhecida popularmente como babosa, \u00e9 uma planta suculenta famosa por suas propriedades medicinais, cosm\u00e9ticas e hidratantes. Presente em lo\u00e7\u00f5es, shampoos, pomadas e sucos, essa planta \u00e9 uma verdadeira aliada da sa\u00fade e da beleza natural. F\u00e1cil de cultivar, resistente e de crescimento r\u00e1pido, a aloe vera pode ser plantada em vasos, canteiros [&hellip;]<\/p>\n","protected":false},"author":8,"featured_media":19645,"comment_status":"open","ping_status":"open","sticky":false,"template":"","format":"standard","meta":{"_yoast_wpseo_focuskw":"aloe","_yoast_wpseo_title":"","_yoast_wpseo_metadesc":"Descubra como cultivar aloe vera em casa e aproveite os benef\u00edcios dessa planta conhecida por suas propriedades curativas.","jnews-multi-image_gallery":[],"jnews_single_post":{"format":"standard"},"jnews_primary_category":[],"jnews_social_meta":[],"jnews_override_counter":[],"footnotes":""},"categories":[136],"tags":[2058,137,6041,6040],"class_list":["post-49147","post","type-post","status-publish","format-standard","has-post-thumbnail","hentry","category-jardinagem","tag-aloe-vera","tag-como-plantar","tag-farmacia","tag-quintal"],"yoast_head":"<!-- This site is optimized with the Yoast SEO plugin v24.6 - https:\/\/yoast.com\/wordpress\/plugins\/seo\/ -->\n<title>Aloe vera no quintal? Veja como cultivar sua pr\u00f3pria farm\u00e1cia natural - Correio Braziliense - Radar<\/title>\n<meta name=\"description\" content=\"Descubra como cultivar aloe vera em casa e aproveite os benef\u00edcios dessa planta conhecida por suas propriedades curativas.\" \/>\n<meta name=\"robots\" content=\"index, follow, max-snippet:-1, max-image-preview:large, max-video-preview:-1\" \/>\n<link rel=\"canonical\" href=\"https:\/\/www.correiobraziliense.com.br\/cbradar\/aloe-vera-no-quintal-veja-como-cultivar-sua-propria-farmacia-natural\/\" \/>\n<meta property=\"og:locale\" content=\"pt_BR\" \/>\n<meta property=\"og:type\" content=\"article\" \/>\n<meta property=\"og:title\" content=\"Aloe vera no quintal? Veja como cultivar sua pr\u00f3pria farm\u00e1cia natural - Correio Braziliense - Radar\" \/>\n<meta property=\"og:description\" content=\"Descubra como cultivar aloe vera em casa e aproveite os benef\u00edcios dessa planta conhecida por suas propriedades curativas.\" \/>\n<meta property=\"og:url\" content=\"https:\/\/www.correiobraziliense.com.br\/cbradar\/aloe-vera-no-quintal-veja-como-cultivar-sua-propria-farmacia-natural\/\" \/>\n<meta property=\"og:site_name\" content=\"Correio Braziliense - Radar\" \/>\n<meta property=\"article:published_time\" content=\"2025-06-09T09:10:00+00:00\" \/>\n<meta property=\"og:image\" content=\"https:\/\/www.correiobraziliense.com.br\/cbradar\/wp-content\/uploads\/2025\/04\/aloe-vera_1743876587364.jpg\" \/>\n\t<meta property=\"og:image:width\" content=\"1280\" \/>\n\t<meta property=\"og:image:height\" content=\"720\" \/>\n\t<meta property=\"og:image:type\" content=\"image\/jpeg\" \/>\n<meta name=\"author\" content=\"Maura Pereira\" \/>\n<meta name=\"twitter:card\" content=\"summary_large_image\" \/>\n<meta name=\"twitter:label1\" content=\"Escrito por\" \/>\n\t<meta name=\"twitter:data1\" content=\"Maura Pereira\" \/>\n\t<meta name=\"twitter:label2\" content=\"Est. tempo de leitura\" \/>\n\t<meta name=\"twitter:data2\" content=\"7 minutos\" \/>\n<!-- \/ Yoast SEO plugin. -->","yoast_head_json":{"title":"Aloe vera no quintal? Veja como cultivar sua pr\u00f3pria farm\u00e1cia natural - Correio Braziliense - Radar","description":"Descubra como cultivar aloe vera em casa e aproveite os benef\u00edcios dessa planta conhecida por suas propriedades curativas.","robots":{"index":"index","follow":"follow","max-snippet":"max-snippet:-1","max-image-preview":"max-image-preview:large","max-video-preview":"max-video-preview:-1"},"canonical":"https:\/\/www.correiobraziliense.com.br\/cbradar\/aloe-vera-no-quintal-veja-como-cultivar-sua-propria-farmacia-natural\/","og_locale":"pt_BR","og_type":"article","og_title":"Aloe vera no quintal? Veja como cultivar sua pr\u00f3pria farm\u00e1cia natural - Correio Braziliense - Radar","og_description":"Descubra como cultivar aloe vera em casa e aproveite os benef\u00edcios dessa planta conhecida por suas propriedades curativas.","og_url":"https:\/\/www.correiobraziliense.com.br\/cbradar\/aloe-vera-no-quintal-veja-como-cultivar-sua-propria-farmacia-natural\/","og_site_name":"Correio Braziliense - Radar","article_published_time":"2025-06-09T09:10:00+00:00","og_image":[{"width":1280,"height":720,"url":"https:\/\/www.correiobraziliense.com.br\/cbradar\/wp-content\/uploads\/2025\/04\/aloe-vera_1743876587364.jpg","type":"image\/jpeg"}],"author":"Maura Pereira","twitter_card":"summary_large_image","twitter_misc":{"Escrito por":"Maura Pereira","Est. tempo de leitura":"7 minutos"},"schema":{"@context":"https:\/\/schema.org","@graph":[{"@type":"WebPage","@id":"https:\/\/www.correiobraziliense.com.br\/cbradar\/aloe-vera-no-quintal-veja-como-cultivar-sua-propria-farmacia-natural\/","url":"https:\/\/www.correiobraziliense.com.br\/cbradar\/aloe-vera-no-quintal-veja-como-cultivar-sua-propria-farmacia-natural\/","name":"Aloe vera no quintal? Veja como cultivar sua pr\u00f3pria farm\u00e1cia natural - Correio Braziliense - Radar","isPartOf":{"@id":"https:\/\/www.correiobraziliense.com.br\/cbradar\/#website"},"primaryImageOfPage":{"@id":"https:\/\/www.correiobraziliense.com.br\/cbradar\/aloe-vera-no-quintal-veja-como-cultivar-sua-propria-farmacia-natural\/#primaryimage"},"image":{"@id":"https:\/\/www.correiobraziliense.com.br\/cbradar\/aloe-vera-no-quintal-veja-como-cultivar-sua-propria-farmacia-natural\/#primaryimage"},"thumbnailUrl":"https:\/\/www.correiobraziliense.com.br\/cbradar\/wp-content\/uploads\/2025\/04\/aloe-vera_1743876587364.jpg","datePublished":"2025-06-09T09:10:00+00:00","author":{"@id":"https:\/\/www.correiobraziliense.com.br\/cbradar\/#\/schema\/person\/4053c651a9bfc785afc6f4cbc9032fd3"},"description":"Descubra como cultivar aloe vera em casa e aproveite os benef\u00edcios dessa planta conhecida por suas propriedades curativas.","breadcrumb":{"@id":"https:\/\/www.correiobraziliense.com.br\/cbradar\/aloe-vera-no-quintal-veja-como-cultivar-sua-propria-farmacia-natural\/#breadcrumb"},"inLanguage":"pt-BR","potentialAction":[{"@type":"ReadAction","target":["https:\/\/www.correiobraziliense.com.br\/cbradar\/aloe-vera-no-quintal-veja-como-cultivar-sua-propria-farmacia-natural\/"]}]},{"@type":"ImageObject","inLanguage":"pt-BR","@id":"https:\/\/www.correiobraziliense.com.br\/cbradar\/aloe-vera-no-quintal-veja-como-cultivar-sua-propria-farmacia-natural\/#primaryimage","url":"https:\/\/www.correiobraziliense.com.br\/cbradar\/wp-content\/uploads\/2025\/04\/aloe-vera_1743876587364.jpg","contentUrl":"https:\/\/www.correiobraziliense.com.br\/cbradar\/wp-content\/uploads\/2025\/04\/aloe-vera_1743876587364.jpg","width":1280,"height":720,"caption":"Aloe-vera \/\/ Cr\u00e9ditos: depositphotos.com \/ swkunst"},{"@type":"BreadcrumbList","@id":"https:\/\/www.correiobraziliense.com.br\/cbradar\/aloe-vera-no-quintal-veja-como-cultivar-sua-propria-farmacia-natural\/#breadcrumb","itemListElement":[{"@type":"ListItem","position":1,"name":"In\u00edcio","item":"https:\/\/www.correiobraziliense.com.br\/cbradar\/"},{"@type":"ListItem","position":2,"name":"Aloe vera no quintal? Veja como cultivar sua pr\u00f3pria farm\u00e1cia natural"}]},{"@type":"WebSite","@id":"https:\/\/www.correiobraziliense.com.br\/cbradar\/#website","url":"https:\/\/www.correiobraziliense.com.br\/cbradar\/","name":"Correio Braziliense - Radar","description":"Acompanhe as \u00faltimas not\u00edcias e fique bem informado sobre tudo o que acontece no Brasil e no mundo.","potentialAction":[{"@type":"SearchAction","target":{"@type":"EntryPoint","urlTemplate":"https:\/\/www.correiobraziliense.com.br\/cbradar\/?s={search_term_string}"},"query-input":{"@type":"PropertyValueSpecification","valueRequired":true,"valueName":"search_term_string"}}],"inLanguage":"pt-BR"},{"@type":"Person","@id":"https:\/\/www.correiobraziliense.com.br\/cbradar\/#\/schema\/person\/4053c651a9bfc785afc6f4cbc9032fd3","name":"Maura Pereira","image":{"@type":"ImageObject","inLanguage":"pt-BR","@id":"https:\/\/www.correiobraziliense.com.br\/cbradar\/#\/schema\/person\/image\/","url":"https:\/\/secure.gravatar.com\/avatar\/3effd6bdadfa447f15089c7f7144eaa6?s=96&d=mm&r=g","contentUrl":"https:\/\/secure.gravatar.com\/avatar\/3effd6bdadfa447f15089c7f7144eaa6?s=96&d=mm&r=g","caption":"Maura Pereira"},"sameAs":["https:\/\/www.correiobraziliense.com.br\/"],"url":"https:\/\/www.correiobraziliense.com.br\/cbradar\/author\/mauramyth\/"}]}},"_links":{"self":[{"href":"https:\/\/www.correiobraziliense.com.br\/cbradar\/wp-json\/wp\/v2\/posts\/49147","targetHints":{"allow":["GET"]}}],"collection":[{"href":"https:\/\/www.correiobraziliense.com.br\/cbradar\/wp-json\/wp\/v2\/posts"}],"about":[{"href":"https:\/\/www.correiobraziliense.com.br\/cbradar\/wp-json\/wp\/v2\/types\/post"}],"author":[{"embeddable":true,"href":"https:\/\/www.correiobraziliense.com.br\/cbradar\/wp-json\/wp\/v2\/users\/8"}],"replies":[{"embeddable":true,"href":"https:\/\/www.correiobraziliense.com.br\/cbradar\/wp-json\/wp\/v2\/comments?post=49147"}],"version-history":[{"count":6,"href":"https:\/\/www.correiobraziliense.com.br\/cbradar\/wp-json\/wp\/v2\/posts\/49147\/revisions"}],"predecessor-version":[{"id":50414,"href":"https:\/\/www.correiobraziliense.com.br\/cbradar\/wp-json\/wp\/v2\/posts\/49147\/revisions\/50414"}],"wp:featuredmedia":[{"embeddable":true,"href":"https:\/\/www.correiobraziliense.com.br\/cbradar\/wp-json\/wp\/v2\/media\/19645"}],"wp:attachment":[{"href":"https:\/\/www.correiobraziliense.com.br\/cbradar\/wp-json\/wp\/v2\/media?parent=49147"}],"wp:term":[{"taxonomy":"category","embeddable":true,"href":"https:\/\/www.correiobraziliense.com.br\/cbradar\/wp-json\/wp\/v2\/categories?post=49147"},{"taxonomy":"post_tag","embeddable":true,"href":"https:\/\/www.correiobraziliense.com.br\/cbradar\/wp-json\/wp\/v2\/tags?post=49147"}],"curies":[{"name":"wp","href":"https:\/\/api.w.org\/{rel}","templated":true}]}}