{"id":49309,"date":"2025-06-07T10:30:00","date_gmt":"2025-06-07T13:30:00","guid":{"rendered":"https:\/\/www.correiobraziliense.com.br\/cbradar\/?p=49309"},"modified":"2025-06-07T07:07:44","modified_gmt":"2025-06-07T10:07:44","slug":"o-segredo-para-viver-mais-pode-estar-no-seu-cafe-da-manha","status":"publish","type":"post","link":"https:\/\/www.correiobraziliense.com.br\/cbradar\/o-segredo-para-viver-mais-pode-estar-no-seu-cafe-da-manha\/","title":{"rendered":"O segredo para viver mais pode estar no seu caf\u00e9 da manh\u00e3"},"content":{"rendered":"\n<p>Viver mais e com sa\u00fade \u00e9 um desejo comum, e muitos especialistas em sa\u00fade recomendam pr\u00e1ticas simples e comprovadas para alcan\u00e7ar esse objetivo. Embora algumas tend\u00eancias modernas prometam longevidade atrav\u00e9s de m\u00e9todos sofisticados, s\u00e3o os h\u00e1bitos tradicionais que frequentemente t\u00eam mais respaldo cient\u00edfico. Entre eles, destacam-se a alimenta\u00e7\u00e3o equilibrada, a pr\u00e1tica regular de exerc\u00edcios e a modera\u00e7\u00e3o em comportamentos prejudiciais.<\/p>\n\n\n\n<p>Implementar mudan\u00e7as significativas no estilo de vida pode parecer desafiador, mas n\u00e3o \u00e9 necess\u00e1rio transformar tudo de uma vez. Pequenas altera\u00e7\u00f5es podem ter um impacto significativo ao longo do tempo. A modera\u00e7\u00e3o \u00e9 frequentemente a chave para o sucesso, evitando excessos em qualquer dire\u00e7\u00e3o, seja na dieta ou na atividade f\u00edsica.<\/p>\n\n\n\n<h2 class=\"wp-block-heading\">Qual a import\u00e2ncia do exerc\u00edcio f\u00edsico regular?<\/h2>\n\n\n\n<p>O exerc\u00edcio f\u00edsico \u00e9 um dos pilares fundamentais para uma vida longa e saud\u00e1vel. Al\u00e9m de proteger o cora\u00e7\u00e3o, a atividade f\u00edsica regular tamb\u00e9m \u00e9 essencial para a sa\u00fade cerebral. Estudos indicam que at\u00e9 mesmo pequenas quantidades de exerc\u00edcio di\u00e1rio podem aumentar a expectativa de vida. Caminhadas r\u00e1pidas ou atividades que elevem a frequ\u00eancia card\u00edaca por alguns minutos diariamente podem reduzir significativamente o risco de doen\u00e7as card\u00edacas.<\/p>\n\n\n\n<p>Incorporar movimento na rotina di\u00e1ria, mesmo que n\u00e3o seja uma sess\u00e3o formal de exerc\u00edcios, tamb\u00e9m \u00e9 ben\u00e9fico. Escolher escadas em vez de elevadores ou fazer trajetos a p\u00e9 s\u00e3o maneiras simples de manter-se ativo. A intensidade do movimento \u00e9 importante, e pequenas explos\u00f5es de atividade vigorosa podem ter efeitos positivos na sa\u00fade geral.<\/p>\n\n\n\n<h2 class=\"wp-block-heading\">Como a alimenta\u00e7\u00e3o influencia na longevidade?<\/h2>\n\n\n\n<p>A alimenta\u00e7\u00e3o desempenha um papel crucial na promo\u00e7\u00e3o da sa\u00fade e longevidade. Consumir um caf\u00e9 da manh\u00e3 nutritivo pode reduzir o risco de doen\u00e7as card\u00edacas e melhorar a resposta do corpo \u00e0 insulina. Al\u00e9m disso, incluir mais alimentos de origem vegetal, especialmente aqueles de cores vibrantes, pode diminuir o risco de doen\u00e7as cr\u00f4nicas como diabetes e c\u00e2ncer.<\/p>\n\n\n\n<p>Alimentos como folhas verdes escuras e frutas vermelhas s\u00e3o ricos em antioxidantes, que ajudam a combater a inflama\u00e7\u00e3o e protegem contra o envelhecimento celular. Nozes e sementes tamb\u00e9m s\u00e3o recomendadas por seus benef\u00edcios cardiovasculares, contribuindo para a redu\u00e7\u00e3o do colesterol ruim e promovendo a sa\u00fade do cora\u00e7\u00e3o.<\/p>\n\n\n\n<figure class=\"wp-block-image size-large\"><img decoding=\"async\" width=\"1024\" height=\"576\" src=\"https:\/\/www.correiobraziliense.com.br\/cbradar\/wp-content\/uploads\/2025\/06\/envelhecimento_1749264268255-1024x576.jpg\" alt=\"O segredo para viver mais pode estar no seu caf\u00e9 da manh\u00e3\" class=\"wp-image-49313\" srcset=\"https:\/\/www.correiobraziliense.com.br\/cbradar\/wp-content\/uploads\/2025\/06\/envelhecimento_1749264268255-1024x576.jpg 1024w, https:\/\/www.correiobraziliense.com.br\/cbradar\/wp-content\/uploads\/2025\/06\/envelhecimento_1749264268255-300x169.jpg 300w, https:\/\/www.correiobraziliense.com.br\/cbradar\/wp-content\/uploads\/2025\/06\/envelhecimento_1749264268255-768x432.jpg 768w, https:\/\/www.correiobraziliense.com.br\/cbradar\/wp-content\/uploads\/2025\/06\/envelhecimento_1749264268255-750x422.jpg 750w, https:\/\/www.correiobraziliense.com.br\/cbradar\/wp-content\/uploads\/2025\/06\/envelhecimento_1749264268255-1140x641.jpg 1140w, https:\/\/www.correiobraziliense.com.br\/cbradar\/wp-content\/uploads\/2025\/06\/envelhecimento_1749264268255.jpg 1280w\" sizes=\"(max-width: 1024px) 100vw, 1024px\" \/><figcaption class=\"wp-element-caption\">envelhecimento. Cr\u00e9ditos: depositphotos.com \/ AllaSerebrina<\/figcaption><\/figure>\n\n\n\n<h2 class=\"wp-block-heading\">Por que o sono de qualidade \u00e9 essencial?<\/h2>\n\n\n\n<p>O sono adequado \u00e9 vital para a longevidade, pois \u00e9 durante o descanso que o corpo realiza processos de repara\u00e7\u00e3o e manuten\u00e7\u00e3o. Dormir em um ambiente fresco pode melhorar a qualidade do sono, facilitando a entrada em fases de sono profundo, onde ocorrem as principais fun\u00e7\u00f5es restauradoras do organismo.<\/p>\n\n\n\n<p>Manter uma rotina de sono regular e criar um ambiente prop\u00edcio para o descanso pode aumentar a expectativa de vida, al\u00e9m de melhorar a sa\u00fade mental e f\u00edsica. Investir em um colch\u00e3o confort\u00e1vel e em roupas de cama adequadas pode fazer uma diferen\u00e7a significativa na qualidade do sono.<\/p>\n\n\n\n<h2 class=\"wp-block-heading\">Qual o papel das rela\u00e7\u00f5es sociais na longevidade?<\/h2>\n\n\n\n<p>Manter conex\u00f5es sociais fortes \u00e9 t\u00e3o importante quanto seguir uma dieta saud\u00e1vel ou praticar exerc\u00edcios. Estudos mostram que pessoas com la\u00e7os sociais s\u00f3lidos t\u00eam uma maior probabilidade de viver mais. As intera\u00e7\u00f5es sociais podem melhorar a sa\u00fade mental, reduzir o estresse e proporcionar um senso de prop\u00f3sito e pertencimento.<\/p>\n\n\n\n<p>Envolver-se em atividades sociais, seja atrav\u00e9s de encontros com amigos ou participando de grupos comunit\u00e1rios, pode aumentar a felicidade e, consequentemente, a longevidade. Mesmo intera\u00e7\u00f5es casuais podem ter um impacto positivo no bem-estar geral.<\/p>\n","protected":false},"excerpt":{"rendered":"<p>Sono, alimenta\u00e7\u00e3o e conex\u00f5es sociais t\u00eam mais impacto do que voc\u00ea imagina. Veja os h\u00e1bitos que aumentam a longevidade de forma natural.<\/p>\n","protected":false},"author":3,"featured_media":49311,"comment_status":"open","ping_status":"open","sticky":false,"template":"","format":"standard","meta":{"_yoast_wpseo_focuskw":"viver mais segredo","_yoast_wpseo_title":"%%title%%","_yoast_wpseo_metadesc":"Sono, alimenta\u00e7\u00e3o e conex\u00f5es sociais t\u00eam mais impacto do que voc\u00ea imagina. Veja os h\u00e1bitos que aumentam a longevidade de forma natural.","jnews-multi-image_gallery":[],"jnews_single_post":{"format":"standard"},"jnews_primary_category":[],"jnews_social_meta":[],"jnews_override_counter":[],"footnotes":""},"categories":[112],"tags":[565,3841],"class_list":["post-49309","post","type-post","status-publish","format-standard","has-post-thumbnail","hentry","category-curiosidades","tag-saude","tag-viver-mais"],"yoast_head":"<!-- This site is optimized with the Yoast SEO plugin v24.6 - https:\/\/yoast.com\/wordpress\/plugins\/seo\/ -->\n<title>O segredo para viver mais pode estar no seu caf\u00e9 da manh\u00e3<\/title>\n<meta name=\"description\" content=\"Sono, alimenta\u00e7\u00e3o e conex\u00f5es sociais t\u00eam mais impacto do que voc\u00ea imagina. Veja os h\u00e1bitos que aumentam a longevidade de forma natural.\" \/>\n<meta name=\"robots\" content=\"index, follow, max-snippet:-1, max-image-preview:large, max-video-preview:-1\" \/>\n<link rel=\"canonical\" href=\"https:\/\/www.correiobraziliense.com.br\/cbradar\/o-segredo-para-viver-mais-pode-estar-no-seu-cafe-da-manha\/\" \/>\n<meta property=\"og:locale\" content=\"pt_BR\" \/>\n<meta property=\"og:type\" content=\"article\" \/>\n<meta property=\"og:title\" content=\"O segredo para viver mais pode estar no seu caf\u00e9 da manh\u00e3\" \/>\n<meta property=\"og:description\" content=\"Sono, alimenta\u00e7\u00e3o e conex\u00f5es sociais t\u00eam mais impacto do que voc\u00ea imagina. Veja os h\u00e1bitos que aumentam a longevidade de forma natural.\" \/>\n<meta property=\"og:url\" content=\"https:\/\/www.correiobraziliense.com.br\/cbradar\/o-segredo-para-viver-mais-pode-estar-no-seu-cafe-da-manha\/\" \/>\n<meta property=\"og:site_name\" content=\"Correio Braziliense - Radar\" \/>\n<meta property=\"article:published_time\" content=\"2025-06-07T13:30:00+00:00\" \/>\n<meta property=\"og:image\" content=\"https:\/\/www.correiobraziliense.com.br\/cbradar\/wp-content\/uploads\/2025\/06\/envelhecimento_1749264185412.jpg\" \/>\n\t<meta property=\"og:image:width\" content=\"1280\" \/>\n\t<meta property=\"og:image:height\" content=\"720\" \/>\n\t<meta property=\"og:image:type\" content=\"image\/jpeg\" \/>\n<meta name=\"author\" content=\"Larissa Carvalho\" \/>\n<meta name=\"twitter:card\" content=\"summary_large_image\" \/>\n<meta name=\"twitter:label1\" content=\"Escrito por\" \/>\n\t<meta name=\"twitter:data1\" content=\"Larissa Carvalho\" \/>\n\t<meta name=\"twitter:label2\" content=\"Est. tempo de leitura\" \/>\n\t<meta name=\"twitter:data2\" content=\"4 minutos\" \/>\n<!-- \/ Yoast SEO plugin. -->","yoast_head_json":{"title":"O segredo para viver mais pode estar no seu caf\u00e9 da manh\u00e3","description":"Sono, alimenta\u00e7\u00e3o e conex\u00f5es sociais t\u00eam mais impacto do que voc\u00ea imagina. Veja os h\u00e1bitos que aumentam a longevidade de forma natural.","robots":{"index":"index","follow":"follow","max-snippet":"max-snippet:-1","max-image-preview":"max-image-preview:large","max-video-preview":"max-video-preview:-1"},"canonical":"https:\/\/www.correiobraziliense.com.br\/cbradar\/o-segredo-para-viver-mais-pode-estar-no-seu-cafe-da-manha\/","og_locale":"pt_BR","og_type":"article","og_title":"O segredo para viver mais pode estar no seu caf\u00e9 da manh\u00e3","og_description":"Sono, alimenta\u00e7\u00e3o e conex\u00f5es sociais t\u00eam mais impacto do que voc\u00ea imagina. Veja os h\u00e1bitos que aumentam a longevidade de forma natural.","og_url":"https:\/\/www.correiobraziliense.com.br\/cbradar\/o-segredo-para-viver-mais-pode-estar-no-seu-cafe-da-manha\/","og_site_name":"Correio Braziliense - Radar","article_published_time":"2025-06-07T13:30:00+00:00","og_image":[{"width":1280,"height":720,"url":"https:\/\/www.correiobraziliense.com.br\/cbradar\/wp-content\/uploads\/2025\/06\/envelhecimento_1749264185412.jpg","type":"image\/jpeg"}],"author":"Larissa Carvalho","twitter_card":"summary_large_image","twitter_misc":{"Escrito por":"Larissa Carvalho","Est. tempo de leitura":"4 minutos"},"schema":{"@context":"https:\/\/schema.org","@graph":[{"@type":"WebPage","@id":"https:\/\/www.correiobraziliense.com.br\/cbradar\/o-segredo-para-viver-mais-pode-estar-no-seu-cafe-da-manha\/","url":"https:\/\/www.correiobraziliense.com.br\/cbradar\/o-segredo-para-viver-mais-pode-estar-no-seu-cafe-da-manha\/","name":"O segredo para viver mais pode estar no seu caf\u00e9 da manh\u00e3","isPartOf":{"@id":"https:\/\/www.correiobraziliense.com.br\/cbradar\/#website"},"primaryImageOfPage":{"@id":"https:\/\/www.correiobraziliense.com.br\/cbradar\/o-segredo-para-viver-mais-pode-estar-no-seu-cafe-da-manha\/#primaryimage"},"image":{"@id":"https:\/\/www.correiobraziliense.com.br\/cbradar\/o-segredo-para-viver-mais-pode-estar-no-seu-cafe-da-manha\/#primaryimage"},"thumbnailUrl":"https:\/\/www.correiobraziliense.com.br\/cbradar\/wp-content\/uploads\/2025\/06\/envelhecimento_1749264185412.jpg","datePublished":"2025-06-07T13:30:00+00:00","author":{"@id":"https:\/\/www.correiobraziliense.com.br\/cbradar\/#\/schema\/person\/58422787644df994b53a19d3e56c1513"},"description":"Sono, alimenta\u00e7\u00e3o e conex\u00f5es sociais t\u00eam mais impacto do que voc\u00ea imagina. Veja os h\u00e1bitos que aumentam a longevidade de forma natural.","breadcrumb":{"@id":"https:\/\/www.correiobraziliense.com.br\/cbradar\/o-segredo-para-viver-mais-pode-estar-no-seu-cafe-da-manha\/#breadcrumb"},"inLanguage":"pt-BR","potentialAction":[{"@type":"ReadAction","target":["https:\/\/www.correiobraziliense.com.br\/cbradar\/o-segredo-para-viver-mais-pode-estar-no-seu-cafe-da-manha\/"]}]},{"@type":"ImageObject","inLanguage":"pt-BR","@id":"https:\/\/www.correiobraziliense.com.br\/cbradar\/o-segredo-para-viver-mais-pode-estar-no-seu-cafe-da-manha\/#primaryimage","url":"https:\/\/www.correiobraziliense.com.br\/cbradar\/wp-content\/uploads\/2025\/06\/envelhecimento_1749264185412.jpg","contentUrl":"https:\/\/www.correiobraziliense.com.br\/cbradar\/wp-content\/uploads\/2025\/06\/envelhecimento_1749264185412.jpg","width":1280,"height":720,"caption":"envelhecimento. Cr\u00e9ditos: depositphotos.com \/ AntonLozovoy"},{"@type":"BreadcrumbList","@id":"https:\/\/www.correiobraziliense.com.br\/cbradar\/o-segredo-para-viver-mais-pode-estar-no-seu-cafe-da-manha\/#breadcrumb","itemListElement":[{"@type":"ListItem","position":1,"name":"In\u00edcio","item":"https:\/\/www.correiobraziliense.com.br\/cbradar\/"},{"@type":"ListItem","position":2,"name":"O segredo para viver mais pode estar no seu caf\u00e9 da manh\u00e3"}]},{"@type":"WebSite","@id":"https:\/\/www.correiobraziliense.com.br\/cbradar\/#website","url":"https:\/\/www.correiobraziliense.com.br\/cbradar\/","name":"Correio Braziliense - Radar","description":"Acompanhe as \u00faltimas not\u00edcias e fique bem informado sobre tudo o que acontece no Brasil e no mundo.","potentialAction":[{"@type":"SearchAction","target":{"@type":"EntryPoint","urlTemplate":"https:\/\/www.correiobraziliense.com.br\/cbradar\/?s={search_term_string}"},"query-input":{"@type":"PropertyValueSpecification","valueRequired":true,"valueName":"search_term_string"}}],"inLanguage":"pt-BR"},{"@type":"Person","@id":"https:\/\/www.correiobraziliense.com.br\/cbradar\/#\/schema\/person\/58422787644df994b53a19d3e56c1513","name":"Larissa Carvalho","image":{"@type":"ImageObject","inLanguage":"pt-BR","@id":"https:\/\/www.correiobraziliense.com.br\/cbradar\/#\/schema\/person\/image\/","url":"https:\/\/secure.gravatar.com\/avatar\/fe4f91a0de32b52a838d0d612abdc1aa?s=96&d=mm&r=g","contentUrl":"https:\/\/secure.gravatar.com\/avatar\/fe4f91a0de32b52a838d0d612abdc1aa?s=96&d=mm&r=g","caption":"Larissa Carvalho"},"url":"https:\/\/www.correiobraziliense.com.br\/cbradar\/author\/larissamyth\/"}]}},"_links":{"self":[{"href":"https:\/\/www.correiobraziliense.com.br\/cbradar\/wp-json\/wp\/v2\/posts\/49309","targetHints":{"allow":["GET"]}}],"collection":[{"href":"https:\/\/www.correiobraziliense.com.br\/cbradar\/wp-json\/wp\/v2\/posts"}],"about":[{"href":"https:\/\/www.correiobraziliense.com.br\/cbradar\/wp-json\/wp\/v2\/types\/post"}],"author":[{"embeddable":true,"href":"https:\/\/www.correiobraziliense.com.br\/cbradar\/wp-json\/wp\/v2\/users\/3"}],"replies":[{"embeddable":true,"href":"https:\/\/www.correiobraziliense.com.br\/cbradar\/wp-json\/wp\/v2\/comments?post=49309"}],"version-history":[{"count":2,"href":"https:\/\/www.correiobraziliense.com.br\/cbradar\/wp-json\/wp\/v2\/posts\/49309\/revisions"}],"predecessor-version":[{"id":49314,"href":"https:\/\/www.correiobraziliense.com.br\/cbradar\/wp-json\/wp\/v2\/posts\/49309\/revisions\/49314"}],"wp:featuredmedia":[{"embeddable":true,"href":"https:\/\/www.correiobraziliense.com.br\/cbradar\/wp-json\/wp\/v2\/media\/49311"}],"wp:attachment":[{"href":"https:\/\/www.correiobraziliense.com.br\/cbradar\/wp-json\/wp\/v2\/media?parent=49309"}],"wp:term":[{"taxonomy":"category","embeddable":true,"href":"https:\/\/www.correiobraziliense.com.br\/cbradar\/wp-json\/wp\/v2\/categories?post=49309"},{"taxonomy":"post_tag","embeddable":true,"href":"https:\/\/www.correiobraziliense.com.br\/cbradar\/wp-json\/wp\/v2\/tags?post=49309"}],"curies":[{"name":"wp","href":"https:\/\/api.w.org\/{rel}","templated":true}]}}