{"id":50795,"date":"2025-06-09T19:20:00","date_gmt":"2025-06-09T22:20:00","guid":{"rendered":"https:\/\/www.correiobraziliense.com.br\/cbradar\/?p=50795"},"modified":"2025-06-09T19:08:46","modified_gmt":"2025-06-09T22:08:46","slug":"voce-nunca-mais-vai-comprar-alecrim-depois-de-aprender-isso","status":"publish","type":"post","link":"https:\/\/www.correiobraziliense.com.br\/cbradar\/voce-nunca-mais-vai-comprar-alecrim-depois-de-aprender-isso\/","title":{"rendered":"Voc\u00ea nunca mais vai comprar alecrim depois de aprender isso"},"content":{"rendered":"\n<p>O alecrim \u00e9 uma das ervas mais queridas da culin\u00e1ria e tamb\u00e9m valorizada por suas propriedades medicinais e aroma marcante. F\u00e1cil de cuidar e resistente, ele pode ser cultivado em <strong>vasos, jardineiras ou diretamente no solo<\/strong> \u2014 ideal para quem quer ter tempero fresco sempre \u00e0 m\u00e3o.<\/p>\n\n\n\n<p>Aprender a plantar alecrim em casa \u00e9 simples, e com os cuidados certos, ele pode durar por anos.<\/p>\n\n\n\n<h2 class=\"wp-block-heading\">Escolha entre muda ou estaca<\/h2>\n\n\n\n<p>Voc\u00ea pode plantar alecrim de duas formas:<\/p>\n\n\n\n<ul class=\"wp-block-list\">\n<li><strong>Com mudas prontas<\/strong>: compradas em floriculturas ou supermercados.<\/li>\n\n\n\n<li><strong>Com estacas<\/strong>: galhos de 10 a 15 cm de uma planta adulta, cortados com tesoura limpa.<\/li>\n<\/ul>\n\n\n\n<p>Se optar pela estaca, retire as folhas da base e deixe o galho em um copo com \u00e1gua por alguns dias at\u00e9 surgir raiz \u2014 depois \u00e9 s\u00f3 plantar.<\/p>\n\n\n\n<h2 class=\"wp-block-heading\">O local ideal para o alecrim<\/h2>\n\n\n\n<p>O alecrim gosta de <strong>sol pleno<\/strong> \u2014 precisa de pelo menos 6 horas de luz direta por dia. Escolha um local bem iluminado, seja na varanda, janela ou jardim.<\/p>\n\n\n\n<p>Evite \u00e1reas com sombra constante ou excesso de umidade, pois isso pode comprometer o crescimento da planta.<\/p>\n\n\n\n<h2 class=\"wp-block-heading\">Como preparar o solo ou o vaso<\/h2>\n\n\n\n<p>O solo ideal para o alecrim deve ser:<\/p>\n\n\n\n<ul class=\"wp-block-list\">\n<li><strong>Leve e bem drenado<\/strong><\/li>\n\n\n\n<li>Rico em mat\u00e9ria org\u00e2nica<\/li>\n\n\n\n<li>Com pH entre 6 e 7 (ligeiramente alcalino)<\/li>\n<\/ul>\n\n\n\n<p>Se for plantar em vaso, use uma mistura de <strong>terra vegetal, areia grossa e h\u00famus de minhoca<\/strong>. Certifique-se de que o recipiente tenha furos no fundo para evitar o ac\u00famulo de \u00e1gua.<\/p>\n\n\n\n<figure class=\"wp-block-image size-large\"><img decoding=\"async\" width=\"1024\" height=\"576\" src=\"https:\/\/www.correiobraziliense.com.br\/cbradar\/wp-content\/uploads\/2025\/06\/alecrim_1749506894452-1024x576.jpg\" alt=\"Voc\u00ea nunca mais vai comprar alecrim depois de aprender isso\" class=\"wp-image-50799\" srcset=\"https:\/\/www.correiobraziliense.com.br\/cbradar\/wp-content\/uploads\/2025\/06\/alecrim_1749506894452-1024x576.jpg 1024w, https:\/\/www.correiobraziliense.com.br\/cbradar\/wp-content\/uploads\/2025\/06\/alecrim_1749506894452-300x169.jpg 300w, https:\/\/www.correiobraziliense.com.br\/cbradar\/wp-content\/uploads\/2025\/06\/alecrim_1749506894452-768x432.jpg 768w, https:\/\/www.correiobraziliense.com.br\/cbradar\/wp-content\/uploads\/2025\/06\/alecrim_1749506894452-750x422.jpg 750w, https:\/\/www.correiobraziliense.com.br\/cbradar\/wp-content\/uploads\/2025\/06\/alecrim_1749506894452-1140x641.jpg 1140w, https:\/\/www.correiobraziliense.com.br\/cbradar\/wp-content\/uploads\/2025\/06\/alecrim_1749506894452.jpg 1280w\" sizes=\"(max-width: 1024px) 100vw, 1024px\" \/><figcaption class=\"wp-element-caption\">alecrim. Cr\u00e9ditos: depositphotos.com \/ MarusiaBO<\/figcaption><\/figure>\n\n\n\n<h2 class=\"wp-block-heading\">Cuidados com a rega<\/h2>\n\n\n\n<p>O alecrim n\u00e3o gosta de solo encharcado. Regue apenas quando a terra estiver <strong>seca ao toque<\/strong>, o que costuma variar entre 2 a 3 vezes por semana, dependendo do clima.<\/p>\n\n\n\n<p>Em regi\u00f5es \u00famidas ou no inverno, reduza ainda mais a frequ\u00eancia. Excesso de \u00e1gua \u00e9 uma das principais causas de morte da planta.<\/p>\n\n\n\n<h2 class=\"wp-block-heading\">Podas e colheita<\/h2>\n\n\n\n<p>Para manter o alecrim saud\u00e1vel:<\/p>\n\n\n\n<ul class=\"wp-block-list\">\n<li>Fa\u00e7a <strong>podas leves regulares<\/strong>, retirando galhos secos ou fracos<\/li>\n\n\n\n<li>Pode colher as folhas sempre que precisar, mas evite retirar mais de 1\/3 da planta por vez<\/li>\n\n\n\n<li>A poda estimula o crescimento e fortalece os ramos<\/li>\n<\/ul>\n\n\n\n<p>Al\u00e9m disso, evite transplantar o alecrim com frequ\u00eancia \u2014 ele se adapta melhor quando mantido no mesmo local.<\/p>\n\n\n\n<h2 class=\"wp-block-heading\">Um tempero duradouro e f\u00e1cil de manter<\/h2>\n\n\n\n<p>Com poucos cuidados, o alecrim se torna uma <strong>planta arom\u00e1tica resistente e produtiva<\/strong>, perfeita para ter sempre por perto. Al\u00e9m de temperar pratos, ele pode ser usado em ch\u00e1s, banhos relaxantes ou como repelente natural.<\/p>\n\n\n\n<p>Cultivar alecrim em casa \u00e9 uma forma pr\u00e1tica e econ\u00f4mica de trazer mais sabor, aroma e sa\u00fade para o dia a dia.<\/p>\n\n\n\n<p><\/p>\n","protected":false},"excerpt":{"rendered":"<p>Seu alecrim morre r\u00e1pido? Aprenda a t\u00e9cnica que faz ele durar anos com sol, pouca \u00e1gua e um truque simples com copo d\u2019\u00e1gua.<\/p>\n","protected":false},"author":3,"featured_media":50798,"comment_status":"open","ping_status":"open","sticky":false,"template":"","format":"standard","meta":{"_yoast_wpseo_focuskw":"como plantar alecrim","_yoast_wpseo_title":"%%title%%","_yoast_wpseo_metadesc":"Seu alecrim morre r\u00e1pido? Aprenda a t\u00e9cnica que faz ele durar anos com sol, pouca \u00e1gua e um truque simples com copo d\u2019\u00e1gua.","jnews-multi-image_gallery":[],"jnews_single_post":{"format":"standard"},"jnews_primary_category":[],"jnews_social_meta":[],"jnews_override_counter":[],"footnotes":""},"categories":[136],"tags":[137,329],"class_list":["post-50795","post","type-post","status-publish","format-standard","has-post-thumbnail","hentry","category-jardinagem","tag-como-plantar","tag-jardinagem"],"yoast_head":"<!-- This site is optimized with the Yoast SEO plugin v24.6 - https:\/\/yoast.com\/wordpress\/plugins\/seo\/ -->\n<title>Voc\u00ea nunca mais vai comprar alecrim depois de aprender isso<\/title>\n<meta name=\"description\" content=\"Seu alecrim morre r\u00e1pido? Aprenda a t\u00e9cnica que faz ele durar anos com sol, pouca \u00e1gua e um truque simples com copo d\u2019\u00e1gua.\" \/>\n<meta name=\"robots\" content=\"index, follow, max-snippet:-1, max-image-preview:large, max-video-preview:-1\" \/>\n<link rel=\"canonical\" href=\"https:\/\/www.correiobraziliense.com.br\/cbradar\/voce-nunca-mais-vai-comprar-alecrim-depois-de-aprender-isso\/\" \/>\n<meta property=\"og:locale\" content=\"pt_BR\" \/>\n<meta property=\"og:type\" content=\"article\" \/>\n<meta property=\"og:title\" content=\"Voc\u00ea nunca mais vai comprar alecrim depois de aprender isso\" \/>\n<meta property=\"og:description\" content=\"Seu alecrim morre r\u00e1pido? Aprenda a t\u00e9cnica que faz ele durar anos com sol, pouca \u00e1gua e um truque simples com copo d\u2019\u00e1gua.\" \/>\n<meta property=\"og:url\" content=\"https:\/\/www.correiobraziliense.com.br\/cbradar\/voce-nunca-mais-vai-comprar-alecrim-depois-de-aprender-isso\/\" \/>\n<meta property=\"og:site_name\" content=\"Correio Braziliense - Radar\" \/>\n<meta property=\"article:published_time\" content=\"2025-06-09T22:20:00+00:00\" \/>\n<meta property=\"og:image\" content=\"https:\/\/www.correiobraziliense.com.br\/cbradar\/wp-content\/uploads\/2025\/06\/alecrim_1749506719940.jpg\" \/>\n\t<meta property=\"og:image:width\" content=\"1280\" \/>\n\t<meta property=\"og:image:height\" content=\"720\" \/>\n\t<meta property=\"og:image:type\" content=\"image\/jpeg\" \/>\n<meta name=\"author\" content=\"Larissa Carvalho\" \/>\n<meta name=\"twitter:card\" content=\"summary_large_image\" \/>\n<meta name=\"twitter:label1\" content=\"Escrito por\" \/>\n\t<meta name=\"twitter:data1\" content=\"Larissa Carvalho\" \/>\n\t<meta name=\"twitter:label2\" content=\"Est. tempo de leitura\" \/>\n\t<meta name=\"twitter:data2\" content=\"3 minutos\" \/>\n<!-- \/ Yoast SEO plugin. -->","yoast_head_json":{"title":"Voc\u00ea nunca mais vai comprar alecrim depois de aprender isso","description":"Seu alecrim morre r\u00e1pido? Aprenda a t\u00e9cnica que faz ele durar anos com sol, pouca \u00e1gua e um truque simples com copo d\u2019\u00e1gua.","robots":{"index":"index","follow":"follow","max-snippet":"max-snippet:-1","max-image-preview":"max-image-preview:large","max-video-preview":"max-video-preview:-1"},"canonical":"https:\/\/www.correiobraziliense.com.br\/cbradar\/voce-nunca-mais-vai-comprar-alecrim-depois-de-aprender-isso\/","og_locale":"pt_BR","og_type":"article","og_title":"Voc\u00ea nunca mais vai comprar alecrim depois de aprender isso","og_description":"Seu alecrim morre r\u00e1pido? Aprenda a t\u00e9cnica que faz ele durar anos com sol, pouca \u00e1gua e um truque simples com copo d\u2019\u00e1gua.","og_url":"https:\/\/www.correiobraziliense.com.br\/cbradar\/voce-nunca-mais-vai-comprar-alecrim-depois-de-aprender-isso\/","og_site_name":"Correio Braziliense - Radar","article_published_time":"2025-06-09T22:20:00+00:00","og_image":[{"width":1280,"height":720,"url":"https:\/\/www.correiobraziliense.com.br\/cbradar\/wp-content\/uploads\/2025\/06\/alecrim_1749506719940.jpg","type":"image\/jpeg"}],"author":"Larissa Carvalho","twitter_card":"summary_large_image","twitter_misc":{"Escrito por":"Larissa Carvalho","Est. tempo de leitura":"3 minutos"},"schema":{"@context":"https:\/\/schema.org","@graph":[{"@type":"WebPage","@id":"https:\/\/www.correiobraziliense.com.br\/cbradar\/voce-nunca-mais-vai-comprar-alecrim-depois-de-aprender-isso\/","url":"https:\/\/www.correiobraziliense.com.br\/cbradar\/voce-nunca-mais-vai-comprar-alecrim-depois-de-aprender-isso\/","name":"Voc\u00ea nunca mais vai comprar alecrim depois de aprender isso","isPartOf":{"@id":"https:\/\/www.correiobraziliense.com.br\/cbradar\/#website"},"primaryImageOfPage":{"@id":"https:\/\/www.correiobraziliense.com.br\/cbradar\/voce-nunca-mais-vai-comprar-alecrim-depois-de-aprender-isso\/#primaryimage"},"image":{"@id":"https:\/\/www.correiobraziliense.com.br\/cbradar\/voce-nunca-mais-vai-comprar-alecrim-depois-de-aprender-isso\/#primaryimage"},"thumbnailUrl":"https:\/\/www.correiobraziliense.com.br\/cbradar\/wp-content\/uploads\/2025\/06\/alecrim_1749506719940.jpg","datePublished":"2025-06-09T22:20:00+00:00","author":{"@id":"https:\/\/www.correiobraziliense.com.br\/cbradar\/#\/schema\/person\/58422787644df994b53a19d3e56c1513"},"description":"Seu alecrim morre r\u00e1pido? Aprenda a t\u00e9cnica que faz ele durar anos com sol, pouca \u00e1gua e um truque simples com copo d\u2019\u00e1gua.","breadcrumb":{"@id":"https:\/\/www.correiobraziliense.com.br\/cbradar\/voce-nunca-mais-vai-comprar-alecrim-depois-de-aprender-isso\/#breadcrumb"},"inLanguage":"pt-BR","potentialAction":[{"@type":"ReadAction","target":["https:\/\/www.correiobraziliense.com.br\/cbradar\/voce-nunca-mais-vai-comprar-alecrim-depois-de-aprender-isso\/"]}]},{"@type":"ImageObject","inLanguage":"pt-BR","@id":"https:\/\/www.correiobraziliense.com.br\/cbradar\/voce-nunca-mais-vai-comprar-alecrim-depois-de-aprender-isso\/#primaryimage","url":"https:\/\/www.correiobraziliense.com.br\/cbradar\/wp-content\/uploads\/2025\/06\/alecrim_1749506719940.jpg","contentUrl":"https:\/\/www.correiobraziliense.com.br\/cbradar\/wp-content\/uploads\/2025\/06\/alecrim_1749506719940.jpg","width":1280,"height":720,"caption":"alecrim. Cr\u00e9ditos: depositphotos.com \/ MarusiaBO"},{"@type":"BreadcrumbList","@id":"https:\/\/www.correiobraziliense.com.br\/cbradar\/voce-nunca-mais-vai-comprar-alecrim-depois-de-aprender-isso\/#breadcrumb","itemListElement":[{"@type":"ListItem","position":1,"name":"In\u00edcio","item":"https:\/\/www.correiobraziliense.com.br\/cbradar\/"},{"@type":"ListItem","position":2,"name":"Voc\u00ea nunca mais vai comprar alecrim depois de aprender isso"}]},{"@type":"WebSite","@id":"https:\/\/www.correiobraziliense.com.br\/cbradar\/#website","url":"https:\/\/www.correiobraziliense.com.br\/cbradar\/","name":"Correio Braziliense - Radar","description":"Acompanhe as \u00faltimas not\u00edcias e fique bem informado sobre tudo o que acontece no Brasil e no mundo.","potentialAction":[{"@type":"SearchAction","target":{"@type":"EntryPoint","urlTemplate":"https:\/\/www.correiobraziliense.com.br\/cbradar\/?s={search_term_string}"},"query-input":{"@type":"PropertyValueSpecification","valueRequired":true,"valueName":"search_term_string"}}],"inLanguage":"pt-BR"},{"@type":"Person","@id":"https:\/\/www.correiobraziliense.com.br\/cbradar\/#\/schema\/person\/58422787644df994b53a19d3e56c1513","name":"Larissa Carvalho","image":{"@type":"ImageObject","inLanguage":"pt-BR","@id":"https:\/\/www.correiobraziliense.com.br\/cbradar\/#\/schema\/person\/image\/","url":"https:\/\/secure.gravatar.com\/avatar\/fe4f91a0de32b52a838d0d612abdc1aa?s=96&d=mm&r=g","contentUrl":"https:\/\/secure.gravatar.com\/avatar\/fe4f91a0de32b52a838d0d612abdc1aa?s=96&d=mm&r=g","caption":"Larissa Carvalho"},"url":"https:\/\/www.correiobraziliense.com.br\/cbradar\/author\/larissamyth\/"}]}},"_links":{"self":[{"href":"https:\/\/www.correiobraziliense.com.br\/cbradar\/wp-json\/wp\/v2\/posts\/50795","targetHints":{"allow":["GET"]}}],"collection":[{"href":"https:\/\/www.correiobraziliense.com.br\/cbradar\/wp-json\/wp\/v2\/posts"}],"about":[{"href":"https:\/\/www.correiobraziliense.com.br\/cbradar\/wp-json\/wp\/v2\/types\/post"}],"author":[{"embeddable":true,"href":"https:\/\/www.correiobraziliense.com.br\/cbradar\/wp-json\/wp\/v2\/users\/3"}],"replies":[{"embeddable":true,"href":"https:\/\/www.correiobraziliense.com.br\/cbradar\/wp-json\/wp\/v2\/comments?post=50795"}],"version-history":[{"count":3,"href":"https:\/\/www.correiobraziliense.com.br\/cbradar\/wp-json\/wp\/v2\/posts\/50795\/revisions"}],"predecessor-version":[{"id":50800,"href":"https:\/\/www.correiobraziliense.com.br\/cbradar\/wp-json\/wp\/v2\/posts\/50795\/revisions\/50800"}],"wp:featuredmedia":[{"embeddable":true,"href":"https:\/\/www.correiobraziliense.com.br\/cbradar\/wp-json\/wp\/v2\/media\/50798"}],"wp:attachment":[{"href":"https:\/\/www.correiobraziliense.com.br\/cbradar\/wp-json\/wp\/v2\/media?parent=50795"}],"wp:term":[{"taxonomy":"category","embeddable":true,"href":"https:\/\/www.correiobraziliense.com.br\/cbradar\/wp-json\/wp\/v2\/categories?post=50795"},{"taxonomy":"post_tag","embeddable":true,"href":"https:\/\/www.correiobraziliense.com.br\/cbradar\/wp-json\/wp\/v2\/tags?post=50795"}],"curies":[{"name":"wp","href":"https:\/\/api.w.org\/{rel}","templated":true}]}}