{"id":51270,"date":"2025-06-11T08:50:00","date_gmt":"2025-06-11T11:50:00","guid":{"rendered":"https:\/\/www.correiobraziliense.com.br\/cbradar\/?p=51270"},"modified":"2025-06-10T20:36:17","modified_gmt":"2025-06-10T23:36:17","slug":"caminhar-rapido-pode-revelar-tracos-poderosos-da-sua-personalidade","status":"publish","type":"post","link":"https:\/\/www.correiobraziliense.com.br\/cbradar\/caminhar-rapido-pode-revelar-tracos-poderosos-da-sua-personalidade\/","title":{"rendered":"Caminhar r\u00e1pido pode revelar tra\u00e7os poderosos da sua personalidade"},"content":{"rendered":"\n<p>O modo como uma pessoa caminha pode revelar aspectos importantes sobre sua personalidade e estado emocional. Entre os diversos comportamentos observados, caminhar apressado chama a aten\u00e7\u00e3o de psic\u00f3logos e especialistas em comportamento humano. Essa atitude, muitas vezes percebida como simples h\u00e1bito, pode indicar fatores psicol\u00f3gicos subjacentes que v\u00e3o al\u00e9m da necessidade de chegar rapidamente a algum lugar.<\/p>\n\n\n\n<p>Segundo estudos recentes, o ritmo acelerado ao andar pode ser uma manifesta\u00e7\u00e3o f\u00edsica de caracter\u00edsticas internas, como energia, ansiedade ou at\u00e9 mesmo tra\u00e7os de personalidade espec\u00edficos. O interesse por esse tema tem crescido, especialmente em ambientes urbanos, onde o cotidiano exige agilidade e foco constante.<\/p>\n\n\n\n<h2 class=\"wp-block-heading\">O que significa caminhar apressado segundo a psicologia?<\/h2>\n\n\n\n<p>Na perspectiva da psicologia, <strong>caminhar muito r\u00e1pido pode estar relacionado a uma s\u00e9rie de fatores emocionais e comportamentais<\/strong>. Pesquisas apontam que pessoas que mant\u00eam um passo acelerado, mesmo sem urg\u00eancia, costumam ser vistas como <strong>determinadas<\/strong>, <strong>proativas<\/strong> e com forte orienta\u00e7\u00e3o para objetivos. Esse comportamento pode refletir uma necessidade de aproveitar o tempo ao m\u00e1ximo e de manter-se produtivo.<\/p>\n\n\n\n<p>Al\u00e9m disso, caminhar rapidamente pode indicar uma mente inquieta, que busca constantemente novos est\u00edmulos ou tenta lidar com altos n\u00edveis de exig\u00eancia pessoal. Em alguns casos, esse padr\u00e3o pode estar associado ao desejo de demonstrar autoconfian\u00e7a ou de evitar situa\u00e7\u00f5es desconfort\u00e1veis.<\/p>\n\n\n\n<h2 class=\"wp-block-heading\">Quais fatores psicol\u00f3gicos podem influenciar o ritmo ao caminhar?<\/h2>\n\n\n\n<p><strong>Existem diversos motivos que podem explicar por que algu\u00e9m caminha apressado<\/strong>. Entre os principais fatores psicol\u00f3gicos, destacam-se:<\/p>\n\n\n\n<ul class=\"wp-block-list\">\n<li><strong>Ansiedade:<\/strong> Pessoas ansiosas tendem a apresentar movimentos mais r\u00e1pidos, como forma de aliviar a tens\u00e3o interna.<\/li>\n\n\n\n<li><strong>Impaci\u00eancia:<\/strong> Indiv\u00edduos que n\u00e3o toleram atrasos ou interrup\u00e7\u00f5es podem manifestar esse tra\u00e7o no ritmo acelerado ao andar.<\/li>\n\n\n\n<li><strong>Busca por controle:<\/strong> Caminhar r\u00e1pido pode ser uma estrat\u00e9gia inconsciente para manter o dom\u00ednio sobre o pr\u00f3prio tempo e espa\u00e7o.<\/li>\n\n\n\n<li><strong>Personalidade extrovertida:<\/strong> Quem \u00e9 mais soci\u00e1vel e ativo geralmente prefere um ritmo de vida mais din\u00e2mico, refletido tamb\u00e9m na forma de caminhar.<\/li>\n\n\n\n<li><strong>Estresse:<\/strong> O ac\u00famulo de tarefas e responsabilidades pode levar ao aumento da velocidade dos movimentos, inclusive ao andar.<\/li>\n<\/ul>\n\n\n\n<figure class=\"wp-block-image size-large\"><img decoding=\"async\" width=\"1024\" height=\"576\" src=\"https:\/\/www.correiobraziliense.com.br\/cbradar\/wp-content\/uploads\/2025\/06\/pessoa-caminhando_1749598521202-1024x576.jpg\" alt=\"Caminhar r\u00e1pido pode revelar tra\u00e7os poderosos da sua personalidade\" class=\"wp-image-51273\" srcset=\"https:\/\/www.correiobraziliense.com.br\/cbradar\/wp-content\/uploads\/2025\/06\/pessoa-caminhando_1749598521202-1024x576.jpg 1024w, https:\/\/www.correiobraziliense.com.br\/cbradar\/wp-content\/uploads\/2025\/06\/pessoa-caminhando_1749598521202-300x169.jpg 300w, https:\/\/www.correiobraziliense.com.br\/cbradar\/wp-content\/uploads\/2025\/06\/pessoa-caminhando_1749598521202-768x432.jpg 768w, https:\/\/www.correiobraziliense.com.br\/cbradar\/wp-content\/uploads\/2025\/06\/pessoa-caminhando_1749598521202-750x422.jpg 750w, https:\/\/www.correiobraziliense.com.br\/cbradar\/wp-content\/uploads\/2025\/06\/pessoa-caminhando_1749598521202-1140x641.jpg 1140w, https:\/\/www.correiobraziliense.com.br\/cbradar\/wp-content\/uploads\/2025\/06\/pessoa-caminhando_1749598521202.jpg 1280w\" sizes=\"(max-width: 1024px) 100vw, 1024px\" \/><figcaption class=\"wp-element-caption\">pessoa caminhando. Cr\u00e9ditos: depositphotos.com \/ VitalikRadko<\/figcaption><\/figure>\n\n\n\n<h2 class=\"wp-block-heading\">Como identificar se o h\u00e1bito de caminhar r\u00e1pido est\u00e1 relacionado ao bem-estar?<\/h2>\n\n\n\n<p><strong>Nem sempre caminhar apressado \u00e9 sinal de problema<\/strong>. Em muitos casos, esse comportamento est\u00e1 ligado a um estilo de vida ativo e saud\u00e1vel. No entanto, quando o ritmo acelerado se torna constante e acompanhado de outros sinais, como irritabilidade, dificuldade de relaxar ou sensa\u00e7\u00e3o de esgotamento, pode ser um indicativo de estresse ou ansiedade elevados.<\/p>\n\n\n\n<ol class=\"wp-block-list\">\n<li>Observar se o h\u00e1bito ocorre apenas em situa\u00e7\u00f5es espec\u00edficas ou \u00e9 frequente em qualquer contexto.<\/li>\n\n\n\n<li>Analisar se h\u00e1 outros sintomas associados, como preocupa\u00e7\u00e3o excessiva ou dificuldade de concentra\u00e7\u00e3o.<\/li>\n\n\n\n<li>Buscar orienta\u00e7\u00e3o profissional caso o comportamento cause desconforto ou preju\u00edzo nas rela\u00e7\u00f5es pessoais e profissionais.<\/li>\n<\/ol>\n\n\n\n<p><strong>Vale ressaltar que cada pessoa possui um ritmo pr\u00f3prio, influenciado por fatores biol\u00f3gicos, emocionais e sociais<\/strong>. O importante \u00e9 reconhecer quando o padr\u00e3o de comportamento deixa de ser saud\u00e1vel e passa a interferir negativamente na qualidade de vida.<\/p>\n\n\n\n<h2 class=\"wp-block-heading\">Quais outros comportamentos podem ser observados junto ao caminhar apressado?<\/h2>\n\n\n\n<p><strong>Al\u00e9m do passo acelerado, \u00e9 comum que pessoas com esse perfil apresentem outros sinais, como gesticula\u00e7\u00e3o intensa, fala r\u00e1pida e tend\u00eancia a realizar v\u00e1rias tarefas ao mesmo tempo<\/strong>. Esses comportamentos, quando observados em conjunto, podem indicar uma personalidade orientada para resultados, mas tamb\u00e9m sugerir a necessidade de aten\u00e7\u00e3o ao equil\u00edbrio emocional.<\/p>\n\n\n\n<p><strong>Em ambientes profissionais, por exemplo, caminhar r\u00e1pido pode transmitir uma imagem de efici\u00eancia e seguran\u00e7a<\/strong>. Por outro lado, em situa\u00e7\u00f5es sociais, pode ser interpretado como impaci\u00eancia ou dificuldade de se conectar com o momento presente.<\/p>\n\n\n\n<p><strong>Em resumo, o ato de caminhar apressado vai muito al\u00e9m de uma simples escolha de ritmo<\/strong>. A psicologia mostra que esse comportamento pode refletir tanto tra\u00e7os positivos, como energia e determina\u00e7\u00e3o, quanto desafios emocionais, como ansiedade e estresse. Observar o pr\u00f3prio ritmo e compreender seus motivos pode ser um passo importante para o autoconhecimento e o bem-estar.<\/p>\n","protected":false},"excerpt":{"rendered":"<p>Caminhar r\u00e1pido pode ser mais do que pressa. Veja o que a psicologia revela sobre esse comportamento e como ele est\u00e1 ligado \u00e0 sua personalidade.<\/p>\n","protected":false},"author":1,"featured_media":51271,"comment_status":"open","ping_status":"open","sticky":false,"template":"","format":"standard","meta":{"_yoast_wpseo_focuskw":"caminhar r\u00e1pido","_yoast_wpseo_title":"%%title%%","_yoast_wpseo_metadesc":"Caminhar r\u00e1pido pode ser mais do que pressa. Veja o que a psicologia revela sobre esse comportamento e como ele est\u00e1 ligado \u00e0 sua personalidade.","jnews-multi-image_gallery":[],"jnews_single_post":{"format":"standard"},"jnews_primary_category":[],"jnews_social_meta":[],"jnews_override_counter":[],"footnotes":""},"categories":[1],"tags":[],"class_list":["post-51270","post","type-post","status-publish","format-standard","has-post-thumbnail","hentry","category-uncategorized"],"yoast_head":"<!-- This site is optimized with the Yoast SEO plugin v24.6 - https:\/\/yoast.com\/wordpress\/plugins\/seo\/ -->\n<title>Caminhar r\u00e1pido pode revelar tra\u00e7os poderosos da sua personalidade<\/title>\n<meta name=\"description\" content=\"Caminhar r\u00e1pido pode ser mais do que pressa. Veja o que a psicologia revela sobre esse comportamento e como ele est\u00e1 ligado \u00e0 sua personalidade.\" \/>\n<meta name=\"robots\" content=\"index, follow, max-snippet:-1, max-image-preview:large, max-video-preview:-1\" \/>\n<link rel=\"canonical\" href=\"https:\/\/www.correiobraziliense.com.br\/cbradar\/caminhar-rapido-pode-revelar-tracos-poderosos-da-sua-personalidade\/\" \/>\n<meta property=\"og:locale\" content=\"pt_BR\" \/>\n<meta property=\"og:type\" content=\"article\" \/>\n<meta property=\"og:title\" content=\"Caminhar r\u00e1pido pode revelar tra\u00e7os poderosos da sua personalidade\" \/>\n<meta property=\"og:description\" content=\"Caminhar r\u00e1pido pode ser mais do que pressa. Veja o que a psicologia revela sobre esse comportamento e como ele est\u00e1 ligado \u00e0 sua personalidade.\" \/>\n<meta property=\"og:url\" content=\"https:\/\/www.correiobraziliense.com.br\/cbradar\/caminhar-rapido-pode-revelar-tracos-poderosos-da-sua-personalidade\/\" \/>\n<meta property=\"og:site_name\" content=\"Correio Braziliense - Radar\" \/>\n<meta property=\"article:published_time\" content=\"2025-06-11T11:50:00+00:00\" \/>\n<meta property=\"og:image\" content=\"https:\/\/www.correiobraziliense.com.br\/cbradar\/wp-content\/uploads\/2025\/06\/pessoa-caminhando_1749590692499.jpg\" \/>\n\t<meta property=\"og:image:width\" content=\"1280\" \/>\n\t<meta property=\"og:image:height\" content=\"720\" \/>\n\t<meta property=\"og:image:type\" content=\"image\/jpeg\" \/>\n<meta name=\"author\" content=\"admin\" \/>\n<meta name=\"twitter:card\" content=\"summary_large_image\" \/>\n<meta name=\"twitter:label1\" content=\"Escrito por\" \/>\n\t<meta name=\"twitter:data1\" content=\"admin\" \/>\n\t<meta name=\"twitter:label2\" content=\"Est. tempo de leitura\" \/>\n\t<meta name=\"twitter:data2\" content=\"4 minutos\" \/>\n<!-- \/ Yoast SEO plugin. -->","yoast_head_json":{"title":"Caminhar r\u00e1pido pode revelar tra\u00e7os poderosos da sua personalidade","description":"Caminhar r\u00e1pido pode ser mais do que pressa. Veja o que a psicologia revela sobre esse comportamento e como ele est\u00e1 ligado \u00e0 sua personalidade.","robots":{"index":"index","follow":"follow","max-snippet":"max-snippet:-1","max-image-preview":"max-image-preview:large","max-video-preview":"max-video-preview:-1"},"canonical":"https:\/\/www.correiobraziliense.com.br\/cbradar\/caminhar-rapido-pode-revelar-tracos-poderosos-da-sua-personalidade\/","og_locale":"pt_BR","og_type":"article","og_title":"Caminhar r\u00e1pido pode revelar tra\u00e7os poderosos da sua personalidade","og_description":"Caminhar r\u00e1pido pode ser mais do que pressa. Veja o que a psicologia revela sobre esse comportamento e como ele est\u00e1 ligado \u00e0 sua personalidade.","og_url":"https:\/\/www.correiobraziliense.com.br\/cbradar\/caminhar-rapido-pode-revelar-tracos-poderosos-da-sua-personalidade\/","og_site_name":"Correio Braziliense - Radar","article_published_time":"2025-06-11T11:50:00+00:00","og_image":[{"width":1280,"height":720,"url":"https:\/\/www.correiobraziliense.com.br\/cbradar\/wp-content\/uploads\/2025\/06\/pessoa-caminhando_1749590692499.jpg","type":"image\/jpeg"}],"author":"admin","twitter_card":"summary_large_image","twitter_misc":{"Escrito por":"admin","Est. tempo de leitura":"4 minutos"},"schema":{"@context":"https:\/\/schema.org","@graph":[{"@type":"WebPage","@id":"https:\/\/www.correiobraziliense.com.br\/cbradar\/caminhar-rapido-pode-revelar-tracos-poderosos-da-sua-personalidade\/","url":"https:\/\/www.correiobraziliense.com.br\/cbradar\/caminhar-rapido-pode-revelar-tracos-poderosos-da-sua-personalidade\/","name":"Caminhar r\u00e1pido pode revelar tra\u00e7os poderosos da sua personalidade","isPartOf":{"@id":"https:\/\/www.correiobraziliense.com.br\/cbradar\/#website"},"primaryImageOfPage":{"@id":"https:\/\/www.correiobraziliense.com.br\/cbradar\/caminhar-rapido-pode-revelar-tracos-poderosos-da-sua-personalidade\/#primaryimage"},"image":{"@id":"https:\/\/www.correiobraziliense.com.br\/cbradar\/caminhar-rapido-pode-revelar-tracos-poderosos-da-sua-personalidade\/#primaryimage"},"thumbnailUrl":"https:\/\/www.correiobraziliense.com.br\/cbradar\/wp-content\/uploads\/2025\/06\/pessoa-caminhando_1749590692499.jpg","datePublished":"2025-06-11T11:50:00+00:00","author":{"@id":"https:\/\/www.correiobraziliense.com.br\/cbradar\/#\/schema\/person\/ba6be179bf1fb248ff7e5860cf05c1ce"},"description":"Caminhar r\u00e1pido pode ser mais do que pressa. Veja o que a psicologia revela sobre esse comportamento e como ele est\u00e1 ligado \u00e0 sua personalidade.","breadcrumb":{"@id":"https:\/\/www.correiobraziliense.com.br\/cbradar\/caminhar-rapido-pode-revelar-tracos-poderosos-da-sua-personalidade\/#breadcrumb"},"inLanguage":"pt-BR","potentialAction":[{"@type":"ReadAction","target":["https:\/\/www.correiobraziliense.com.br\/cbradar\/caminhar-rapido-pode-revelar-tracos-poderosos-da-sua-personalidade\/"]}]},{"@type":"ImageObject","inLanguage":"pt-BR","@id":"https:\/\/www.correiobraziliense.com.br\/cbradar\/caminhar-rapido-pode-revelar-tracos-poderosos-da-sua-personalidade\/#primaryimage","url":"https:\/\/www.correiobraziliense.com.br\/cbradar\/wp-content\/uploads\/2025\/06\/pessoa-caminhando_1749590692499.jpg","contentUrl":"https:\/\/www.correiobraziliense.com.br\/cbradar\/wp-content\/uploads\/2025\/06\/pessoa-caminhando_1749590692499.jpg","width":1280,"height":720,"caption":"pessoa caminhando. Cr\u00e9ditos: depositphotos.com \/ linux1987"},{"@type":"BreadcrumbList","@id":"https:\/\/www.correiobraziliense.com.br\/cbradar\/caminhar-rapido-pode-revelar-tracos-poderosos-da-sua-personalidade\/#breadcrumb","itemListElement":[{"@type":"ListItem","position":1,"name":"In\u00edcio","item":"https:\/\/www.correiobraziliense.com.br\/cbradar\/"},{"@type":"ListItem","position":2,"name":"Caminhar r\u00e1pido pode revelar tra\u00e7os poderosos da sua personalidade"}]},{"@type":"WebSite","@id":"https:\/\/www.correiobraziliense.com.br\/cbradar\/#website","url":"https:\/\/www.correiobraziliense.com.br\/cbradar\/","name":"Correio Braziliense - Radar","description":"Acompanhe as \u00faltimas not\u00edcias e fique bem informado sobre tudo o que acontece no Brasil e no mundo.","potentialAction":[{"@type":"SearchAction","target":{"@type":"EntryPoint","urlTemplate":"https:\/\/www.correiobraziliense.com.br\/cbradar\/?s={search_term_string}"},"query-input":{"@type":"PropertyValueSpecification","valueRequired":true,"valueName":"search_term_string"}}],"inLanguage":"pt-BR"},{"@type":"Person","@id":"https:\/\/www.correiobraziliense.com.br\/cbradar\/#\/schema\/person\/ba6be179bf1fb248ff7e5860cf05c1ce","name":"admin","image":{"@type":"ImageObject","inLanguage":"pt-BR","@id":"https:\/\/www.correiobraziliense.com.br\/cbradar\/#\/schema\/person\/image\/","url":"https:\/\/secure.gravatar.com\/avatar\/f48813594a2311891ce48755a52acc9e?s=96&d=mm&r=g","contentUrl":"https:\/\/secure.gravatar.com\/avatar\/f48813594a2311891ce48755a52acc9e?s=96&d=mm&r=g","caption":"admin"},"sameAs":["https:\/\/www.correiobraziliense.com.br\/cbradar"],"url":"https:\/\/www.correiobraziliense.com.br\/cbradar\/author\/machines_81tgorx9\/"}]}},"_links":{"self":[{"href":"https:\/\/www.correiobraziliense.com.br\/cbradar\/wp-json\/wp\/v2\/posts\/51270","targetHints":{"allow":["GET"]}}],"collection":[{"href":"https:\/\/www.correiobraziliense.com.br\/cbradar\/wp-json\/wp\/v2\/posts"}],"about":[{"href":"https:\/\/www.correiobraziliense.com.br\/cbradar\/wp-json\/wp\/v2\/types\/post"}],"author":[{"embeddable":true,"href":"https:\/\/www.correiobraziliense.com.br\/cbradar\/wp-json\/wp\/v2\/users\/1"}],"replies":[{"embeddable":true,"href":"https:\/\/www.correiobraziliense.com.br\/cbradar\/wp-json\/wp\/v2\/comments?post=51270"}],"version-history":[{"count":1,"href":"https:\/\/www.correiobraziliense.com.br\/cbradar\/wp-json\/wp\/v2\/posts\/51270\/revisions"}],"predecessor-version":[{"id":51274,"href":"https:\/\/www.correiobraziliense.com.br\/cbradar\/wp-json\/wp\/v2\/posts\/51270\/revisions\/51274"}],"wp:featuredmedia":[{"embeddable":true,"href":"https:\/\/www.correiobraziliense.com.br\/cbradar\/wp-json\/wp\/v2\/media\/51271"}],"wp:attachment":[{"href":"https:\/\/www.correiobraziliense.com.br\/cbradar\/wp-json\/wp\/v2\/media?parent=51270"}],"wp:term":[{"taxonomy":"category","embeddable":true,"href":"https:\/\/www.correiobraziliense.com.br\/cbradar\/wp-json\/wp\/v2\/categories?post=51270"},{"taxonomy":"post_tag","embeddable":true,"href":"https:\/\/www.correiobraziliense.com.br\/cbradar\/wp-json\/wp\/v2\/tags?post=51270"}],"curies":[{"name":"wp","href":"https:\/\/api.w.org\/{rel}","templated":true}]}}