{"id":5138,"date":"2025-02-23T15:30:00","date_gmt":"2025-02-23T18:30:00","guid":{"rendered":"https:\/\/www.correiobraziliense.com.br\/cbradar\/?p=5138"},"modified":"2025-02-22T12:57:25","modified_gmt":"2025-02-22T15:57:25","slug":"esse-filme-possui-3-horas-de-duracao-e-o-diretor-explica-o-motivo","status":"publish","type":"post","link":"https:\/\/www.correiobraziliense.com.br\/cbradar\/esse-filme-possui-3-horas-de-duracao-e-o-diretor-explica-o-motivo\/","title":{"rendered":"Esse filme possui 3 horas de dura\u00e7\u00e3o e o diretor explica o motivo"},"content":{"rendered":"\n<p>Em 2025, o filme &#8220;<strong>O Brutalista<\/strong>&#8221; emergiu como uma das obras mais comentadas do ano, n\u00e3o apenas por sua dura\u00e7\u00e3o de 3 horas e 35 minutos, mas tamb\u00e9m pela forma como aborda temas complexos e desafiadores. Dirigido por <strong>Brady Corbet,<\/strong> o longa se destaca pela atua\u00e7\u00e3o de <strong>Adrien Brody <\/strong>e pela sua narrativa envolvente, que cobre um per\u00edodo de 35 anos na vida de um arquiteto h\u00fangaro. Essa produ\u00e7\u00e3o cinematogr\u00e1fica se tornou um ponto de discuss\u00e3o sobre a aten\u00e7\u00e3o do p\u00fablico moderno e o valor do tempo no entretenimento.<\/p>\n\n\n\n<p><strong>Brady Corbet<\/strong>, aos 36 anos, dedicou sete anos para trazer &#8220;O Brutalista&#8221; \u00e0 vida, enfrentando desafios financeiros e criativos. A obra, que retrata a jornada de um arquiteto sobrevivente do Holocausto em busca do sonho americano, reflete tamb\u00e9m as dificuldades enfrentadas por Corbet na ind\u00fastria cinematogr\u00e1fica. Com um or\u00e7amento de US$ 10 milh\u00f5es, o filme conseguiu destaque em premia\u00e7\u00f5es, mostrando que a determina\u00e7\u00e3o do diretor em manter sua vis\u00e3o art\u00edstica valeu a pena.<\/p>\n\n\n\n<h2 class=\"wp-block-heading\"><strong>Por que a dura\u00e7\u00e3o de &#8220;O Brutalista&#8221; \u00e9 t\u00e3o significativa?<\/strong><\/h2>\n\n\n\n<p>A dura\u00e7\u00e3o extensa de &#8220;O Brutalista&#8221; levanta quest\u00f5es sobre a paci\u00eancia do p\u00fablico contempor\u00e2neo e a forma como consumimos entretenimento. Em uma era dominada por s\u00e9ries de televis\u00e3o e conte\u00fado de r\u00e1pida digest\u00e3o, um filme longo pode parecer um desafio. No entanto, Corbet defende que a narrativa complexa e os m\u00faltiplos personagens exigem esse tempo para serem explorados adequadamente. Ele compara a cr\u00edtica \u00e0 dura\u00e7\u00e3o do filme a criticar uma pintura por seu tamanho, destacando que a arte n\u00e3o deve ser limitada por conven\u00e7\u00f5es de tempo.<\/p>\n\n\n\n<figure class=\"wp-block-image size-large\"><img decoding=\"async\" width=\"1024\" height=\"576\" src=\"https:\/\/www.correiobraziliense.com.br\/cbradar\/wp-content\/uploads\/2025\/02\/o-brutalista-2-1024x576.png\" alt=\"Esse filme possui 3 horas de dura\u00e7\u00e3o e o diretor explica o motivo\" class=\"wp-image-5140\" srcset=\"https:\/\/www.correiobraziliense.com.br\/cbradar\/wp-content\/uploads\/2025\/02\/o-brutalista-2-1024x576.png 1024w, https:\/\/www.correiobraziliense.com.br\/cbradar\/wp-content\/uploads\/2025\/02\/o-brutalista-2-300x169.png 300w, https:\/\/www.correiobraziliense.com.br\/cbradar\/wp-content\/uploads\/2025\/02\/o-brutalista-2-768x432.png 768w, https:\/\/www.correiobraziliense.com.br\/cbradar\/wp-content\/uploads\/2025\/02\/o-brutalista-2-750x422.png 750w, https:\/\/www.correiobraziliense.com.br\/cbradar\/wp-content\/uploads\/2025\/02\/o-brutalista-2-1140x641.png 1140w, https:\/\/www.correiobraziliense.com.br\/cbradar\/wp-content\/uploads\/2025\/02\/o-brutalista-2.png 1280w\" sizes=\"(max-width: 1024px) 100vw, 1024px\" \/><figcaption class=\"wp-element-caption\">O Brutalista. Divulga\u00e7\u00e3o\/Universal Pictures<\/figcaption><\/figure>\n\n\n\n<h2 class=\"wp-block-heading\"><strong>Quais temas &#8220;O Brutalista&#8221; aborda?<\/strong><\/h2>\n\n\n\n<p>&#8220;O Brutalista&#8221; explora temas como imigra\u00e7\u00e3o, sobreviv\u00eancia e as rela\u00e7\u00f5es de poder no mundo da arte e da arquitetura. A hist\u00f3ria do arquiteto h\u00fangaro, interpretado por Adrien Brody, \u00e9 marcada por desafios pessoais e profissionais, incluindo rela\u00e7\u00f5es abusivas e a luta por reconhecimento em um novo pa\u00eds. O filme tamb\u00e9m reflete sobre a din\u00e2mica entre criadores e financiadores, um paralelo com a pr\u00f3pria experi\u00eancia de Corbet na realiza\u00e7\u00e3o do longa.<\/p>\n\n\n\n<h2 class=\"wp-block-heading\"><strong>O reconhecimento de &#8220;O Brutalista&#8221; nas premia\u00e7\u00f5es<\/strong><\/h2>\n\n\n\n<p>Apesar dos desafios, &#8220;O Brutalista&#8221; conseguiu destaque em diversas premia\u00e7\u00f5es, incluindo os Globos de Ouro, onde venceu nas categorias de melhor drama, dire\u00e7\u00e3o e ator. A produ\u00e7\u00e3o tamb\u00e9m \u00e9 uma forte concorrente ao Oscar, especialmente nas categorias de melhor ator, trilha sonora e fotografia. Essa recep\u00e7\u00e3o positiva destaca a import\u00e2ncia de obras que desafiam as normas e oferecem uma experi\u00eancia cinematogr\u00e1fica rica e envolvente.<\/p>\n\n\n\n<iframe loading=\"lazy\" width=\"560\" height=\"315\" src=\"https:\/\/www.youtube.com\/embed\/3E7Gn_ADhd0?si=HbPj-BVXXtm6Pdj3\" title=\"YouTube video player\" frameborder=\"0\" allow=\"accelerometer; autoplay; clipboard-write; encrypted-media; gyroscope; picture-in-picture; web-share\" referrerpolicy=\"strict-origin-when-cross-origin\" allowfullscreen><\/iframe>\n\n\n\n<h2 class=\"wp-block-heading\"><strong>O futuro do cinema e a influ\u00eancia de &#8220;O Brutalista&#8221;<\/strong><\/h2>\n\n\n\n<p>A trajet\u00f3ria de &#8220;O Brutalista&#8221; no cen\u00e1rio cinematogr\u00e1fico atual levanta quest\u00f5es sobre o futuro do cinema e a disposi\u00e7\u00e3o do p\u00fablico para consumir narrativas mais longas e complexas. A insist\u00eancia de Corbet em manter sua vis\u00e3o art\u00edstica intacta pode inspirar outros cineastas a lutar por suas ideias, mesmo diante de desafios financeiros e criativos. A obra serve como um lembrete de que, \u00e0s vezes, vale a pena correr riscos para criar algo verdadeiramente significativo.<\/p>\n","protected":false},"excerpt":{"rendered":"<p>Conhe\u00e7a o filme indicado ao Oscar, com seu impacto no cen\u00e1rio cinematogr\u00e1fico e sua dura\u00e7\u00e3o incomum que gerou diversas pol\u00eamicas.<\/p>\n","protected":false},"author":3,"featured_media":5139,"comment_status":"open","ping_status":"open","sticky":false,"template":"","format":"standard","meta":{"_yoast_wpseo_focuskw":"3 horas de dura\u00e7\u00e3o","_yoast_wpseo_title":"%%title%%","_yoast_wpseo_metadesc":"Conhe\u00e7a o filme indicado ao Oscar, com seu impacto no cen\u00e1rio cinematogr\u00e1fico e sua dura\u00e7\u00e3o incomum que gerou diversas pol\u00eamicas.","jnews-multi-image_gallery":[],"jnews_single_post":{"format":"standard"},"jnews_primary_category":[],"jnews_social_meta":[],"jnews_override_counter":[],"footnotes":""},"categories":[112,140],"post_tag":[640,993,355,568],"class_list":["post-5138","post","type-post","status-publish","format-standard","has-post-thumbnail","hentry","category-curiosidades","category-entretenimento","tag-filme","tag-o-brutalista","tag-oscar","tag-series-e-filmes"],"yoast_head":"<!-- This site is optimized with the Yoast SEO plugin v24.6 - https:\/\/yoast.com\/wordpress\/plugins\/seo\/ -->\n<title>Esse filme possui 3 horas de dura\u00e7\u00e3o e o diretor explica o motivo<\/title>\n<meta name=\"description\" content=\"Conhe\u00e7a o filme indicado ao Oscar, com seu impacto no cen\u00e1rio cinematogr\u00e1fico e sua dura\u00e7\u00e3o incomum que gerou diversas pol\u00eamicas.\" \/>\n<meta name=\"robots\" content=\"index, follow, max-snippet:-1, max-image-preview:large, max-video-preview:-1\" \/>\n<link rel=\"canonical\" href=\"https:\/\/www.correiobraziliense.com.br\/cbradar\/esse-filme-possui-3-horas-de-duracao-e-o-diretor-explica-o-motivo\/\" \/>\n<meta property=\"og:locale\" content=\"pt_BR\" \/>\n<meta property=\"og:type\" content=\"article\" \/>\n<meta property=\"og:title\" content=\"Esse filme possui 3 horas de dura\u00e7\u00e3o e o diretor explica o motivo\" \/>\n<meta property=\"og:description\" content=\"Conhe\u00e7a o filme indicado ao Oscar, com seu impacto no cen\u00e1rio cinematogr\u00e1fico e sua dura\u00e7\u00e3o incomum que gerou diversas pol\u00eamicas.\" \/>\n<meta property=\"og:url\" content=\"https:\/\/www.correiobraziliense.com.br\/cbradar\/esse-filme-possui-3-horas-de-duracao-e-o-diretor-explica-o-motivo\/\" \/>\n<meta property=\"og:site_name\" content=\"Correio Braziliense - Radar\" \/>\n<meta property=\"article:published_time\" content=\"2025-02-23T18:30:00+00:00\" \/>\n<meta property=\"og:image\" content=\"https:\/\/www.correiobraziliense.com.br\/cbradar\/wp-content\/uploads\/2025\/02\/o-brutalista.png\" \/>\n\t<meta property=\"og:image:width\" content=\"1280\" \/>\n\t<meta property=\"og:image:height\" content=\"720\" \/>\n\t<meta property=\"og:image:type\" content=\"image\/png\" \/>\n<meta name=\"author\" content=\"Larissa Carvalho\" \/>\n<meta name=\"twitter:card\" content=\"summary_large_image\" \/>\n<meta name=\"twitter:label1\" content=\"Escrito por\" \/>\n\t<meta name=\"twitter:data1\" content=\"Larissa Carvalho\" \/>\n\t<meta name=\"twitter:label2\" content=\"Est. tempo de leitura\" \/>\n\t<meta name=\"twitter:data2\" content=\"4 minutos\" \/>\n<!-- \/ Yoast SEO plugin. -->","yoast_head_json":{"title":"Esse filme possui 3 horas de dura\u00e7\u00e3o e o diretor explica o motivo","description":"Conhe\u00e7a o filme indicado ao Oscar, com seu impacto no cen\u00e1rio cinematogr\u00e1fico e sua dura\u00e7\u00e3o incomum que gerou diversas pol\u00eamicas.","robots":{"index":"index","follow":"follow","max-snippet":"max-snippet:-1","max-image-preview":"max-image-preview:large","max-video-preview":"max-video-preview:-1"},"canonical":"https:\/\/www.correiobraziliense.com.br\/cbradar\/esse-filme-possui-3-horas-de-duracao-e-o-diretor-explica-o-motivo\/","og_locale":"pt_BR","og_type":"article","og_title":"Esse filme possui 3 horas de dura\u00e7\u00e3o e o diretor explica o motivo","og_description":"Conhe\u00e7a o filme indicado ao Oscar, com seu impacto no cen\u00e1rio cinematogr\u00e1fico e sua dura\u00e7\u00e3o incomum que gerou diversas pol\u00eamicas.","og_url":"https:\/\/www.correiobraziliense.com.br\/cbradar\/esse-filme-possui-3-horas-de-duracao-e-o-diretor-explica-o-motivo\/","og_site_name":"Correio Braziliense - Radar","article_published_time":"2025-02-23T18:30:00+00:00","og_image":[{"width":1280,"height":720,"url":"https:\/\/www.correiobraziliense.com.br\/cbradar\/wp-content\/uploads\/2025\/02\/o-brutalista.png","type":"image\/png"}],"author":"Larissa Carvalho","twitter_card":"summary_large_image","twitter_misc":{"Escrito por":"Larissa Carvalho","Est. tempo de leitura":"4 minutos"},"schema":{"@context":"https:\/\/schema.org","@graph":[{"@type":"WebPage","@id":"https:\/\/www.correiobraziliense.com.br\/cbradar\/esse-filme-possui-3-horas-de-duracao-e-o-diretor-explica-o-motivo\/","url":"https:\/\/www.correiobraziliense.com.br\/cbradar\/esse-filme-possui-3-horas-de-duracao-e-o-diretor-explica-o-motivo\/","name":"Esse filme possui 3 horas de dura\u00e7\u00e3o e o diretor explica o motivo","isPartOf":{"@id":"https:\/\/www.correiobraziliense.com.br\/cbradar\/#website"},"primaryImageOfPage":{"@id":"https:\/\/www.correiobraziliense.com.br\/cbradar\/esse-filme-possui-3-horas-de-duracao-e-o-diretor-explica-o-motivo\/#primaryimage"},"image":{"@id":"https:\/\/www.correiobraziliense.com.br\/cbradar\/esse-filme-possui-3-horas-de-duracao-e-o-diretor-explica-o-motivo\/#primaryimage"},"thumbnailUrl":"https:\/\/www.correiobraziliense.com.br\/cbradar\/wp-content\/uploads\/2025\/02\/o-brutalista.png","datePublished":"2025-02-23T18:30:00+00:00","author":{"@id":"https:\/\/www.correiobraziliense.com.br\/cbradar\/#\/schema\/person\/58422787644df994b53a19d3e56c1513"},"description":"Conhe\u00e7a o filme indicado ao Oscar, com seu impacto no cen\u00e1rio cinematogr\u00e1fico e sua dura\u00e7\u00e3o incomum que gerou diversas pol\u00eamicas.","breadcrumb":{"@id":"https:\/\/www.correiobraziliense.com.br\/cbradar\/esse-filme-possui-3-horas-de-duracao-e-o-diretor-explica-o-motivo\/#breadcrumb"},"inLanguage":"pt-BR","potentialAction":[{"@type":"ReadAction","target":["https:\/\/www.correiobraziliense.com.br\/cbradar\/esse-filme-possui-3-horas-de-duracao-e-o-diretor-explica-o-motivo\/"]}]},{"@type":"ImageObject","inLanguage":"pt-BR","@id":"https:\/\/www.correiobraziliense.com.br\/cbradar\/esse-filme-possui-3-horas-de-duracao-e-o-diretor-explica-o-motivo\/#primaryimage","url":"https:\/\/www.correiobraziliense.com.br\/cbradar\/wp-content\/uploads\/2025\/02\/o-brutalista.png","contentUrl":"https:\/\/www.correiobraziliense.com.br\/cbradar\/wp-content\/uploads\/2025\/02\/o-brutalista.png","width":1280,"height":720,"caption":"O Brutalista. Divulga\u00e7\u00e3o\/Universal Pictures"},{"@type":"BreadcrumbList","@id":"https:\/\/www.correiobraziliense.com.br\/cbradar\/esse-filme-possui-3-horas-de-duracao-e-o-diretor-explica-o-motivo\/#breadcrumb","itemListElement":[{"@type":"ListItem","position":1,"name":"In\u00edcio","item":"https:\/\/www.correiobraziliense.com.br\/cbradar\/"},{"@type":"ListItem","position":2,"name":"Esse filme possui 3 horas de dura\u00e7\u00e3o e o diretor explica o motivo"}]},{"@type":"WebSite","@id":"https:\/\/www.correiobraziliense.com.br\/cbradar\/#website","url":"https:\/\/www.correiobraziliense.com.br\/cbradar\/","name":"Correio Braziliense - Radar","description":"Acompanhe as \u00faltimas not\u00edcias e fique bem informado sobre tudo o que acontece no Brasil e no mundo.","potentialAction":[{"@type":"SearchAction","target":{"@type":"EntryPoint","urlTemplate":"https:\/\/www.correiobraziliense.com.br\/cbradar\/?s={search_term_string}"},"query-input":{"@type":"PropertyValueSpecification","valueRequired":true,"valueName":"search_term_string"}}],"inLanguage":"pt-BR"},{"@type":"Person","@id":"https:\/\/www.correiobraziliense.com.br\/cbradar\/#\/schema\/person\/58422787644df994b53a19d3e56c1513","name":"Larissa Carvalho","image":{"@type":"ImageObject","inLanguage":"pt-BR","@id":"https:\/\/www.correiobraziliense.com.br\/cbradar\/#\/schema\/person\/image\/","url":"https:\/\/secure.gravatar.com\/avatar\/fe4f91a0de32b52a838d0d612abdc1aa?s=96&d=mm&r=g","contentUrl":"https:\/\/secure.gravatar.com\/avatar\/fe4f91a0de32b52a838d0d612abdc1aa?s=96&d=mm&r=g","caption":"Larissa Carvalho"},"url":"https:\/\/www.correiobraziliense.com.br\/cbradar\/author\/larissamyth\/"}]}},"_links":{"self":[{"href":"https:\/\/www.correiobraziliense.com.br\/cbradar\/wp-json\/wp\/v2\/posts\/5138","targetHints":{"allow":["GET"]}}],"collection":[{"href":"https:\/\/www.correiobraziliense.com.br\/cbradar\/wp-json\/wp\/v2\/posts"}],"about":[{"href":"https:\/\/www.correiobraziliense.com.br\/cbradar\/wp-json\/wp\/v2\/types\/post"}],"author":[{"embeddable":true,"href":"https:\/\/www.correiobraziliense.com.br\/cbradar\/wp-json\/wp\/v2\/users\/3"}],"replies":[{"embeddable":true,"href":"https:\/\/www.correiobraziliense.com.br\/cbradar\/wp-json\/wp\/v2\/comments?post=5138"}],"version-history":[{"count":1,"href":"https:\/\/www.correiobraziliense.com.br\/cbradar\/wp-json\/wp\/v2\/posts\/5138\/revisions"}],"predecessor-version":[{"id":5141,"href":"https:\/\/www.correiobraziliense.com.br\/cbradar\/wp-json\/wp\/v2\/posts\/5138\/revisions\/5141"}],"wp:featuredmedia":[{"embeddable":true,"href":"https:\/\/www.correiobraziliense.com.br\/cbradar\/wp-json\/wp\/v2\/media\/5139"}],"wp:attachment":[{"href":"https:\/\/www.correiobraziliense.com.br\/cbradar\/wp-json\/wp\/v2\/media?parent=5138"}],"wp:term":[{"taxonomy":"category","embeddable":true,"href":"https:\/\/www.correiobraziliense.com.br\/cbradar\/wp-json\/wp\/v2\/categories?post=5138"},{"taxonomy":"post_tag","embeddable":true,"href":"https:\/\/www.correiobraziliense.com.br\/cbradar\/wp-json\/wp\/v2\/post_tag?post=5138"}],"curies":[{"name":"wp","href":"https:\/\/api.w.org\/{rel}","templated":true}]}}