{"id":52996,"date":"2025-06-16T19:30:00","date_gmt":"2025-06-16T22:30:00","guid":{"rendered":"https:\/\/www.correiobraziliense.com.br\/cbradar\/?p=52996"},"modified":"2025-06-14T01:53:13","modified_gmt":"2025-06-14T04:53:13","slug":"7-fatos-sobre-o-universo-que-ate-cientistas-acham-bizarros","status":"publish","type":"post","link":"https:\/\/www.correiobraziliense.com.br\/cbradar\/7-fatos-sobre-o-universo-que-ate-cientistas-acham-bizarros\/","title":{"rendered":"7 fatos sobre o universo que at\u00e9 cientistas acham bizarros"},"content":{"rendered":"\n<p>O <strong><a href=\"https:\/\/pt.wikipedia.org\/wiki\/Universo\" target=\"_blank\" rel=\"noreferrer noopener\">universo<\/a><\/strong> \u00e9 um lugar de mist\u00e9rios e maravilhas que continuam a surpreender at\u00e9 os cientistas mais experientes. Desde gal\u00e1xias distantes at\u00e9 part\u00edculas invis\u00edveis, h\u00e1 muito a descobrir sobre o cosmos que habitamos. Neste artigo, reunimos sete curiosidades fascinantes que v\u00e3o expandir sua vis\u00e3o sobre o universo. Prepare-se para se encantar com fatos surpreendentes e compartilhar essas descobertas com amigos!<\/p>\n\n\n\n<h2 class=\"wp-block-heading\">1. O universo est\u00e1 em expans\u00e3o acelerada?<\/h2>\n\n\n\n<p><strong>Sim, o universo est\u00e1 se expandindo cada vez mais r\u00e1pido.<\/strong> Em 1998, astr\u00f4nomos descobriram que a expans\u00e3o do universo, iniciada com o<strong><a href=\"https:\/\/www.correiobraziliense.com.br\/cbradar\/esse-telescopio-da-nasa-explorara-o-que-aconteceu-apos-o-big-bang\/\" target=\"_blank\" rel=\"noreferrer noopener\"> Big Bang<\/a><\/strong>, n\u00e3o est\u00e1 desacelerando, como se pensava. Essa acelera\u00e7\u00e3o \u00e9 impulsionada por uma for\u00e7a misteriosa chamada energia escura, que comp\u00f5e cerca de 68% do universo. Observa\u00e7\u00f5es de supernovas distantes confirmaram esse fen\u00f4meno, mudando nossa compreens\u00e3o do destino c\u00f3smico.<\/p>\n\n\n<div class=\"wp-block-image\">\n<figure class=\"aligncenter size-large\"><img decoding=\"async\" width=\"1024\" height=\"576\" src=\"https:\/\/www.correiobraziliense.com.br\/cbradar\/wp-content\/uploads\/2025\/06\/space_1748843720688-1024x576.jpg\" alt=\"Afinal, o espa\u00e7o tem cheiro?\" class=\"wp-image-46632\" srcset=\"https:\/\/www.correiobraziliense.com.br\/cbradar\/wp-content\/uploads\/2025\/06\/space_1748843720688-1024x576.jpg 1024w, https:\/\/www.correiobraziliense.com.br\/cbradar\/wp-content\/uploads\/2025\/06\/space_1748843720688-300x169.jpg 300w, https:\/\/www.correiobraziliense.com.br\/cbradar\/wp-content\/uploads\/2025\/06\/space_1748843720688-768x432.jpg 768w, https:\/\/www.correiobraziliense.com.br\/cbradar\/wp-content\/uploads\/2025\/06\/space_1748843720688-750x422.jpg 750w, https:\/\/www.correiobraziliense.com.br\/cbradar\/wp-content\/uploads\/2025\/06\/space_1748843720688-1140x641.jpg 1140w, https:\/\/www.correiobraziliense.com.br\/cbradar\/wp-content\/uploads\/2025\/06\/space_1748843720688.jpg 1280w\" sizes=\"(max-width: 1024px) 100vw, 1024px\" \/><figcaption class=\"wp-element-caption\">Espa\u00e7o \/\/ Cr\u00e9ditos: depositphotos.com \/ teddybearpicnic<\/figcaption><\/figure><\/div>\n\n\n<h2 class=\"wp-block-heading\">2. H\u00e1 mais estrelas do que gr\u00e3os de areia na Terra?<\/h2>\n\n\n\n<p><strong>O n\u00famero de estrelas no universo supera os gr\u00e3os de areia em todas as praias da Terra.<\/strong> Estima-se que existam cerca de 100 bilh\u00f5es de estrelas apenas na <strong>Via L\u00e1ctea,<\/strong> nossa gal\u00e1xia. Multiplicando isso pelas bilh\u00f5es de gal\u00e1xias existentes, o total \u00e9 inimagin\u00e1vel. Esse fato nos lembra o qu\u00e3o vasto \u00e9 o cosmos e o quanto ainda temos para explorar.<\/p>\n\n\n\n<h2 class=\"wp-block-heading\">3. O que \u00e9 a mat\u00e9ria escura?<\/h2>\n\n\n\n<p><strong>A mat\u00e9ria escura \u00e9 uma subst\u00e2ncia invis\u00edvel que influencia a gravidade do universo.<\/strong> Apesar de n\u00e3o emitir nem absorver luz, ela representa cerca de 27% do universo. Astr\u00f4nomos detectam sua presen\u00e7a pelo efeito gravitacional em gal\u00e1xias e aglomerados estelares. Cientistas em institui\u00e7\u00f5es como o <strong>CERN<\/strong> continuam pesquisando para desvendar seus segredos.<\/p>\n\n\n\n<h2 class=\"wp-block-heading\">4. Existem oceanos em outros planetas?<\/h2>\n\n\n\n<p><strong>Sim, alguns corpos celestes possuem oceanos subterr\u00e2neos.<\/strong> Luas como <strong>Europa<\/strong>, de <strong>J\u00fapiter<\/strong>, e <strong>Enc\u00e9lado<\/strong>, de <strong>Saturno<\/strong>, escondem vastos oceanos de \u00e1gua l\u00edquida sob suas crostas de gelo. Esses ambientes podem abrigar condi\u00e7\u00f5es favor\u00e1veis \u00e0 vida, o que excita astrobi\u00f3logos. Miss\u00f5es espaciais futuras planejam explorar essas luas para buscar sinais de vida.<\/p>\n\n\n\n<h2 class=\"wp-block-heading\">5. O som pode viajar no espa\u00e7o?<\/h2>\n\n\n\n<p><strong>N\u00e3o, o som n\u00e3o se propaga no v\u00e1cuo do espa\u00e7o.<\/strong> Diferente da Terra, onde o som viaja pelo ar, o espa\u00e7o \u00e9 praticamente vazio, sem part\u00edculas para transmitir vibra\u00e7\u00f5es. No entanto, astr\u00f4nomos convertem ondas eletromagn\u00e9ticas, como as de pulsares, em sons aud\u00edveis para estudo. Isso cria \u201cm\u00fasicas c\u00f3smicas\u201d que nos ajudam a entender o universo.<\/p>\n\n\n\n<h2 class=\"wp-block-heading\">6. Qual \u00e9 a maior estrutura conhecida no universo?<\/h2>\n\n\n\n<p><strong>A Grande Muralha de H\u00e9rcules-Corona Borealis \u00e9 a maior estrutura conhecida.<\/strong> Essa gigantesca forma\u00e7\u00e3o de gal\u00e1xias se estende por cerca de 10 bilh\u00f5es de anos-luz. Descoberta em 2013, ela desafia teorias sobre como estruturas t\u00e3o grandes podem se formar. Sua exist\u00eancia sugere que o universo \u00e9 ainda mais complexo do que imagin\u00e1vamos.<\/p>\n\n\n\n<h2 class=\"wp-block-heading\">7. Podemos viajar no tempo pelo universo?<\/h2>\n\n\n\n<p><strong>Teoricamente, viajar no tempo \u00e9 poss\u00edvel segundo a relatividade de Einstein.<\/strong> Buracos de minhoca ou viagens pr\u00f3ximas \u00e0 velocidade da luz poderiam distorcer o tempo. Embora isso seja apenas especula\u00e7\u00e3o por enquanto, experimentos com part\u00edculas subat\u00f4micas mostram que o tempo pode se comportar de formas estranhas. Essas ideias inspiram cientistas e escritores de fic\u00e7\u00e3o cient\u00edfica a sonhar com o futuro.<\/p>\n","protected":false},"excerpt":{"rendered":"<p>O universo \u00e9 um lugar de mist\u00e9rios e maravilhas que continuam a surpreender at\u00e9 os cientistas mais experientes. Desde gal\u00e1xias distantes at\u00e9 part\u00edculas invis\u00edveis, h\u00e1 muito a descobrir sobre o cosmos que habitamos. Neste artigo, reunimos sete curiosidades fascinantes que v\u00e3o expandir sua vis\u00e3o sobre o universo. Prepare-se para se encantar com fatos surpreendentes e [&hellip;]<\/p>\n","protected":false},"author":8,"featured_media":46634,"comment_status":"open","ping_status":"open","sticky":false,"template":"","format":"standard","meta":{"_yoast_wpseo_focuskw":"universo","_yoast_wpseo_title":"","_yoast_wpseo_metadesc":"Voc\u00ea conhece mesmo o universo? Essas 7 curiosidades surpreendentes v\u00e3o mudar a forma como voc\u00ea enxerga o cosmos.","jnews-multi-image_gallery":[],"jnews_single_post":{"format":"standard"},"jnews_primary_category":[],"jnews_social_meta":[],"jnews_override_counter":[],"footnotes":""},"categories":[112],"tags":[846,144,2747],"class_list":["post-52996","post","type-post","status-publish","format-standard","has-post-thumbnail","hentry","category-curiosidades","tag-cientistas","tag-curiosidades","tag-universo"],"yoast_head":"<!-- This site is optimized with the Yoast SEO plugin v24.6 - https:\/\/yoast.com\/wordpress\/plugins\/seo\/ -->\n<title>7 fatos sobre o universo que at\u00e9 cientistas acham bizarros - Correio Braziliense - Radar<\/title>\n<meta name=\"description\" content=\"Voc\u00ea conhece mesmo o universo? Essas 7 curiosidades surpreendentes v\u00e3o mudar a forma como voc\u00ea enxerga o cosmos.\" \/>\n<meta name=\"robots\" content=\"index, follow, max-snippet:-1, max-image-preview:large, max-video-preview:-1\" \/>\n<link rel=\"canonical\" href=\"https:\/\/www.correiobraziliense.com.br\/cbradar\/7-fatos-sobre-o-universo-que-ate-cientistas-acham-bizarros\/\" \/>\n<meta property=\"og:locale\" content=\"pt_BR\" \/>\n<meta property=\"og:type\" content=\"article\" \/>\n<meta property=\"og:title\" content=\"7 fatos sobre o universo que at\u00e9 cientistas acham bizarros - Correio Braziliense - Radar\" \/>\n<meta property=\"og:description\" content=\"Voc\u00ea conhece mesmo o universo? Essas 7 curiosidades surpreendentes v\u00e3o mudar a forma como voc\u00ea enxerga o cosmos.\" \/>\n<meta property=\"og:url\" content=\"https:\/\/www.correiobraziliense.com.br\/cbradar\/7-fatos-sobre-o-universo-que-ate-cientistas-acham-bizarros\/\" \/>\n<meta property=\"og:site_name\" content=\"Correio Braziliense - Radar\" \/>\n<meta property=\"article:published_time\" content=\"2025-06-16T22:30:00+00:00\" \/>\n<meta property=\"og:image\" content=\"https:\/\/www.correiobraziliense.com.br\/cbradar\/wp-content\/uploads\/2025\/06\/space_1748843731089.jpg\" \/>\n\t<meta property=\"og:image:width\" content=\"1280\" \/>\n\t<meta property=\"og:image:height\" content=\"720\" \/>\n\t<meta property=\"og:image:type\" content=\"image\/jpeg\" \/>\n<meta name=\"author\" content=\"Maura Pereira\" \/>\n<meta name=\"twitter:card\" content=\"summary_large_image\" \/>\n<meta name=\"twitter:label1\" content=\"Escrito por\" \/>\n\t<meta name=\"twitter:data1\" content=\"Maura Pereira\" \/>\n\t<meta name=\"twitter:label2\" content=\"Est. tempo de leitura\" \/>\n\t<meta name=\"twitter:data2\" content=\"4 minutos\" \/>\n<!-- \/ Yoast SEO plugin. -->","yoast_head_json":{"title":"7 fatos sobre o universo que at\u00e9 cientistas acham bizarros - Correio Braziliense - Radar","description":"Voc\u00ea conhece mesmo o universo? Essas 7 curiosidades surpreendentes v\u00e3o mudar a forma como voc\u00ea enxerga o cosmos.","robots":{"index":"index","follow":"follow","max-snippet":"max-snippet:-1","max-image-preview":"max-image-preview:large","max-video-preview":"max-video-preview:-1"},"canonical":"https:\/\/www.correiobraziliense.com.br\/cbradar\/7-fatos-sobre-o-universo-que-ate-cientistas-acham-bizarros\/","og_locale":"pt_BR","og_type":"article","og_title":"7 fatos sobre o universo que at\u00e9 cientistas acham bizarros - Correio Braziliense - Radar","og_description":"Voc\u00ea conhece mesmo o universo? Essas 7 curiosidades surpreendentes v\u00e3o mudar a forma como voc\u00ea enxerga o cosmos.","og_url":"https:\/\/www.correiobraziliense.com.br\/cbradar\/7-fatos-sobre-o-universo-que-ate-cientistas-acham-bizarros\/","og_site_name":"Correio Braziliense - Radar","article_published_time":"2025-06-16T22:30:00+00:00","og_image":[{"width":1280,"height":720,"url":"https:\/\/www.correiobraziliense.com.br\/cbradar\/wp-content\/uploads\/2025\/06\/space_1748843731089.jpg","type":"image\/jpeg"}],"author":"Maura Pereira","twitter_card":"summary_large_image","twitter_misc":{"Escrito por":"Maura Pereira","Est. tempo de leitura":"4 minutos"},"schema":{"@context":"https:\/\/schema.org","@graph":[{"@type":"WebPage","@id":"https:\/\/www.correiobraziliense.com.br\/cbradar\/7-fatos-sobre-o-universo-que-ate-cientistas-acham-bizarros\/","url":"https:\/\/www.correiobraziliense.com.br\/cbradar\/7-fatos-sobre-o-universo-que-ate-cientistas-acham-bizarros\/","name":"7 fatos sobre o universo que at\u00e9 cientistas acham bizarros - Correio Braziliense - Radar","isPartOf":{"@id":"https:\/\/www.correiobraziliense.com.br\/cbradar\/#website"},"primaryImageOfPage":{"@id":"https:\/\/www.correiobraziliense.com.br\/cbradar\/7-fatos-sobre-o-universo-que-ate-cientistas-acham-bizarros\/#primaryimage"},"image":{"@id":"https:\/\/www.correiobraziliense.com.br\/cbradar\/7-fatos-sobre-o-universo-que-ate-cientistas-acham-bizarros\/#primaryimage"},"thumbnailUrl":"https:\/\/www.correiobraziliense.com.br\/cbradar\/wp-content\/uploads\/2025\/06\/space_1748843731089.jpg","datePublished":"2025-06-16T22:30:00+00:00","author":{"@id":"https:\/\/www.correiobraziliense.com.br\/cbradar\/#\/schema\/person\/4053c651a9bfc785afc6f4cbc9032fd3"},"description":"Voc\u00ea conhece mesmo o universo? Essas 7 curiosidades surpreendentes v\u00e3o mudar a forma como voc\u00ea enxerga o cosmos.","breadcrumb":{"@id":"https:\/\/www.correiobraziliense.com.br\/cbradar\/7-fatos-sobre-o-universo-que-ate-cientistas-acham-bizarros\/#breadcrumb"},"inLanguage":"pt-BR","potentialAction":[{"@type":"ReadAction","target":["https:\/\/www.correiobraziliense.com.br\/cbradar\/7-fatos-sobre-o-universo-que-ate-cientistas-acham-bizarros\/"]}]},{"@type":"ImageObject","inLanguage":"pt-BR","@id":"https:\/\/www.correiobraziliense.com.br\/cbradar\/7-fatos-sobre-o-universo-que-ate-cientistas-acham-bizarros\/#primaryimage","url":"https:\/\/www.correiobraziliense.com.br\/cbradar\/wp-content\/uploads\/2025\/06\/space_1748843731089.jpg","contentUrl":"https:\/\/www.correiobraziliense.com.br\/cbradar\/wp-content\/uploads\/2025\/06\/space_1748843731089.jpg","width":1280,"height":720,"caption":"Espa\u00e7o \/\/ Cr\u00e9ditos: depositphotos.com \/ Rastan"},{"@type":"BreadcrumbList","@id":"https:\/\/www.correiobraziliense.com.br\/cbradar\/7-fatos-sobre-o-universo-que-ate-cientistas-acham-bizarros\/#breadcrumb","itemListElement":[{"@type":"ListItem","position":1,"name":"In\u00edcio","item":"https:\/\/www.correiobraziliense.com.br\/cbradar\/"},{"@type":"ListItem","position":2,"name":"7 fatos sobre o universo que at\u00e9 cientistas acham bizarros"}]},{"@type":"WebSite","@id":"https:\/\/www.correiobraziliense.com.br\/cbradar\/#website","url":"https:\/\/www.correiobraziliense.com.br\/cbradar\/","name":"Correio Braziliense - Radar","description":"Acompanhe as \u00faltimas not\u00edcias e fique bem informado sobre tudo o que acontece no Brasil e no mundo.","potentialAction":[{"@type":"SearchAction","target":{"@type":"EntryPoint","urlTemplate":"https:\/\/www.correiobraziliense.com.br\/cbradar\/?s={search_term_string}"},"query-input":{"@type":"PropertyValueSpecification","valueRequired":true,"valueName":"search_term_string"}}],"inLanguage":"pt-BR"},{"@type":"Person","@id":"https:\/\/www.correiobraziliense.com.br\/cbradar\/#\/schema\/person\/4053c651a9bfc785afc6f4cbc9032fd3","name":"Maura Pereira","image":{"@type":"ImageObject","inLanguage":"pt-BR","@id":"https:\/\/www.correiobraziliense.com.br\/cbradar\/#\/schema\/person\/image\/","url":"https:\/\/secure.gravatar.com\/avatar\/3effd6bdadfa447f15089c7f7144eaa6?s=96&d=mm&r=g","contentUrl":"https:\/\/secure.gravatar.com\/avatar\/3effd6bdadfa447f15089c7f7144eaa6?s=96&d=mm&r=g","caption":"Maura Pereira"},"sameAs":["https:\/\/www.correiobraziliense.com.br\/"],"url":"https:\/\/www.correiobraziliense.com.br\/cbradar\/author\/mauramyth\/"}]}},"_links":{"self":[{"href":"https:\/\/www.correiobraziliense.com.br\/cbradar\/wp-json\/wp\/v2\/posts\/52996","targetHints":{"allow":["GET"]}}],"collection":[{"href":"https:\/\/www.correiobraziliense.com.br\/cbradar\/wp-json\/wp\/v2\/posts"}],"about":[{"href":"https:\/\/www.correiobraziliense.com.br\/cbradar\/wp-json\/wp\/v2\/types\/post"}],"author":[{"embeddable":true,"href":"https:\/\/www.correiobraziliense.com.br\/cbradar\/wp-json\/wp\/v2\/users\/8"}],"replies":[{"embeddable":true,"href":"https:\/\/www.correiobraziliense.com.br\/cbradar\/wp-json\/wp\/v2\/comments?post=52996"}],"version-history":[{"count":7,"href":"https:\/\/www.correiobraziliense.com.br\/cbradar\/wp-json\/wp\/v2\/posts\/52996\/revisions"}],"predecessor-version":[{"id":53014,"href":"https:\/\/www.correiobraziliense.com.br\/cbradar\/wp-json\/wp\/v2\/posts\/52996\/revisions\/53014"}],"wp:featuredmedia":[{"embeddable":true,"href":"https:\/\/www.correiobraziliense.com.br\/cbradar\/wp-json\/wp\/v2\/media\/46634"}],"wp:attachment":[{"href":"https:\/\/www.correiobraziliense.com.br\/cbradar\/wp-json\/wp\/v2\/media?parent=52996"}],"wp:term":[{"taxonomy":"category","embeddable":true,"href":"https:\/\/www.correiobraziliense.com.br\/cbradar\/wp-json\/wp\/v2\/categories?post=52996"},{"taxonomy":"post_tag","embeddable":true,"href":"https:\/\/www.correiobraziliense.com.br\/cbradar\/wp-json\/wp\/v2\/tags?post=52996"}],"curies":[{"name":"wp","href":"https:\/\/api.w.org\/{rel}","templated":true}]}}