{"id":53221,"date":"2025-06-16T14:10:00","date_gmt":"2025-06-16T17:10:00","guid":{"rendered":"https:\/\/www.correiobraziliense.com.br\/cbradar\/?p=53221"},"modified":"2025-06-14T05:20:08","modified_gmt":"2025-06-14T08:20:08","slug":"aprenda-como-plantar-alecrim-e-perfumar-sua-casa-todos-os-dias","status":"publish","type":"post","link":"https:\/\/www.correiobraziliense.com.br\/cbradar\/aprenda-como-plantar-alecrim-e-perfumar-sua-casa-todos-os-dias\/","title":{"rendered":"Aprenda como plantar alecrim e perfumar sua casa todos os dias"},"content":{"rendered":"\n<p>O <strong><a href=\"https:\/\/pt.wikipedia.org\/wiki\/Alecrim\" target=\"_blank\" rel=\"noreferrer noopener\">alecrim<\/a><\/strong> \u00e9 uma erva arom\u00e1tica que encanta pelo perfume, sabor e benef\u00edcios. Cultivado em <strong><a href=\"https:\/\/www.correiobraziliense.com.br\/cbradar\/um-paraiso-no-brasil-rico-em-beleza-e-qualidade-de-vida\/#google_vignette\" target=\"_blank\" rel=\"noreferrer noopener\">Brasil<\/a><\/strong>, ele \u00e9 perfeito para temperos, ch\u00e1s e decora\u00e7\u00e3o de jardins. F\u00e1cil de cuidar, o alecrim traz vida a qualquer espa\u00e7o e atrai polinizadores. Neste guia, voc\u00ea aprender\u00e1 como plantar alecrim, desde a escolha do solo at\u00e9 a colheita, com dicas para um cultivo saud\u00e1vel.<\/p>\n\n\n\n<h2 class=\"wp-block-heading\">Como escolher o melhor solo para plantar alecrim?<\/h2>\n\n\n\n<p><strong>O melhor solo para plantar alecrim \u00e9 bem drenado, arenoso e com pH entre 6,0 e 7,0.<\/strong> Misture terra comum com areia grossa e um pouco de composto org\u00e2nico. Evite solos argilosos ou muito \u00famidos, pois o alecrim n\u00e3o tolera encharcamento. Um solo bem preparado garante que a planta cres\u00e7a forte, com folhas arom\u00e1ticas e resistentes.<\/p>\n\n\n<div class=\"wp-block-image\">\n<figure class=\"aligncenter size-large\"><img decoding=\"async\" width=\"1024\" height=\"576\" src=\"https:\/\/www.correiobraziliense.com.br\/cbradar\/wp-content\/uploads\/2025\/02\/Alecrim_1739574408260-1024x576.jpg\" alt=\"Como plantar alecrim em casa e manter essa erva arom\u00e1tica sempre \u00e0 disposi\u00e7\u00e3o\" class=\"wp-image-3056\" srcset=\"https:\/\/www.correiobraziliense.com.br\/cbradar\/wp-content\/uploads\/2025\/02\/Alecrim_1739574408260-1024x576.jpg 1024w, https:\/\/www.correiobraziliense.com.br\/cbradar\/wp-content\/uploads\/2025\/02\/Alecrim_1739574408260-300x169.jpg 300w, https:\/\/www.correiobraziliense.com.br\/cbradar\/wp-content\/uploads\/2025\/02\/Alecrim_1739574408260-768x432.jpg 768w, https:\/\/www.correiobraziliense.com.br\/cbradar\/wp-content\/uploads\/2025\/02\/Alecrim_1739574408260-750x422.jpg 750w, https:\/\/www.correiobraziliense.com.br\/cbradar\/wp-content\/uploads\/2025\/02\/Alecrim_1739574408260-1140x641.jpg 1140w, https:\/\/www.correiobraziliense.com.br\/cbradar\/wp-content\/uploads\/2025\/02\/Alecrim_1739574408260.jpg 1280w\" sizes=\"(max-width: 1024px) 100vw, 1024px\" \/><figcaption class=\"wp-element-caption\">Alecrim \/\/ Cr\u00e9ditos: depositphotos.com \/ VadimVasenin<\/figcaption><\/figure><\/div>\n\n\n<h2 class=\"wp-block-heading\">Quando \u00e9 a melhor \u00e9poca para iniciar o plantio de alecrim?<\/h2>\n\n\n\n<p><strong>A melhor \u00e9poca para plantar alecrim \u00e9 na primavera, entre setembro e novembro.<\/strong> As temperaturas amenas, entre 20\u00b0C e 30\u00b0C, favorecem o enraizamento. Em regi\u00f5es quentes, como o <strong>Sudeste<\/strong>, o plantio pode ser feito o ano todo, desde que a planta receba sol pleno. Evite per\u00edodos muito frios ou chuvosos para garantir um bom desenvolvimento.<\/p>\n\n\n\n<h2 class=\"wp-block-heading\">Como preparar as mudas de alecrim antes do plantio?<\/h2>\n\n\n\n<p><strong>As mudas de alecrim devem ser preparadas com cuidado para um plantio eficiente.<\/strong> Escolha mudas saud\u00e1veis ou corte estacas de 10 cm de ramos maduros. Remova as folhas da base e deixe a estaca em \u00e1gua por 10 a 15 dias at\u00e9 formar ra\u00edzes. Alternativamente, use horm\u00f4nio enraizador e plante diretamente no solo. Esse preparo garante um crescimento inicial robusto.<\/p>\n\n\n\n<h2 class=\"wp-block-heading\">Como realizar o plantio de alecrim passo a passo?<\/h2>\n\n\n\n<p><strong>Siga estes passos para plantar alecrim com sucesso:<\/strong><\/p>\n\n\n\n<ul class=\"wp-block-list\">\n<li>Escolha um local com sol pleno, pelo menos 6 horas por dia.<\/li>\n\n\n\n<li>Prepare o solo com terra, areia e um pouco de composto org\u00e2nico.<\/li>\n\n\n\n<li>Cave buracos de 15 cm de profundidade, com 30 cm de espa\u00e7amento.<\/li>\n\n\n\n<li>Plante a muda ou estaca, cobrindo as ra\u00edzes sem compactar o solo.<\/li>\n\n\n\n<li>Regue moderadamente, mantendo o solo levemente \u00famido.<\/li>\n\n\n\n<li>Adicione cascalho ao redor para melhorar a drenagem.<\/li>\n<\/ul>\n\n\n\n<h2 class=\"wp-block-heading\">Como prevenir doen\u00e7as comuns no cultivo de alecrim?<\/h2>\n\n\n\n<p><strong>Prevenir doen\u00e7as no alecrim exige aten\u00e7\u00e3o \u00e0 rega e ventila\u00e7\u00e3o.<\/strong> Evite excesso de \u00e1gua, que pode causar podrid\u00e3o radicular. Use fungicidas naturais, como \u00f3leo de neem, para combater fungos como o o\u00eddio. Remova folhas secas e mantenha o ambiente arejado. Inspecionar a planta regularmente ajuda a identificar pragas como pulg\u00f5es e trat\u00e1-las com sab\u00e3o inseticida.<\/p>\n\n\n\n<h2 class=\"wp-block-heading\">Como fazer a poda do alecrim e como ocorre o florescimento e a frutifica\u00e7\u00e3o?<\/h2>\n\n\n\n<p><strong>A poda do alecrim deve ser feita para estimular o crescimento e manter a forma.<\/strong> Corte ramos longos e folhas secas com tesoura esterilizada, podando at\u00e9 um ter\u00e7o da planta na primavera. O florescimento ocorre entre primavera e ver\u00e3o, com flores azuis ou roxas que atraem abelhas. O alecrim n\u00e3o produz frutos, mas suas folhas e flores s\u00e3o usadas em ch\u00e1s e culin\u00e1ria.<\/p>\n\n\n\n<h2 class=\"wp-block-heading\">Como fazer ch\u00e1 de alecrim?<\/h2>\n\n\n\n<p><strong>O ch\u00e1 de alecrim \u00e9 simples de preparar e traz benef\u00edcios \u00e0 sa\u00fade.<\/strong> Ferva 1 litro de \u00e1gua e adicione 1 colher de sopa de folhas frescas ou secas de alecrim. Deixe em infus\u00e3o por 5 minutos, coe e sirva. O ch\u00e1 pode ser ado\u00e7ado com mel e \u00e9 conhecido por melhorar a digest\u00e3o, aliviar o estresse e fortalecer a mem\u00f3ria.<\/p>\n\n\n\n<h2 class=\"wp-block-heading\">Curiosidades sobre o alecrim<\/h2>\n\n\n\n<ul class=\"wp-block-list\">\n<li>O alecrim \u00e9 s\u00edmbolo de amizade e lealdade em muitas culturas.<\/li>\n\n\n\n<li>Na <strong>Gr\u00e9cia Antiga<\/strong>, era usado em coroas para estimular a mem\u00f3ria.<\/li>\n\n\n\n<li>Suas flores atraem abelhas, ajudando na poliniza\u00e7\u00e3o de jardins.<\/li>\n\n\n\n<li>O nome &#8220;alecrim&#8221; vem do latim <em>ros marinus<\/em>, que significa &#8220;orvalho do mar&#8221;.<\/li>\n\n\n\n<li>\u00c9 uma planta resistente \u00e0 seca, ideal para regi\u00f5es \u00e1ridas do <strong>Brasil<\/strong>.<\/li>\n\n\n\n<li>O \u00f3leo essencial de alecrim \u00e9 usado em aromaterapia para aliviar o estresse.<\/li>\n\n\n\n<li>Na culin\u00e1ria, combina com carnes, batatas e p\u00e3es caseiros.<\/li>\n\n\n\n<li>Diz a lenda que o alecrim protege contra energias negativas.<\/li>\n<\/ul>\n\n\n\n<h2 class=\"wp-block-heading\">FAQ<\/h2>\n\n\n\n<p><strong>1. O alecrim pode ser plantado em vaso?<\/strong><br>Sim, ele se adapta bem a vasos, desde que receba sol e tenha boa drenagem.<\/p>\n\n\n\n<p><strong>2. Quantas vezes devo regar o alecrim?<\/strong><br>Regue a cada 5-7 dias, ou quando o solo estiver seco ao toque.<\/p>\n\n\n\n<p><strong>3. O alecrim atrai insetos?<\/strong><br>Suas flores atraem abelhas, mas pragas como pulg\u00f5es podem ser controladas.<\/p>\n\n\n\n<p><strong>4. Posso usar alecrim fresco ou seco no ch\u00e1?<\/strong><br>Sim, ambos s\u00e3o eficazes, mas o fresco tem um aroma mais intenso.<\/p>\n","protected":false},"excerpt":{"rendered":"<p>O alecrim \u00e9 uma erva arom\u00e1tica que encanta pelo perfume, sabor e benef\u00edcios. Cultivado em Brasil, ele \u00e9 perfeito para temperos, ch\u00e1s e decora\u00e7\u00e3o de jardins. F\u00e1cil de cuidar, o alecrim traz vida a qualquer espa\u00e7o e atrai polinizadores. Neste guia, voc\u00ea aprender\u00e1 como plantar alecrim, desde a escolha do solo at\u00e9 a colheita, com [&hellip;]<\/p>\n","protected":false},"author":8,"featured_media":3057,"comment_status":"open","ping_status":"open","sticky":false,"template":"","format":"standard","meta":{"_yoast_wpseo_focuskw":"plantar","_yoast_wpseo_title":"","_yoast_wpseo_metadesc":"Descubra como plantar alecrim em casa e manter o ambiente perfumado e agrad\u00e1vel o ano inteiro com esse guia pr\u00e1tico.","jnews-multi-image_gallery":[],"jnews_single_post":{"format":"standard"},"jnews_primary_category":[],"jnews_social_meta":[],"jnews_override_counter":[],"footnotes":""},"categories":[136],"tags":[732,137],"class_list":["post-53221","post","type-post","status-publish","format-standard","has-post-thumbnail","hentry","category-jardinagem","tag-alecrim","tag-como-plantar"],"yoast_head":"<!-- This site is optimized with the Yoast SEO plugin v24.6 - https:\/\/yoast.com\/wordpress\/plugins\/seo\/ -->\n<title>Aprenda como plantar alecrim e perfumar sua casa todos os dias - Correio Braziliense - Radar<\/title>\n<meta name=\"description\" content=\"Descubra como plantar alecrim em casa e manter o ambiente perfumado e agrad\u00e1vel o ano inteiro com esse guia pr\u00e1tico.\" \/>\n<meta name=\"robots\" content=\"index, follow, max-snippet:-1, max-image-preview:large, max-video-preview:-1\" \/>\n<link rel=\"canonical\" href=\"https:\/\/www.correiobraziliense.com.br\/cbradar\/aprenda-como-plantar-alecrim-e-perfumar-sua-casa-todos-os-dias\/\" \/>\n<meta property=\"og:locale\" content=\"pt_BR\" \/>\n<meta property=\"og:type\" content=\"article\" \/>\n<meta property=\"og:title\" content=\"Aprenda como plantar alecrim e perfumar sua casa todos os dias - Correio Braziliense - Radar\" \/>\n<meta property=\"og:description\" content=\"Descubra como plantar alecrim em casa e manter o ambiente perfumado e agrad\u00e1vel o ano inteiro com esse guia pr\u00e1tico.\" \/>\n<meta property=\"og:url\" content=\"https:\/\/www.correiobraziliense.com.br\/cbradar\/aprenda-como-plantar-alecrim-e-perfumar-sua-casa-todos-os-dias\/\" \/>\n<meta property=\"og:site_name\" content=\"Correio Braziliense - Radar\" \/>\n<meta property=\"article:published_time\" content=\"2025-06-16T17:10:00+00:00\" \/>\n<meta property=\"og:image\" content=\"https:\/\/www.correiobraziliense.com.br\/cbradar\/wp-content\/uploads\/2025\/02\/Alecrim_1739574579305.jpg\" \/>\n\t<meta property=\"og:image:width\" content=\"1280\" \/>\n\t<meta property=\"og:image:height\" content=\"720\" \/>\n\t<meta property=\"og:image:type\" content=\"image\/jpeg\" \/>\n<meta name=\"author\" content=\"Maura Pereira\" \/>\n<meta name=\"twitter:card\" content=\"summary_large_image\" \/>\n<meta name=\"twitter:label1\" content=\"Escrito por\" \/>\n\t<meta name=\"twitter:data1\" content=\"Maura Pereira\" \/>\n\t<meta name=\"twitter:label2\" content=\"Est. tempo de leitura\" \/>\n\t<meta name=\"twitter:data2\" content=\"5 minutos\" \/>\n<!-- \/ Yoast SEO plugin. -->","yoast_head_json":{"title":"Aprenda como plantar alecrim e perfumar sua casa todos os dias - Correio Braziliense - Radar","description":"Descubra como plantar alecrim em casa e manter o ambiente perfumado e agrad\u00e1vel o ano inteiro com esse guia pr\u00e1tico.","robots":{"index":"index","follow":"follow","max-snippet":"max-snippet:-1","max-image-preview":"max-image-preview:large","max-video-preview":"max-video-preview:-1"},"canonical":"https:\/\/www.correiobraziliense.com.br\/cbradar\/aprenda-como-plantar-alecrim-e-perfumar-sua-casa-todos-os-dias\/","og_locale":"pt_BR","og_type":"article","og_title":"Aprenda como plantar alecrim e perfumar sua casa todos os dias - Correio Braziliense - Radar","og_description":"Descubra como plantar alecrim em casa e manter o ambiente perfumado e agrad\u00e1vel o ano inteiro com esse guia pr\u00e1tico.","og_url":"https:\/\/www.correiobraziliense.com.br\/cbradar\/aprenda-como-plantar-alecrim-e-perfumar-sua-casa-todos-os-dias\/","og_site_name":"Correio Braziliense - Radar","article_published_time":"2025-06-16T17:10:00+00:00","og_image":[{"width":1280,"height":720,"url":"https:\/\/www.correiobraziliense.com.br\/cbradar\/wp-content\/uploads\/2025\/02\/Alecrim_1739574579305.jpg","type":"image\/jpeg"}],"author":"Maura Pereira","twitter_card":"summary_large_image","twitter_misc":{"Escrito por":"Maura Pereira","Est. tempo de leitura":"5 minutos"},"schema":{"@context":"https:\/\/schema.org","@graph":[{"@type":"WebPage","@id":"https:\/\/www.correiobraziliense.com.br\/cbradar\/aprenda-como-plantar-alecrim-e-perfumar-sua-casa-todos-os-dias\/","url":"https:\/\/www.correiobraziliense.com.br\/cbradar\/aprenda-como-plantar-alecrim-e-perfumar-sua-casa-todos-os-dias\/","name":"Aprenda como plantar alecrim e perfumar sua casa todos os dias - Correio Braziliense - Radar","isPartOf":{"@id":"https:\/\/www.correiobraziliense.com.br\/cbradar\/#website"},"primaryImageOfPage":{"@id":"https:\/\/www.correiobraziliense.com.br\/cbradar\/aprenda-como-plantar-alecrim-e-perfumar-sua-casa-todos-os-dias\/#primaryimage"},"image":{"@id":"https:\/\/www.correiobraziliense.com.br\/cbradar\/aprenda-como-plantar-alecrim-e-perfumar-sua-casa-todos-os-dias\/#primaryimage"},"thumbnailUrl":"https:\/\/www.correiobraziliense.com.br\/cbradar\/wp-content\/uploads\/2025\/02\/Alecrim_1739574579305.jpg","datePublished":"2025-06-16T17:10:00+00:00","author":{"@id":"https:\/\/www.correiobraziliense.com.br\/cbradar\/#\/schema\/person\/4053c651a9bfc785afc6f4cbc9032fd3"},"description":"Descubra como plantar alecrim em casa e manter o ambiente perfumado e agrad\u00e1vel o ano inteiro com esse guia pr\u00e1tico.","breadcrumb":{"@id":"https:\/\/www.correiobraziliense.com.br\/cbradar\/aprenda-como-plantar-alecrim-e-perfumar-sua-casa-todos-os-dias\/#breadcrumb"},"inLanguage":"pt-BR","potentialAction":[{"@type":"ReadAction","target":["https:\/\/www.correiobraziliense.com.br\/cbradar\/aprenda-como-plantar-alecrim-e-perfumar-sua-casa-todos-os-dias\/"]}]},{"@type":"ImageObject","inLanguage":"pt-BR","@id":"https:\/\/www.correiobraziliense.com.br\/cbradar\/aprenda-como-plantar-alecrim-e-perfumar-sua-casa-todos-os-dias\/#primaryimage","url":"https:\/\/www.correiobraziliense.com.br\/cbradar\/wp-content\/uploads\/2025\/02\/Alecrim_1739574579305.jpg","contentUrl":"https:\/\/www.correiobraziliense.com.br\/cbradar\/wp-content\/uploads\/2025\/02\/Alecrim_1739574579305.jpg","width":1280,"height":720,"caption":"Alecrim desperta vitalidade mediterr\u00e2nea! Arbusto resiliente perfuma jardins com flores azuis, inspire sa\u00fade e frescor eterno em espa\u00e7os vivos de aroma curativo e beleza natural. \/\/ Cr\u00e9ditos: depositphotos.com \/ MarusiaBO"},{"@type":"BreadcrumbList","@id":"https:\/\/www.correiobraziliense.com.br\/cbradar\/aprenda-como-plantar-alecrim-e-perfumar-sua-casa-todos-os-dias\/#breadcrumb","itemListElement":[{"@type":"ListItem","position":1,"name":"In\u00edcio","item":"https:\/\/www.correiobraziliense.com.br\/cbradar\/"},{"@type":"ListItem","position":2,"name":"Aprenda como plantar alecrim e perfumar sua casa todos os dias"}]},{"@type":"WebSite","@id":"https:\/\/www.correiobraziliense.com.br\/cbradar\/#website","url":"https:\/\/www.correiobraziliense.com.br\/cbradar\/","name":"Correio Braziliense - Radar","description":"Acompanhe as \u00faltimas not\u00edcias e fique bem informado sobre tudo o que acontece no Brasil e no mundo.","potentialAction":[{"@type":"SearchAction","target":{"@type":"EntryPoint","urlTemplate":"https:\/\/www.correiobraziliense.com.br\/cbradar\/?s={search_term_string}"},"query-input":{"@type":"PropertyValueSpecification","valueRequired":true,"valueName":"search_term_string"}}],"inLanguage":"pt-BR"},{"@type":"Person","@id":"https:\/\/www.correiobraziliense.com.br\/cbradar\/#\/schema\/person\/4053c651a9bfc785afc6f4cbc9032fd3","name":"Maura Pereira","image":{"@type":"ImageObject","inLanguage":"pt-BR","@id":"https:\/\/www.correiobraziliense.com.br\/cbradar\/#\/schema\/person\/image\/","url":"https:\/\/secure.gravatar.com\/avatar\/3effd6bdadfa447f15089c7f7144eaa6?s=96&d=mm&r=g","contentUrl":"https:\/\/secure.gravatar.com\/avatar\/3effd6bdadfa447f15089c7f7144eaa6?s=96&d=mm&r=g","caption":"Maura Pereira"},"sameAs":["https:\/\/www.correiobraziliense.com.br\/"],"url":"https:\/\/www.correiobraziliense.com.br\/cbradar\/author\/mauramyth\/"}]}},"_links":{"self":[{"href":"https:\/\/www.correiobraziliense.com.br\/cbradar\/wp-json\/wp\/v2\/posts\/53221","targetHints":{"allow":["GET"]}}],"collection":[{"href":"https:\/\/www.correiobraziliense.com.br\/cbradar\/wp-json\/wp\/v2\/posts"}],"about":[{"href":"https:\/\/www.correiobraziliense.com.br\/cbradar\/wp-json\/wp\/v2\/types\/post"}],"author":[{"embeddable":true,"href":"https:\/\/www.correiobraziliense.com.br\/cbradar\/wp-json\/wp\/v2\/users\/8"}],"replies":[{"embeddable":true,"href":"https:\/\/www.correiobraziliense.com.br\/cbradar\/wp-json\/wp\/v2\/comments?post=53221"}],"version-history":[{"count":6,"href":"https:\/\/www.correiobraziliense.com.br\/cbradar\/wp-json\/wp\/v2\/posts\/53221\/revisions"}],"predecessor-version":[{"id":53246,"href":"https:\/\/www.correiobraziliense.com.br\/cbradar\/wp-json\/wp\/v2\/posts\/53221\/revisions\/53246"}],"wp:featuredmedia":[{"embeddable":true,"href":"https:\/\/www.correiobraziliense.com.br\/cbradar\/wp-json\/wp\/v2\/media\/3057"}],"wp:attachment":[{"href":"https:\/\/www.correiobraziliense.com.br\/cbradar\/wp-json\/wp\/v2\/media?parent=53221"}],"wp:term":[{"taxonomy":"category","embeddable":true,"href":"https:\/\/www.correiobraziliense.com.br\/cbradar\/wp-json\/wp\/v2\/categories?post=53221"},{"taxonomy":"post_tag","embeddable":true,"href":"https:\/\/www.correiobraziliense.com.br\/cbradar\/wp-json\/wp\/v2\/tags?post=53221"}],"curies":[{"name":"wp","href":"https:\/\/api.w.org\/{rel}","templated":true}]}}