{"id":53247,"date":"2025-06-14T07:30:00","date_gmt":"2025-06-14T10:30:00","guid":{"rendered":"https:\/\/www.correiobraziliense.com.br\/cbradar\/?p=53247"},"modified":"2025-06-14T06:29:52","modified_gmt":"2025-06-14T09:29:52","slug":"esse-lugar-no-rj-parece-o-caribe-e-quase-ninguem-sabe","status":"publish","type":"post","link":"https:\/\/www.correiobraziliense.com.br\/cbradar\/esse-lugar-no-rj-parece-o-caribe-e-quase-ninguem-sabe\/","title":{"rendered":"Esse lugar no RJ parece o Caribe e quase ningu\u00e9m sabe"},"content":{"rendered":"\n<p><strong><a href=\"https:\/\/www.arraial.rj.gov.br\/\" target=\"_blank\" rel=\"noreferrer noopener\">Arraial do Cabo<\/a>, no litoral do <a href=\"https:\/\/www.correiobraziliense.com.br\/cbradar\/um-destino-historico-e-natural-no-litoral-do-rio-de-janeiro\/\" target=\"_blank\" rel=\"noreferrer noopener\">Rio de Janeiro<\/a>, \u00e9 famoso por suas \u00e1guas cristalinas, praias paradis\u00edacas e clima acolhedor.<\/strong> Conhecida como o &#8220;Caribe brasileiro&#8221;, a cidade encanta quem busca belezas naturais e tranquilidade.<\/p>\n\n\n\n<h2 class=\"wp-block-heading\">Qual \u00e9 a qualidade de vida em Arraial do Cabo?<\/h2>\n\n\n\n<p><strong>A cidade oferece qualidade de vida com ritmo tranquilo, natureza preservada e infraestrutura em crescimento.<\/strong> \u00c9 um \u00f3timo destino para quem quer viver perto do mar e longe da agita\u00e7\u00e3o urbana.<\/p>\n\n\n\n<h2 class=\"wp-block-heading\">Como Arraial do Cabo promove a sustentabilidade?<\/h2>\n\n\n\n<p><strong>A cidade investe na preserva\u00e7\u00e3o marinha, no turismo consciente e em programas de educa\u00e7\u00e3o ambiental.<\/strong> A atua\u00e7\u00e3o de ONGs e de \u00e1reas de prote\u00e7\u00e3o ambiental \u00e9 fundamental para conservar os ecossistemas locais.<\/p>\n\n\n\n<figure class=\"wp-block-image size-large\"><img decoding=\"async\" width=\"1024\" height=\"576\" src=\"https:\/\/www.correiobraziliense.com.br\/cbradar\/wp-content\/uploads\/2025\/06\/Arraial-do-Cabo_1749889385668-1024x576.jpg\" alt=\"Esse lugar no RJ parece o Caribe e quase ningu\u00e9m sabe\" class=\"wp-image-53254\" srcset=\"https:\/\/www.correiobraziliense.com.br\/cbradar\/wp-content\/uploads\/2025\/06\/Arraial-do-Cabo_1749889385668-1024x576.jpg 1024w, https:\/\/www.correiobraziliense.com.br\/cbradar\/wp-content\/uploads\/2025\/06\/Arraial-do-Cabo_1749889385668-300x169.jpg 300w, https:\/\/www.correiobraziliense.com.br\/cbradar\/wp-content\/uploads\/2025\/06\/Arraial-do-Cabo_1749889385668-768x432.jpg 768w, https:\/\/www.correiobraziliense.com.br\/cbradar\/wp-content\/uploads\/2025\/06\/Arraial-do-Cabo_1749889385668-750x422.jpg 750w, https:\/\/www.correiobraziliense.com.br\/cbradar\/wp-content\/uploads\/2025\/06\/Arraial-do-Cabo_1749889385668-1140x641.jpg 1140w, https:\/\/www.correiobraziliense.com.br\/cbradar\/wp-content\/uploads\/2025\/06\/Arraial-do-Cabo_1749889385668.jpg 1280w\" sizes=\"(max-width: 1024px) 100vw, 1024px\" \/><figcaption class=\"wp-element-caption\">Arraial do Cabo. Cr\u00e9ditos: depositphotos.com \/ eduazeredo<\/figcaption><\/figure>\n\n\n\n<h2 class=\"wp-block-heading\">Vale a pena morar em Arraial do Cabo?<\/h2>\n\n\n\n<p><strong>Sim, morar em Arraial do Cabo \u00e9 excelente para quem busca paz, contato com a natureza e um estilo de vida simples e bonito.<\/strong> A cidade \u00e9 acolhedora e atrai pessoas que trabalham com turismo e servi\u00e7os.<\/p>\n\n\n\n<h2 class=\"wp-block-heading\">Como \u00e9 a educa\u00e7\u00e3o em Arraial do Cab<\/h2>\n\n\n\n<p><strong>A cidade conta com escolas p\u00fablicas e privadas, al\u00e9m de projetos de educa\u00e7\u00e3o ambiental e cultural.<\/strong> H\u00e1 acesso a institui\u00e7\u00f5es de ensino superior nas cidades vizinhas, como <strong>Cabo Frio<\/strong>.<\/p>\n\n\n\n<h2 class=\"wp-block-heading\">Qual \u00e9 a economia local e as oportunidades de trabalho em Arraial do Cabo?<\/h2>\n\n\n\n<p><strong>O turismo \u00e9 a principal base econ\u00f4mica, seguido pela pesca, com\u00e9rcio e servi\u00e7os.<\/strong> H\u00e1 oportunidades especialmente nas \u00e1reas de hospedagem, alimenta\u00e7\u00e3o e passeios tur\u00edsticos.<\/p>\n\n\n\n<h2 class=\"wp-block-heading\">O que fazer em Arraial do Cabo?<\/h2>\n\n\n\n<ul class=\"wp-block-list\">\n<li><strong>Praia do Farol<\/strong>: considerada uma das mais bonitas do Brasil.<\/li>\n\n\n\n<li><strong>Prainhas do Pontal do Atalaia<\/strong>: mar azul-turquesa e paisagem cinematogr\u00e1fica.<\/li>\n\n\n\n<li><strong>Gruta Azul<\/strong>: passeio de barco imperd\u00edvel.<\/li>\n\n\n\n<li><strong>Mirante do Pontal do Atalaia<\/strong>: vista panor\u00e2mica.<\/li>\n\n\n\n<li><strong>Trilhas ecol\u00f3gicas<\/strong>: para todos os n\u00edveis de aventura.<\/li>\n<\/ul>\n\n\n\n<figure class=\"wp-block-image size-large\"><img decoding=\"async\" width=\"1024\" height=\"576\" src=\"https:\/\/www.correiobraziliense.com.br\/cbradar\/wp-content\/uploads\/2025\/06\/Arraial-do-Cabo_1749889412252-1024x576.jpg\" alt=\"Esse lugar no RJ parece o Caribe e quase ningu\u00e9m sabe\" class=\"wp-image-53256\" srcset=\"https:\/\/www.correiobraziliense.com.br\/cbradar\/wp-content\/uploads\/2025\/06\/Arraial-do-Cabo_1749889412252-1024x576.jpg 1024w, https:\/\/www.correiobraziliense.com.br\/cbradar\/wp-content\/uploads\/2025\/06\/Arraial-do-Cabo_1749889412252-300x169.jpg 300w, https:\/\/www.correiobraziliense.com.br\/cbradar\/wp-content\/uploads\/2025\/06\/Arraial-do-Cabo_1749889412252-768x432.jpg 768w, https:\/\/www.correiobraziliense.com.br\/cbradar\/wp-content\/uploads\/2025\/06\/Arraial-do-Cabo_1749889412252-750x422.jpg 750w, https:\/\/www.correiobraziliense.com.br\/cbradar\/wp-content\/uploads\/2025\/06\/Arraial-do-Cabo_1749889412252-1140x641.jpg 1140w, https:\/\/www.correiobraziliense.com.br\/cbradar\/wp-content\/uploads\/2025\/06\/Arraial-do-Cabo_1749889412252.jpg 1280w\" sizes=\"(max-width: 1024px) 100vw, 1024px\" \/><figcaption class=\"wp-element-caption\">Arraial do Cabo. Cr\u00e9ditos: depositphotos.com \/ Cristian_Lourenco<\/figcaption><\/figure>\n\n\n\n<h2 class=\"wp-block-heading\">O que devo saber antes de ir a Arraial do Cabo?<\/h2>\n\n\n\n<p><strong>A cidade tem clima quente e \u00famido, e algumas praias t\u00eam acesso controlado.<\/strong> Leve roupas leves, chap\u00e9u, protetor solar e prepare-se para caminhar bastante.<\/p>\n\n\n\n<h2 class=\"wp-block-heading\">Vale a pena visitar Arraial do Cabo?<\/h2>\n\n\n\n<p><strong>Sim, visitar Arraial do Cabo \u00e9 uma experi\u00eancia \u00fanica de mergulho, paisagens deslumbrantes e tranquilidade.<\/strong> \u00c9 o destino perfeito para relaxar e se reconectar com a natureza.<\/p>\n\n\n\n<h2 class=\"wp-block-heading\">Como chegar em Arraial do Cabo?<\/h2>\n\n\n\n<p><strong>A cidade est\u00e1 a cerca de 160 km do <\/strong><strong>Rio de Janeiro<\/strong><strong>, com acesso pela RJ-102 ou BR-101 at\u00e9 <\/strong><strong>Cabo Frio<\/strong><strong>.<\/strong> H\u00e1 \u00f4nibus regulares e o aeroporto mais pr\u00f3ximo fica em Cabo Frio.<\/p>\n","protected":false},"excerpt":{"rendered":"<p>Conhecida como o Caribe brasileiro, essa cidade atrai quem busca paz, natureza e mar turquesa. Um para\u00edso a 160 km do Rio.<\/p>\n","protected":false},"author":3,"featured_media":53253,"comment_status":"open","ping_status":"open","sticky":false,"template":"","format":"standard","meta":{"_yoast_wpseo_focuskw":"Arraial do Cabo","_yoast_wpseo_title":"%%title%%","_yoast_wpseo_metadesc":"Conhecida como o Caribe brasileiro, essa cidade atrai quem busca paz, natureza e mar turquesa. Um para\u00edso a 160 km do Rio.","jnews-multi-image_gallery":[],"jnews_single_post":{"format":"standard"},"jnews_primary_category":[],"jnews_social_meta":[],"jnews_override_counter":[],"footnotes":""},"categories":[108],"tags":[109],"class_list":["post-53247","post","type-post","status-publish","format-standard","has-post-thumbnail","hentry","category-cidades","tag-cidades"],"yoast_head":"<!-- This site is optimized with the Yoast SEO plugin v24.6 - https:\/\/yoast.com\/wordpress\/plugins\/seo\/ -->\n<title>Esse lugar no RJ parece o Caribe e quase ningu\u00e9m sabe<\/title>\n<meta name=\"description\" content=\"Conhecida como o Caribe brasileiro, essa cidade atrai quem busca paz, natureza e mar turquesa. Um para\u00edso a 160 km do Rio.\" \/>\n<meta name=\"robots\" content=\"index, follow, max-snippet:-1, max-image-preview:large, max-video-preview:-1\" \/>\n<link rel=\"canonical\" href=\"https:\/\/www.correiobraziliense.com.br\/cbradar\/esse-lugar-no-rj-parece-o-caribe-e-quase-ninguem-sabe\/\" \/>\n<meta property=\"og:locale\" content=\"pt_BR\" \/>\n<meta property=\"og:type\" content=\"article\" \/>\n<meta property=\"og:title\" content=\"Esse lugar no RJ parece o Caribe e quase ningu\u00e9m sabe\" \/>\n<meta property=\"og:description\" content=\"Conhecida como o Caribe brasileiro, essa cidade atrai quem busca paz, natureza e mar turquesa. Um para\u00edso a 160 km do Rio.\" \/>\n<meta property=\"og:url\" content=\"https:\/\/www.correiobraziliense.com.br\/cbradar\/esse-lugar-no-rj-parece-o-caribe-e-quase-ninguem-sabe\/\" \/>\n<meta property=\"og:site_name\" content=\"Correio Braziliense - Radar\" \/>\n<meta property=\"article:published_time\" content=\"2025-06-14T10:30:00+00:00\" \/>\n<meta property=\"og:image\" content=\"https:\/\/www.correiobraziliense.com.br\/cbradar\/wp-content\/uploads\/2025\/06\/Arraial-do-Cabo_1749889354571.jpg\" \/>\n\t<meta property=\"og:image:width\" content=\"1280\" \/>\n\t<meta property=\"og:image:height\" content=\"720\" \/>\n\t<meta property=\"og:image:type\" content=\"image\/jpeg\" \/>\n<meta name=\"author\" content=\"Larissa Carvalho\" \/>\n<meta name=\"twitter:card\" content=\"summary_large_image\" \/>\n<meta name=\"twitter:label1\" content=\"Escrito por\" \/>\n\t<meta name=\"twitter:data1\" content=\"Larissa Carvalho\" \/>\n\t<meta name=\"twitter:label2\" content=\"Est. tempo de leitura\" \/>\n\t<meta name=\"twitter:data2\" content=\"3 minutos\" \/>\n<!-- \/ Yoast SEO plugin. -->","yoast_head_json":{"title":"Esse lugar no RJ parece o Caribe e quase ningu\u00e9m sabe","description":"Conhecida como o Caribe brasileiro, essa cidade atrai quem busca paz, natureza e mar turquesa. Um para\u00edso a 160 km do Rio.","robots":{"index":"index","follow":"follow","max-snippet":"max-snippet:-1","max-image-preview":"max-image-preview:large","max-video-preview":"max-video-preview:-1"},"canonical":"https:\/\/www.correiobraziliense.com.br\/cbradar\/esse-lugar-no-rj-parece-o-caribe-e-quase-ninguem-sabe\/","og_locale":"pt_BR","og_type":"article","og_title":"Esse lugar no RJ parece o Caribe e quase ningu\u00e9m sabe","og_description":"Conhecida como o Caribe brasileiro, essa cidade atrai quem busca paz, natureza e mar turquesa. Um para\u00edso a 160 km do Rio.","og_url":"https:\/\/www.correiobraziliense.com.br\/cbradar\/esse-lugar-no-rj-parece-o-caribe-e-quase-ninguem-sabe\/","og_site_name":"Correio Braziliense - Radar","article_published_time":"2025-06-14T10:30:00+00:00","og_image":[{"width":1280,"height":720,"url":"https:\/\/www.correiobraziliense.com.br\/cbradar\/wp-content\/uploads\/2025\/06\/Arraial-do-Cabo_1749889354571.jpg","type":"image\/jpeg"}],"author":"Larissa Carvalho","twitter_card":"summary_large_image","twitter_misc":{"Escrito por":"Larissa Carvalho","Est. tempo de leitura":"3 minutos"},"schema":{"@context":"https:\/\/schema.org","@graph":[{"@type":"WebPage","@id":"https:\/\/www.correiobraziliense.com.br\/cbradar\/esse-lugar-no-rj-parece-o-caribe-e-quase-ninguem-sabe\/","url":"https:\/\/www.correiobraziliense.com.br\/cbradar\/esse-lugar-no-rj-parece-o-caribe-e-quase-ninguem-sabe\/","name":"Esse lugar no RJ parece o Caribe e quase ningu\u00e9m sabe","isPartOf":{"@id":"https:\/\/www.correiobraziliense.com.br\/cbradar\/#website"},"primaryImageOfPage":{"@id":"https:\/\/www.correiobraziliense.com.br\/cbradar\/esse-lugar-no-rj-parece-o-caribe-e-quase-ninguem-sabe\/#primaryimage"},"image":{"@id":"https:\/\/www.correiobraziliense.com.br\/cbradar\/esse-lugar-no-rj-parece-o-caribe-e-quase-ninguem-sabe\/#primaryimage"},"thumbnailUrl":"https:\/\/www.correiobraziliense.com.br\/cbradar\/wp-content\/uploads\/2025\/06\/Arraial-do-Cabo_1749889354571.jpg","datePublished":"2025-06-14T10:30:00+00:00","author":{"@id":"https:\/\/www.correiobraziliense.com.br\/cbradar\/#\/schema\/person\/58422787644df994b53a19d3e56c1513"},"description":"Conhecida como o Caribe brasileiro, essa cidade atrai quem busca paz, natureza e mar turquesa. Um para\u00edso a 160 km do Rio.","breadcrumb":{"@id":"https:\/\/www.correiobraziliense.com.br\/cbradar\/esse-lugar-no-rj-parece-o-caribe-e-quase-ninguem-sabe\/#breadcrumb"},"inLanguage":"pt-BR","potentialAction":[{"@type":"ReadAction","target":["https:\/\/www.correiobraziliense.com.br\/cbradar\/esse-lugar-no-rj-parece-o-caribe-e-quase-ninguem-sabe\/"]}]},{"@type":"ImageObject","inLanguage":"pt-BR","@id":"https:\/\/www.correiobraziliense.com.br\/cbradar\/esse-lugar-no-rj-parece-o-caribe-e-quase-ninguem-sabe\/#primaryimage","url":"https:\/\/www.correiobraziliense.com.br\/cbradar\/wp-content\/uploads\/2025\/06\/Arraial-do-Cabo_1749889354571.jpg","contentUrl":"https:\/\/www.correiobraziliense.com.br\/cbradar\/wp-content\/uploads\/2025\/06\/Arraial-do-Cabo_1749889354571.jpg","width":1280,"height":720,"caption":"Arraial do Cabo. Cr\u00e9ditos: depositphotos.com \/ eduazeredo"},{"@type":"BreadcrumbList","@id":"https:\/\/www.correiobraziliense.com.br\/cbradar\/esse-lugar-no-rj-parece-o-caribe-e-quase-ninguem-sabe\/#breadcrumb","itemListElement":[{"@type":"ListItem","position":1,"name":"In\u00edcio","item":"https:\/\/www.correiobraziliense.com.br\/cbradar\/"},{"@type":"ListItem","position":2,"name":"Esse lugar no RJ parece o Caribe e quase ningu\u00e9m sabe"}]},{"@type":"WebSite","@id":"https:\/\/www.correiobraziliense.com.br\/cbradar\/#website","url":"https:\/\/www.correiobraziliense.com.br\/cbradar\/","name":"Correio Braziliense - Radar","description":"Acompanhe as \u00faltimas not\u00edcias e fique bem informado sobre tudo o que acontece no Brasil e no mundo.","potentialAction":[{"@type":"SearchAction","target":{"@type":"EntryPoint","urlTemplate":"https:\/\/www.correiobraziliense.com.br\/cbradar\/?s={search_term_string}"},"query-input":{"@type":"PropertyValueSpecification","valueRequired":true,"valueName":"search_term_string"}}],"inLanguage":"pt-BR"},{"@type":"Person","@id":"https:\/\/www.correiobraziliense.com.br\/cbradar\/#\/schema\/person\/58422787644df994b53a19d3e56c1513","name":"Larissa Carvalho","image":{"@type":"ImageObject","inLanguage":"pt-BR","@id":"https:\/\/www.correiobraziliense.com.br\/cbradar\/#\/schema\/person\/image\/","url":"https:\/\/secure.gravatar.com\/avatar\/fe4f91a0de32b52a838d0d612abdc1aa?s=96&d=mm&r=g","contentUrl":"https:\/\/secure.gravatar.com\/avatar\/fe4f91a0de32b52a838d0d612abdc1aa?s=96&d=mm&r=g","caption":"Larissa Carvalho"},"url":"https:\/\/www.correiobraziliense.com.br\/cbradar\/author\/larissamyth\/"}]}},"_links":{"self":[{"href":"https:\/\/www.correiobraziliense.com.br\/cbradar\/wp-json\/wp\/v2\/posts\/53247","targetHints":{"allow":["GET"]}}],"collection":[{"href":"https:\/\/www.correiobraziliense.com.br\/cbradar\/wp-json\/wp\/v2\/posts"}],"about":[{"href":"https:\/\/www.correiobraziliense.com.br\/cbradar\/wp-json\/wp\/v2\/types\/post"}],"author":[{"embeddable":true,"href":"https:\/\/www.correiobraziliense.com.br\/cbradar\/wp-json\/wp\/v2\/users\/3"}],"replies":[{"embeddable":true,"href":"https:\/\/www.correiobraziliense.com.br\/cbradar\/wp-json\/wp\/v2\/comments?post=53247"}],"version-history":[{"count":1,"href":"https:\/\/www.correiobraziliense.com.br\/cbradar\/wp-json\/wp\/v2\/posts\/53247\/revisions"}],"predecessor-version":[{"id":53257,"href":"https:\/\/www.correiobraziliense.com.br\/cbradar\/wp-json\/wp\/v2\/posts\/53247\/revisions\/53257"}],"wp:featuredmedia":[{"embeddable":true,"href":"https:\/\/www.correiobraziliense.com.br\/cbradar\/wp-json\/wp\/v2\/media\/53253"}],"wp:attachment":[{"href":"https:\/\/www.correiobraziliense.com.br\/cbradar\/wp-json\/wp\/v2\/media?parent=53247"}],"wp:term":[{"taxonomy":"category","embeddable":true,"href":"https:\/\/www.correiobraziliense.com.br\/cbradar\/wp-json\/wp\/v2\/categories?post=53247"},{"taxonomy":"post_tag","embeddable":true,"href":"https:\/\/www.correiobraziliense.com.br\/cbradar\/wp-json\/wp\/v2\/tags?post=53247"}],"curies":[{"name":"wp","href":"https:\/\/api.w.org\/{rel}","templated":true}]}}