{"id":53666,"date":"2025-06-16T10:30:00","date_gmt":"2025-06-16T13:30:00","guid":{"rendered":"https:\/\/www.correiobraziliense.com.br\/cbradar\/?p=53666"},"modified":"2025-06-15T04:27:11","modified_gmt":"2025-06-15T07:27:11","slug":"o-segredo-dos-franceses-contra-doencas-cardiacas-intriga-a-ciencia","status":"publish","type":"post","link":"https:\/\/www.correiobraziliense.com.br\/cbradar\/o-segredo-dos-franceses-contra-doencas-cardiacas-intriga-a-ciencia\/","title":{"rendered":"O segredo dos franceses contra doen\u00e7as card\u00edacas intriga a ci\u00eancia"},"content":{"rendered":"\n<p>Imagine um povo que adora queijos, vinhos e manteiga \u2014 e, mesmo assim, apresenta uma das menores taxas de <strong><a href=\"https:\/\/www.correiobraziliense.com.br\/cbradar\/o-frio-causa-doencas-mito-ou-verdade-sobre-a-friagemmito-ou-verdade-o-frio-causa-doencas-saiba-como-o-comportamento-humano-influencia-a-saude-nas-estacoes-frias\/\" target=\"_blank\" rel=\"noreferrer noopener\">doen\u00e7as card\u00edacas<\/a><\/strong> do mundo. Parece imposs\u00edvel? Esse \u00e9 o chamado \u201cparadoxo franc\u00eas\u201d, um fen\u00f4meno que intriga cientistas e nos convida a repensar o modo como enxergamos a alimenta\u00e7\u00e3o. Neste artigo, vamos entender o que \u00e9 esse paradoxo, porque ele acontece e quais li\u00e7\u00f5es podemos tirar do estilo de vida dos franceses.<\/p>\n\n\n\n<h2 class=\"wp-block-heading\">O que \u00e9 o paradoxo franc\u00eas?<\/h2>\n\n\n\n<p><strong>O <a href=\"https:\/\/pt.wikipedia.org\/wiki\/Paradoxo_franc%C3%AAs\" target=\"_blank\" rel=\"noreferrer noopener\">paradoxo franc\u00eas<\/a> \u00e9 a aparente contradi\u00e7\u00e3o entre a dieta rica em gorduras saturadas da Fran\u00e7a e as baixas taxas de problemas card\u00edacos na popula\u00e7\u00e3o.<\/strong> Apesar de consumirem alimentos que, em outras partes do mundo, seriam considerados \u201cvil\u00f5es\u201d, os franceses mant\u00eam n\u00edveis relativamente baixos de doen\u00e7as cardiovasculares. A ci\u00eancia ainda busca todas as explica\u00e7\u00f5es, mas j\u00e1 existem boas pistas.<\/p>\n\n\n<div class=\"wp-block-image\">\n<figure class=\"aligncenter size-large\"><img decoding=\"async\" width=\"1024\" height=\"576\" src=\"https:\/\/www.correiobraziliense.com.br\/cbradar\/wp-content\/uploads\/2025\/06\/franca_1749972156382-1024x576.jpg\" alt=\"\" class=\"wp-image-53737\" srcset=\"https:\/\/www.correiobraziliense.com.br\/cbradar\/wp-content\/uploads\/2025\/06\/franca_1749972156382-1024x576.jpg 1024w, https:\/\/www.correiobraziliense.com.br\/cbradar\/wp-content\/uploads\/2025\/06\/franca_1749972156382-300x169.jpg 300w, https:\/\/www.correiobraziliense.com.br\/cbradar\/wp-content\/uploads\/2025\/06\/franca_1749972156382-768x432.jpg 768w, https:\/\/www.correiobraziliense.com.br\/cbradar\/wp-content\/uploads\/2025\/06\/franca_1749972156382-750x422.jpg 750w, https:\/\/www.correiobraziliense.com.br\/cbradar\/wp-content\/uploads\/2025\/06\/franca_1749972156382-1140x641.jpg 1140w, https:\/\/www.correiobraziliense.com.br\/cbradar\/wp-content\/uploads\/2025\/06\/franca_1749972156382.jpg 1280w\" sizes=\"(max-width: 1024px) 100vw, 1024px\" \/><figcaption class=\"wp-element-caption\">Torre Eiffel, Fran\u00e7a \/\/ Cr\u00e9ditos: depositphotos.com \/ Givaga<\/figcaption><\/figure><\/div>\n\n\n<h2 class=\"wp-block-heading\">A import\u00e2ncia da qualidade sobre a quantidade<\/h2>\n\n\n\n<p>Um dos principais fatores est\u00e1 na forma como os franceses se alimentam. <strong>Eles priorizam a qualidade, a origem e o sabor dos alimentos, ao inv\u00e9s de comer em grandes quantidades.<\/strong> As refei\u00e7\u00f5es s\u00e3o feitas com calma, em ambiente social e prazeroso, valorizando a experi\u00eancia gastron\u00f4mica.<\/p>\n\n\n\n<p>Al\u00e9m disso, produtos industrializados s\u00e3o menos presentes na mesa dos franceses, o que contribui para uma alimenta\u00e7\u00e3o mais natural e equilibrada.<\/p>\n\n\n\n<h2 class=\"wp-block-heading\">O papel do vinho tinto e da modera\u00e7\u00e3o<\/h2>\n\n\n\n<p>O vinho tinto aparece com frequ\u00eancia nas mesas da <strong>Fran\u00e7a<\/strong>, especialmente em pequenas quantidades durante as refei\u00e7\u00f5es. <strong>Rico em polifen\u00f3is, como o resveratrol, o vinho pode contribuir para a sa\u00fade do cora\u00e7\u00e3o, quando consumido com modera\u00e7\u00e3o.<\/strong><\/p>\n\n\n\n<p>Esse h\u00e1bito, aliado a outros fatores do estilo de vida, pode explicar parte do paradoxo observado. Mas o ponto-chave \u00e9 justamente a modera\u00e7\u00e3o: n\u00e3o \u00e9 o vinho em si, mas o contexto em que \u00e9 consumido.<\/p>\n\n\n\n<h2 class=\"wp-block-heading\">Estilo de vida franc\u00eas: al\u00e9m da comida<\/h2>\n\n\n\n<p>Outro aspecto importante \u00e9 o estilo de vida ativo e social. Caminhadas di\u00e1rias, uso de bicicleta, escadas em vez de elevadores e uma cultura menos centrada no carro ajudam a manter o corpo em movimento. <strong>As intera\u00e7\u00f5es sociais, o tempo dedicado \u00e0s refei\u00e7\u00f5es e o menor n\u00edvel de estresse tamb\u00e9m s\u00e3o aliados da boa sa\u00fade cardiovascular.<\/strong><\/p>\n\n\n\n<h2 class=\"wp-block-heading\">O que podemos aprender com os franceses?<\/h2>\n\n\n\n<p>Mais do que adotar seus pratos, o ideal \u00e9 se inspirar na forma como os franceses encaram a alimenta\u00e7\u00e3o. Comer com prazer, com aten\u00e7\u00e3o plena, valorizar ingredientes frescos e cultivar o h\u00e1bito da modera\u00e7\u00e3o s\u00e3o atitudes que fazem a diferen\u00e7a. <strong>O paradoxo franc\u00eas nos lembra que sa\u00fade n\u00e3o se resume a contar calorias ou evitar gorduras, mas sim a cultivar um equil\u00edbrio inteligente e prazeroso.<\/strong><\/p>\n\n\n\n<p>O paradoxo franc\u00eas n\u00e3o \u00e9 um convite para abusar de queijos e vinhos, mas sim para refletir sobre o equil\u00edbrio entre prazer e bem-estar. Ao adotarmos pr\u00e1ticas mais conscientes e simples, podemos transformar nossa rela\u00e7\u00e3o com a comida \u2014 e com a sa\u00fade. Talvez a verdadeira receita da longevidade esteja em saborear a vida com mais calma, prop\u00f3sito e alegria.<\/p>\n","protected":false},"excerpt":{"rendered":"<p>Imagine um povo que adora queijos, vinhos e manteiga \u2014 e, mesmo assim, apresenta uma das menores taxas de doen\u00e7as card\u00edacas do mundo. Parece imposs\u00edvel? Esse \u00e9 o chamado \u201cparadoxo franc\u00eas\u201d, um fen\u00f4meno que intriga cientistas e nos convida a repensar o modo como enxergamos a alimenta\u00e7\u00e3o. Neste artigo, vamos entender o que \u00e9 esse [&hellip;]<\/p>\n","protected":false},"author":8,"featured_media":53736,"comment_status":"open","ping_status":"open","sticky":false,"template":"","format":"standard","meta":{"_yoast_wpseo_focuskw":"franceses","_yoast_wpseo_title":"","_yoast_wpseo_metadesc":"Mesmo com dieta rica em gordura, os franceses t\u00eam baixa taxa de doen\u00e7as card\u00edacas. A ci\u00eancia tenta decifrar esse mist\u00e9rio da longevidade.","jnews-multi-image_gallery":[],"jnews_single_post":{"format":"standard"},"jnews_primary_category":[],"jnews_social_meta":[],"jnews_override_counter":[],"footnotes":""},"categories":[112],"post_tag":[831,6506,6505],"class_list":["post-53666","post","type-post","status-publish","format-standard","has-post-thumbnail","hentry","category-curiosidades","tag-franca","tag-paradoxo-frances","tag-viver-bem"],"yoast_head":"<!-- This site is optimized with the Yoast SEO plugin v24.6 - https:\/\/yoast.com\/wordpress\/plugins\/seo\/ -->\n<title>O segredo dos franceses contra doen\u00e7as card\u00edacas intriga a ci\u00eancia - Correio Braziliense - Radar<\/title>\n<meta name=\"description\" content=\"Mesmo com dieta rica em gordura, os franceses t\u00eam baixa taxa de doen\u00e7as card\u00edacas. A ci\u00eancia tenta decifrar esse mist\u00e9rio da longevidade.\" \/>\n<meta name=\"robots\" content=\"index, follow, max-snippet:-1, max-image-preview:large, max-video-preview:-1\" \/>\n<link rel=\"canonical\" href=\"https:\/\/www.correiobraziliense.com.br\/cbradar\/o-segredo-dos-franceses-contra-doencas-cardiacas-intriga-a-ciencia\/\" \/>\n<meta property=\"og:locale\" content=\"pt_BR\" \/>\n<meta property=\"og:type\" content=\"article\" \/>\n<meta property=\"og:title\" content=\"O segredo dos franceses contra doen\u00e7as card\u00edacas intriga a ci\u00eancia - Correio Braziliense - Radar\" \/>\n<meta property=\"og:description\" content=\"Mesmo com dieta rica em gordura, os franceses t\u00eam baixa taxa de doen\u00e7as card\u00edacas. A ci\u00eancia tenta decifrar esse mist\u00e9rio da longevidade.\" \/>\n<meta property=\"og:url\" content=\"https:\/\/www.correiobraziliense.com.br\/cbradar\/o-segredo-dos-franceses-contra-doencas-cardiacas-intriga-a-ciencia\/\" \/>\n<meta property=\"og:site_name\" content=\"Correio Braziliense - Radar\" \/>\n<meta property=\"article:published_time\" content=\"2025-06-16T13:30:00+00:00\" \/>\n<meta property=\"og:image\" content=\"https:\/\/www.correiobraziliense.com.br\/cbradar\/wp-content\/uploads\/2025\/06\/franca_1749972131331.jpg\" \/>\n\t<meta property=\"og:image:width\" content=\"1280\" \/>\n\t<meta property=\"og:image:height\" content=\"720\" \/>\n\t<meta property=\"og:image:type\" content=\"image\/jpeg\" \/>\n<meta name=\"author\" content=\"Maura Pereira\" \/>\n<meta name=\"twitter:card\" content=\"summary_large_image\" \/>\n<meta name=\"twitter:label1\" content=\"Escrito por\" \/>\n\t<meta name=\"twitter:data1\" content=\"Maura Pereira\" \/>\n\t<meta name=\"twitter:label2\" content=\"Est. tempo de leitura\" \/>\n\t<meta name=\"twitter:data2\" content=\"4 minutos\" \/>\n<!-- \/ Yoast SEO plugin. -->","yoast_head_json":{"title":"O segredo dos franceses contra doen\u00e7as card\u00edacas intriga a ci\u00eancia - Correio Braziliense - Radar","description":"Mesmo com dieta rica em gordura, os franceses t\u00eam baixa taxa de doen\u00e7as card\u00edacas. A ci\u00eancia tenta decifrar esse mist\u00e9rio da longevidade.","robots":{"index":"index","follow":"follow","max-snippet":"max-snippet:-1","max-image-preview":"max-image-preview:large","max-video-preview":"max-video-preview:-1"},"canonical":"https:\/\/www.correiobraziliense.com.br\/cbradar\/o-segredo-dos-franceses-contra-doencas-cardiacas-intriga-a-ciencia\/","og_locale":"pt_BR","og_type":"article","og_title":"O segredo dos franceses contra doen\u00e7as card\u00edacas intriga a ci\u00eancia - Correio Braziliense - Radar","og_description":"Mesmo com dieta rica em gordura, os franceses t\u00eam baixa taxa de doen\u00e7as card\u00edacas. A ci\u00eancia tenta decifrar esse mist\u00e9rio da longevidade.","og_url":"https:\/\/www.correiobraziliense.com.br\/cbradar\/o-segredo-dos-franceses-contra-doencas-cardiacas-intriga-a-ciencia\/","og_site_name":"Correio Braziliense - Radar","article_published_time":"2025-06-16T13:30:00+00:00","og_image":[{"width":1280,"height":720,"url":"https:\/\/www.correiobraziliense.com.br\/cbradar\/wp-content\/uploads\/2025\/06\/franca_1749972131331.jpg","type":"image\/jpeg"}],"author":"Maura Pereira","twitter_card":"summary_large_image","twitter_misc":{"Escrito por":"Maura Pereira","Est. tempo de leitura":"4 minutos"},"schema":{"@context":"https:\/\/schema.org","@graph":[{"@type":"WebPage","@id":"https:\/\/www.correiobraziliense.com.br\/cbradar\/o-segredo-dos-franceses-contra-doencas-cardiacas-intriga-a-ciencia\/","url":"https:\/\/www.correiobraziliense.com.br\/cbradar\/o-segredo-dos-franceses-contra-doencas-cardiacas-intriga-a-ciencia\/","name":"O segredo dos franceses contra doen\u00e7as card\u00edacas intriga a ci\u00eancia - Correio Braziliense - Radar","isPartOf":{"@id":"https:\/\/www.correiobraziliense.com.br\/cbradar\/#website"},"primaryImageOfPage":{"@id":"https:\/\/www.correiobraziliense.com.br\/cbradar\/o-segredo-dos-franceses-contra-doencas-cardiacas-intriga-a-ciencia\/#primaryimage"},"image":{"@id":"https:\/\/www.correiobraziliense.com.br\/cbradar\/o-segredo-dos-franceses-contra-doencas-cardiacas-intriga-a-ciencia\/#primaryimage"},"thumbnailUrl":"https:\/\/www.correiobraziliense.com.br\/cbradar\/wp-content\/uploads\/2025\/06\/franca_1749972131331.jpg","datePublished":"2025-06-16T13:30:00+00:00","author":{"@id":"https:\/\/www.correiobraziliense.com.br\/cbradar\/#\/schema\/person\/4053c651a9bfc785afc6f4cbc9032fd3"},"description":"Mesmo com dieta rica em gordura, os franceses t\u00eam baixa taxa de doen\u00e7as card\u00edacas. A ci\u00eancia tenta decifrar esse mist\u00e9rio da longevidade.","breadcrumb":{"@id":"https:\/\/www.correiobraziliense.com.br\/cbradar\/o-segredo-dos-franceses-contra-doencas-cardiacas-intriga-a-ciencia\/#breadcrumb"},"inLanguage":"pt-BR","potentialAction":[{"@type":"ReadAction","target":["https:\/\/www.correiobraziliense.com.br\/cbradar\/o-segredo-dos-franceses-contra-doencas-cardiacas-intriga-a-ciencia\/"]}]},{"@type":"ImageObject","inLanguage":"pt-BR","@id":"https:\/\/www.correiobraziliense.com.br\/cbradar\/o-segredo-dos-franceses-contra-doencas-cardiacas-intriga-a-ciencia\/#primaryimage","url":"https:\/\/www.correiobraziliense.com.br\/cbradar\/wp-content\/uploads\/2025\/06\/franca_1749972131331.jpg","contentUrl":"https:\/\/www.correiobraziliense.com.br\/cbradar\/wp-content\/uploads\/2025\/06\/franca_1749972131331.jpg","width":1280,"height":720,"caption":"Pessoa com boina francesa \/\/ Cr\u00e9ditos: depositphotos.com \/ HayDmitriy"},{"@type":"BreadcrumbList","@id":"https:\/\/www.correiobraziliense.com.br\/cbradar\/o-segredo-dos-franceses-contra-doencas-cardiacas-intriga-a-ciencia\/#breadcrumb","itemListElement":[{"@type":"ListItem","position":1,"name":"In\u00edcio","item":"https:\/\/www.correiobraziliense.com.br\/cbradar\/"},{"@type":"ListItem","position":2,"name":"O segredo dos franceses contra doen\u00e7as card\u00edacas intriga a ci\u00eancia"}]},{"@type":"WebSite","@id":"https:\/\/www.correiobraziliense.com.br\/cbradar\/#website","url":"https:\/\/www.correiobraziliense.com.br\/cbradar\/","name":"Correio Braziliense - Radar","description":"Acompanhe as \u00faltimas not\u00edcias e fique bem informado sobre tudo o que acontece no Brasil e no mundo.","potentialAction":[{"@type":"SearchAction","target":{"@type":"EntryPoint","urlTemplate":"https:\/\/www.correiobraziliense.com.br\/cbradar\/?s={search_term_string}"},"query-input":{"@type":"PropertyValueSpecification","valueRequired":true,"valueName":"search_term_string"}}],"inLanguage":"pt-BR"},{"@type":"Person","@id":"https:\/\/www.correiobraziliense.com.br\/cbradar\/#\/schema\/person\/4053c651a9bfc785afc6f4cbc9032fd3","name":"Maura Pereira","image":{"@type":"ImageObject","inLanguage":"pt-BR","@id":"https:\/\/www.correiobraziliense.com.br\/cbradar\/#\/schema\/person\/image\/","url":"https:\/\/secure.gravatar.com\/avatar\/3effd6bdadfa447f15089c7f7144eaa6?s=96&d=mm&r=g","contentUrl":"https:\/\/secure.gravatar.com\/avatar\/3effd6bdadfa447f15089c7f7144eaa6?s=96&d=mm&r=g","caption":"Maura Pereira"},"sameAs":["https:\/\/www.correiobraziliense.com.br\/"],"url":"https:\/\/www.correiobraziliense.com.br\/cbradar\/author\/mauramyth\/"}]}},"_links":{"self":[{"href":"https:\/\/www.correiobraziliense.com.br\/cbradar\/wp-json\/wp\/v2\/posts\/53666","targetHints":{"allow":["GET"]}}],"collection":[{"href":"https:\/\/www.correiobraziliense.com.br\/cbradar\/wp-json\/wp\/v2\/posts"}],"about":[{"href":"https:\/\/www.correiobraziliense.com.br\/cbradar\/wp-json\/wp\/v2\/types\/post"}],"author":[{"embeddable":true,"href":"https:\/\/www.correiobraziliense.com.br\/cbradar\/wp-json\/wp\/v2\/users\/8"}],"replies":[{"embeddable":true,"href":"https:\/\/www.correiobraziliense.com.br\/cbradar\/wp-json\/wp\/v2\/comments?post=53666"}],"version-history":[{"count":10,"href":"https:\/\/www.correiobraziliense.com.br\/cbradar\/wp-json\/wp\/v2\/posts\/53666\/revisions"}],"predecessor-version":[{"id":53745,"href":"https:\/\/www.correiobraziliense.com.br\/cbradar\/wp-json\/wp\/v2\/posts\/53666\/revisions\/53745"}],"wp:featuredmedia":[{"embeddable":true,"href":"https:\/\/www.correiobraziliense.com.br\/cbradar\/wp-json\/wp\/v2\/media\/53736"}],"wp:attachment":[{"href":"https:\/\/www.correiobraziliense.com.br\/cbradar\/wp-json\/wp\/v2\/media?parent=53666"}],"wp:term":[{"taxonomy":"category","embeddable":true,"href":"https:\/\/www.correiobraziliense.com.br\/cbradar\/wp-json\/wp\/v2\/categories?post=53666"},{"taxonomy":"post_tag","embeddable":true,"href":"https:\/\/www.correiobraziliense.com.br\/cbradar\/wp-json\/wp\/v2\/post_tag?post=53666"}],"curies":[{"name":"wp","href":"https:\/\/api.w.org\/{rel}","templated":true}]}}