{"id":53864,"date":"2025-06-16T18:30:00","date_gmt":"2025-06-16T21:30:00","guid":{"rendered":"https:\/\/www.correiobraziliense.com.br\/cbradar\/?p=53864"},"modified":"2025-06-15T06:23:49","modified_gmt":"2025-06-15T09:23:49","slug":"a-cidade-do-interior-paulista-que-conquista-pela-qualidade-de-vida","status":"publish","type":"post","link":"https:\/\/www.correiobraziliense.com.br\/cbradar\/a-cidade-do-interior-paulista-que-conquista-pela-qualidade-de-vida\/","title":{"rendered":"A cidade do interior paulista que conquista pela qualidade de vida"},"content":{"rendered":"\n<p><strong><a href=\"https:\/\/www2.bauru.sp.gov.br\/\" target=\"_blank\" rel=\"noreferrer noopener\">Bauru<\/a><\/strong>, no interior de <strong><a href=\"https:\/\/www.correiobraziliense.com.br\/cbradar\/viver-bem-fora-da-capital-e-possivel-e-o-interior-de-sao-paulo-prova-isso\/\" target=\"_blank\" rel=\"noreferrer noopener\">S\u00e3o Paulo<\/a><\/strong>, \u00e9 uma cidade vibrante que combina qualidade de vida, educa\u00e7\u00e3o de excel\u00eancia e economia din\u00e2mica. Conhecida pelo famoso sandu\u00edche que leva seu nome, Bauru \u00e9 um polo regional com parques, universidades e uma comunidade acolhedora. Com um <strong>\u00cdndice de Desenvolvimento Humano (IDH) de 0,801<\/strong>, a cidade \u00e9 ideal para morar ou visitar. Descubra o que faz de Bauru um destino especial!<\/p>\n\n\n\n<h2 class=\"wp-block-heading\">Qual \u00e9 a qualidade de vida em Bauru?<\/h2>\n\n\n\n<p><strong>Bauru oferece uma qualidade de vida not\u00e1vel<\/strong>, com um IDH acima da m\u00e9dia nacional. A cidade \u00e9 arborizada, com \u00e1reas verdes como o <strong>Parque Vit\u00f3ria R\u00e9gia<\/strong>, e possui infraestrutura urbana bem planejada. A seguran\u00e7a \u00e9 razo\u00e1vel para o porte da cidade, e os servi\u00e7os de sa\u00fade, como o <strong>Hospital Estadual de Bauru<\/strong>, s\u00e3o de qualidade. A comunidade local \u00e9 engajada, promovendo eventos como a <strong>Feira da Cidade<\/strong>, que refor\u00e7am o senso de pertencimento. O clima quente, com m\u00e9dias de 25\u00b0C, favorece atividades ao ar livre.<\/p>\n\n\n<div class=\"wp-block-image\">\n<figure class=\"aligncenter size-large\"><img decoding=\"async\" width=\"1024\" height=\"576\" src=\"https:\/\/www.correiobraziliense.com.br\/cbradar\/wp-content\/uploads\/2025\/02\/Bauru_1740789210081-1024x576.jpg\" alt=\"Cidade no interior de S\u00e3o Paulo encanta com sua qualidade de vida\" class=\"wp-image-7826\" srcset=\"https:\/\/www.correiobraziliense.com.br\/cbradar\/wp-content\/uploads\/2025\/02\/Bauru_1740789210081-1024x576.jpg 1024w, https:\/\/www.correiobraziliense.com.br\/cbradar\/wp-content\/uploads\/2025\/02\/Bauru_1740789210081-300x169.jpg 300w, https:\/\/www.correiobraziliense.com.br\/cbradar\/wp-content\/uploads\/2025\/02\/Bauru_1740789210081-768x432.jpg 768w, https:\/\/www.correiobraziliense.com.br\/cbradar\/wp-content\/uploads\/2025\/02\/Bauru_1740789210081-750x422.jpg 750w, https:\/\/www.correiobraziliense.com.br\/cbradar\/wp-content\/uploads\/2025\/02\/Bauru_1740789210081-1140x641.jpg 1140w, https:\/\/www.correiobraziliense.com.br\/cbradar\/wp-content\/uploads\/2025\/02\/Bauru_1740789210081.jpg 1280w\" sizes=\"(max-width: 1024px) 100vw, 1024px\" \/><figcaption class=\"wp-element-caption\">Bauru \/\/ Cr\u00e9ditos: depositphotos.com \/ julioricco<\/figcaption><\/figure><\/div>\n\n\n<h2 class=\"wp-block-heading\">Como Bauru promove a sustentabilidade?<\/h2>\n\n\n\n<p><strong>Bauru investe em sustentabilidade com iniciativas pr\u00e1ticas<\/strong>, como programas de reciclagem e preserva\u00e7\u00e3o de \u00e1reas verdes. A cidade tem 80% de cobertura de saneamento b\u00e1sico, e projetos como o <strong>Bauru Sustent\u00e1vel<\/strong> incentivam a coleta seletiva. O <strong>Jardim Bot\u00e2nico de Bauru<\/strong> protege a biodiversidade local, enquanto ciclovias em expans\u00e3o promovem mobilidade sustent\u00e1vel. A prefeitura tamb\u00e9m apoia feiras org\u00e2nicas, conectando produtores locais aos moradores, o que fortalece a economia verde e reduz a pegada de carbono.<\/p>\n\n\n\n<h2 class=\"wp-block-heading\">Como \u00e9 a educa\u00e7\u00e3o em Bauru?<\/h2>\n\n\n\n<p><strong>A educa\u00e7\u00e3o em Bauru \u00e9 um destaque regional<\/strong>, com institui\u00e7\u00f5es de renome e alto desempenho. A <strong>Universidade Estadual Paulista (Unesp)<\/strong>, campus Bauru, \u00e9 refer\u00eancia em odontologia, engenharia e comunica\u00e7\u00e3o. Escolas p\u00fablicas e privadas mant\u00eam \u00edndices acima da m\u00e9dia no IDEB, e centros como o <strong>Sesc Bauru<\/strong> oferecem cursos e atividades culturais. A cidade tamb\u00e9m investe em ensino t\u00e9cnico, com o <strong>Senai<\/strong> formando profissionais para o mercado local. O acesso \u00e0 educa\u00e7\u00e3o \u00e9 amplo, beneficiando jovens e adultos.<\/p>\n\n\n\n<h2 class=\"wp-block-heading\">Qual \u00e9 a economia local e as oportunidades de trabalho em Bauru?<\/h2>\n\n\n\n<p><strong>Bauru possui uma economia diversificada e em crescimento<\/strong>, com \u00eanfase em com\u00e9rcio, servi\u00e7os e ind\u00fastria. A cidade \u00e9 um polo log\u00edstico, beneficiada pela <strong>Rodovia Marechal Rondon<\/strong>, e abriga empresas como <strong>Nestl\u00e9<\/strong> e <strong>Ambev<\/strong>. O setor de sa\u00fade tamb\u00e9m \u00e9 forte, com hospitais gerando empregos. O com\u00e9rcio local, com shoppings como o <strong>Boulevard Shopping Bauru<\/strong>, \u00e9 vibrante. Oportunidades em tecnologia e agroneg\u00f3cio est\u00e3o em alta, e a taxa de desemprego \u00e9 moderada, atraindo profissionais de diversas \u00e1reas.<\/p>\n\n\n\n<blockquote class=\"instagram-media\" data-instgrm-captioned data-instgrm-permalink=\"https:\/\/www.instagram.com\/reel\/DEQVmQIyfsY\/?utm_source=ig_embed&amp;utm_campaign=loading\" data-instgrm-version=\"14\" style=\" background:#FFF; border:0; border-radius:3px; box-shadow:0 0 1px 0 rgba(0,0,0,0.5),0 1px 10px 0 rgba(0,0,0,0.15); margin: 1px; max-width:540px; min-width:326px; padding:0; width:99.375%; width:-webkit-calc(100% - 2px); width:calc(100% - 2px);\"><div style=\"padding:16px;\"> <a href=\"https:\/\/www.instagram.com\/reel\/DEQVmQIyfsY\/?utm_source=ig_embed&amp;utm_campaign=loading\" style=\" background:#FFFFFF; line-height:0; padding:0 0; text-align:center; text-decoration:none; width:100%;\" target=\"_blank\"> <div style=\" display: flex; flex-direction: row; align-items: center;\"> <div style=\"background-color: #F4F4F4; border-radius: 50%; flex-grow: 0; height: 40px; margin-right: 14px; width: 40px;\"><\/div> <div style=\"display: flex; flex-direction: column; flex-grow: 1; justify-content: center;\"> <div style=\" background-color: #F4F4F4; border-radius: 4px; flex-grow: 0; height: 14px; margin-bottom: 6px; width: 100px;\"><\/div> <div style=\" background-color: #F4F4F4; border-radius: 4px; flex-grow: 0; height: 14px; width: 60px;\"><\/div><\/div><\/div><div style=\"padding: 19% 0;\"><\/div> <div style=\"display:block; height:50px; margin:0 auto 12px; width:50px;\"><svg width=\"50px\" height=\"50px\" viewBox=\"0 0 60 60\" version=\"1.1\" xmlns=\"https:\/\/www.w3.org\/2000\/svg\" xmlns:xlink=\"https:\/\/www.w3.org\/1999\/xlink\"><g stroke=\"none\" stroke-width=\"1\" fill=\"none\" fill-rule=\"evenodd\"><g transform=\"translate(-511.000000, -20.000000)\" fill=\"#000000\"><g><path d=\"M556.869,30.41 C554.814,30.41 553.148,32.076 553.148,34.131 C553.148,36.186 554.814,37.852 556.869,37.852 C558.924,37.852 560.59,36.186 560.59,34.131 C560.59,32.076 558.924,30.41 556.869,30.41 M541,60.657 C535.114,60.657 530.342,55.887 530.342,50 C530.342,44.114 535.114,39.342 541,39.342 C546.887,39.342 551.658,44.114 551.658,50 C551.658,55.887 546.887,60.657 541,60.657 M541,33.886 C532.1,33.886 524.886,41.1 524.886,50 C524.886,58.899 532.1,66.113 541,66.113 C549.9,66.113 557.115,58.899 557.115,50 C557.115,41.1 549.9,33.886 541,33.886 M565.378,62.101 C565.244,65.022 564.756,66.606 564.346,67.663 C563.803,69.06 563.154,70.057 562.106,71.106 C561.058,72.155 560.06,72.803 558.662,73.347 C557.607,73.757 556.021,74.244 553.102,74.378 C549.944,74.521 548.997,74.552 541,74.552 C533.003,74.552 532.056,74.521 528.898,74.378 C525.979,74.244 524.393,73.757 523.338,73.347 C521.94,72.803 520.942,72.155 519.894,71.106 C518.846,70.057 518.197,69.06 517.654,67.663 C517.244,66.606 516.755,65.022 516.623,62.101 C516.479,58.943 516.448,57.996 516.448,50 C516.448,42.003 516.479,41.056 516.623,37.899 C516.755,34.978 517.244,33.391 517.654,32.338 C518.197,30.938 518.846,29.942 519.894,28.894 C520.942,27.846 521.94,27.196 523.338,26.654 C524.393,26.244 525.979,25.756 528.898,25.623 C532.057,25.479 533.004,25.448 541,25.448 C548.997,25.448 549.943,25.479 553.102,25.623 C556.021,25.756 557.607,26.244 558.662,26.654 C560.06,27.196 561.058,27.846 562.106,28.894 C563.154,29.942 563.803,30.938 564.346,32.338 C564.756,33.391 565.244,34.978 565.378,37.899 C565.522,41.056 565.552,42.003 565.552,50 C565.552,57.996 565.522,58.943 565.378,62.101 M570.82,37.631 C570.674,34.438 570.167,32.258 569.425,30.349 C568.659,28.377 567.633,26.702 565.965,25.035 C564.297,23.368 562.623,22.342 560.652,21.575 C558.743,20.834 556.562,20.326 553.369,20.18 C550.169,20.033 549.148,20 541,20 C532.853,20 531.831,20.033 528.631,20.18 C525.438,20.326 523.257,20.834 521.349,21.575 C519.376,22.342 517.703,23.368 516.035,25.035 C514.368,26.702 513.342,28.377 512.574,30.349 C511.834,32.258 511.326,34.438 511.181,37.631 C511.035,40.831 511,41.851 511,50 C511,58.147 511.035,59.17 511.181,62.369 C511.326,65.562 511.834,67.743 512.574,69.651 C513.342,71.625 514.368,73.296 516.035,74.965 C517.703,76.634 519.376,77.658 521.349,78.425 C523.257,79.167 525.438,79.673 528.631,79.82 C531.831,79.965 532.853,80.001 541,80.001 C549.148,80.001 550.169,79.965 553.369,79.82 C556.562,79.673 558.743,79.167 560.652,78.425 C562.623,77.658 564.297,76.634 565.965,74.965 C567.633,73.296 568.659,71.625 569.425,69.651 C570.167,67.743 570.674,65.562 570.82,62.369 C570.966,59.17 571,58.147 571,50 C571,41.851 570.966,40.831 570.82,37.631\"><\/path><\/g><\/g><\/g><\/svg><\/div><div style=\"padding-top: 8px;\"> <div style=\" color:#3897f0; font-family:Arial,sans-serif; font-size:14px; font-style:normal; font-weight:550; line-height:18px;\">Ver essa foto no Instagram<\/div><\/div><div style=\"padding: 12.5% 0;\"><\/div> <div style=\"display: flex; flex-direction: row; margin-bottom: 14px; align-items: center;\"><div> <div style=\"background-color: #F4F4F4; border-radius: 50%; height: 12.5px; width: 12.5px; transform: translateX(0px) translateY(7px);\"><\/div> <div style=\"background-color: #F4F4F4; height: 12.5px; transform: rotate(-45deg) translateX(3px) translateY(1px); width: 12.5px; flex-grow: 0; margin-right: 14px; margin-left: 2px;\"><\/div> <div style=\"background-color: #F4F4F4; border-radius: 50%; height: 12.5px; width: 12.5px; transform: translateX(9px) translateY(-18px);\"><\/div><\/div><div style=\"margin-left: 8px;\"> <div style=\" background-color: #F4F4F4; border-radius: 50%; flex-grow: 0; height: 20px; width: 20px;\"><\/div> <div style=\" width: 0; height: 0; border-top: 2px solid transparent; border-left: 6px solid #f4f4f4; border-bottom: 2px solid transparent; transform: translateX(16px) translateY(-4px) rotate(30deg)\"><\/div><\/div><div style=\"margin-left: auto;\"> <div style=\" width: 0px; border-top: 8px solid #F4F4F4; border-right: 8px solid transparent; transform: translateY(16px);\"><\/div> <div style=\" background-color: #F4F4F4; flex-grow: 0; height: 12px; width: 16px; transform: translateY(-4px);\"><\/div> <div style=\" width: 0; height: 0; border-top: 8px solid #F4F4F4; border-left: 8px solid transparent; transform: translateY(-4px) translateX(8px);\"><\/div><\/div><\/div> <div style=\"display: flex; flex-direction: column; flex-grow: 1; justify-content: center; margin-bottom: 24px;\"> <div style=\" background-color: #F4F4F4; border-radius: 4px; flex-grow: 0; height: 14px; margin-bottom: 6px; width: 224px;\"><\/div> <div style=\" background-color: #F4F4F4; border-radius: 4px; flex-grow: 0; height: 14px; width: 144px;\"><\/div><\/div><\/a><p style=\" color:#c9c8cd; font-family:Arial,sans-serif; font-size:14px; line-height:17px; margin-bottom:0; margin-top:8px; overflow:hidden; padding:8px 0 7px; text-align:center; text-overflow:ellipsis; white-space:nowrap;\"><a href=\"https:\/\/www.instagram.com\/reel\/DEQVmQIyfsY\/?utm_source=ig_embed&amp;utm_campaign=loading\" style=\" color:#c9c8cd; font-family:Arial,sans-serif; font-size:14px; font-style:normal; font-weight:normal; line-height:17px; text-decoration:none;\" target=\"_blank\">Uma publica\u00e7\u00e3o compartilhada por Prefeitura de Bauru (@prefeituradebauru)<\/a><\/p><\/div><\/blockquote>\n<script async src=\"\/\/www.instagram.com\/embed.js\"><\/script>\n\n\n\n<h2 class=\"wp-block-heading\">O que fazer em Bauru?<\/h2>\n\n\n\n<p><strong>Bauru oferece atra\u00e7\u00f5es que misturam natureza, cultura e gastronomia<\/strong>. Confira os principais pontos tur\u00edsticos:<\/p>\n\n\n\n<ul class=\"wp-block-list\">\n<li><strong>Parque Vit\u00f3ria R\u00e9gia<\/strong>: Lago central, \u00e1reas verdes e espa\u00e7o para eventos, ideal para relaxar.<\/li>\n\n\n\n<li><strong>Jardim Bot\u00e2nico de Bauru<\/strong>: Reserva ecol\u00f3gica com trilhas e diversidade de plantas nativas.<\/li>\n\n\n\n<li><strong>Museu Ferrovi\u00e1rio Regional<\/strong>: Exibe a hist\u00f3ria das ferrovias, com locomotivas antigas em exposi\u00e7\u00e3o.<\/li>\n\n\n\n<li><strong>Sesc Bauru<\/strong>: Centro cultural com teatro, exposi\u00e7\u00f5es e atividades esportivas para todas as idades.<\/li>\n<\/ul>\n\n\n\n<p>Esses locais proporcionam lazer e aprendizado, enquanto a culin\u00e1ria local, como o sandu\u00edche Bauru, \u00e9 um atrativo nos restaurantes da <strong>Rua Batista de Carvalho<\/strong>.<\/p>\n\n\n\n<h2 class=\"wp-block-heading\">Vale a pena morar em Bauru?<\/h2>\n\n\n\n<p><strong>Morar em Bauru \u00e9 uma excelente escolha<\/strong> para quem busca equil\u00edbrio entre vida urbana e tranquilidade. A cidade oferece infraestrutura de qualidade, com sa\u00fade, educa\u00e7\u00e3o e lazer acess\u00edveis. O custo de vida \u00e9 moderado, e o mercado de trabalho \u00e9 promissor, especialmente em servi\u00e7os e ind\u00fastria. A proximidade com <strong>S\u00e3o Paulo<\/strong> (4h de carro) \u00e9 um b\u00f4nus, enquanto a comunidade acolhedora cria um ambiente familiar. Bauru \u00e9 ideal para quem deseja uma cidade m\u00e9dia com grandes oportunidades.<\/p>\n\n\n\n<h2 class=\"wp-block-heading\">Vale a pena visitar Bauru?<\/h2>\n\n\n\n<p><strong>Visitar Bauru \u00e9 uma experi\u00eancia agrad\u00e1vel<\/strong>, especialmente para quem aprecia cidades organizadas e gastronomia marcante. O Parque Vit\u00f3ria R\u00e9gia, o Museu Ferrovi\u00e1rio e o sandu\u00edche Bauru s\u00e3o destaques. A cidade \u00e9 perfeita para viagens curtas, com op\u00e7\u00f5es de lazer para fam\u00edlias e jovens. A hospitalidade local e a facilidade de locomo\u00e7\u00e3o tornam a estadia descomplicada. Se voc\u00ea est\u00e1 no interior de S\u00e3o Paulo, Bauru merece uma parada no seu roteiro.<\/p>\n\n\n\n<h2 class=\"wp-block-heading\">O que devo saber antes de ir a Bauru?<\/h2>\n\n\n\n<p><strong>Antes de visitar Bauru, planeje para aproveitar a cidade ao m\u00e1ximo<\/strong>. O clima \u00e9 quente, com ver\u00f5es acima de 30\u00b0C, ent\u00e3o use roupas leves e protetor solar. A cidade \u00e9 compacta, e aplicativos de transporte como <strong>Uber<\/strong> facilitam a locomo\u00e7\u00e3o. Respeite as \u00e1reas verdes, como o Jardim Bot\u00e2nico, e experimente a culin\u00e1ria local em lanchonetes tradicionais. Bauru \u00e9 segura, mas mantenha cuidados b\u00e1sicos em \u00e1reas centrais. Eventos como o <strong>Bauru Jazz Festival<\/strong> podem enriquecer sua visita.<\/p>\n\n\n\n<h2 class=\"wp-block-heading\">Como chegar em Bauru?<\/h2>\n\n\n\n<p><strong>Chegar a Bauru \u00e9 simples, com boas conex\u00f5es regionais<\/strong>. O <strong>Aeroporto Estadual de Bauru-Arealva (JTC)<\/strong> recebe voos de <strong>Campinas<\/strong> e <strong>S\u00e3o Paulo<\/strong>, operados pela <strong>Azul<\/strong>. De carro, a <strong>SP-300 (Marechal Rondon)<\/strong> liga Bauru a <strong>S\u00e3o Paulo<\/strong> (4h) e <strong>Ribeir\u00e3o Preto<\/strong> (3h). A <strong>Rodovi\u00e1ria de Bauru<\/strong> tem linhas de <strong>Expresso de Prata<\/strong> e <strong>Cometa<\/strong>, conectando a cidades como <strong>Campinas<\/strong> e <strong>Curitiba<\/strong>. Dentro da cidade, o transporte p\u00fablico \u00e9 funcional, mas t\u00e1xis e aplicativos s\u00e3o pr\u00e1ticos para turistas.<\/p>\n","protected":false},"excerpt":{"rendered":"<p>Bauru, no interior de S\u00e3o Paulo, \u00e9 uma cidade vibrante que combina qualidade de vida, educa\u00e7\u00e3o de excel\u00eancia e economia din\u00e2mica. Conhecida pelo famoso sandu\u00edche que leva seu nome, Bauru \u00e9 um polo regional com parques, universidades e uma comunidade acolhedora. Com um \u00cdndice de Desenvolvimento Humano (IDH) de 0,801, a cidade \u00e9 ideal para [&hellip;]<\/p>\n","protected":false},"author":8,"featured_media":7825,"comment_status":"open","ping_status":"open","sticky":false,"template":"","format":"standard","meta":{"_yoast_wpseo_focuskw":"cidade","_yoast_wpseo_title":"","_yoast_wpseo_metadesc":"Cidade no interior de S\u00e3o Paulo surpreende pela qualidade de vida e bem-estar. Saiba o que torna esse lugar t\u00e3o especial.","jnews-multi-image_gallery":[],"jnews_single_post":{"format":"standard"},"jnews_primary_category":[],"jnews_social_meta":[],"jnews_override_counter":[],"footnotes":""},"categories":[108,111],"tags":[6523,247,278],"class_list":["post-53864","post","type-post","status-publish","format-standard","has-post-thumbnail","hentry","category-cidades","category-turismo","tag-brasil-bauru","tag-qualidade-de-vida","tag-sao-paulo"],"yoast_head":"<!-- This site is optimized with the Yoast SEO plugin v24.6 - https:\/\/yoast.com\/wordpress\/plugins\/seo\/ -->\n<title>A cidade do interior paulista que conquista pela qualidade de vida - Correio Braziliense - Radar<\/title>\n<meta name=\"description\" content=\"Cidade no interior de S\u00e3o Paulo surpreende pela qualidade de vida e bem-estar. Saiba o que torna esse lugar t\u00e3o especial.\" \/>\n<meta name=\"robots\" content=\"index, follow, max-snippet:-1, max-image-preview:large, max-video-preview:-1\" \/>\n<link rel=\"canonical\" href=\"https:\/\/www.correiobraziliense.com.br\/cbradar\/a-cidade-do-interior-paulista-que-conquista-pela-qualidade-de-vida\/\" \/>\n<meta property=\"og:locale\" content=\"pt_BR\" \/>\n<meta property=\"og:type\" content=\"article\" \/>\n<meta property=\"og:title\" content=\"A cidade do interior paulista que conquista pela qualidade de vida - Correio Braziliense - Radar\" \/>\n<meta property=\"og:description\" content=\"Cidade no interior de S\u00e3o Paulo surpreende pela qualidade de vida e bem-estar. Saiba o que torna esse lugar t\u00e3o especial.\" \/>\n<meta property=\"og:url\" content=\"https:\/\/www.correiobraziliense.com.br\/cbradar\/a-cidade-do-interior-paulista-que-conquista-pela-qualidade-de-vida\/\" \/>\n<meta property=\"og:site_name\" content=\"Correio Braziliense - Radar\" \/>\n<meta property=\"article:published_time\" content=\"2025-06-16T21:30:00+00:00\" \/>\n<meta property=\"og:image\" content=\"https:\/\/www.correiobraziliense.com.br\/cbradar\/wp-content\/uploads\/2025\/02\/Bauru_1740789178530.jpg\" \/>\n\t<meta property=\"og:image:width\" content=\"1279\" \/>\n\t<meta property=\"og:image:height\" content=\"720\" \/>\n\t<meta property=\"og:image:type\" content=\"image\/jpeg\" \/>\n<meta name=\"author\" content=\"Maura Pereira\" \/>\n<meta name=\"twitter:card\" content=\"summary_large_image\" \/>\n<meta name=\"twitter:label1\" content=\"Escrito por\" \/>\n\t<meta name=\"twitter:data1\" content=\"Maura Pereira\" \/>\n\t<meta name=\"twitter:label2\" content=\"Est. tempo de leitura\" \/>\n\t<meta name=\"twitter:data2\" content=\"6 minutos\" \/>\n<!-- \/ Yoast SEO plugin. -->","yoast_head_json":{"title":"A cidade do interior paulista que conquista pela qualidade de vida - Correio Braziliense - Radar","description":"Cidade no interior de S\u00e3o Paulo surpreende pela qualidade de vida e bem-estar. Saiba o que torna esse lugar t\u00e3o especial.","robots":{"index":"index","follow":"follow","max-snippet":"max-snippet:-1","max-image-preview":"max-image-preview:large","max-video-preview":"max-video-preview:-1"},"canonical":"https:\/\/www.correiobraziliense.com.br\/cbradar\/a-cidade-do-interior-paulista-que-conquista-pela-qualidade-de-vida\/","og_locale":"pt_BR","og_type":"article","og_title":"A cidade do interior paulista que conquista pela qualidade de vida - Correio Braziliense - Radar","og_description":"Cidade no interior de S\u00e3o Paulo surpreende pela qualidade de vida e bem-estar. Saiba o que torna esse lugar t\u00e3o especial.","og_url":"https:\/\/www.correiobraziliense.com.br\/cbradar\/a-cidade-do-interior-paulista-que-conquista-pela-qualidade-de-vida\/","og_site_name":"Correio Braziliense - Radar","article_published_time":"2025-06-16T21:30:00+00:00","og_image":[{"width":1279,"height":720,"url":"https:\/\/www.correiobraziliense.com.br\/cbradar\/wp-content\/uploads\/2025\/02\/Bauru_1740789178530.jpg","type":"image\/jpeg"}],"author":"Maura Pereira","twitter_card":"summary_large_image","twitter_misc":{"Escrito por":"Maura Pereira","Est. tempo de leitura":"6 minutos"},"schema":{"@context":"https:\/\/schema.org","@graph":[{"@type":"WebPage","@id":"https:\/\/www.correiobraziliense.com.br\/cbradar\/a-cidade-do-interior-paulista-que-conquista-pela-qualidade-de-vida\/","url":"https:\/\/www.correiobraziliense.com.br\/cbradar\/a-cidade-do-interior-paulista-que-conquista-pela-qualidade-de-vida\/","name":"A cidade do interior paulista que conquista pela qualidade de vida - Correio Braziliense - Radar","isPartOf":{"@id":"https:\/\/www.correiobraziliense.com.br\/cbradar\/#website"},"primaryImageOfPage":{"@id":"https:\/\/www.correiobraziliense.com.br\/cbradar\/a-cidade-do-interior-paulista-que-conquista-pela-qualidade-de-vida\/#primaryimage"},"image":{"@id":"https:\/\/www.correiobraziliense.com.br\/cbradar\/a-cidade-do-interior-paulista-que-conquista-pela-qualidade-de-vida\/#primaryimage"},"thumbnailUrl":"https:\/\/www.correiobraziliense.com.br\/cbradar\/wp-content\/uploads\/2025\/02\/Bauru_1740789178530.jpg","datePublished":"2025-06-16T21:30:00+00:00","author":{"@id":"https:\/\/www.correiobraziliense.com.br\/cbradar\/#\/schema\/person\/4053c651a9bfc785afc6f4cbc9032fd3"},"description":"Cidade no interior de S\u00e3o Paulo surpreende pela qualidade de vida e bem-estar. Saiba o que torna esse lugar t\u00e3o especial.","breadcrumb":{"@id":"https:\/\/www.correiobraziliense.com.br\/cbradar\/a-cidade-do-interior-paulista-que-conquista-pela-qualidade-de-vida\/#breadcrumb"},"inLanguage":"pt-BR","potentialAction":[{"@type":"ReadAction","target":["https:\/\/www.correiobraziliense.com.br\/cbradar\/a-cidade-do-interior-paulista-que-conquista-pela-qualidade-de-vida\/"]}]},{"@type":"ImageObject","inLanguage":"pt-BR","@id":"https:\/\/www.correiobraziliense.com.br\/cbradar\/a-cidade-do-interior-paulista-que-conquista-pela-qualidade-de-vida\/#primaryimage","url":"https:\/\/www.correiobraziliense.com.br\/cbradar\/wp-content\/uploads\/2025\/02\/Bauru_1740789178530.jpg","contentUrl":"https:\/\/www.correiobraziliense.com.br\/cbradar\/wp-content\/uploads\/2025\/02\/Bauru_1740789178530.jpg","width":1279,"height":720,"caption":"Bauru \u00e9 uma cidade conhecida pela educa\u00e7\u00e3o e ind\u00fastria no interior paulista. \/\/ Cr\u00e9ditos: depositphotos.com \/ julioricco"},{"@type":"BreadcrumbList","@id":"https:\/\/www.correiobraziliense.com.br\/cbradar\/a-cidade-do-interior-paulista-que-conquista-pela-qualidade-de-vida\/#breadcrumb","itemListElement":[{"@type":"ListItem","position":1,"name":"In\u00edcio","item":"https:\/\/www.correiobraziliense.com.br\/cbradar\/"},{"@type":"ListItem","position":2,"name":"A cidade do interior paulista que conquista pela qualidade de vida"}]},{"@type":"WebSite","@id":"https:\/\/www.correiobraziliense.com.br\/cbradar\/#website","url":"https:\/\/www.correiobraziliense.com.br\/cbradar\/","name":"Correio Braziliense - Radar","description":"Acompanhe as \u00faltimas not\u00edcias e fique bem informado sobre tudo o que acontece no Brasil e no mundo.","potentialAction":[{"@type":"SearchAction","target":{"@type":"EntryPoint","urlTemplate":"https:\/\/www.correiobraziliense.com.br\/cbradar\/?s={search_term_string}"},"query-input":{"@type":"PropertyValueSpecification","valueRequired":true,"valueName":"search_term_string"}}],"inLanguage":"pt-BR"},{"@type":"Person","@id":"https:\/\/www.correiobraziliense.com.br\/cbradar\/#\/schema\/person\/4053c651a9bfc785afc6f4cbc9032fd3","name":"Maura Pereira","image":{"@type":"ImageObject","inLanguage":"pt-BR","@id":"https:\/\/www.correiobraziliense.com.br\/cbradar\/#\/schema\/person\/image\/","url":"https:\/\/secure.gravatar.com\/avatar\/3effd6bdadfa447f15089c7f7144eaa6?s=96&d=mm&r=g","contentUrl":"https:\/\/secure.gravatar.com\/avatar\/3effd6bdadfa447f15089c7f7144eaa6?s=96&d=mm&r=g","caption":"Maura Pereira"},"sameAs":["https:\/\/www.correiobraziliense.com.br\/"],"url":"https:\/\/www.correiobraziliense.com.br\/cbradar\/author\/mauramyth\/"}]}},"_links":{"self":[{"href":"https:\/\/www.correiobraziliense.com.br\/cbradar\/wp-json\/wp\/v2\/posts\/53864","targetHints":{"allow":["GET"]}}],"collection":[{"href":"https:\/\/www.correiobraziliense.com.br\/cbradar\/wp-json\/wp\/v2\/posts"}],"about":[{"href":"https:\/\/www.correiobraziliense.com.br\/cbradar\/wp-json\/wp\/v2\/types\/post"}],"author":[{"embeddable":true,"href":"https:\/\/www.correiobraziliense.com.br\/cbradar\/wp-json\/wp\/v2\/users\/8"}],"replies":[{"embeddable":true,"href":"https:\/\/www.correiobraziliense.com.br\/cbradar\/wp-json\/wp\/v2\/comments?post=53864"}],"version-history":[{"count":7,"href":"https:\/\/www.correiobraziliense.com.br\/cbradar\/wp-json\/wp\/v2\/posts\/53864\/revisions"}],"predecessor-version":[{"id":53917,"href":"https:\/\/www.correiobraziliense.com.br\/cbradar\/wp-json\/wp\/v2\/posts\/53864\/revisions\/53917"}],"wp:featuredmedia":[{"embeddable":true,"href":"https:\/\/www.correiobraziliense.com.br\/cbradar\/wp-json\/wp\/v2\/media\/7825"}],"wp:attachment":[{"href":"https:\/\/www.correiobraziliense.com.br\/cbradar\/wp-json\/wp\/v2\/media?parent=53864"}],"wp:term":[{"taxonomy":"category","embeddable":true,"href":"https:\/\/www.correiobraziliense.com.br\/cbradar\/wp-json\/wp\/v2\/categories?post=53864"},{"taxonomy":"post_tag","embeddable":true,"href":"https:\/\/www.correiobraziliense.com.br\/cbradar\/wp-json\/wp\/v2\/tags?post=53864"}],"curies":[{"name":"wp","href":"https:\/\/api.w.org\/{rel}","templated":true}]}}