{"id":53873,"date":"2025-06-16T21:50:00","date_gmt":"2025-06-17T00:50:00","guid":{"rendered":"https:\/\/www.correiobraziliense.com.br\/cbradar\/?p=53873"},"modified":"2025-06-15T07:30:27","modified_gmt":"2025-06-15T10:30:27","slug":"uma-joia-tranquila-no-alto-das-montanhas-do-rio-de-janeiro","status":"publish","type":"post","link":"https:\/\/www.correiobraziliense.com.br\/cbradar\/uma-joia-tranquila-no-alto-das-montanhas-do-rio-de-janeiro\/","title":{"rendered":"Uma joia tranquila no alto das montanhas do Rio de Janeiro"},"content":{"rendered":"\n<p><strong><a href=\"https:\/\/www.teresopolis.rj.gov.br\/\" target=\"_blank\" rel=\"noreferrer noopener\">Teres\u00f3polis<\/a><\/strong>, na serra fluminense, \u00e9 um destino encantador no <strong><a href=\"https:\/\/www.correiobraziliense.com.br\/cbradar\/um-destino-historico-e-natural-no-litoral-do-rio-de-janeiro\/\" target=\"_blank\" rel=\"noreferrer noopener\">Rio de Janeiro<\/a><\/strong>, conhecido por sua natureza exuberante e clima ameno. Lar do <strong>Parque Nacional da Serra dos \u00d3rg\u00e3os<\/strong>, a cidade atrai aventureiros e amantes de tranquilidade. Com paisagens montanhosas e gastronomia acolhedora, Teres\u00f3polis \u00e9 perfeita para escapadas. Descubra por que este ref\u00fagio serrano \u00e9 um tesouro do <strong>Brasil<\/strong>!<\/p>\n\n\n\n<h2 class=\"wp-block-heading\">Qual \u00e9 a melhor \u00e9poca para ir para Teres\u00f3polis?<\/h2>\n\n\n\n<p><strong>A melhor \u00e9poca para visitar Teres\u00f3polis \u00e9 entre abril e setembro<\/strong>, durante a esta\u00e7\u00e3o seca, com temperaturas entre 15\u00b0C e 22\u00b0C. O clima fresco \u00e9 ideal para trilhas no <strong>Parque Nacional da Serra dos \u00d3rg\u00e3os<\/strong> e passeios pelo centro. Eventos como o <strong>Festival de Inverno<\/strong> atraem visitantes com shows e gastronomia. Evite o ver\u00e3o (dezembro a mar\u00e7o), quando as chuvas podem dificultar atividades ao ar livre, mas a cidade mant\u00e9m seu charme.<\/p>\n\n\n<div class=\"wp-block-image\">\n<figure class=\"aligncenter size-large\"><img decoding=\"async\" width=\"1024\" height=\"576\" src=\"https:\/\/www.correiobraziliense.com.br\/cbradar\/wp-content\/uploads\/2025\/06\/Teresopolis_1748893354542-1024x576.jpg\" alt=\"\" class=\"wp-image-47124\" srcset=\"https:\/\/www.correiobraziliense.com.br\/cbradar\/wp-content\/uploads\/2025\/06\/Teresopolis_1748893354542-1024x576.jpg 1024w, https:\/\/www.correiobraziliense.com.br\/cbradar\/wp-content\/uploads\/2025\/06\/Teresopolis_1748893354542-300x169.jpg 300w, https:\/\/www.correiobraziliense.com.br\/cbradar\/wp-content\/uploads\/2025\/06\/Teresopolis_1748893354542-768x432.jpg 768w, https:\/\/www.correiobraziliense.com.br\/cbradar\/wp-content\/uploads\/2025\/06\/Teresopolis_1748893354542-750x422.jpg 750w, https:\/\/www.correiobraziliense.com.br\/cbradar\/wp-content\/uploads\/2025\/06\/Teresopolis_1748893354542-1140x641.jpg 1140w, https:\/\/www.correiobraziliense.com.br\/cbradar\/wp-content\/uploads\/2025\/06\/Teresopolis_1748893354542.jpg 1280w\" sizes=\"(max-width: 1024px) 100vw, 1024px\" \/><figcaption class=\"wp-element-caption\">Teres\u00f3polis \/\/ Cr\u00e9ditos: depositphotos.com \/ Ranimiro<\/figcaption><\/figure><\/div>\n\n\n<h2 class=\"wp-block-heading\">O que devo saber antes de ir a essa joia?<\/h2>\n\n\n\n<p><strong>Antes de visitar Teres\u00f3polis, prepare-se para um destino de montanha<\/strong>. A cidade est\u00e1 a 900 metros de altitude, ent\u00e3o leve agasalhos para noites frias. Trilhas exigem cal\u00e7ados adequados, e o Parque Nacional tem guias recomendados para seguran\u00e7a. A culin\u00e1ria local, com trutas e fondues, \u00e9 um destaque em restaurantes como o <strong>Viva It\u00e1lia<\/strong>. Respeite as \u00e1reas protegidas e planeje visitas em feriados, como o <strong>Corpus Christi<\/strong>, quando a cidade fica mais movimentada.<\/p>\n\n\n\n<h2 class=\"wp-block-heading\">O que fazer em Teres\u00f3polis?<\/h2>\n\n\n\n<p><strong>Teres\u00f3polis oferece atra\u00e7\u00f5es que celebram sua natureza e cultura<\/strong>. Confira os principais pontos tur\u00edsticos:<\/p>\n\n\n\n<ul class=\"wp-block-list\">\n<li><strong>Parque Nacional da Serra dos \u00d3rg\u00e3os<\/strong>: Reserva com trilhas, como a <strong>Pedra do Sino<\/strong>, e vistas deslumbrantes.<\/li>\n\n\n\n<li><strong>Feirinha do Alto<\/strong>: Mercado ao ar livre com artesanato, roupas e comidas t\u00edpicas, ideal para souvenirs.<\/li>\n\n\n\n<li><strong>Granjo Comary<\/strong>: Centro de treinamento da <strong>CBF<\/strong>, com lago e jardins abertos para visita\u00e7\u00e3o.<\/li>\n\n\n\n<li><strong>Mirante do Soberbo<\/strong>: Ponto com vista para o <strong>Dedo de Deus<\/strong>, perfeito para fotos panor\u00e2micas.<\/li>\n<\/ul>\n\n\n\n<p>Esses locais proporcionam aventuras e relaxamento, enquanto a <strong>Feirinha do Alto<\/strong> reflete a hospitalidade local.<\/p>\n\n\n\n<h2 class=\"wp-block-heading\">\u00c9 muito caro ir para Teres\u00f3polis?<\/h2>\n\n\n\n<p><strong>Viajar para Teres\u00f3polis \u00e9 acess\u00edvel com planejamento<\/strong>. Pousadas custam entre R$ 180 e R$ 400 por noite, enquanto hot\u00e9is de luxo chegam a R$ 600. Refei\u00e7\u00f5es em restaurantes t\u00edpicos variam de R$ 35 a R$ 80 por pessoa, com pratos como truta grelhada. Ingressos para o Parque Nacional custam cerca de R$ 20, e a Feirinha do Alto tem pre\u00e7os justos. Para economizar, evite feriados prolongados, quando a demanda aumenta. Teres\u00f3polis oferece bom custo-benef\u00edcio para destinos serranos.<\/p>\n\n\n\n<h2 class=\"wp-block-heading\">Vale a pena visitar Teres\u00f3polis?<\/h2>\n\n\n\n<p><strong>Visitar essa joia \u00e9 uma experi\u00eancia inesquec\u00edvel<\/strong>, com sua combina\u00e7\u00e3o de natureza e charme serrano. O Parque Nacional, a Feirinha do Alto e as vistas do Dedo de Deus encantam aventureiros e fam\u00edlias. A culin\u00e1ria e o clima ameno tornam a cidade ideal para relaxar. Seja para trilhas ou passeios tranquilos, Teres\u00f3polis \u00e9 um destino que acolhe e surpreende.<\/p>\n\n\n\n<h2 class=\"wp-block-heading\">Como chegar em Teres\u00f3polis?<\/h2>\n\n\n\n<p><strong>Chegar a Teres\u00f3polis \u00e9 f\u00e1cil, com sua proximidade ao Rio<\/strong>. O <strong>Aeroporto Internacional Tom Jobim (GIG)<\/strong>, a 90 km, \u00e9 o mais pr\u00f3ximo, com voos de todo o Brasil. De carro, a <strong>BR-116<\/strong> conecta Teres\u00f3polis ao <strong>Rio de Janeiro<\/strong> (1h30) e <strong>Petr\u00f3polis<\/strong> (1h). \u00d4nibus da <strong>Via\u00e7\u00e3o Teres\u00f3polis<\/strong> saem da <strong>Rodovi\u00e1ria do Rio<\/strong>, com viagens de 2h (R$ 30 a R$ 50). Na cidade, o centro \u00e9 explor\u00e1vel a p\u00e9, mas <strong>Uber<\/strong> \u00e9 \u00fatil para atra\u00e7\u00f5es distantes.<\/p>\n","protected":false},"excerpt":{"rendered":"<p>Teres\u00f3polis, na serra fluminense, \u00e9 um destino encantador no Rio de Janeiro, conhecido por sua natureza exuberante e clima ameno. Lar do Parque Nacional da Serra dos \u00d3rg\u00e3os, a cidade atrai aventureiros e amantes de tranquilidade. Com paisagens montanhosas e gastronomia acolhedora, Teres\u00f3polis \u00e9 perfeita para escapadas. Descubra por que este ref\u00fagio serrano \u00e9 um [&hellip;]<\/p>\n","protected":false},"author":8,"featured_media":47122,"comment_status":"open","ping_status":"open","sticky":false,"template":"","format":"standard","meta":{"jnews-multi-image_gallery":[],"jnews_single_post":{"format":"standard"},"jnews_primary_category":[],"jnews_social_meta":[],"jnews_override_counter":[],"footnotes":""},"categories":[108,111],"post_tag":[225,304,5565],"class_list":["post-53873","post","type-post","status-publish","format-standard","has-post-thumbnail","hentry","category-cidades","category-turismo","tag-brasil","tag-rio-de-janeiro","tag-teresopolis"],"yoast_head":"<!-- This site is optimized with the Yoast SEO plugin v24.6 - https:\/\/yoast.com\/wordpress\/plugins\/seo\/ -->\n<title>Uma joia tranquila no alto das montanhas do Rio de Janeiro - Correio Braziliense - Radar<\/title>\n<meta name=\"description\" content=\"Essa joia \u00e9 um para\u00edso escondido nas montanhas do RJ encanta com clima fresco, paisagens incr\u00edveis e qualidade de vida surpreendente.\" \/>\n<meta name=\"robots\" content=\"index, follow, max-snippet:-1, max-image-preview:large, max-video-preview:-1\" \/>\n<link rel=\"canonical\" href=\"https:\/\/www.correiobraziliense.com.br\/cbradar\/uma-joia-tranquila-no-alto-das-montanhas-do-rio-de-janeiro\/\" \/>\n<meta property=\"og:locale\" content=\"pt_BR\" \/>\n<meta property=\"og:type\" content=\"article\" \/>\n<meta property=\"og:title\" content=\"Uma joia tranquila no alto das montanhas do Rio de Janeiro - Correio Braziliense - Radar\" \/>\n<meta property=\"og:description\" content=\"Essa joia \u00e9 um para\u00edso escondido nas montanhas do RJ encanta com clima fresco, paisagens incr\u00edveis e qualidade de vida surpreendente.\" \/>\n<meta property=\"og:url\" content=\"https:\/\/www.correiobraziliense.com.br\/cbradar\/uma-joia-tranquila-no-alto-das-montanhas-do-rio-de-janeiro\/\" \/>\n<meta property=\"og:site_name\" content=\"Correio Braziliense - Radar\" \/>\n<meta property=\"article:published_time\" content=\"2025-06-17T00:50:00+00:00\" \/>\n<meta property=\"og:image\" content=\"https:\/\/www.correiobraziliense.com.br\/cbradar\/wp-content\/uploads\/2025\/06\/Teresopolis_1748893258114.jpg\" \/>\n\t<meta property=\"og:image:width\" content=\"1280\" \/>\n\t<meta property=\"og:image:height\" content=\"720\" \/>\n\t<meta property=\"og:image:type\" content=\"image\/jpeg\" \/>\n<meta name=\"author\" content=\"Maura Pereira\" \/>\n<meta name=\"twitter:card\" content=\"summary_large_image\" \/>\n<meta name=\"twitter:label1\" content=\"Escrito por\" \/>\n\t<meta name=\"twitter:data1\" content=\"Maura Pereira\" \/>\n\t<meta name=\"twitter:label2\" content=\"Est. tempo de leitura\" \/>\n\t<meta name=\"twitter:data2\" content=\"4 minutos\" \/>\n<!-- \/ Yoast SEO plugin. -->","yoast_head_json":{"title":"Uma joia tranquila no alto das montanhas do Rio de Janeiro - Correio Braziliense - Radar","description":"Essa joia \u00e9 um para\u00edso escondido nas montanhas do RJ encanta com clima fresco, paisagens incr\u00edveis e qualidade de vida surpreendente.","robots":{"index":"index","follow":"follow","max-snippet":"max-snippet:-1","max-image-preview":"max-image-preview:large","max-video-preview":"max-video-preview:-1"},"canonical":"https:\/\/www.correiobraziliense.com.br\/cbradar\/uma-joia-tranquila-no-alto-das-montanhas-do-rio-de-janeiro\/","og_locale":"pt_BR","og_type":"article","og_title":"Uma joia tranquila no alto das montanhas do Rio de Janeiro - Correio Braziliense - Radar","og_description":"Essa joia \u00e9 um para\u00edso escondido nas montanhas do RJ encanta com clima fresco, paisagens incr\u00edveis e qualidade de vida surpreendente.","og_url":"https:\/\/www.correiobraziliense.com.br\/cbradar\/uma-joia-tranquila-no-alto-das-montanhas-do-rio-de-janeiro\/","og_site_name":"Correio Braziliense - Radar","article_published_time":"2025-06-17T00:50:00+00:00","og_image":[{"width":1280,"height":720,"url":"https:\/\/www.correiobraziliense.com.br\/cbradar\/wp-content\/uploads\/2025\/06\/Teresopolis_1748893258114.jpg","type":"image\/jpeg"}],"author":"Maura Pereira","twitter_card":"summary_large_image","twitter_misc":{"Escrito por":"Maura Pereira","Est. tempo de leitura":"4 minutos"},"schema":{"@context":"https:\/\/schema.org","@graph":[{"@type":"WebPage","@id":"https:\/\/www.correiobraziliense.com.br\/cbradar\/uma-joia-tranquila-no-alto-das-montanhas-do-rio-de-janeiro\/","url":"https:\/\/www.correiobraziliense.com.br\/cbradar\/uma-joia-tranquila-no-alto-das-montanhas-do-rio-de-janeiro\/","name":"Uma joia tranquila no alto das montanhas do Rio de Janeiro - Correio Braziliense - Radar","isPartOf":{"@id":"https:\/\/www.correiobraziliense.com.br\/cbradar\/#website"},"primaryImageOfPage":{"@id":"https:\/\/www.correiobraziliense.com.br\/cbradar\/uma-joia-tranquila-no-alto-das-montanhas-do-rio-de-janeiro\/#primaryimage"},"image":{"@id":"https:\/\/www.correiobraziliense.com.br\/cbradar\/uma-joia-tranquila-no-alto-das-montanhas-do-rio-de-janeiro\/#primaryimage"},"thumbnailUrl":"https:\/\/www.correiobraziliense.com.br\/cbradar\/wp-content\/uploads\/2025\/06\/Teresopolis_1748893258114.jpg","datePublished":"2025-06-17T00:50:00+00:00","author":{"@id":"https:\/\/www.correiobraziliense.com.br\/cbradar\/#\/schema\/person\/4053c651a9bfc785afc6f4cbc9032fd3"},"description":"Essa joia \u00e9 um para\u00edso escondido nas montanhas do RJ encanta com clima fresco, paisagens incr\u00edveis e qualidade de vida surpreendente.","breadcrumb":{"@id":"https:\/\/www.correiobraziliense.com.br\/cbradar\/uma-joia-tranquila-no-alto-das-montanhas-do-rio-de-janeiro\/#breadcrumb"},"inLanguage":"pt-BR","potentialAction":[{"@type":"ReadAction","target":["https:\/\/www.correiobraziliense.com.br\/cbradar\/uma-joia-tranquila-no-alto-das-montanhas-do-rio-de-janeiro\/"]}]},{"@type":"ImageObject","inLanguage":"pt-BR","@id":"https:\/\/www.correiobraziliense.com.br\/cbradar\/uma-joia-tranquila-no-alto-das-montanhas-do-rio-de-janeiro\/#primaryimage","url":"https:\/\/www.correiobraziliense.com.br\/cbradar\/wp-content\/uploads\/2025\/06\/Teresopolis_1748893258114.jpg","contentUrl":"https:\/\/www.correiobraziliense.com.br\/cbradar\/wp-content\/uploads\/2025\/06\/Teresopolis_1748893258114.jpg","width":1280,"height":720,"caption":"Em Teres\u00f3polis, aproveite feiras de artesanato, mirantes, caf\u00e9s charmosos e clima agrad\u00e1vel o ano inteiro. \/\/ Cr\u00e9ditos: depositphotos.com \/ Ranimiro"},{"@type":"BreadcrumbList","@id":"https:\/\/www.correiobraziliense.com.br\/cbradar\/uma-joia-tranquila-no-alto-das-montanhas-do-rio-de-janeiro\/#breadcrumb","itemListElement":[{"@type":"ListItem","position":1,"name":"In\u00edcio","item":"https:\/\/www.correiobraziliense.com.br\/cbradar\/"},{"@type":"ListItem","position":2,"name":"Uma joia tranquila no alto das montanhas do Rio de Janeiro"}]},{"@type":"WebSite","@id":"https:\/\/www.correiobraziliense.com.br\/cbradar\/#website","url":"https:\/\/www.correiobraziliense.com.br\/cbradar\/","name":"Correio Braziliense - Radar","description":"Acompanhe as \u00faltimas not\u00edcias e fique bem informado sobre tudo o que acontece no Brasil e no mundo.","potentialAction":[{"@type":"SearchAction","target":{"@type":"EntryPoint","urlTemplate":"https:\/\/www.correiobraziliense.com.br\/cbradar\/?s={search_term_string}"},"query-input":{"@type":"PropertyValueSpecification","valueRequired":true,"valueName":"search_term_string"}}],"inLanguage":"pt-BR"},{"@type":"Person","@id":"https:\/\/www.correiobraziliense.com.br\/cbradar\/#\/schema\/person\/4053c651a9bfc785afc6f4cbc9032fd3","name":"Maura Pereira","image":{"@type":"ImageObject","inLanguage":"pt-BR","@id":"https:\/\/www.correiobraziliense.com.br\/cbradar\/#\/schema\/person\/image\/","url":"https:\/\/secure.gravatar.com\/avatar\/3effd6bdadfa447f15089c7f7144eaa6?s=96&d=mm&r=g","contentUrl":"https:\/\/secure.gravatar.com\/avatar\/3effd6bdadfa447f15089c7f7144eaa6?s=96&d=mm&r=g","caption":"Maura Pereira"},"sameAs":["https:\/\/www.correiobraziliense.com.br\/"],"url":"https:\/\/www.correiobraziliense.com.br\/cbradar\/author\/mauramyth\/"}]}},"_links":{"self":[{"href":"https:\/\/www.correiobraziliense.com.br\/cbradar\/wp-json\/wp\/v2\/posts\/53873","targetHints":{"allow":["GET"]}}],"collection":[{"href":"https:\/\/www.correiobraziliense.com.br\/cbradar\/wp-json\/wp\/v2\/posts"}],"about":[{"href":"https:\/\/www.correiobraziliense.com.br\/cbradar\/wp-json\/wp\/v2\/types\/post"}],"author":[{"embeddable":true,"href":"https:\/\/www.correiobraziliense.com.br\/cbradar\/wp-json\/wp\/v2\/users\/8"}],"replies":[{"embeddable":true,"href":"https:\/\/www.correiobraziliense.com.br\/cbradar\/wp-json\/wp\/v2\/comments?post=53873"}],"version-history":[{"count":7,"href":"https:\/\/www.correiobraziliense.com.br\/cbradar\/wp-json\/wp\/v2\/posts\/53873\/revisions"}],"predecessor-version":[{"id":54046,"href":"https:\/\/www.correiobraziliense.com.br\/cbradar\/wp-json\/wp\/v2\/posts\/53873\/revisions\/54046"}],"wp:featuredmedia":[{"embeddable":true,"href":"https:\/\/www.correiobraziliense.com.br\/cbradar\/wp-json\/wp\/v2\/media\/47122"}],"wp:attachment":[{"href":"https:\/\/www.correiobraziliense.com.br\/cbradar\/wp-json\/wp\/v2\/media?parent=53873"}],"wp:term":[{"taxonomy":"category","embeddable":true,"href":"https:\/\/www.correiobraziliense.com.br\/cbradar\/wp-json\/wp\/v2\/categories?post=53873"},{"taxonomy":"post_tag","embeddable":true,"href":"https:\/\/www.correiobraziliense.com.br\/cbradar\/wp-json\/wp\/v2\/post_tag?post=53873"}],"curies":[{"name":"wp","href":"https:\/\/api.w.org\/{rel}","templated":true}]}}