{"id":55316,"date":"2025-06-20T21:50:00","date_gmt":"2025-06-21T00:50:00","guid":{"rendered":"https:\/\/www.correiobraziliense.com.br\/cbradar\/?p=55316"},"modified":"2025-06-17T18:49:16","modified_gmt":"2025-06-17T21:49:16","slug":"encante-se-com-esse-destino-incrivel-do-caribe-brasileiro","status":"publish","type":"post","link":"https:\/\/www.correiobraziliense.com.br\/cbradar\/encante-se-com-esse-destino-incrivel-do-caribe-brasileiro\/","title":{"rendered":"Encante-se com esse destino incr\u00edvel do caribe brasileiro"},"content":{"rendered":"\n<p><strong><a href=\"https:\/\/portal.arraial.rj.gov.br\/\" target=\"_blank\" rel=\"noreferrer noopener\">Arraial do Cabo<\/a><\/strong>, no <strong><a href=\"https:\/\/www.correiobraziliense.com.br\/cbradar\/a-cidade-industrial-do-rio-de-janeiro-que-voce-precisa-conhecer\/\" target=\"_blank\" rel=\"noreferrer noopener\">Rio de Janeiro<\/a><\/strong>, \u00e9 conhecido como o <strong>Caribe Brasileiro<\/strong> por suas praias de \u00e1guas cristalinas e areias brancas. Localizado na <strong>Regi\u00e3o dos Lagos<\/strong>, o destino \u00e9 perfeito para quem busca sol, mar e natureza. Planeje sua viagem para 2025 com este guia completo.<\/p>\n\n\n\n<h2 class=\"wp-block-heading\">Qual \u00e9 a melhor \u00e9poca para ir para Arraial do Cabo?<\/h2>\n\n\n\n<p><strong>A melhor \u00e9poca para visitar Arraial do Cabo \u00e9 entre abril e outubro<\/strong>, quando o clima \u00e9 seco e as \u00e1guas est\u00e3o mais claras, ideais para mergulho. As temperaturas variam entre 20\u00b0C e 30\u00b0C, perfeitas para aproveitar as praias. A alta temporada (dezembro a fevereiro) atrai mais turistas, especialmente durante o <strong>Carnaval<\/strong>, mas pode ter chuvas. A baixa temporada (maio e setembro) oferece tranquilidade e menos lota\u00e7\u00e3o. Eventos como a <strong>Festa de S\u00e3o Sebasti\u00e3o<\/strong>, em janeiro, celebram a cultura local.<\/p>\n\n\n<div class=\"wp-block-image\">\n<figure class=\"aligncenter size-large\"><img decoding=\"async\" width=\"1024\" height=\"576\" src=\"https:\/\/www.correiobraziliense.com.br\/cbradar\/wp-content\/uploads\/2025\/03\/Arraial-do-Cabo_1741572702310-1024x576.jpg\" alt=\"Conhe\u00e7a esse destino incr\u00edvel do caribe brasileiro\" class=\"wp-image-11010\" srcset=\"https:\/\/www.correiobraziliense.com.br\/cbradar\/wp-content\/uploads\/2025\/03\/Arraial-do-Cabo_1741572702310-1024x576.jpg 1024w, https:\/\/www.correiobraziliense.com.br\/cbradar\/wp-content\/uploads\/2025\/03\/Arraial-do-Cabo_1741572702310-300x169.jpg 300w, https:\/\/www.correiobraziliense.com.br\/cbradar\/wp-content\/uploads\/2025\/03\/Arraial-do-Cabo_1741572702310-768x432.jpg 768w, https:\/\/www.correiobraziliense.com.br\/cbradar\/wp-content\/uploads\/2025\/03\/Arraial-do-Cabo_1741572702310-750x422.jpg 750w, https:\/\/www.correiobraziliense.com.br\/cbradar\/wp-content\/uploads\/2025\/03\/Arraial-do-Cabo_1741572702310-1140x641.jpg 1140w, https:\/\/www.correiobraziliense.com.br\/cbradar\/wp-content\/uploads\/2025\/03\/Arraial-do-Cabo_1741572702310.jpg 1280w\" sizes=\"(max-width: 1024px) 100vw, 1024px\" \/><figcaption class=\"wp-element-caption\">Arraial do Cabo \/\/ Cr\u00e9ditos: depositphotos.com \/ eduazeredo<\/figcaption><\/figure><\/div>\n\n\n<h2 class=\"wp-block-heading\">O que devo saber antes de ir a Arraial do Cabo?<\/h2>\n\n\n\n<p><strong>Arraial do Cabo<\/strong> \u00e9 uma cidade pequena, com infraestrutura tur\u00edstica focada nas praias. Reserve hospedagem com anteced\u00eancia, especialmente na alta temporada. Leve protetor solar, \u00f3culos de sol e chinelos, pois os passeios envolvem sol intenso. A locomo\u00e7\u00e3o \u00e9 f\u00e1cil a p\u00e9 no centro, mas carros alugados ou t\u00e1xis ajudam a acessar praias mais distantes, como <strong>Prainhas do Pontal<\/strong>. A culin\u00e1ria local \u00e9 rica em frutos do mar, com destaque para o <strong>peixe na brasa<\/strong>. Algumas praias t\u00eam acesso controlado para preserva\u00e7\u00e3o, ent\u00e3o verifique com ag\u00eancias locais.<\/p>\n\n\n\n<h2 class=\"wp-block-heading\">O que fazer em Arraial do Cabo?<\/h2>\n\n\n\n<p><strong>Arraial do Cabo<\/strong> \u00e9 um para\u00edso para amantes do mar. Confira as principais atra\u00e7\u00f5es:<\/p>\n\n\n\n<ul class=\"wp-block-list\">\n<li><strong>Prainhas do Pontal do Atalaia<\/strong>: Praias g\u00eameas com \u00e1guas turquesas, acess\u00edveis por escadarias ou barco.<\/li>\n\n\n\n<li><strong>Praia do Farol<\/strong>: Considerada uma das mais bonitas do Brasil, com acesso restrito por barco.<\/li>\n\n\n\n<li><strong>Passeio de barco<\/strong>: Roteiros passam por ilhas e grutas, como a <strong>Gruta Azul<\/strong>, com paradas para mergulho.<\/li>\n\n\n\n<li><strong>Praia do Forno<\/strong>: Acess\u00edvel por trilha ou barco, ideal para snorkeling.<\/li>\n\n\n\n<li><strong>Mirante do Pontal<\/strong>: Vista panor\u00e2mica das praias, perfeito para fotos ao p\u00f4r do sol.<\/li>\n<\/ul>\n\n\n\n<p>Al\u00e9m disso, explore o centro \u00e0 noite, com restaurantes e bares que oferecem pratos frescos e m\u00fasica ao vivo.<\/p>\n\n\n\n<h2 class=\"wp-block-heading\">\u00c9 muito caro ir para esse destino?<\/h2>\n\n\n\n<p><strong>Arraial do Cabo \u00e9 um destino relativamente acess\u00edvel.<\/strong> Pousadas custam de R$ 150 a R$ 500 por noite para um casal, com hot\u00e9is mais sofisticados a partir de R$ 800. Refei\u00e7\u00f5es em restaurantes de frutos do mar custam de R$ 40 a R$ 100 por pessoa. Passeios de barco custam entre R$ 80 e R$ 150 por pessoa, enquanto mergulhos com cilindro saem por R$ 250 a R$ 400. Aluguel de carros custa cerca de R$ 120 por dia. Viajar na baixa temporada e reservar passeios em grupo reduz os custos significativamente.<\/p>\n\n\n\n<h2 class=\"wp-block-heading\">Vale a pena visitar Arraial do Cabo?<\/h2>\n\n\n\n<p><strong>Sim, Arraial do Cabo vale muito a pena!<\/strong> Suas praias de beleza incompar\u00e1vel e \u00e1guas cristalinas rivalizam com destinos caribenhos. O destino oferece experi\u00eancias para todos, desde mergulhadores at\u00e9 fam\u00edlias em busca de relaxamento. A preserva\u00e7\u00e3o ambiental e a hospitalidade local tornam a visita especial. Combinar <strong>Arraial<\/strong> com <strong>B\u00fazios<\/strong> ou <strong>Cabo Frio<\/strong>, na <strong>Regi\u00e3o dos Lagos<\/strong>, cria um roteiro perfeito para explorar o litoral fluminense.<\/p>\n\n\n\n<h2 class=\"wp-block-heading\">Como chegar em Arraial do Cabo?<\/h2>\n\n\n\n<p><strong>Arraial do Cabo<\/strong> est\u00e1 a 160 km do <strong>Rio de Janeiro<\/strong>. De carro, siga pela <strong>Via Lagos<\/strong> (RJ-124), em um trajeto de cerca de 2h30. \u00d4nibus saem do <strong>Terminal Rodovi\u00e1rio Novo Rio<\/strong>, com passagens de R$ 50 a R$ 80 e dura\u00e7\u00e3o de 3 horas. O <strong>Aeroporto de Cabo Frio<\/strong>, a 10 km, recebe voos de <strong>S\u00e3o Paulo<\/strong> e <strong>Belo Horizonte<\/strong>, mas o <strong>Aeroporto Internacional do Gale\u00e3o<\/strong>, no Rio, \u00e9 o principal ponto de entrada. Alugar um carro \u00e9 recomendado para explorar as praias com liberdade, j\u00e1 que o transporte p\u00fablico \u00e9 limitado.<\/p>\n","protected":false},"excerpt":{"rendered":"<p>Arraial do Cabo, no Rio de Janeiro, \u00e9 conhecido como o Caribe Brasileiro por suas praias de \u00e1guas cristalinas e areias brancas. Localizado na Regi\u00e3o dos Lagos, o destino \u00e9 perfeito para quem busca sol, mar e natureza. Planeje sua viagem para 2025 com este guia completo. Qual \u00e9 a melhor \u00e9poca para ir para [&hellip;]<\/p>\n","protected":false},"author":8,"featured_media":11012,"comment_status":"open","ping_status":"open","sticky":false,"template":"","format":"standard","meta":{"_yoast_wpseo_focuskw":"destino","_yoast_wpseo_title":"","_yoast_wpseo_metadesc":"Descubra o destino incr\u00edvel do Caribe brasileiro que encanta com praias paradis\u00edacas e natureza exuberante.","jnews-multi-image_gallery":[],"jnews_single_post":{"format":"standard"},"jnews_primary_category":[],"jnews_social_meta":[],"jnews_override_counter":[],"footnotes":""},"categories":[108,111],"tags":[1746,304],"class_list":["post-55316","post","type-post","status-publish","format-standard","has-post-thumbnail","hentry","category-cidades","category-turismo","tag-arraial-do-cabo","tag-rio-de-janeiro"],"yoast_head":"<!-- This site is optimized with the Yoast SEO plugin v24.6 - https:\/\/yoast.com\/wordpress\/plugins\/seo\/ -->\n<title>Encante-se com esse destino incr\u00edvel do caribe brasileiro - Correio Braziliense - Radar<\/title>\n<meta name=\"description\" content=\"Descubra o destino incr\u00edvel do Caribe brasileiro que encanta com praias paradis\u00edacas e natureza exuberante.\" \/>\n<meta name=\"robots\" content=\"index, follow, max-snippet:-1, max-image-preview:large, max-video-preview:-1\" \/>\n<link rel=\"canonical\" href=\"https:\/\/www.correiobraziliense.com.br\/cbradar\/encante-se-com-esse-destino-incrivel-do-caribe-brasileiro\/\" \/>\n<meta property=\"og:locale\" content=\"pt_BR\" \/>\n<meta property=\"og:type\" content=\"article\" \/>\n<meta property=\"og:title\" content=\"Encante-se com esse destino incr\u00edvel do caribe brasileiro - Correio Braziliense - Radar\" \/>\n<meta property=\"og:description\" content=\"Descubra o destino incr\u00edvel do Caribe brasileiro que encanta com praias paradis\u00edacas e natureza exuberante.\" \/>\n<meta property=\"og:url\" content=\"https:\/\/www.correiobraziliense.com.br\/cbradar\/encante-se-com-esse-destino-incrivel-do-caribe-brasileiro\/\" \/>\n<meta property=\"og:site_name\" content=\"Correio Braziliense - Radar\" \/>\n<meta property=\"article:published_time\" content=\"2025-06-21T00:50:00+00:00\" \/>\n<meta property=\"og:image\" content=\"https:\/\/www.correiobraziliense.com.br\/cbradar\/wp-content\/uploads\/2025\/03\/Arraial-do-Cabo_1741572712023.jpg\" \/>\n\t<meta property=\"og:image:width\" content=\"1280\" \/>\n\t<meta property=\"og:image:height\" content=\"720\" \/>\n\t<meta property=\"og:image:type\" content=\"image\/jpeg\" \/>\n<meta name=\"author\" content=\"Maura Pereira\" \/>\n<meta name=\"twitter:card\" content=\"summary_large_image\" \/>\n<meta name=\"twitter:label1\" content=\"Escrito por\" \/>\n\t<meta name=\"twitter:data1\" content=\"Maura Pereira\" \/>\n\t<meta name=\"twitter:label2\" content=\"Est. tempo de leitura\" \/>\n\t<meta name=\"twitter:data2\" content=\"4 minutos\" \/>\n<!-- \/ Yoast SEO plugin. -->","yoast_head_json":{"title":"Encante-se com esse destino incr\u00edvel do caribe brasileiro - Correio Braziliense - Radar","description":"Descubra o destino incr\u00edvel do Caribe brasileiro que encanta com praias paradis\u00edacas e natureza exuberante.","robots":{"index":"index","follow":"follow","max-snippet":"max-snippet:-1","max-image-preview":"max-image-preview:large","max-video-preview":"max-video-preview:-1"},"canonical":"https:\/\/www.correiobraziliense.com.br\/cbradar\/encante-se-com-esse-destino-incrivel-do-caribe-brasileiro\/","og_locale":"pt_BR","og_type":"article","og_title":"Encante-se com esse destino incr\u00edvel do caribe brasileiro - Correio Braziliense - Radar","og_description":"Descubra o destino incr\u00edvel do Caribe brasileiro que encanta com praias paradis\u00edacas e natureza exuberante.","og_url":"https:\/\/www.correiobraziliense.com.br\/cbradar\/encante-se-com-esse-destino-incrivel-do-caribe-brasileiro\/","og_site_name":"Correio Braziliense - Radar","article_published_time":"2025-06-21T00:50:00+00:00","og_image":[{"width":1280,"height":720,"url":"https:\/\/www.correiobraziliense.com.br\/cbradar\/wp-content\/uploads\/2025\/03\/Arraial-do-Cabo_1741572712023.jpg","type":"image\/jpeg"}],"author":"Maura Pereira","twitter_card":"summary_large_image","twitter_misc":{"Escrito por":"Maura Pereira","Est. tempo de leitura":"4 minutos"},"schema":{"@context":"https:\/\/schema.org","@graph":[{"@type":"WebPage","@id":"https:\/\/www.correiobraziliense.com.br\/cbradar\/encante-se-com-esse-destino-incrivel-do-caribe-brasileiro\/","url":"https:\/\/www.correiobraziliense.com.br\/cbradar\/encante-se-com-esse-destino-incrivel-do-caribe-brasileiro\/","name":"Encante-se com esse destino incr\u00edvel do caribe brasileiro - Correio Braziliense - Radar","isPartOf":{"@id":"https:\/\/www.correiobraziliense.com.br\/cbradar\/#website"},"primaryImageOfPage":{"@id":"https:\/\/www.correiobraziliense.com.br\/cbradar\/encante-se-com-esse-destino-incrivel-do-caribe-brasileiro\/#primaryimage"},"image":{"@id":"https:\/\/www.correiobraziliense.com.br\/cbradar\/encante-se-com-esse-destino-incrivel-do-caribe-brasileiro\/#primaryimage"},"thumbnailUrl":"https:\/\/www.correiobraziliense.com.br\/cbradar\/wp-content\/uploads\/2025\/03\/Arraial-do-Cabo_1741572712023.jpg","datePublished":"2025-06-21T00:50:00+00:00","author":{"@id":"https:\/\/www.correiobraziliense.com.br\/cbradar\/#\/schema\/person\/4053c651a9bfc785afc6f4cbc9032fd3"},"description":"Descubra o destino incr\u00edvel do Caribe brasileiro que encanta com praias paradis\u00edacas e natureza exuberante.","breadcrumb":{"@id":"https:\/\/www.correiobraziliense.com.br\/cbradar\/encante-se-com-esse-destino-incrivel-do-caribe-brasileiro\/#breadcrumb"},"inLanguage":"pt-BR","potentialAction":[{"@type":"ReadAction","target":["https:\/\/www.correiobraziliense.com.br\/cbradar\/encante-se-com-esse-destino-incrivel-do-caribe-brasileiro\/"]}]},{"@type":"ImageObject","inLanguage":"pt-BR","@id":"https:\/\/www.correiobraziliense.com.br\/cbradar\/encante-se-com-esse-destino-incrivel-do-caribe-brasileiro\/#primaryimage","url":"https:\/\/www.correiobraziliense.com.br\/cbradar\/wp-content\/uploads\/2025\/03\/Arraial-do-Cabo_1741572712023.jpg","contentUrl":"https:\/\/www.correiobraziliense.com.br\/cbradar\/wp-content\/uploads\/2025\/03\/Arraial-do-Cabo_1741572712023.jpg","width":1280,"height":720,"caption":"Arraial do Cabo\ufeff \u00e9 uma cidade costeira no estado do Rio de Janeiro, famosa pelas \u00e1guas cristalinas e belas praias. \/\/ Cr\u00e9ditos: depositphotos.com \/ eduazeredo"},{"@type":"BreadcrumbList","@id":"https:\/\/www.correiobraziliense.com.br\/cbradar\/encante-se-com-esse-destino-incrivel-do-caribe-brasileiro\/#breadcrumb","itemListElement":[{"@type":"ListItem","position":1,"name":"In\u00edcio","item":"https:\/\/www.correiobraziliense.com.br\/cbradar\/"},{"@type":"ListItem","position":2,"name":"Encante-se com esse destino incr\u00edvel do caribe brasileiro"}]},{"@type":"WebSite","@id":"https:\/\/www.correiobraziliense.com.br\/cbradar\/#website","url":"https:\/\/www.correiobraziliense.com.br\/cbradar\/","name":"Correio Braziliense - Radar","description":"Acompanhe as \u00faltimas not\u00edcias e fique bem informado sobre tudo o que acontece no Brasil e no mundo.","potentialAction":[{"@type":"SearchAction","target":{"@type":"EntryPoint","urlTemplate":"https:\/\/www.correiobraziliense.com.br\/cbradar\/?s={search_term_string}"},"query-input":{"@type":"PropertyValueSpecification","valueRequired":true,"valueName":"search_term_string"}}],"inLanguage":"pt-BR"},{"@type":"Person","@id":"https:\/\/www.correiobraziliense.com.br\/cbradar\/#\/schema\/person\/4053c651a9bfc785afc6f4cbc9032fd3","name":"Maura Pereira","image":{"@type":"ImageObject","inLanguage":"pt-BR","@id":"https:\/\/www.correiobraziliense.com.br\/cbradar\/#\/schema\/person\/image\/","url":"https:\/\/secure.gravatar.com\/avatar\/3effd6bdadfa447f15089c7f7144eaa6?s=96&d=mm&r=g","contentUrl":"https:\/\/secure.gravatar.com\/avatar\/3effd6bdadfa447f15089c7f7144eaa6?s=96&d=mm&r=g","caption":"Maura Pereira"},"sameAs":["https:\/\/www.correiobraziliense.com.br\/"],"url":"https:\/\/www.correiobraziliense.com.br\/cbradar\/author\/mauramyth\/"}]}},"_links":{"self":[{"href":"https:\/\/www.correiobraziliense.com.br\/cbradar\/wp-json\/wp\/v2\/posts\/55316","targetHints":{"allow":["GET"]}}],"collection":[{"href":"https:\/\/www.correiobraziliense.com.br\/cbradar\/wp-json\/wp\/v2\/posts"}],"about":[{"href":"https:\/\/www.correiobraziliense.com.br\/cbradar\/wp-json\/wp\/v2\/types\/post"}],"author":[{"embeddable":true,"href":"https:\/\/www.correiobraziliense.com.br\/cbradar\/wp-json\/wp\/v2\/users\/8"}],"replies":[{"embeddable":true,"href":"https:\/\/www.correiobraziliense.com.br\/cbradar\/wp-json\/wp\/v2\/comments?post=55316"}],"version-history":[{"count":5,"href":"https:\/\/www.correiobraziliense.com.br\/cbradar\/wp-json\/wp\/v2\/posts\/55316\/revisions"}],"predecessor-version":[{"id":55375,"href":"https:\/\/www.correiobraziliense.com.br\/cbradar\/wp-json\/wp\/v2\/posts\/55316\/revisions\/55375"}],"wp:featuredmedia":[{"embeddable":true,"href":"https:\/\/www.correiobraziliense.com.br\/cbradar\/wp-json\/wp\/v2\/media\/11012"}],"wp:attachment":[{"href":"https:\/\/www.correiobraziliense.com.br\/cbradar\/wp-json\/wp\/v2\/media?parent=55316"}],"wp:term":[{"taxonomy":"category","embeddable":true,"href":"https:\/\/www.correiobraziliense.com.br\/cbradar\/wp-json\/wp\/v2\/categories?post=55316"},{"taxonomy":"post_tag","embeddable":true,"href":"https:\/\/www.correiobraziliense.com.br\/cbradar\/wp-json\/wp\/v2\/tags?post=55316"}],"curies":[{"name":"wp","href":"https:\/\/api.w.org\/{rel}","templated":true}]}}