{"id":55547,"date":"2025-06-18T18:40:00","date_gmt":"2025-06-18T21:40:00","guid":{"rendered":"https:\/\/www.correiobraziliense.com.br\/cbradar\/?p=55547"},"modified":"2025-06-18T16:44:16","modified_gmt":"2025-06-18T19:44:16","slug":"a-cidade-da-baixada-que-virou-exemplo-em-saude-e-educacao","status":"publish","type":"post","link":"https:\/\/www.correiobraziliense.com.br\/cbradar\/a-cidade-da-baixada-que-virou-exemplo-em-saude-e-educacao\/","title":{"rendered":"A cidade da Baixada que virou exemplo em sa\u00fade e educa\u00e7\u00e3o"},"content":{"rendered":"\n<p><strong>Duque de Caxias,<\/strong> munic\u00edpio situado na<strong> Baixada Fluminense<\/strong>, integra a <strong>Regi\u00e3o Metropolitana do Rio de Janeiro<\/strong> e vem passando por transforma\u00e7\u00f5es marcantes em sua estrutura urbana e social. Com uma popula\u00e7\u00e3o estimada em mais de 900 mil habitantes em 2025, a cidade \u00e9 conhecida tanto por sua tradi\u00e7\u00e3o industrial quanto pelos esfor\u00e7os recentes para ampliar a oferta de servi\u00e7os p\u00fablicos e promover o desenvolvimento sustent\u00e1vel, segundo o site <a href=\"https:\/\/www.katiaribeiro.com.br\/fora-do-radar-a-cidade-do-rio-que-mais-cresce-longe-dos-holofotes\/\" target=\"_blank\" rel=\"noreferrer noopener\">Katia Ribeiro.<\/a><\/p>\n\n\n\n<p>Nos \u00faltimos anos, Duque de Caxias tem direcionado recursos para modernizar sua infraestrutura, buscando melhorar o cotidiano dos moradores e criar condi\u00e7\u00f5es favor\u00e1veis para o crescimento econ\u00f4mico. O munic\u00edpio investe em projetos de mobilidade, expans\u00e3o do saneamento b\u00e1sico e requalifica\u00e7\u00e3o de espa\u00e7os urbanos, o que tem contribu\u00eddo para valorizar bairros e atrair novos empreendimentos.<\/p>\n\n\n\n<h2 class=\"wp-block-heading\">Como a educa\u00e7\u00e3o est\u00e1 impulsionando novas oportunidades em Duque de Caxias?<\/h2>\n\n\n\n<p>A educa\u00e7\u00e3o desempenha papel central no avan\u00e7o social do munic\u00edpio. Duque de Caxias conta com uma rede diversificada de escolas p\u00fablicas e privadas, al\u00e9m de polos de ensino superior que atendem \u00e0 demanda local. O campus da Universidade do Estado do Rio de Janeiro (UERJ) representa um importante centro de forma\u00e7\u00e3o acad\u00eamica e pesquisa, colaborando para o desenvolvimento de profissionais qualificados.<\/p>\n\n\n\n<p>Al\u00e9m das institui\u00e7\u00f5es tradicionais, programas de capacita\u00e7\u00e3o e cursos t\u00e9cnicos s\u00e3o ofertados para jovens e adultos, promovendo a inser\u00e7\u00e3o no mercado de trabalho. Essas iniciativas visam preparar a popula\u00e7\u00e3o para as exig\u00eancias de setores como ind\u00fastria, com\u00e9rcio e servi\u00e7os, ampliando as perspectivas de emprego e renda.<\/p>\n\n\n\n<h2 class=\"wp-block-heading\">Quais s\u00e3o os destaques recentes na \u00e1rea da sa\u00fade na cidade?<\/h2>\n\n\n\n<p>O sistema de sa\u00fade municipal tem recebido investimentos para ampliar o acesso e melhorar a qualidade do atendimento. O Hospital Municipal Dr. Moacyr Rodrigues do Carmo, refer\u00eancia na regi\u00e3o, passou por amplia\u00e7\u00f5es e moderniza\u00e7\u00f5es, buscando atender \u00e0 crescente demanda da popula\u00e7\u00e3o. Unidades de sa\u00fade da fam\u00edlia e postos de atendimento foram estruturados em diferentes bairros, facilitando o acesso a consultas, exames e vacina\u00e7\u00e3o.<\/p>\n\n\n\n<p>Campanhas de preven\u00e7\u00e3o e a\u00e7\u00f5es de sa\u00fade coletiva tamb\u00e9m fazem parte da estrat\u00e9gia do munic\u00edpio, com foco em reduzir \u00edndices de doen\u00e7as e promover h\u00e1bitos saud\u00e1veis. A descentraliza\u00e7\u00e3o dos servi\u00e7os permite que moradores de \u00e1reas mais afastadas tenham acesso facilitado ao atendimento m\u00e9dico.<\/p>\n\n\n<div class=\"wp-block-image\">\n<figure class=\"aligncenter size-large\"><img decoding=\"async\" width=\"1024\" height=\"576\" src=\"https:\/\/www.correiobraziliense.com.br\/cbradar\/wp-content\/uploads\/2025\/06\/duque-de-caxias_1750275381999-1024x576.jpg\" alt=\"A cidade da Baixada que virou exemplo em sa\u00fade e educa\u00e7\u00e3o\" class=\"wp-image-55549\" srcset=\"https:\/\/www.correiobraziliense.com.br\/cbradar\/wp-content\/uploads\/2025\/06\/duque-de-caxias_1750275381999-1024x576.jpg 1024w, https:\/\/www.correiobraziliense.com.br\/cbradar\/wp-content\/uploads\/2025\/06\/duque-de-caxias_1750275381999-300x169.jpg 300w, https:\/\/www.correiobraziliense.com.br\/cbradar\/wp-content\/uploads\/2025\/06\/duque-de-caxias_1750275381999-768x432.jpg 768w, https:\/\/www.correiobraziliense.com.br\/cbradar\/wp-content\/uploads\/2025\/06\/duque-de-caxias_1750275381999-750x422.jpg 750w, https:\/\/www.correiobraziliense.com.br\/cbradar\/wp-content\/uploads\/2025\/06\/duque-de-caxias_1750275381999-1140x641.jpg 1140w, https:\/\/www.correiobraziliense.com.br\/cbradar\/wp-content\/uploads\/2025\/06\/duque-de-caxias_1750275381999.jpg 1280w\" sizes=\"(max-width: 1024px) 100vw, 1024px\" \/><figcaption class=\"wp-element-caption\">Bandeira de Duque de Caxias (Cr\u00e9ditos: depositphotos.com \/ AleksTaurus)<\/figcaption><\/figure><\/div>\n\n\n<h2 class=\"wp-block-heading\">O que movimenta a economia e a cultura em Duque de Caxias?<\/h2>\n\n\n\n<p>Reconhecida como um dos principais polos industriais do estado, Duque de Caxias abriga refinarias, centros log\u00edsticos e empresas de grande porte, que impulsionam a gera\u00e7\u00e3o de empregos e a arrecada\u00e7\u00e3o municipal. O com\u00e9rcio local \u00e9 <a href=\"https:\/\/www.correiobraziliense.com.br\/cbradar\/a-melhor-maneira-de-recomecar-a-vida-com-mais-confianca-e-equilibrio\/\" target=\"_blank\" rel=\"noreferrer noopener\">din\u00e2mico<\/a>, com mercados, shoppings e feiras que atendem \u00e0 popula\u00e7\u00e3o crescente.<\/p>\n\n\n\n<p>No campo cultural, a cidade valoriza suas ra\u00edzes por meio de eventos, festas populares e espa\u00e7os de promo\u00e7\u00e3o art\u00edstica. O Museu Ci\u00eancia e Vida oferece exposi\u00e7\u00f5es e atividades educativas, enquanto centros culturais como a Casa Brasil-\u00c1frica promovem a diversidade e o interc\u00e2mbio cultural. Festividades religiosas e manifesta\u00e7\u00f5es folcl\u00f3ricas tamb\u00e9m fazem parte do calend\u00e1rio anual, fortalecendo a identidade local.<\/p>\n\n\n\n<h2 class=\"wp-block-heading\">Quais s\u00e3o os principais pontos tur\u00edsticos e de lazer na cidade?<\/h2>\n\n\n\n<p>Duque de Caxias apresenta op\u00e7\u00f5es variadas para quem busca lazer, contato com a natureza e experi\u00eancias culturais. Entre os destaques est\u00e3o:<\/p>\n\n\n\n<ul class=\"wp-block-list\">\n<li><strong>Parque Natural Municipal da Taquara:<\/strong> \u00c1rea de preserva\u00e7\u00e3o ambiental com trilhas e paisagens naturais.<\/li>\n\n\n\n<li><strong>Museu Ci\u00eancia e Vida:<\/strong> Espa\u00e7o dedicado \u00e0 divulga\u00e7\u00e3o cient\u00edfica e cultural.<\/li>\n\n\n\n<li><strong>Igreja de Nossa Senhora do Pilar:<\/strong> Constru\u00e7\u00e3o hist\u00f3rica do s\u00e9culo XVIII, s\u00edmbolo do patrim\u00f4nio local.<\/li>\n\n\n\n<li><strong>Feira de Caxias:<\/strong> Tradicional ponto de encontro para compras e gastronomia regional.<\/li>\n\n\n\n<li><strong>Esta\u00e7\u00e3o Ferrovi\u00e1ria:<\/strong> Importante marco do desenvolvimento urbano e hist\u00f3rico do munic\u00edpio.<\/li>\n\n\n\n<li><strong>Casa Brasil-\u00c1frica:<\/strong> Centro de valoriza\u00e7\u00e3o da cultura afro-brasileira.<\/li>\n<\/ul>\n\n\n\n<p>Esses locais atraem tanto moradores quanto visitantes, oferecendo op\u00e7\u00f5es para diferentes perfis e interesses.<\/p>\n\n\n\n<h2 class=\"wp-block-heading\">Por que Duque de Caxias tem atra\u00eddo novos moradores?<\/h2>\n\n\n\n<p>O munic\u00edpio tem se destacado como alternativa para quem busca proximidade com a capital fluminense, mas prefere um ambiente com custo de vida mais acess\u00edvel. Bairros como Jardim Primavera e Parque Fluminense v\u00eam recebendo investimentos em infraestrutura, com\u00e9rcio e lazer, tornando-se op\u00e7\u00f5es atrativas para fam\u00edlias e profissionais.<\/p>\n\n\n\n<p>Combinando tradi\u00e7\u00e3o industrial, avan\u00e7os em servi\u00e7os p\u00fablicos e diversidade cultural, Duque de Caxias segue em expans\u00e3o e se consolida como um dos principais destinos da Baixada Fluminense para viver, trabalhar e investir, segundo o site <a href=\"https:\/\/crocheonline.com.br\/2025\/06\/18\/essa-tradicao-fotografica-do-passado-revela-muito-sobre-a-sociedade\/\" target=\"_blank\" rel=\"noreferrer noopener\">Croch\u00ea Online.<\/a><\/p>\n","protected":false},"excerpt":{"rendered":"<p>Duque de Caxias, munic\u00edpio situado na Baixada Fluminense, integra a Regi\u00e3o Metropolitana do Rio de Janeiro e vem passando por transforma\u00e7\u00f5es marcantes em sua estrutura urbana e social. Com uma popula\u00e7\u00e3o estimada em mais de 900 mil habitantes em 2025, a cidade \u00e9 conhecida tanto por sua tradi\u00e7\u00e3o industrial quanto pelos esfor\u00e7os recentes para ampliar [&hellip;]<\/p>\n","protected":false},"author":10,"featured_media":55548,"comment_status":"open","ping_status":"open","sticky":false,"template":"","format":"standard","meta":{"_yoast_wpseo_focuskw":"cidade","_yoast_wpseo_title":"","_yoast_wpseo_metadesc":"Cidade que une tradi\u00e7\u00e3o e inova\u00e7\u00e3o, Duque de Caxias tem atra\u00eddo moradores e empresas. Conhe\u00e7a os motivos por tr\u00e1s desse crescimento.","jnews-multi-image_gallery":[],"jnews_single_post":{"format":"standard"},"jnews_primary_category":[],"jnews_social_meta":[],"jnews_override_counter":[],"footnotes":""},"categories":[108],"tags":[6710,204,304],"class_list":["post-55547","post","type-post","status-publish","format-standard","has-post-thumbnail","hentry","category-cidades","tag-baixada-fluminense","tag-cidade","tag-rio-de-janeiro"],"yoast_head":"<!-- This site is optimized with the Yoast SEO plugin v24.6 - https:\/\/yoast.com\/wordpress\/plugins\/seo\/ -->\n<title>A cidade da Baixada que virou exemplo em sa\u00fade e educa\u00e7\u00e3o - Correio Braziliense - Radar<\/title>\n<meta name=\"description\" content=\"Cidade que une tradi\u00e7\u00e3o e inova\u00e7\u00e3o, Duque de Caxias tem atra\u00eddo moradores e empresas. Conhe\u00e7a os motivos por tr\u00e1s desse crescimento.\" \/>\n<meta name=\"robots\" content=\"index, follow, max-snippet:-1, max-image-preview:large, max-video-preview:-1\" \/>\n<link rel=\"canonical\" href=\"https:\/\/www.correiobraziliense.com.br\/cbradar\/a-cidade-da-baixada-que-virou-exemplo-em-saude-e-educacao\/\" \/>\n<meta property=\"og:locale\" content=\"pt_BR\" \/>\n<meta property=\"og:type\" content=\"article\" \/>\n<meta property=\"og:title\" content=\"A cidade da Baixada que virou exemplo em sa\u00fade e educa\u00e7\u00e3o - Correio Braziliense - Radar\" \/>\n<meta property=\"og:description\" content=\"Cidade que une tradi\u00e7\u00e3o e inova\u00e7\u00e3o, Duque de Caxias tem atra\u00eddo moradores e empresas. Conhe\u00e7a os motivos por tr\u00e1s desse crescimento.\" \/>\n<meta property=\"og:url\" content=\"https:\/\/www.correiobraziliense.com.br\/cbradar\/a-cidade-da-baixada-que-virou-exemplo-em-saude-e-educacao\/\" \/>\n<meta property=\"og:site_name\" content=\"Correio Braziliense - Radar\" \/>\n<meta property=\"article:published_time\" content=\"2025-06-18T21:40:00+00:00\" \/>\n<meta property=\"og:image\" content=\"https:\/\/www.correiobraziliense.com.br\/cbradar\/wp-content\/uploads\/2025\/06\/duque-de-caxias_1750275295461.jpg\" \/>\n\t<meta property=\"og:image:width\" content=\"1280\" \/>\n\t<meta property=\"og:image:height\" content=\"720\" \/>\n\t<meta property=\"og:image:type\" content=\"image\/jpeg\" \/>\n<meta name=\"author\" content=\"Patryck Rubim\" \/>\n<meta name=\"twitter:card\" content=\"summary_large_image\" \/>\n<meta name=\"twitter:label1\" content=\"Escrito por\" \/>\n\t<meta name=\"twitter:data1\" content=\"Patryck Rubim\" \/>\n\t<meta name=\"twitter:label2\" content=\"Est. tempo de leitura\" \/>\n\t<meta name=\"twitter:data2\" content=\"5 minutos\" \/>\n<!-- \/ Yoast SEO plugin. -->","yoast_head_json":{"title":"A cidade da Baixada que virou exemplo em sa\u00fade e educa\u00e7\u00e3o - Correio Braziliense - Radar","description":"Cidade que une tradi\u00e7\u00e3o e inova\u00e7\u00e3o, Duque de Caxias tem atra\u00eddo moradores e empresas. Conhe\u00e7a os motivos por tr\u00e1s desse crescimento.","robots":{"index":"index","follow":"follow","max-snippet":"max-snippet:-1","max-image-preview":"max-image-preview:large","max-video-preview":"max-video-preview:-1"},"canonical":"https:\/\/www.correiobraziliense.com.br\/cbradar\/a-cidade-da-baixada-que-virou-exemplo-em-saude-e-educacao\/","og_locale":"pt_BR","og_type":"article","og_title":"A cidade da Baixada que virou exemplo em sa\u00fade e educa\u00e7\u00e3o - Correio Braziliense - Radar","og_description":"Cidade que une tradi\u00e7\u00e3o e inova\u00e7\u00e3o, Duque de Caxias tem atra\u00eddo moradores e empresas. Conhe\u00e7a os motivos por tr\u00e1s desse crescimento.","og_url":"https:\/\/www.correiobraziliense.com.br\/cbradar\/a-cidade-da-baixada-que-virou-exemplo-em-saude-e-educacao\/","og_site_name":"Correio Braziliense - Radar","article_published_time":"2025-06-18T21:40:00+00:00","og_image":[{"width":1280,"height":720,"url":"https:\/\/www.correiobraziliense.com.br\/cbradar\/wp-content\/uploads\/2025\/06\/duque-de-caxias_1750275295461.jpg","type":"image\/jpeg"}],"author":"Patryck Rubim","twitter_card":"summary_large_image","twitter_misc":{"Escrito por":"Patryck Rubim","Est. tempo de leitura":"5 minutos"},"schema":{"@context":"https:\/\/schema.org","@graph":[{"@type":"WebPage","@id":"https:\/\/www.correiobraziliense.com.br\/cbradar\/a-cidade-da-baixada-que-virou-exemplo-em-saude-e-educacao\/","url":"https:\/\/www.correiobraziliense.com.br\/cbradar\/a-cidade-da-baixada-que-virou-exemplo-em-saude-e-educacao\/","name":"A cidade da Baixada que virou exemplo em sa\u00fade e educa\u00e7\u00e3o - Correio Braziliense - Radar","isPartOf":{"@id":"https:\/\/www.correiobraziliense.com.br\/cbradar\/#website"},"primaryImageOfPage":{"@id":"https:\/\/www.correiobraziliense.com.br\/cbradar\/a-cidade-da-baixada-que-virou-exemplo-em-saude-e-educacao\/#primaryimage"},"image":{"@id":"https:\/\/www.correiobraziliense.com.br\/cbradar\/a-cidade-da-baixada-que-virou-exemplo-em-saude-e-educacao\/#primaryimage"},"thumbnailUrl":"https:\/\/www.correiobraziliense.com.br\/cbradar\/wp-content\/uploads\/2025\/06\/duque-de-caxias_1750275295461.jpg","datePublished":"2025-06-18T21:40:00+00:00","author":{"@id":"https:\/\/www.correiobraziliense.com.br\/cbradar\/#\/schema\/person\/0b5992d675b1f63c387b16a19dffbda7"},"description":"Cidade que une tradi\u00e7\u00e3o e inova\u00e7\u00e3o, Duque de Caxias tem atra\u00eddo moradores e empresas. Conhe\u00e7a os motivos por tr\u00e1s desse crescimento.","breadcrumb":{"@id":"https:\/\/www.correiobraziliense.com.br\/cbradar\/a-cidade-da-baixada-que-virou-exemplo-em-saude-e-educacao\/#breadcrumb"},"inLanguage":"pt-BR","potentialAction":[{"@type":"ReadAction","target":["https:\/\/www.correiobraziliense.com.br\/cbradar\/a-cidade-da-baixada-que-virou-exemplo-em-saude-e-educacao\/"]}]},{"@type":"ImageObject","inLanguage":"pt-BR","@id":"https:\/\/www.correiobraziliense.com.br\/cbradar\/a-cidade-da-baixada-que-virou-exemplo-em-saude-e-educacao\/#primaryimage","url":"https:\/\/www.correiobraziliense.com.br\/cbradar\/wp-content\/uploads\/2025\/06\/duque-de-caxias_1750275295461.jpg","contentUrl":"https:\/\/www.correiobraziliense.com.br\/cbradar\/wp-content\/uploads\/2025\/06\/duque-de-caxias_1750275295461.jpg","width":1280,"height":720,"caption":"Duque de Caxias (Cr\u00e9ditos: depositphotos.com \/ dabldy)"},{"@type":"BreadcrumbList","@id":"https:\/\/www.correiobraziliense.com.br\/cbradar\/a-cidade-da-baixada-que-virou-exemplo-em-saude-e-educacao\/#breadcrumb","itemListElement":[{"@type":"ListItem","position":1,"name":"In\u00edcio","item":"https:\/\/www.correiobraziliense.com.br\/cbradar\/"},{"@type":"ListItem","position":2,"name":"A cidade da Baixada que virou exemplo em sa\u00fade e educa\u00e7\u00e3o"}]},{"@type":"WebSite","@id":"https:\/\/www.correiobraziliense.com.br\/cbradar\/#website","url":"https:\/\/www.correiobraziliense.com.br\/cbradar\/","name":"Correio Braziliense - Radar","description":"Acompanhe as \u00faltimas not\u00edcias e fique bem informado sobre tudo o que acontece no Brasil e no mundo.","potentialAction":[{"@type":"SearchAction","target":{"@type":"EntryPoint","urlTemplate":"https:\/\/www.correiobraziliense.com.br\/cbradar\/?s={search_term_string}"},"query-input":{"@type":"PropertyValueSpecification","valueRequired":true,"valueName":"search_term_string"}}],"inLanguage":"pt-BR"},{"@type":"Person","@id":"https:\/\/www.correiobraziliense.com.br\/cbradar\/#\/schema\/person\/0b5992d675b1f63c387b16a19dffbda7","name":"Patryck Rubim","image":{"@type":"ImageObject","inLanguage":"pt-BR","@id":"https:\/\/www.correiobraziliense.com.br\/cbradar\/#\/schema\/person\/image\/","url":"https:\/\/secure.gravatar.com\/avatar\/570c7fb2898c0e2df0823196891bea88?s=96&d=mm&r=g","contentUrl":"https:\/\/secure.gravatar.com\/avatar\/570c7fb2898c0e2df0823196891bea88?s=96&d=mm&r=g","caption":"Patryck Rubim"},"sameAs":["https:\/\/www.correiobraziliense.com.br\/cbradar"],"url":"https:\/\/www.correiobraziliense.com.br\/cbradar\/author\/patryckmyth\/"}]}},"_links":{"self":[{"href":"https:\/\/www.correiobraziliense.com.br\/cbradar\/wp-json\/wp\/v2\/posts\/55547","targetHints":{"allow":["GET"]}}],"collection":[{"href":"https:\/\/www.correiobraziliense.com.br\/cbradar\/wp-json\/wp\/v2\/posts"}],"about":[{"href":"https:\/\/www.correiobraziliense.com.br\/cbradar\/wp-json\/wp\/v2\/types\/post"}],"author":[{"embeddable":true,"href":"https:\/\/www.correiobraziliense.com.br\/cbradar\/wp-json\/wp\/v2\/users\/10"}],"replies":[{"embeddable":true,"href":"https:\/\/www.correiobraziliense.com.br\/cbradar\/wp-json\/wp\/v2\/comments?post=55547"}],"version-history":[{"count":1,"href":"https:\/\/www.correiobraziliense.com.br\/cbradar\/wp-json\/wp\/v2\/posts\/55547\/revisions"}],"predecessor-version":[{"id":55550,"href":"https:\/\/www.correiobraziliense.com.br\/cbradar\/wp-json\/wp\/v2\/posts\/55547\/revisions\/55550"}],"wp:featuredmedia":[{"embeddable":true,"href":"https:\/\/www.correiobraziliense.com.br\/cbradar\/wp-json\/wp\/v2\/media\/55548"}],"wp:attachment":[{"href":"https:\/\/www.correiobraziliense.com.br\/cbradar\/wp-json\/wp\/v2\/media?parent=55547"}],"wp:term":[{"taxonomy":"category","embeddable":true,"href":"https:\/\/www.correiobraziliense.com.br\/cbradar\/wp-json\/wp\/v2\/categories?post=55547"},{"taxonomy":"post_tag","embeddable":true,"href":"https:\/\/www.correiobraziliense.com.br\/cbradar\/wp-json\/wp\/v2\/tags?post=55547"}],"curies":[{"name":"wp","href":"https:\/\/api.w.org\/{rel}","templated":true}]}}