{"id":55788,"date":"2025-06-19T18:13:00","date_gmt":"2025-06-19T21:13:00","guid":{"rendered":"https:\/\/www.correiobraziliense.com.br\/cbradar\/?p=55788"},"modified":"2025-06-19T07:34:21","modified_gmt":"2025-06-19T10:34:21","slug":"so-5-minutos-por-dia-e-seu-corpo-pode-mudar-completamente","status":"publish","type":"post","link":"https:\/\/www.correiobraziliense.com.br\/cbradar\/so-5-minutos-por-dia-e-seu-corpo-pode-mudar-completamente\/","title":{"rendered":"S\u00f3 5 minutos por dia e seu corpo pode mudar completamente"},"content":{"rendered":"\n<p>Em meio \u00e0 busca por resultados r\u00e1pidos e m\u00e9todos inovadores no universo do condicionamento f\u00edsico, o alongamento permanece como uma pr\u00e1tica fundamental, frequentemente subestimada. Dedicar alguns minutos di\u00e1rios a exerc\u00edcios de alongamento pode trazer benef\u00edcios expressivos para a sa\u00fade, influenciando desde a flexibilidade at\u00e9 a preven\u00e7\u00e3o de les\u00f5es. Seja para atletas ou para quem passa horas sentado, a inclus\u00e3o dessa atividade na rotina pode transformar a rela\u00e7\u00e3o com o pr\u00f3prio corpo.<\/p>\n\n\n\n<p>O alongamento consiste em movimentos que promovem o aumento da elasticidade muscular e da amplitude das articula\u00e7\u00f5es. Ao praticar regularmente, \u00e9 poss\u00edvel notar uma redu\u00e7\u00e3o nas tens\u00f5es musculares, melhora na mobilidade e um aux\u00edlio importante na recupera\u00e7\u00e3o p\u00f3s-exerc\u00edcio. Al\u00e9m disso, essa pr\u00e1tica simples contribui para o bem-estar geral, tornando os movimentos do dia a dia mais fluidos e confort\u00e1veis.<\/p>\n\n\n\n<h2 class=\"wp-block-heading\">Por que o alongamento \u00e9 importante?<\/h2>\n\n\n\n<p><strong>O principal objetivo do alongamento \u00e9 preparar o corpo para as atividades di\u00e1rias e esportivas, al\u00e9m de minimizar o risco de les\u00f5es.<\/strong> Ao estender os m\u00fasculos de forma controlada, ocorre o aumento do fluxo sangu\u00edneo na regi\u00e3o, levando mais oxig\u00eanio e nutrientes para os tecidos. Isso favorece a recupera\u00e7\u00e3o muscular e reduz a rigidez ap\u00f3s esfor\u00e7os f\u00edsicos. A pr\u00e1tica tamb\u00e9m auxilia na postura, especialmente para quem permanece muito tempo sentado, prevenindo dores nas costas e no pesco\u00e7o.<\/p>\n\n\n\n<h2 class=\"wp-block-heading\">Quais s\u00e3o os tipos de alongamento e quando utiliz\u00e1-los?<\/h2>\n\n\n\n<p><strong>Existem diferentes m\u00e9todos de alongamento, cada um com finalidades espec\u00edficas.<\/strong> Os dois mais conhecidos s\u00e3o:<\/p>\n\n\n\n<ul class=\"wp-block-list\">\n<li><strong>Alongamento din\u00e2mico:<\/strong> Envolve movimentos ativos e controlados, como balan\u00e7os de pernas ou rota\u00e7\u00f5es de bra\u00e7os. \u00c9 indicado para o aquecimento antes de atividades f\u00edsicas, pois ativa a circula\u00e7\u00e3o e prepara os m\u00fasculos para o esfor\u00e7o.<\/li>\n\n\n\n<li><strong>Alongamento est\u00e1tico:<\/strong> Consiste em manter uma posi\u00e7\u00e3o por um per\u00edodo, geralmente entre 20 e 60 segundos, permitindo que o m\u00fasculo se alongue gradualmente. \u00c9 mais apropriado ap\u00f3s o exerc\u00edcio ou em momentos de relaxamento, contribuindo para a recupera\u00e7\u00e3o e a redu\u00e7\u00e3o de tens\u00f5es.<\/li>\n<\/ul>\n\n\n\n<p><strong>Alternar entre essas t\u00e9cnicas pode potencializar os resultados, tornando o corpo mais adapt\u00e1vel a diferentes demandas, seja durante uma partida esportiva ou nas tarefas cotidianas.<\/strong><\/p>\n\n\n\n<figure class=\"wp-block-image size-large\"><img decoding=\"async\" width=\"1024\" height=\"576\" src=\"https:\/\/www.correiobraziliense.com.br\/cbradar\/wp-content\/uploads\/2025\/06\/alongamento_1750329251618-1024x576.jpg\" alt=\"S\u00f3 5 minutos por dia e seu corpo pode mudar completamente\" class=\"wp-image-55792\" srcset=\"https:\/\/www.correiobraziliense.com.br\/cbradar\/wp-content\/uploads\/2025\/06\/alongamento_1750329251618-1024x576.jpg 1024w, https:\/\/www.correiobraziliense.com.br\/cbradar\/wp-content\/uploads\/2025\/06\/alongamento_1750329251618-300x169.jpg 300w, https:\/\/www.correiobraziliense.com.br\/cbradar\/wp-content\/uploads\/2025\/06\/alongamento_1750329251618-768x432.jpg 768w, https:\/\/www.correiobraziliense.com.br\/cbradar\/wp-content\/uploads\/2025\/06\/alongamento_1750329251618-750x422.jpg 750w, https:\/\/www.correiobraziliense.com.br\/cbradar\/wp-content\/uploads\/2025\/06\/alongamento_1750329251618-1140x641.jpg 1140w, https:\/\/www.correiobraziliense.com.br\/cbradar\/wp-content\/uploads\/2025\/06\/alongamento_1750329251618.jpg 1280w\" sizes=\"(max-width: 1024px) 100vw, 1024px\" \/><figcaption class=\"wp-element-caption\">alongamento. Cr\u00e9ditos: depositphotos.com \/ IgorVetushko<\/figcaption><\/figure>\n\n\n\n<h2 class=\"wp-block-heading\">Como criar o h\u00e1bito de alongar diariamente?<\/h2>\n\n\n\n<p><strong>Estabelecer uma rotina de alongamento pode ser simples com algumas estrat\u00e9gias pr\u00e1ticas.<\/strong> Iniciar com sess\u00f5es curtas, de cinco a dez minutos, facilita a adapta\u00e7\u00e3o e evita desist\u00eancias. Integrar o alongamento a h\u00e1bitos j\u00e1 existentes, como ap\u00f3s acordar ou antes de dormir, ajuda a consolidar a pr\u00e1tica. Utilizar aplicativos de mobilidade ou v\u00eddeos guiados pode tornar o processo mais motivador e estruturado.<\/p>\n\n\n\n<ol class=\"wp-block-list\">\n<li>Defina um hor\u00e1rio fixo para alongar, como ao final do expediente ou ap\u00f3s o banho.<\/li>\n\n\n\n<li>Escolha exerc\u00edcios que atendam \u00e0s suas necessidades, focando em \u00e1reas mais r\u00edgidas.<\/li>\n\n\n\n<li>Monitore seu progresso, observando melhorias na flexibilidade e no conforto dos movimentos.<\/li>\n\n\n\n<li>Inclua acess\u00f3rios simples, como tapetes ou faixas el\u00e1sticas, para variar os est\u00edmulos.<\/li>\n<\/ol>\n\n\n\n<p><strong>Essas a\u00e7\u00f5es tornam o alongamento uma parte natural do dia, contribuindo para a manuten\u00e7\u00e3o da sa\u00fade muscular e articular.<\/strong><\/p>\n\n\n\n<h2 class=\"wp-block-heading\">Quais benef\u00edcios o alongamento traz para o corpo e a mente?<\/h2>\n\n\n\n<p><strong>Al\u00e9m dos ganhos f\u00edsicos, o alongamento tamb\u00e9m exerce influ\u00eancia positiva sobre o bem-estar mental.<\/strong> A pr\u00e1tica consciente, associada \u00e0 respira\u00e7\u00e3o profunda, estimula o sistema nervoso parassimp\u00e1tico, promovendo relaxamento e redu\u00e7\u00e3o do estresse. Pessoas que adotam o alongamento relatam melhora na qualidade do sono, diminui\u00e7\u00e3o da ansiedade e sensa\u00e7\u00e3o de disposi\u00e7\u00e3o ao longo do dia.<\/p>\n\n\n\n<ul class=\"wp-block-list\">\n<li><strong>Melhora da postura:<\/strong> Corrige desequil\u00edbrios musculares e previne dores cr\u00f4nicas.<\/li>\n\n\n\n<li><strong>Maior flexibilidade:<\/strong> Facilita movimentos amplos e reduz o risco de les\u00f5es.<\/li>\n\n\n\n<li><strong>Recupera\u00e7\u00e3o acelerada:<\/strong> Ajuda a eliminar res\u00edduos metab\u00f3licos ap\u00f3s exerc\u00edcios intensos.<\/li>\n\n\n\n<li><strong>Equil\u00edbrio corporal:<\/strong> Contribui para a estabilidade e coordena\u00e7\u00e3o motora.<\/li>\n<\/ul>\n\n\n\n<p><strong>Esses benef\u00edcios se acumulam ao longo do tempo, tornando o alongamento um investimento di\u00e1rio na sa\u00fade f\u00edsica e mental.<\/strong><\/p>\n\n\n\n<h2 class=\"wp-block-heading\">O alongamento \u00e9 indicado para todos?<\/h2>\n\n\n\n<p><strong>Independentemente da idade ou do n\u00edvel de atividade, o alongamento pode ser adaptado para diferentes perfis.<\/strong> Pessoas com mobilidade reduzida podem optar por exerc\u00edcios realizados em cadeiras, enquanto atletas podem focar em grupos musculares espec\u00edficos. O importante \u00e9 respeitar os limites do corpo e buscar orienta\u00e7\u00e3o profissional quando necess\u00e1rio, garantindo uma pr\u00e1tica segura e eficaz.<\/p>\n\n\n\n<p><strong>Ao incorporar o alongamento \u00e0 rotina, \u00e9 poss\u00edvel perceber mudan\u00e7as significativas na disposi\u00e7\u00e3o, na postura e na facilidade de movimento.<\/strong> Com poucos minutos di\u00e1rios, essa pr\u00e1tica se torna uma aliada para a sa\u00fade, promovendo conforto e bem-estar em todas as fases da vida.<\/p>\n\n\n\n<p><\/p>\n","protected":false},"excerpt":{"rendered":"<p>S\u00f3 5 minutos por dia de alongamento j\u00e1 ajudam a evitar dores, melhorar a postura e trazer mais leveza ao corpo. Veja como aplicar na rotina.<\/p>\n","protected":false},"author":3,"featured_media":55791,"comment_status":"open","ping_status":"open","sticky":false,"template":"","format":"standard","meta":{"jnews-multi-image_gallery":[],"jnews_single_post":{"format":"standard"},"jnews_primary_category":[],"jnews_social_meta":[],"jnews_override_counter":[],"footnotes":""},"categories":[112],"post_tag":[2966,144],"class_list":["post-55788","post","type-post","status-publish","format-standard","has-post-thumbnail","hentry","category-curiosidades","tag-alongamento","tag-curiosidades"],"yoast_head":"<!-- This site is optimized with the Yoast SEO plugin v24.6 - https:\/\/yoast.com\/wordpress\/plugins\/seo\/ -->\n<title>S\u00f3 5 minutos por dia e seu corpo pode mudar completamente<\/title>\n<meta name=\"description\" content=\"S\u00f3 5 minutos por dia de alongamento j\u00e1 ajudam a evitar dores, melhorar a postura e trazer mais leveza ao corpo. Veja como aplicar na rotina.\" \/>\n<meta name=\"robots\" content=\"index, follow, max-snippet:-1, max-image-preview:large, max-video-preview:-1\" \/>\n<link rel=\"canonical\" href=\"https:\/\/www.correiobraziliense.com.br\/cbradar\/so-5-minutos-por-dia-e-seu-corpo-pode-mudar-completamente\/\" \/>\n<meta property=\"og:locale\" content=\"pt_BR\" \/>\n<meta property=\"og:type\" content=\"article\" \/>\n<meta property=\"og:title\" content=\"S\u00f3 5 minutos por dia e seu corpo pode mudar completamente\" \/>\n<meta property=\"og:description\" content=\"S\u00f3 5 minutos por dia de alongamento j\u00e1 ajudam a evitar dores, melhorar a postura e trazer mais leveza ao corpo. Veja como aplicar na rotina.\" \/>\n<meta property=\"og:url\" content=\"https:\/\/www.correiobraziliense.com.br\/cbradar\/so-5-minutos-por-dia-e-seu-corpo-pode-mudar-completamente\/\" \/>\n<meta property=\"og:site_name\" content=\"Correio Braziliense - Radar\" \/>\n<meta property=\"article:published_time\" content=\"2025-06-19T21:13:00+00:00\" \/>\n<meta property=\"og:image\" content=\"https:\/\/www.correiobraziliense.com.br\/cbradar\/wp-content\/uploads\/2025\/06\/alongamento_1750329210006.jpg\" \/>\n\t<meta property=\"og:image:width\" content=\"1280\" \/>\n\t<meta property=\"og:image:height\" content=\"720\" \/>\n\t<meta property=\"og:image:type\" content=\"image\/jpeg\" \/>\n<meta name=\"author\" content=\"Larissa Carvalho\" \/>\n<meta name=\"twitter:card\" content=\"summary_large_image\" \/>\n<meta name=\"twitter:label1\" content=\"Escrito por\" \/>\n\t<meta name=\"twitter:data1\" content=\"Larissa Carvalho\" \/>\n\t<meta name=\"twitter:label2\" content=\"Est. tempo de leitura\" \/>\n\t<meta name=\"twitter:data2\" content=\"5 minutos\" \/>\n<!-- \/ Yoast SEO plugin. -->","yoast_head_json":{"title":"S\u00f3 5 minutos por dia e seu corpo pode mudar completamente","description":"S\u00f3 5 minutos por dia de alongamento j\u00e1 ajudam a evitar dores, melhorar a postura e trazer mais leveza ao corpo. Veja como aplicar na rotina.","robots":{"index":"index","follow":"follow","max-snippet":"max-snippet:-1","max-image-preview":"max-image-preview:large","max-video-preview":"max-video-preview:-1"},"canonical":"https:\/\/www.correiobraziliense.com.br\/cbradar\/so-5-minutos-por-dia-e-seu-corpo-pode-mudar-completamente\/","og_locale":"pt_BR","og_type":"article","og_title":"S\u00f3 5 minutos por dia e seu corpo pode mudar completamente","og_description":"S\u00f3 5 minutos por dia de alongamento j\u00e1 ajudam a evitar dores, melhorar a postura e trazer mais leveza ao corpo. Veja como aplicar na rotina.","og_url":"https:\/\/www.correiobraziliense.com.br\/cbradar\/so-5-minutos-por-dia-e-seu-corpo-pode-mudar-completamente\/","og_site_name":"Correio Braziliense - Radar","article_published_time":"2025-06-19T21:13:00+00:00","og_image":[{"width":1280,"height":720,"url":"https:\/\/www.correiobraziliense.com.br\/cbradar\/wp-content\/uploads\/2025\/06\/alongamento_1750329210006.jpg","type":"image\/jpeg"}],"author":"Larissa Carvalho","twitter_card":"summary_large_image","twitter_misc":{"Escrito por":"Larissa Carvalho","Est. tempo de leitura":"5 minutos"},"schema":{"@context":"https:\/\/schema.org","@graph":[{"@type":"WebPage","@id":"https:\/\/www.correiobraziliense.com.br\/cbradar\/so-5-minutos-por-dia-e-seu-corpo-pode-mudar-completamente\/","url":"https:\/\/www.correiobraziliense.com.br\/cbradar\/so-5-minutos-por-dia-e-seu-corpo-pode-mudar-completamente\/","name":"S\u00f3 5 minutos por dia e seu corpo pode mudar completamente","isPartOf":{"@id":"https:\/\/www.correiobraziliense.com.br\/cbradar\/#website"},"primaryImageOfPage":{"@id":"https:\/\/www.correiobraziliense.com.br\/cbradar\/so-5-minutos-por-dia-e-seu-corpo-pode-mudar-completamente\/#primaryimage"},"image":{"@id":"https:\/\/www.correiobraziliense.com.br\/cbradar\/so-5-minutos-por-dia-e-seu-corpo-pode-mudar-completamente\/#primaryimage"},"thumbnailUrl":"https:\/\/www.correiobraziliense.com.br\/cbradar\/wp-content\/uploads\/2025\/06\/alongamento_1750329210006.jpg","datePublished":"2025-06-19T21:13:00+00:00","author":{"@id":"https:\/\/www.correiobraziliense.com.br\/cbradar\/#\/schema\/person\/58422787644df994b53a19d3e56c1513"},"description":"S\u00f3 5 minutos por dia de alongamento j\u00e1 ajudam a evitar dores, melhorar a postura e trazer mais leveza ao corpo. Veja como aplicar na rotina.","breadcrumb":{"@id":"https:\/\/www.correiobraziliense.com.br\/cbradar\/so-5-minutos-por-dia-e-seu-corpo-pode-mudar-completamente\/#breadcrumb"},"inLanguage":"pt-BR","potentialAction":[{"@type":"ReadAction","target":["https:\/\/www.correiobraziliense.com.br\/cbradar\/so-5-minutos-por-dia-e-seu-corpo-pode-mudar-completamente\/"]}]},{"@type":"ImageObject","inLanguage":"pt-BR","@id":"https:\/\/www.correiobraziliense.com.br\/cbradar\/so-5-minutos-por-dia-e-seu-corpo-pode-mudar-completamente\/#primaryimage","url":"https:\/\/www.correiobraziliense.com.br\/cbradar\/wp-content\/uploads\/2025\/06\/alongamento_1750329210006.jpg","contentUrl":"https:\/\/www.correiobraziliense.com.br\/cbradar\/wp-content\/uploads\/2025\/06\/alongamento_1750329210006.jpg","width":1280,"height":720,"caption":"Alongamento. Cr\u00e9ditos: depositphotos.com \/ IgorVetushko"},{"@type":"BreadcrumbList","@id":"https:\/\/www.correiobraziliense.com.br\/cbradar\/so-5-minutos-por-dia-e-seu-corpo-pode-mudar-completamente\/#breadcrumb","itemListElement":[{"@type":"ListItem","position":1,"name":"In\u00edcio","item":"https:\/\/www.correiobraziliense.com.br\/cbradar\/"},{"@type":"ListItem","position":2,"name":"S\u00f3 5 minutos por dia e seu corpo pode mudar completamente"}]},{"@type":"WebSite","@id":"https:\/\/www.correiobraziliense.com.br\/cbradar\/#website","url":"https:\/\/www.correiobraziliense.com.br\/cbradar\/","name":"Correio Braziliense - Radar","description":"Acompanhe as \u00faltimas not\u00edcias e fique bem informado sobre tudo o que acontece no Brasil e no mundo.","potentialAction":[{"@type":"SearchAction","target":{"@type":"EntryPoint","urlTemplate":"https:\/\/www.correiobraziliense.com.br\/cbradar\/?s={search_term_string}"},"query-input":{"@type":"PropertyValueSpecification","valueRequired":true,"valueName":"search_term_string"}}],"inLanguage":"pt-BR"},{"@type":"Person","@id":"https:\/\/www.correiobraziliense.com.br\/cbradar\/#\/schema\/person\/58422787644df994b53a19d3e56c1513","name":"Larissa Carvalho","image":{"@type":"ImageObject","inLanguage":"pt-BR","@id":"https:\/\/www.correiobraziliense.com.br\/cbradar\/#\/schema\/person\/image\/","url":"https:\/\/secure.gravatar.com\/avatar\/fe4f91a0de32b52a838d0d612abdc1aa?s=96&d=mm&r=g","contentUrl":"https:\/\/secure.gravatar.com\/avatar\/fe4f91a0de32b52a838d0d612abdc1aa?s=96&d=mm&r=g","caption":"Larissa Carvalho"},"url":"https:\/\/www.correiobraziliense.com.br\/cbradar\/author\/larissamyth\/"}]}},"_links":{"self":[{"href":"https:\/\/www.correiobraziliense.com.br\/cbradar\/wp-json\/wp\/v2\/posts\/55788","targetHints":{"allow":["GET"]}}],"collection":[{"href":"https:\/\/www.correiobraziliense.com.br\/cbradar\/wp-json\/wp\/v2\/posts"}],"about":[{"href":"https:\/\/www.correiobraziliense.com.br\/cbradar\/wp-json\/wp\/v2\/types\/post"}],"author":[{"embeddable":true,"href":"https:\/\/www.correiobraziliense.com.br\/cbradar\/wp-json\/wp\/v2\/users\/3"}],"replies":[{"embeddable":true,"href":"https:\/\/www.correiobraziliense.com.br\/cbradar\/wp-json\/wp\/v2\/comments?post=55788"}],"version-history":[{"count":2,"href":"https:\/\/www.correiobraziliense.com.br\/cbradar\/wp-json\/wp\/v2\/posts\/55788\/revisions"}],"predecessor-version":[{"id":55793,"href":"https:\/\/www.correiobraziliense.com.br\/cbradar\/wp-json\/wp\/v2\/posts\/55788\/revisions\/55793"}],"wp:featuredmedia":[{"embeddable":true,"href":"https:\/\/www.correiobraziliense.com.br\/cbradar\/wp-json\/wp\/v2\/media\/55791"}],"wp:attachment":[{"href":"https:\/\/www.correiobraziliense.com.br\/cbradar\/wp-json\/wp\/v2\/media?parent=55788"}],"wp:term":[{"taxonomy":"category","embeddable":true,"href":"https:\/\/www.correiobraziliense.com.br\/cbradar\/wp-json\/wp\/v2\/categories?post=55788"},{"taxonomy":"post_tag","embeddable":true,"href":"https:\/\/www.correiobraziliense.com.br\/cbradar\/wp-json\/wp\/v2\/post_tag?post=55788"}],"curies":[{"name":"wp","href":"https:\/\/api.w.org\/{rel}","templated":true}]}}