{"id":55835,"date":"2025-06-19T09:40:00","date_gmt":"2025-06-19T12:40:00","guid":{"rendered":"https:\/\/www.correiobraziliense.com.br\/cbradar\/?p=55835"},"modified":"2025-06-19T08:20:35","modified_gmt":"2025-06-19T11:20:35","slug":"o-erro-que-voce-comete-todo-dia-e-que-aumenta-o-estresse-sem-perceber","status":"publish","type":"post","link":"https:\/\/www.correiobraziliense.com.br\/cbradar\/o-erro-que-voce-comete-todo-dia-e-que-aumenta-o-estresse-sem-perceber\/","title":{"rendered":"O erro que voc\u00ea comete todo dia e que aumenta o estresse sem perceber"},"content":{"rendered":"\n<p>O estresse faz parte da rotina de milh\u00f5es de pessoas em todo o mundo, especialmente em grandes centros urbanos. Dados recentes mostram que mais da metade dos <strong>americanos<\/strong> relata sentir-se estressado diariamente, reflexo de uma vida marcada por compromissos profissionais, rela\u00e7\u00f5es interpessoais complexas e noites mal dormidas. Embora eliminar completamente o estresse seja improv\u00e1vel, \u00e9 poss\u00edvel adotar estrat\u00e9gias eficazes para minimizar seus impactos e promover uma vida mais equilibrada.<\/p>\n\n\n\n<p>Compreender as principais fontes de tens\u00e3o cotidiana \u00e9 fundamental para encontrar solu\u00e7\u00f5es pr\u00e1ticas. O estresse pode se manifestar de diversas formas, afetando tanto a sa\u00fade f\u00edsica quanto a mental. Por isso, reconhecer os gatilhos e aprender a lidar com eles \u00e9 um passo importante para quem busca mais qualidade de vida e bem-estar.<\/p>\n\n\n\n<h2 class=\"wp-block-heading\">Quais s\u00e3o os principais fatores de estresse no dia a dia?<\/h2>\n\n\n\n<p><strong>Entre os elementos que mais contribuem para o aumento do estresse di\u00e1rio, destacam-se o ambiente de trabalho, as tarefas dom\u00e9sticas, as rela\u00e7\u00f5es interpessoais, o uso excessivo de dispositivos eletr\u00f4nicos e a dificuldade para dormir.<\/strong> Cada um desses fatores pode desencadear rea\u00e7\u00f5es f\u00edsicas e emocionais, tornando essencial o desenvolvimento de mecanismos de enfrentamento.<\/p>\n\n\n\n<p>No contexto profissional, por exemplo, a press\u00e3o por resultados, prazos apertados e jornadas extensas s\u00e3o apontados como grandes vil\u00f5es. J\u00e1 em casa, a necessidade de manter tudo em ordem pode gerar sensa\u00e7\u00e3o de sobrecarga, especialmente para quem concilia m\u00faltiplas fun\u00e7\u00f5es. Rela\u00e7\u00f5es sociais, por sua vez, podem ser fonte de tens\u00e3o devido a conflitos, cobran\u00e7as ou expectativas n\u00e3o correspondidas.<\/p>\n\n\n\n<h2 class=\"wp-block-heading\">Como reduzir o estresse no trabalho?<\/h2>\n\n\n\n<p><strong>O ambiente corporativo \u00e9 frequentemente citado como um dos principais causadores de estresse.<\/strong> Para lidar com essa realidade, algumas estrat\u00e9gias podem ser adotadas:<\/p>\n\n\n\n<ul class=\"wp-block-list\">\n<li><strong>Organiza\u00e7\u00e3o do tempo:<\/strong> Estabelecer prioridades e dividir tarefas em etapas facilita o cumprimento de prazos e reduz a sensa\u00e7\u00e3o de urg\u00eancia constante.<\/li>\n\n\n\n<li><strong>Pausas regulares:<\/strong> Reservar alguns minutos para alongamentos ou pequenas caminhadas durante o expediente contribui para aliviar a tens\u00e3o acumulada.<\/li>\n\n\n\n<li><strong>Gest\u00e3o de e-mails:<\/strong> Definir hor\u00e1rios espec\u00edficos para checar mensagens evita interrup\u00e7\u00f5es frequentes e melhora a produtividade.<\/li>\n\n\n\n<li><strong>Respira\u00e7\u00e3o consciente:<\/strong> T\u00e9cnicas simples, como inspirar profundamente e expirar lentamente, ajudam a acalmar a mente em momentos de press\u00e3o.<\/li>\n<\/ul>\n\n\n\n<p>Essas pr\u00e1ticas, quando incorporadas \u00e0 rotina, podem transformar a experi\u00eancia no trabalho, tornando-a menos desgastante e mais produtiva.<\/p>\n\n\n\n<figure class=\"wp-block-image size-large\"><img decoding=\"async\" width=\"1024\" height=\"576\" src=\"https:\/\/www.correiobraziliense.com.br\/cbradar\/wp-content\/uploads\/2025\/06\/estresse_1750332018638-1024x576.jpg\" alt=\"O erro que voc\u00ea comete todo dia e que aumenta o estresse sem perceber\" class=\"wp-image-55838\" srcset=\"https:\/\/www.correiobraziliense.com.br\/cbradar\/wp-content\/uploads\/2025\/06\/estresse_1750332018638-1024x576.jpg 1024w, https:\/\/www.correiobraziliense.com.br\/cbradar\/wp-content\/uploads\/2025\/06\/estresse_1750332018638-300x169.jpg 300w, https:\/\/www.correiobraziliense.com.br\/cbradar\/wp-content\/uploads\/2025\/06\/estresse_1750332018638-768x432.jpg 768w, https:\/\/www.correiobraziliense.com.br\/cbradar\/wp-content\/uploads\/2025\/06\/estresse_1750332018638-750x422.jpg 750w, https:\/\/www.correiobraziliense.com.br\/cbradar\/wp-content\/uploads\/2025\/06\/estresse_1750332018638-1140x641.jpg 1140w, https:\/\/www.correiobraziliense.com.br\/cbradar\/wp-content\/uploads\/2025\/06\/estresse_1750332018638.jpg 1280w\" sizes=\"(max-width: 1024px) 100vw, 1024px\" \/><figcaption class=\"wp-element-caption\">estresse. Cr\u00e9ditos: depositphotos.com \/ Milkos<\/figcaption><\/figure>\n\n\n\n<h2 class=\"wp-block-heading\">Quais h\u00e1bitos ajudam a controlar o estresse em casa?<\/h2>\n\n\n\n<p><strong>Manter o lar organizado pode ser um desafio, principalmente para quem tem filhos ou divide o espa\u00e7o com outras pessoas.<\/strong> Para evitar que as tarefas dom\u00e9sticas se tornem fonte de estresse, recomenda-se:<\/p>\n\n\n\n<ol class=\"wp-block-list\">\n<li>Definir \u00e1reas priorit\u00e1rias para limpeza e organiza\u00e7\u00e3o, focando nos ambientes que proporcionam maior sensa\u00e7\u00e3o de conforto.<\/li>\n\n\n\n<li>Dividir as tarefas entre os moradores, promovendo colabora\u00e7\u00e3o e aliviando a sobrecarga individual.<\/li>\n\n\n\n<li>Realizar pequenas limpezas di\u00e1rias, evitando o ac\u00famulo de afazeres para um \u00fanico dia.<\/li>\n\n\n\n<li>Utilizar listas de tarefas para visualizar o que precisa ser feito e acompanhar o progresso.<\/li>\n<\/ol>\n\n\n\n<p>Al\u00e9m disso, reservar momentos para relaxar, seja lendo um livro, ouvindo m\u00fasica ou praticando medita\u00e7\u00e3o, pode contribuir significativamente para a redu\u00e7\u00e3o do estresse dom\u00e9stico.<\/p>\n\n\n\n<h2 class=\"wp-block-heading\">Como o uso de telas e a qualidade do sono influenciam o estresse?<\/h2>\n\n\n\n<p><strong>O tempo excessivo diante de telas, seja em redes sociais ou no trabalho, est\u00e1 associado ao aumento dos n\u00edveis de ansiedade e irritabilidade.<\/strong> Monitorar o uso de dispositivos eletr\u00f4nicos e estabelecer limites para o acesso a conte\u00fados digitais s\u00e3o medidas recomendadas para preservar a sa\u00fade mental.<\/p>\n\n\n\n<p><strong>Outro aspecto fundamental \u00e9 o sono.<\/strong> Dormir bem \u00e9 essencial para a recupera\u00e7\u00e3o do corpo e da mente. Dificuldades para adormecer ou noites mal dormidas podem intensificar o estresse, criando um ciclo dif\u00edcil de romper. Algumas dicas para melhorar a qualidade do sono incluem:<\/p>\n\n\n\n<ul class=\"wp-block-list\">\n<li>Evitar o uso de aparelhos eletr\u00f4nicos antes de dormir.<\/li>\n\n\n\n<li>Estabelecer hor\u00e1rios regulares para deitar e acordar.<\/li>\n\n\n\n<li>Praticar t\u00e9cnicas de relaxamento, como medita\u00e7\u00e3o guiada ou respira\u00e7\u00e3o profunda.<\/li>\n\n\n\n<li>Reduzir o consumo de cafe\u00edna no per\u00edodo da noite.<\/li>\n<\/ul>\n\n\n\n<h2 class=\"wp-block-heading\">Quais s\u00e3o os impactos do estresse cr\u00f4nico na sa\u00fade?<\/h2>\n\n\n\n<p><strong>O estresse prolongado pode afetar diversos sistemas do organismo, aumentando o risco de doen\u00e7as cardiovasculares, problemas digestivos, dist\u00farbios do sono e at\u00e9 altera\u00e7\u00f5es no sistema imunol\u00f3gico.<\/strong> Sintomas como dores de cabe\u00e7a, fadiga, irritabilidade e dificuldade de concentra\u00e7\u00e3o s\u00e3o comuns em pessoas que enfrentam altos n\u00edveis de tens\u00e3o por longos per\u00edodos.<\/p>\n\n\n\n<p><strong>Buscar apoio profissional, quando necess\u00e1rio, \u00e9 uma atitude importante para quem n\u00e3o consegue controlar o estresse sozinho.<\/strong> Psic\u00f3logos e outros especialistas podem orientar sobre t\u00e9cnicas de enfrentamento e indicar tratamentos adequados. Al\u00e9m disso, manter uma rede de apoio formada por amigos e familiares contribui para o fortalecimento emocional e a supera\u00e7\u00e3o dos desafios di\u00e1rios.<\/p>\n\n\n\n<p><strong>Adotar h\u00e1bitos saud\u00e1veis, como alimenta\u00e7\u00e3o equilibrada, pr\u00e1tica regular de exerc\u00edcios f\u00edsicos e momentos de lazer, \u00e9 fundamental para prevenir os efeitos negativos do estresse.<\/strong> Pequenas mudan\u00e7as na rotina podem fazer grande diferen\u00e7a, promovendo mais sa\u00fade, disposi\u00e7\u00e3o e qualidade de vida.<\/p>\n","protected":false},"excerpt":{"rendered":"<p>O estresse cr\u00f4nico pode comprometer sua sa\u00fade. Veja como h\u00e1bitos simples no trabalho e em casa ajudam a recuperar o bem-estar.<\/p>\n","protected":false},"author":3,"featured_media":55837,"comment_status":"open","ping_status":"open","sticky":false,"template":"","format":"standard","meta":{"jnews-multi-image_gallery":[],"jnews_single_post":{"format":"standard"},"jnews_primary_category":[],"jnews_social_meta":[],"jnews_override_counter":[],"footnotes":""},"categories":[112],"post_tag":[144,121],"class_list":["post-55835","post","type-post","status-publish","format-standard","has-post-thumbnail","hentry","category-curiosidades","tag-curiosidades","tag-estresse"],"yoast_head":"<!-- This site is optimized with the Yoast SEO plugin v24.6 - https:\/\/yoast.com\/wordpress\/plugins\/seo\/ -->\n<title>O erro que voc\u00ea comete todo dia e que aumenta o estresse sem perceber<\/title>\n<meta name=\"description\" content=\"O estresse cr\u00f4nico pode comprometer sua sa\u00fade. Veja como h\u00e1bitos simples no trabalho e em casa ajudam a recuperar o bem-estar.\" \/>\n<meta name=\"robots\" content=\"index, follow, max-snippet:-1, max-image-preview:large, max-video-preview:-1\" \/>\n<link rel=\"canonical\" href=\"https:\/\/www.correiobraziliense.com.br\/cbradar\/o-erro-que-voce-comete-todo-dia-e-que-aumenta-o-estresse-sem-perceber\/\" \/>\n<meta property=\"og:locale\" content=\"pt_BR\" \/>\n<meta property=\"og:type\" content=\"article\" \/>\n<meta property=\"og:title\" content=\"O erro que voc\u00ea comete todo dia e que aumenta o estresse sem perceber\" \/>\n<meta property=\"og:description\" content=\"O estresse cr\u00f4nico pode comprometer sua sa\u00fade. Veja como h\u00e1bitos simples no trabalho e em casa ajudam a recuperar o bem-estar.\" \/>\n<meta property=\"og:url\" content=\"https:\/\/www.correiobraziliense.com.br\/cbradar\/o-erro-que-voce-comete-todo-dia-e-que-aumenta-o-estresse-sem-perceber\/\" \/>\n<meta property=\"og:site_name\" content=\"Correio Braziliense - Radar\" \/>\n<meta property=\"article:published_time\" content=\"2025-06-19T12:40:00+00:00\" \/>\n<meta property=\"og:image\" content=\"https:\/\/www.correiobraziliense.com.br\/cbradar\/wp-content\/uploads\/2025\/06\/estresse_1750331997239.jpg\" \/>\n\t<meta property=\"og:image:width\" content=\"1280\" \/>\n\t<meta property=\"og:image:height\" content=\"720\" \/>\n\t<meta property=\"og:image:type\" content=\"image\/jpeg\" \/>\n<meta name=\"author\" content=\"Larissa Carvalho\" \/>\n<meta name=\"twitter:card\" content=\"summary_large_image\" \/>\n<meta name=\"twitter:label1\" content=\"Escrito por\" \/>\n\t<meta name=\"twitter:data1\" content=\"Larissa Carvalho\" \/>\n\t<meta name=\"twitter:label2\" content=\"Est. tempo de leitura\" \/>\n\t<meta name=\"twitter:data2\" content=\"5 minutos\" \/>\n<!-- \/ Yoast SEO plugin. -->","yoast_head_json":{"title":"O erro que voc\u00ea comete todo dia e que aumenta o estresse sem perceber","description":"O estresse cr\u00f4nico pode comprometer sua sa\u00fade. Veja como h\u00e1bitos simples no trabalho e em casa ajudam a recuperar o bem-estar.","robots":{"index":"index","follow":"follow","max-snippet":"max-snippet:-1","max-image-preview":"max-image-preview:large","max-video-preview":"max-video-preview:-1"},"canonical":"https:\/\/www.correiobraziliense.com.br\/cbradar\/o-erro-que-voce-comete-todo-dia-e-que-aumenta-o-estresse-sem-perceber\/","og_locale":"pt_BR","og_type":"article","og_title":"O erro que voc\u00ea comete todo dia e que aumenta o estresse sem perceber","og_description":"O estresse cr\u00f4nico pode comprometer sua sa\u00fade. Veja como h\u00e1bitos simples no trabalho e em casa ajudam a recuperar o bem-estar.","og_url":"https:\/\/www.correiobraziliense.com.br\/cbradar\/o-erro-que-voce-comete-todo-dia-e-que-aumenta-o-estresse-sem-perceber\/","og_site_name":"Correio Braziliense - Radar","article_published_time":"2025-06-19T12:40:00+00:00","og_image":[{"width":1280,"height":720,"url":"https:\/\/www.correiobraziliense.com.br\/cbradar\/wp-content\/uploads\/2025\/06\/estresse_1750331997239.jpg","type":"image\/jpeg"}],"author":"Larissa Carvalho","twitter_card":"summary_large_image","twitter_misc":{"Escrito por":"Larissa Carvalho","Est. tempo de leitura":"5 minutos"},"schema":{"@context":"https:\/\/schema.org","@graph":[{"@type":"WebPage","@id":"https:\/\/www.correiobraziliense.com.br\/cbradar\/o-erro-que-voce-comete-todo-dia-e-que-aumenta-o-estresse-sem-perceber\/","url":"https:\/\/www.correiobraziliense.com.br\/cbradar\/o-erro-que-voce-comete-todo-dia-e-que-aumenta-o-estresse-sem-perceber\/","name":"O erro que voc\u00ea comete todo dia e que aumenta o estresse sem perceber","isPartOf":{"@id":"https:\/\/www.correiobraziliense.com.br\/cbradar\/#website"},"primaryImageOfPage":{"@id":"https:\/\/www.correiobraziliense.com.br\/cbradar\/o-erro-que-voce-comete-todo-dia-e-que-aumenta-o-estresse-sem-perceber\/#primaryimage"},"image":{"@id":"https:\/\/www.correiobraziliense.com.br\/cbradar\/o-erro-que-voce-comete-todo-dia-e-que-aumenta-o-estresse-sem-perceber\/#primaryimage"},"thumbnailUrl":"https:\/\/www.correiobraziliense.com.br\/cbradar\/wp-content\/uploads\/2025\/06\/estresse_1750331997239.jpg","datePublished":"2025-06-19T12:40:00+00:00","author":{"@id":"https:\/\/www.correiobraziliense.com.br\/cbradar\/#\/schema\/person\/58422787644df994b53a19d3e56c1513"},"description":"O estresse cr\u00f4nico pode comprometer sua sa\u00fade. Veja como h\u00e1bitos simples no trabalho e em casa ajudam a recuperar o bem-estar.","breadcrumb":{"@id":"https:\/\/www.correiobraziliense.com.br\/cbradar\/o-erro-que-voce-comete-todo-dia-e-que-aumenta-o-estresse-sem-perceber\/#breadcrumb"},"inLanguage":"pt-BR","potentialAction":[{"@type":"ReadAction","target":["https:\/\/www.correiobraziliense.com.br\/cbradar\/o-erro-que-voce-comete-todo-dia-e-que-aumenta-o-estresse-sem-perceber\/"]}]},{"@type":"ImageObject","inLanguage":"pt-BR","@id":"https:\/\/www.correiobraziliense.com.br\/cbradar\/o-erro-que-voce-comete-todo-dia-e-que-aumenta-o-estresse-sem-perceber\/#primaryimage","url":"https:\/\/www.correiobraziliense.com.br\/cbradar\/wp-content\/uploads\/2025\/06\/estresse_1750331997239.jpg","contentUrl":"https:\/\/www.correiobraziliense.com.br\/cbradar\/wp-content\/uploads\/2025\/06\/estresse_1750331997239.jpg","width":1280,"height":720,"caption":"estresse. Cr\u00e9ditos: depositphotos.com \/ IgorVetushko"},{"@type":"BreadcrumbList","@id":"https:\/\/www.correiobraziliense.com.br\/cbradar\/o-erro-que-voce-comete-todo-dia-e-que-aumenta-o-estresse-sem-perceber\/#breadcrumb","itemListElement":[{"@type":"ListItem","position":1,"name":"In\u00edcio","item":"https:\/\/www.correiobraziliense.com.br\/cbradar\/"},{"@type":"ListItem","position":2,"name":"O erro que voc\u00ea comete todo dia e que aumenta o estresse sem perceber"}]},{"@type":"WebSite","@id":"https:\/\/www.correiobraziliense.com.br\/cbradar\/#website","url":"https:\/\/www.correiobraziliense.com.br\/cbradar\/","name":"Correio Braziliense - Radar","description":"Acompanhe as \u00faltimas not\u00edcias e fique bem informado sobre tudo o que acontece no Brasil e no mundo.","potentialAction":[{"@type":"SearchAction","target":{"@type":"EntryPoint","urlTemplate":"https:\/\/www.correiobraziliense.com.br\/cbradar\/?s={search_term_string}"},"query-input":{"@type":"PropertyValueSpecification","valueRequired":true,"valueName":"search_term_string"}}],"inLanguage":"pt-BR"},{"@type":"Person","@id":"https:\/\/www.correiobraziliense.com.br\/cbradar\/#\/schema\/person\/58422787644df994b53a19d3e56c1513","name":"Larissa Carvalho","image":{"@type":"ImageObject","inLanguage":"pt-BR","@id":"https:\/\/www.correiobraziliense.com.br\/cbradar\/#\/schema\/person\/image\/","url":"https:\/\/secure.gravatar.com\/avatar\/fe4f91a0de32b52a838d0d612abdc1aa?s=96&d=mm&r=g","contentUrl":"https:\/\/secure.gravatar.com\/avatar\/fe4f91a0de32b52a838d0d612abdc1aa?s=96&d=mm&r=g","caption":"Larissa Carvalho"},"url":"https:\/\/www.correiobraziliense.com.br\/cbradar\/author\/larissamyth\/"}]}},"_links":{"self":[{"href":"https:\/\/www.correiobraziliense.com.br\/cbradar\/wp-json\/wp\/v2\/posts\/55835","targetHints":{"allow":["GET"]}}],"collection":[{"href":"https:\/\/www.correiobraziliense.com.br\/cbradar\/wp-json\/wp\/v2\/posts"}],"about":[{"href":"https:\/\/www.correiobraziliense.com.br\/cbradar\/wp-json\/wp\/v2\/types\/post"}],"author":[{"embeddable":true,"href":"https:\/\/www.correiobraziliense.com.br\/cbradar\/wp-json\/wp\/v2\/users\/3"}],"replies":[{"embeddable":true,"href":"https:\/\/www.correiobraziliense.com.br\/cbradar\/wp-json\/wp\/v2\/comments?post=55835"}],"version-history":[{"count":2,"href":"https:\/\/www.correiobraziliense.com.br\/cbradar\/wp-json\/wp\/v2\/posts\/55835\/revisions"}],"predecessor-version":[{"id":55839,"href":"https:\/\/www.correiobraziliense.com.br\/cbradar\/wp-json\/wp\/v2\/posts\/55835\/revisions\/55839"}],"wp:featuredmedia":[{"embeddable":true,"href":"https:\/\/www.correiobraziliense.com.br\/cbradar\/wp-json\/wp\/v2\/media\/55837"}],"wp:attachment":[{"href":"https:\/\/www.correiobraziliense.com.br\/cbradar\/wp-json\/wp\/v2\/media?parent=55835"}],"wp:term":[{"taxonomy":"category","embeddable":true,"href":"https:\/\/www.correiobraziliense.com.br\/cbradar\/wp-json\/wp\/v2\/categories?post=55835"},{"taxonomy":"post_tag","embeddable":true,"href":"https:\/\/www.correiobraziliense.com.br\/cbradar\/wp-json\/wp\/v2\/post_tag?post=55835"}],"curies":[{"name":"wp","href":"https:\/\/api.w.org\/{rel}","templated":true}]}}