{"id":5620,"date":"2025-02-25T10:30:00","date_gmt":"2025-02-25T13:30:00","guid":{"rendered":"https:\/\/www.correiobraziliense.com.br\/cbradar\/?p=5620"},"modified":"2025-06-02T17:56:39","modified_gmt":"2025-06-02T20:56:39","slug":"o-que-se-sabe-sobre-a-nova-serie-de-harry-potter-na-hbo","status":"publish","type":"post","link":"https:\/\/www.correiobraziliense.com.br\/cbradar\/o-que-se-sabe-sobre-a-nova-serie-de-harry-potter-na-hbo\/","title":{"rendered":"O que se sabe sobre a nova s\u00e9rie de Harry Potter na HBO?"},"content":{"rendered":"\n<p>A expectativa em torno da nova s\u00e9rie de &#8220;<strong>Harry Potter<\/strong>&#8221; da <strong><a href=\"https:\/\/www.max.com\/br\/pt\" target=\"_blank\" rel=\"noreferrer noopener\">HBO<\/a><\/strong> tem gerado grande interesse entre os f\u00e3s da saga. Com a promessa de uma adapta\u00e7\u00e3o mais fiel aos livros de<strong> J.K. Rowling<\/strong>, a produ\u00e7\u00e3o pretende explorar o universo m\u00e1gico de uma maneira in\u00e9dita. Cada temporada ser\u00e1 dedicada a um dos sete volumes da obra, permitindo uma abordagem mais detalhada e rica em compara\u00e7\u00e3o com os filmes.<\/p>\n\n\n\n<p><strong>Channing Dungey<\/strong>, CEO da <strong>Warner Bros<\/strong>. Television, destacou que a equipe de roteiristas est\u00e1 empenhada em capturar a ess\u00eancia dos livros. Os testes de elenco j\u00e1 come\u00e7aram no Reino Unido e na Irlanda, sinalizando que o projeto est\u00e1 em pleno andamento. A s\u00e9rie busca oferecer uma experi\u00eancia que os filmes, devido \u00e0s suas limita\u00e7\u00f5es de tempo, n\u00e3o puderam proporcionar.<\/p>\n\n\n\n<h2 class=\"wp-block-heading\"><strong>Quem est\u00e1 no elenco da nova s\u00e9rie?<\/strong><\/h2>\n\n\n\n<p>Com mais de 32 mil crian\u00e7as participando das audi\u00e7\u00f5es para os pap\u00e9is principais, a sele\u00e7\u00e3o do elenco \u00e9 um dos aspectos mais aguardados da produ\u00e7\u00e3o. A Warner Bros. est\u00e1 em busca de atores para interpretar personagens ic\u00f4nicos como Dumbledore, Hagrid, Minerva McGonagall e Severus Snape. Mark Rylance, vencedor do Oscar, \u00e9 um dos nomes cotados para o papel de Dumbledore, enquanto Brett Goldstein pode assumir o papel de Hagrid.<\/p>\n\n\n\n<p>Sharon Horgan e Rachel Weisz est\u00e3o entre as atrizes consideradas para viver Minerva McGonagall. Para o papel de Severus Snape, interpretado por Alan Rickman nos filmes, Paapa Essiedu \u00e9 um dos favoritos. A escolha do elenco \u00e9 crucial para capturar a ess\u00eancia dos personagens t\u00e3o amados pelos f\u00e3s.<\/p>\n\n\n\n<figure class=\"wp-block-image size-large\"><img decoding=\"async\" width=\"1024\" height=\"576\" src=\"https:\/\/www.correiobraziliense.com.br\/cbradar\/wp-content\/uploads\/2025\/02\/harry-potter-hbo-2-1024x576.png\" alt=\"O que se sabe sobre a nova s\u00e9rie de Harry Potter na HBO?\" class=\"wp-image-5622\" srcset=\"https:\/\/www.correiobraziliense.com.br\/cbradar\/wp-content\/uploads\/2025\/02\/harry-potter-hbo-2-1024x576.png 1024w, https:\/\/www.correiobraziliense.com.br\/cbradar\/wp-content\/uploads\/2025\/02\/harry-potter-hbo-2-300x169.png 300w, https:\/\/www.correiobraziliense.com.br\/cbradar\/wp-content\/uploads\/2025\/02\/harry-potter-hbo-2-768x432.png 768w, https:\/\/www.correiobraziliense.com.br\/cbradar\/wp-content\/uploads\/2025\/02\/harry-potter-hbo-2-750x422.png 750w, https:\/\/www.correiobraziliense.com.br\/cbradar\/wp-content\/uploads\/2025\/02\/harry-potter-hbo-2-1140x641.png 1140w, https:\/\/www.correiobraziliense.com.br\/cbradar\/wp-content\/uploads\/2025\/02\/harry-potter-hbo-2.png 1280w\" sizes=\"(max-width: 1024px) 100vw, 1024px\" \/><figcaption class=\"wp-element-caption\">S\u00e9rie de Harry Potter confirmada pela HBO. Fonte: divulga\u00e7\u00e3o \/ HBO<\/figcaption><\/figure>\n\n\n\n<h2 class=\"wp-block-heading\"><strong>Quem est\u00e1 por tr\u00e1s das c\u00e2meras?<\/strong><\/h2>\n\n\n\n<p>A produ\u00e7\u00e3o executiva da s\u00e9rie contar\u00e1 com Francesca Gardiner e Mark Mylod, conhecidos por seu trabalho em &#8220;Succession&#8221;. Gardiner ser\u00e1 a showrunner, respons\u00e1vel por supervisionar todo o projeto, desde o roteiro at\u00e9 a finaliza\u00e7\u00e3o. Mylod, que j\u00e1 dirigiu epis\u00f3dios de &#8220;Game of Thrones&#8221;, tamb\u00e9m estar\u00e1 \u00e0 frente de alguns epis\u00f3dios da s\u00e9rie de &#8220;Harry Potter&#8221;.<\/p>\n\n\n\n<p>Al\u00e9m disso, a autora J.K. Rowling est\u00e1 envolvida no projeto, garantindo que a adapta\u00e7\u00e3o mantenha a fidelidade ao material original. A colabora\u00e7\u00e3o entre a equipe de produ\u00e7\u00e3o e a autora \u00e9 vista como um ponto forte para o sucesso da s\u00e9rie.<\/p>\n\n\n\n<h2 class=\"wp-block-heading\"><strong>Quando a s\u00e9rie de Harry Potter da HBO ser\u00e1 lan\u00e7ada?<\/strong><\/h2>\n\n\n\n<p>De acordo com Casey Bloys, chefe da emissora, a estreia da nova s\u00e9rie est\u00e1 prevista para o final de 2026 ou in\u00edcio de 2027. Em uma entrevista em setembro de 2024, Bloys afirmou que os roteiristas j\u00e1 est\u00e3o trabalhando, e o diretor Mark Mylod tamb\u00e9m est\u00e1 envolvido no processo. A produ\u00e7\u00e3o est\u00e1 em fase de contrata\u00e7\u00e3o de chefes de departamento e escalando o elenco, indicando que tudo est\u00e1 progredindo conforme o planejado.<\/p>\n\n\n\n<p>Com a expectativa crescente, a s\u00e9rie promete trazer uma nova perspectiva ao mundo de Harry Potter, mantendo-se fiel aos livros e explorando aspectos que os filmes n\u00e3o puderam abordar. A nova adapta\u00e7\u00e3o \u00e9 aguardada com entusiasmo por f\u00e3s de todas as idades, ansiosos para revisitar o mundo m\u00e1gico de Hogwarts.<\/p>\n","protected":false},"excerpt":{"rendered":"<p>Detalhes sobre a pr\u00f3xima s\u00e9rie de TV Harry Potter, incluindo sua premissa, detalhes de produ\u00e7\u00e3o e os \u00faltimos rumores sobre decis\u00f5es de elenco.<\/p>\n","protected":false},"author":3,"featured_media":5621,"comment_status":"open","ping_status":"open","sticky":false,"template":"","format":"standard","meta":{"_yoast_wpseo_focuskw":"Harry Potter HBO","_yoast_wpseo_title":"%%title%%","_yoast_wpseo_metadesc":"Detalhes sobre a pr\u00f3xima s\u00e9rie de TV Harry Potter, incluindo sua premissa, detalhes de produ\u00e7\u00e3o e os \u00faltimos rumores sobre decis\u00f5es de elenco.","jnews-multi-image_gallery":[],"jnews_single_post":{"format":"standard"},"jnews_primary_category":[],"jnews_social_meta":[],"jnews_override_counter":[],"footnotes":""},"categories":[140],"post_tag":[719,718,568],"class_list":["post-5620","post","type-post","status-publish","format-standard","has-post-thumbnail","hentry","category-entretenimento","tag-harry-potter","tag-hbo","tag-series-e-filmes"],"yoast_head":"<!-- This site is optimized with the Yoast SEO plugin v24.6 - https:\/\/yoast.com\/wordpress\/plugins\/seo\/ -->\n<title>O que se sabe sobre a nova s\u00e9rie de Harry Potter na HBO?<\/title>\n<meta name=\"description\" content=\"Detalhes sobre a pr\u00f3xima s\u00e9rie de TV Harry Potter, incluindo sua premissa, detalhes de produ\u00e7\u00e3o e os \u00faltimos rumores sobre decis\u00f5es de elenco.\" \/>\n<meta name=\"robots\" content=\"index, follow, max-snippet:-1, max-image-preview:large, max-video-preview:-1\" \/>\n<link rel=\"canonical\" href=\"https:\/\/www.correiobraziliense.com.br\/cbradar\/o-que-se-sabe-sobre-a-nova-serie-de-harry-potter-na-hbo\/\" \/>\n<meta property=\"og:locale\" content=\"pt_BR\" \/>\n<meta property=\"og:type\" content=\"article\" \/>\n<meta property=\"og:title\" content=\"O que se sabe sobre a nova s\u00e9rie de Harry Potter na HBO?\" \/>\n<meta property=\"og:description\" content=\"Detalhes sobre a pr\u00f3xima s\u00e9rie de TV Harry Potter, incluindo sua premissa, detalhes de produ\u00e7\u00e3o e os \u00faltimos rumores sobre decis\u00f5es de elenco.\" \/>\n<meta property=\"og:url\" content=\"https:\/\/www.correiobraziliense.com.br\/cbradar\/o-que-se-sabe-sobre-a-nova-serie-de-harry-potter-na-hbo\/\" \/>\n<meta property=\"og:site_name\" content=\"Correio Braziliense - Radar\" \/>\n<meta property=\"article:published_time\" content=\"2025-02-25T13:30:00+00:00\" \/>\n<meta property=\"article:modified_time\" content=\"2025-06-02T20:56:39+00:00\" \/>\n<meta property=\"og:image\" content=\"https:\/\/www.correiobraziliense.com.br\/cbradar\/wp-content\/uploads\/2025\/02\/harry-potter-hbo.png\" \/>\n\t<meta property=\"og:image:width\" content=\"1280\" \/>\n\t<meta property=\"og:image:height\" content=\"720\" \/>\n\t<meta property=\"og:image:type\" content=\"image\/png\" \/>\n<meta name=\"author\" content=\"Larissa Carvalho\" \/>\n<meta name=\"twitter:card\" content=\"summary_large_image\" \/>\n<meta name=\"twitter:label1\" content=\"Escrito por\" \/>\n\t<meta name=\"twitter:data1\" content=\"Larissa Carvalho\" \/>\n\t<meta name=\"twitter:label2\" content=\"Est. tempo de leitura\" \/>\n\t<meta name=\"twitter:data2\" content=\"4 minutos\" \/>\n<!-- \/ Yoast SEO plugin. -->","yoast_head_json":{"title":"O que se sabe sobre a nova s\u00e9rie de Harry Potter na HBO?","description":"Detalhes sobre a pr\u00f3xima s\u00e9rie de TV Harry Potter, incluindo sua premissa, detalhes de produ\u00e7\u00e3o e os \u00faltimos rumores sobre decis\u00f5es de elenco.","robots":{"index":"index","follow":"follow","max-snippet":"max-snippet:-1","max-image-preview":"max-image-preview:large","max-video-preview":"max-video-preview:-1"},"canonical":"https:\/\/www.correiobraziliense.com.br\/cbradar\/o-que-se-sabe-sobre-a-nova-serie-de-harry-potter-na-hbo\/","og_locale":"pt_BR","og_type":"article","og_title":"O que se sabe sobre a nova s\u00e9rie de Harry Potter na HBO?","og_description":"Detalhes sobre a pr\u00f3xima s\u00e9rie de TV Harry Potter, incluindo sua premissa, detalhes de produ\u00e7\u00e3o e os \u00faltimos rumores sobre decis\u00f5es de elenco.","og_url":"https:\/\/www.correiobraziliense.com.br\/cbradar\/o-que-se-sabe-sobre-a-nova-serie-de-harry-potter-na-hbo\/","og_site_name":"Correio Braziliense - Radar","article_published_time":"2025-02-25T13:30:00+00:00","article_modified_time":"2025-06-02T20:56:39+00:00","og_image":[{"width":1280,"height":720,"url":"https:\/\/www.correiobraziliense.com.br\/cbradar\/wp-content\/uploads\/2025\/02\/harry-potter-hbo.png","type":"image\/png"}],"author":"Larissa Carvalho","twitter_card":"summary_large_image","twitter_misc":{"Escrito por":"Larissa Carvalho","Est. tempo de leitura":"4 minutos"},"schema":{"@context":"https:\/\/schema.org","@graph":[{"@type":"WebPage","@id":"https:\/\/www.correiobraziliense.com.br\/cbradar\/o-que-se-sabe-sobre-a-nova-serie-de-harry-potter-na-hbo\/","url":"https:\/\/www.correiobraziliense.com.br\/cbradar\/o-que-se-sabe-sobre-a-nova-serie-de-harry-potter-na-hbo\/","name":"O que se sabe sobre a nova s\u00e9rie de Harry Potter na HBO?","isPartOf":{"@id":"https:\/\/www.correiobraziliense.com.br\/cbradar\/#website"},"primaryImageOfPage":{"@id":"https:\/\/www.correiobraziliense.com.br\/cbradar\/o-que-se-sabe-sobre-a-nova-serie-de-harry-potter-na-hbo\/#primaryimage"},"image":{"@id":"https:\/\/www.correiobraziliense.com.br\/cbradar\/o-que-se-sabe-sobre-a-nova-serie-de-harry-potter-na-hbo\/#primaryimage"},"thumbnailUrl":"https:\/\/www.correiobraziliense.com.br\/cbradar\/wp-content\/uploads\/2025\/02\/harry-potter-hbo.png","datePublished":"2025-02-25T13:30:00+00:00","dateModified":"2025-06-02T20:56:39+00:00","author":{"@id":"https:\/\/www.correiobraziliense.com.br\/cbradar\/#\/schema\/person\/58422787644df994b53a19d3e56c1513"},"description":"Detalhes sobre a pr\u00f3xima s\u00e9rie de TV Harry Potter, incluindo sua premissa, detalhes de produ\u00e7\u00e3o e os \u00faltimos rumores sobre decis\u00f5es de elenco.","breadcrumb":{"@id":"https:\/\/www.correiobraziliense.com.br\/cbradar\/o-que-se-sabe-sobre-a-nova-serie-de-harry-potter-na-hbo\/#breadcrumb"},"inLanguage":"pt-BR","potentialAction":[{"@type":"ReadAction","target":["https:\/\/www.correiobraziliense.com.br\/cbradar\/o-que-se-sabe-sobre-a-nova-serie-de-harry-potter-na-hbo\/"]}]},{"@type":"ImageObject","inLanguage":"pt-BR","@id":"https:\/\/www.correiobraziliense.com.br\/cbradar\/o-que-se-sabe-sobre-a-nova-serie-de-harry-potter-na-hbo\/#primaryimage","url":"https:\/\/www.correiobraziliense.com.br\/cbradar\/wp-content\/uploads\/2025\/02\/harry-potter-hbo.png","contentUrl":"https:\/\/www.correiobraziliense.com.br\/cbradar\/wp-content\/uploads\/2025\/02\/harry-potter-hbo.png","width":1280,"height":720,"caption":"S\u00e9rie de Harry Potter confirmada pela HBO. Fonte: divulga\u00e7\u00e3o \/ HBO"},{"@type":"BreadcrumbList","@id":"https:\/\/www.correiobraziliense.com.br\/cbradar\/o-que-se-sabe-sobre-a-nova-serie-de-harry-potter-na-hbo\/#breadcrumb","itemListElement":[{"@type":"ListItem","position":1,"name":"In\u00edcio","item":"https:\/\/www.correiobraziliense.com.br\/cbradar\/"},{"@type":"ListItem","position":2,"name":"O que se sabe sobre a nova s\u00e9rie de Harry Potter na HBO?"}]},{"@type":"WebSite","@id":"https:\/\/www.correiobraziliense.com.br\/cbradar\/#website","url":"https:\/\/www.correiobraziliense.com.br\/cbradar\/","name":"Correio Braziliense - Radar","description":"Acompanhe as \u00faltimas not\u00edcias e fique bem informado sobre tudo o que acontece no Brasil e no mundo.","potentialAction":[{"@type":"SearchAction","target":{"@type":"EntryPoint","urlTemplate":"https:\/\/www.correiobraziliense.com.br\/cbradar\/?s={search_term_string}"},"query-input":{"@type":"PropertyValueSpecification","valueRequired":true,"valueName":"search_term_string"}}],"inLanguage":"pt-BR"},{"@type":"Person","@id":"https:\/\/www.correiobraziliense.com.br\/cbradar\/#\/schema\/person\/58422787644df994b53a19d3e56c1513","name":"Larissa Carvalho","image":{"@type":"ImageObject","inLanguage":"pt-BR","@id":"https:\/\/www.correiobraziliense.com.br\/cbradar\/#\/schema\/person\/image\/","url":"https:\/\/secure.gravatar.com\/avatar\/fe4f91a0de32b52a838d0d612abdc1aa?s=96&d=mm&r=g","contentUrl":"https:\/\/secure.gravatar.com\/avatar\/fe4f91a0de32b52a838d0d612abdc1aa?s=96&d=mm&r=g","caption":"Larissa Carvalho"},"url":"https:\/\/www.correiobraziliense.com.br\/cbradar\/author\/larissamyth\/"}]}},"_links":{"self":[{"href":"https:\/\/www.correiobraziliense.com.br\/cbradar\/wp-json\/wp\/v2\/posts\/5620","targetHints":{"allow":["GET"]}}],"collection":[{"href":"https:\/\/www.correiobraziliense.com.br\/cbradar\/wp-json\/wp\/v2\/posts"}],"about":[{"href":"https:\/\/www.correiobraziliense.com.br\/cbradar\/wp-json\/wp\/v2\/types\/post"}],"author":[{"embeddable":true,"href":"https:\/\/www.correiobraziliense.com.br\/cbradar\/wp-json\/wp\/v2\/users\/3"}],"replies":[{"embeddable":true,"href":"https:\/\/www.correiobraziliense.com.br\/cbradar\/wp-json\/wp\/v2\/comments?post=5620"}],"version-history":[{"count":1,"href":"https:\/\/www.correiobraziliense.com.br\/cbradar\/wp-json\/wp\/v2\/posts\/5620\/revisions"}],"predecessor-version":[{"id":5623,"href":"https:\/\/www.correiobraziliense.com.br\/cbradar\/wp-json\/wp\/v2\/posts\/5620\/revisions\/5623"}],"wp:featuredmedia":[{"embeddable":true,"href":"https:\/\/www.correiobraziliense.com.br\/cbradar\/wp-json\/wp\/v2\/media\/5621"}],"wp:attachment":[{"href":"https:\/\/www.correiobraziliense.com.br\/cbradar\/wp-json\/wp\/v2\/media?parent=5620"}],"wp:term":[{"taxonomy":"category","embeddable":true,"href":"https:\/\/www.correiobraziliense.com.br\/cbradar\/wp-json\/wp\/v2\/categories?post=5620"},{"taxonomy":"post_tag","embeddable":true,"href":"https:\/\/www.correiobraziliense.com.br\/cbradar\/wp-json\/wp\/v2\/post_tag?post=5620"}],"curies":[{"name":"wp","href":"https:\/\/api.w.org\/{rel}","templated":true}]}}