{"id":5647,"date":"2025-02-25T06:50:00","date_gmt":"2025-02-25T09:50:00","guid":{"rendered":"https:\/\/www.correiobraziliense.com.br\/cbradar\/?p=5647"},"modified":"2025-06-28T23:27:58","modified_gmt":"2025-06-29T02:27:58","slug":"novo-lancamento-o-senhor-dos-aneis-a-guerra-dos-rohirrim","status":"publish","type":"post","link":"https:\/\/www.correiobraziliense.com.br\/cbradar\/novo-lancamento-o-senhor-dos-aneis-a-guerra-dos-rohirrim\/","title":{"rendered":"Novo lan\u00e7amento! O Senhor dos An\u00e9is: A Guerra dos Rohirrim"},"content":{"rendered":"\n<p>Depois de anos esperando uma nova aventura na <strong>Terra M\u00e9dia<\/strong>, os f\u00e3s de <a href=\"https:\/\/www.imdb.com\/pt\/title\/tt14824600\/?ref_=nv_sr_srsg_0_tt_8_nm_0_in_0_q_%2520%2522O%2520Senhor%2520dos%2520An%25C3%25A9is%253A%2520A%2520G\" target=\"_blank\" rel=\"noreferrer noopener\"><strong>O Senhor dos An\u00e9is<\/strong> <\/a>finalmente ganharam <strong>A Guerra dos Rohirrim<\/strong> em dezembro de <strong>2024<\/strong>. Mas infelizmente, o resultado n\u00e3o foi exatamente o que todo mundo esperava. A anima\u00e7\u00e3o, que custou <strong>30 milh\u00f5es de d\u00f3lares<\/strong> para ser feita, arrecadou apenas <strong>15 milh\u00f5es<\/strong> no mundo todo, virando um dos maiores fracassos de <a href=\"https:\/\/www.correiobraziliense.com.br\/cbradar\/se-voce-pretende-ir-a-disney-precisa-ver-isso\/\" target=\"_blank\" rel=\"noreferrer noopener\">bilheteria <\/a>do ano.<\/p>\n\n\n\n<p>O filme conta a hist\u00f3ria de <strong>Helm M\u00e3o-de-Martelo<\/strong>, um rei de <strong>Rohan<\/strong> que existiu <strong>183 anos<\/strong> antes de <strong>Frodo<\/strong> come\u00e7ar sua jornada. A ideia era legal: mostrar como surgiu o famoso <strong>Abismo de Helm<\/strong>, aquela fortaleza ic\u00f4nica onde rolou uma das batalhas mais \u00e9picas da trilogia do <strong>Peter Jackson<\/strong>. <strong>Miranda Otto<\/strong> volta como narradora, interpretando <strong>\u00c9owyn<\/strong> novamente.<\/p>\n\n\n\n<h2 class=\"wp-block-heading\"><strong>Quem \u00e9 Helm M\u00e3o-de-Martelo?<\/strong><\/h2>\n\n\n\n<p><strong>Helm M\u00e3o-de-Martelo<\/strong>, um personagem mencionado brevemente nas obras de <strong>Tolkien<\/strong>, ganha destaque nesta anima\u00e7\u00e3o. Como monarca de<strong> Rohan<\/strong>, ele enfrenta desafios pol\u00edticos e militares que testam sua lideran\u00e7a e coragem. A trama se desenrola a partir de um conflito com os dunlendings, um povo vizinho que prop\u00f5e uma alian\u00e7a por meio do casamento de seu l\u00edder com a herdeira de <strong>Helm, H\u00e9ra.<\/strong><\/p>\n\n\n\n<p>O desenrolar dos eventos leva a um grande conflito, centrado na fortaleza de Hornburg, onde os rohirim demonstram sua determina\u00e7\u00e3o em proteger seu reino. A hist\u00f3ria \u00e9 narrada por<strong> Miranda Otto<\/strong>, que retorna ao papel de <strong>\u00c9owyn<\/strong>, trazendo uma conex\u00e3o direta com a trilogia cinematogr\u00e1fica de <strong>Peter Jackson<\/strong>.<\/p>\n\n\n\n<figure class=\"wp-block-embed aligncenter is-type-video is-provider-youtube wp-block-embed-youtube wp-embed-aspect-16-9 wp-has-aspect-ratio\"><div class=\"wp-block-embed__wrapper\">\n<div class=\"jeg_video_container jeg_video_content\"><iframe loading=\"lazy\" title=\"O Senhor dos An\u00e9is: A Guerra dos Rohirrim l Trailer Oficial\" width=\"500\" height=\"281\" src=\"https:\/\/www.youtube.com\/embed\/ICCDDv2p8rA?feature=oembed\" frameborder=\"0\" allow=\"accelerometer; autoplay; clipboard-write; encrypted-media; gyroscope; picture-in-picture; web-share\" referrerpolicy=\"strict-origin-when-cross-origin\" allowfullscreen><\/iframe><\/div>\n<\/div><\/figure>\n\n\n\n<h2 class=\"wp-block-heading\"><strong>Por que a anima\u00e7\u00e3o n\u00e3o alcan\u00e7ou o sucesso esperado?<\/strong><\/h2>\n\n\n\n<p>Apesar de sua conex\u00e3o com o universo de <strong>O Senhor dos An\u00e9is,<\/strong> <strong>&#8220;A Guerra dos Rohirrim&#8221;<\/strong> n\u00e3o conseguiu alcan\u00e7ar o sucesso esperado nas bilheterias. Com um or\u00e7amento de <strong>30 milh\u00f5es de d\u00f3lares<\/strong>, a anima\u00e7\u00e3o arrecadou apenas <strong>20,5 milh\u00f5es mundialmente<\/strong>. Cr\u00edticas mistas contribu\u00edram para essa recep\u00e7\u00e3o, com alguns apontando que a obra n\u00e3o trouxe a mesma magia das produ\u00e7\u00f5es anteriores.<\/p>\n\n\n\n<p>No <strong>Rotten Tomatoes<\/strong>, a anima\u00e7\u00e3o recebeu uma aprova\u00e7\u00e3o de <strong>48% <\/strong>da cr\u00edtica, enquanto o p\u00fablico a avaliou de forma mais positiva, com<strong> 82%<\/strong> de recomenda\u00e7\u00f5es. Essa disparidade sugere que, embora a cr\u00edtica tenha sido dura, muitos f\u00e3s ainda encontraram valor na expans\u00e3o do universo de Tolkien.<\/p>\n\n\n\n<h2 class=\"wp-block-heading\">O que vem por a\u00ed para a franquia?<\/h2>\n\n\n\n<p>Apesar do fracasso de <strong>A Guerra dos Rohirrim<\/strong>, a <strong>Warner Bros.<\/strong> n\u00e3o vai desistir da <strong>Terra M\u00e9dia<\/strong> t\u00e3o cedo. J\u00e1 est\u00e1 confirmado <strong>A Ca\u00e7ada a Gollum<\/strong> para <strong>2026<\/strong>, com <strong>Andy Serkis<\/strong> dirigindo e estrelando. <strong>Peter Jackson<\/strong> volta como produtor, o que anima bastante os f\u00e3s.<\/p>\n\n\n\n<p>O problema \u00e9 que <strong>A Guerra dos Rohirrim<\/strong> era para ser uma aposta segura. Se at\u00e9 uma hist\u00f3ria baseada nos livros do <strong>Tolkien<\/strong>, com um diretor respeitado como <strong>Kamiyama<\/strong>, n\u00e3o conseguiu emplacar, a <strong>Warner<\/strong> vai ter que repensar bem a estrat\u00e9gia. A boa not\u00edcia \u00e9 que o filme j\u00e1 est\u00e1 dispon\u00edvel no streaming desde dezembro, ent\u00e3o quem quiser pode assistir em casa e formar sua pr\u00f3pria opini\u00e3o.<\/p>\n\n\n\n<h2 class=\"wp-block-heading\">Vale a pena assistir mesmo com os problemas?<\/h2>\n\n\n\n<p>Se voc\u00ea \u00e9 f\u00e3 de <strong>O Senhor dos An\u00e9is<\/strong>, <strong>A Guerra dos Rohirrim<\/strong> ainda tem seus momentos legais. A anima\u00e7\u00e3o \u00e9 bonita em v\u00e1rias partes, especialmente nas batalhas. A trilha sonora mant\u00e9m aquele clima \u00e9pico que a gente ama. E ver a origem do <strong>Abismo de Helm<\/strong> \u00e9 bem interessante para quem curte a mitologia da <strong>Terra M\u00e9dia<\/strong>.<\/p>\n\n\n\n<p>O filme n\u00e3o \u00e9 ruim, s\u00f3 n\u00e3o \u00e9 extraordin\u00e1rio como esper\u00e1vamos. <strong>Kamiyama<\/strong> fez um trabalho honesto, mas talvez o anime japon\u00eas e o universo de <strong>Tolkien<\/strong> n\u00e3o combinassem tanto quanto imaginavam. No final das contas, \u00e9 uma experi\u00eancia diferente que vale pelo menos uma chance, especialmente agora que est\u00e1 f\u00e1cil de assistir no streaming.<\/p>\n","protected":false},"excerpt":{"rendered":"<p>Depois de anos esperando uma nova aventura na Terra M\u00e9dia, os f\u00e3s de O Senhor dos An\u00e9is finalmente ganharam A Guerra dos Rohirrim em dezembro de 2024. Mas infelizmente, o resultado n\u00e3o foi exatamente o que todo mundo esperava. A anima\u00e7\u00e3o, que custou 30 milh\u00f5es de d\u00f3lares para ser feita, arrecadou apenas 15 milh\u00f5es no [&hellip;]<\/p>\n","protected":false},"author":8,"featured_media":5663,"comment_status":"open","ping_status":"open","sticky":false,"template":"","format":"standard","meta":{"_yoast_wpseo_focuskw":"O Senhor dos An\u00e9is","_yoast_wpseo_title":"","_yoast_wpseo_metadesc":"Explore a \u00e9pica batalha de Helm em O Senhor dos An\u00e9is: A Guerra dos Rohirrim! Uma nova anima\u00e7\u00e3o ambientada na Terra-m\u00e9dia.","jnews-multi-image_gallery":[],"jnews_single_post":{"format":"standard"},"jnews_primary_category":[],"jnews_social_meta":[],"jnews_override_counter":[],"footnotes":""},"categories":[140,169,115],"post_tag":[605,1055,568],"class_list":["post-5647","post","type-post","status-publish","format-standard","has-post-thumbnail","hentry","category-entretenimento","category-noticias","category-tecnologia","tag-entretenimento","tag-o-senhor-dos-aneis-a-guerra-dos-rohirrim","tag-series-e-filmes"],"yoast_head":"<!-- This site is optimized with the Yoast SEO plugin v24.6 - https:\/\/yoast.com\/wordpress\/plugins\/seo\/ -->\n<title>Novo lan\u00e7amento! O Senhor dos An\u00e9is: A Guerra dos Rohirrim - Correio Braziliense - Radar<\/title>\n<meta name=\"description\" content=\"Explore a \u00e9pica batalha de Helm em O Senhor dos An\u00e9is: A Guerra dos Rohirrim! Uma nova anima\u00e7\u00e3o ambientada na Terra-m\u00e9dia.\" \/>\n<meta name=\"robots\" content=\"index, follow, max-snippet:-1, max-image-preview:large, max-video-preview:-1\" \/>\n<link rel=\"canonical\" href=\"https:\/\/www.correiobraziliense.com.br\/cbradar\/novo-lancamento-o-senhor-dos-aneis-a-guerra-dos-rohirrim\/\" \/>\n<meta property=\"og:locale\" content=\"pt_BR\" \/>\n<meta property=\"og:type\" content=\"article\" \/>\n<meta property=\"og:title\" content=\"Novo lan\u00e7amento! O Senhor dos An\u00e9is: A Guerra dos Rohirrim - Correio Braziliense - Radar\" \/>\n<meta property=\"og:description\" content=\"Explore a \u00e9pica batalha de Helm em O Senhor dos An\u00e9is: A Guerra dos Rohirrim! Uma nova anima\u00e7\u00e3o ambientada na Terra-m\u00e9dia.\" \/>\n<meta property=\"og:url\" content=\"https:\/\/www.correiobraziliense.com.br\/cbradar\/novo-lancamento-o-senhor-dos-aneis-a-guerra-dos-rohirrim\/\" \/>\n<meta property=\"og:site_name\" content=\"Correio Braziliense - Radar\" \/>\n<meta property=\"article:published_time\" content=\"2025-02-25T09:50:00+00:00\" \/>\n<meta property=\"article:modified_time\" content=\"2025-06-29T02:27:58+00:00\" \/>\n<meta property=\"og:image\" content=\"https:\/\/www.correiobraziliense.com.br\/cbradar\/wp-content\/uploads\/2025\/02\/Design-sem-nome-13.png\" \/>\n\t<meta property=\"og:image:width\" content=\"1280\" \/>\n\t<meta property=\"og:image:height\" content=\"720\" \/>\n\t<meta property=\"og:image:type\" content=\"image\/png\" \/>\n<meta name=\"author\" content=\"Maura Pereira\" \/>\n<meta name=\"twitter:card\" content=\"summary_large_image\" \/>\n<meta name=\"twitter:label1\" content=\"Escrito por\" \/>\n\t<meta name=\"twitter:data1\" content=\"Maura Pereira\" \/>\n\t<meta name=\"twitter:label2\" content=\"Est. tempo de leitura\" \/>\n\t<meta name=\"twitter:data2\" content=\"4 minutos\" \/>\n<!-- \/ Yoast SEO plugin. -->","yoast_head_json":{"title":"Novo lan\u00e7amento! O Senhor dos An\u00e9is: A Guerra dos Rohirrim - Correio Braziliense - Radar","description":"Explore a \u00e9pica batalha de Helm em O Senhor dos An\u00e9is: A Guerra dos Rohirrim! Uma nova anima\u00e7\u00e3o ambientada na Terra-m\u00e9dia.","robots":{"index":"index","follow":"follow","max-snippet":"max-snippet:-1","max-image-preview":"max-image-preview:large","max-video-preview":"max-video-preview:-1"},"canonical":"https:\/\/www.correiobraziliense.com.br\/cbradar\/novo-lancamento-o-senhor-dos-aneis-a-guerra-dos-rohirrim\/","og_locale":"pt_BR","og_type":"article","og_title":"Novo lan\u00e7amento! O Senhor dos An\u00e9is: A Guerra dos Rohirrim - Correio Braziliense - Radar","og_description":"Explore a \u00e9pica batalha de Helm em O Senhor dos An\u00e9is: A Guerra dos Rohirrim! Uma nova anima\u00e7\u00e3o ambientada na Terra-m\u00e9dia.","og_url":"https:\/\/www.correiobraziliense.com.br\/cbradar\/novo-lancamento-o-senhor-dos-aneis-a-guerra-dos-rohirrim\/","og_site_name":"Correio Braziliense - Radar","article_published_time":"2025-02-25T09:50:00+00:00","article_modified_time":"2025-06-29T02:27:58+00:00","og_image":[{"width":1280,"height":720,"url":"https:\/\/www.correiobraziliense.com.br\/cbradar\/wp-content\/uploads\/2025\/02\/Design-sem-nome-13.png","type":"image\/png"}],"author":"Maura Pereira","twitter_card":"summary_large_image","twitter_misc":{"Escrito por":"Maura Pereira","Est. tempo de leitura":"4 minutos"},"schema":{"@context":"https:\/\/schema.org","@graph":[{"@type":"WebPage","@id":"https:\/\/www.correiobraziliense.com.br\/cbradar\/novo-lancamento-o-senhor-dos-aneis-a-guerra-dos-rohirrim\/","url":"https:\/\/www.correiobraziliense.com.br\/cbradar\/novo-lancamento-o-senhor-dos-aneis-a-guerra-dos-rohirrim\/","name":"Novo lan\u00e7amento! O Senhor dos An\u00e9is: A Guerra dos Rohirrim - Correio Braziliense - Radar","isPartOf":{"@id":"https:\/\/www.correiobraziliense.com.br\/cbradar\/#website"},"primaryImageOfPage":{"@id":"https:\/\/www.correiobraziliense.com.br\/cbradar\/novo-lancamento-o-senhor-dos-aneis-a-guerra-dos-rohirrim\/#primaryimage"},"image":{"@id":"https:\/\/www.correiobraziliense.com.br\/cbradar\/novo-lancamento-o-senhor-dos-aneis-a-guerra-dos-rohirrim\/#primaryimage"},"thumbnailUrl":"https:\/\/www.correiobraziliense.com.br\/cbradar\/wp-content\/uploads\/2025\/02\/Design-sem-nome-13.png","datePublished":"2025-02-25T09:50:00+00:00","dateModified":"2025-06-29T02:27:58+00:00","author":{"@id":"https:\/\/www.correiobraziliense.com.br\/cbradar\/#\/schema\/person\/4053c651a9bfc785afc6f4cbc9032fd3"},"description":"Explore a \u00e9pica batalha de Helm em O Senhor dos An\u00e9is: A Guerra dos Rohirrim! Uma nova anima\u00e7\u00e3o ambientada na Terra-m\u00e9dia.","breadcrumb":{"@id":"https:\/\/www.correiobraziliense.com.br\/cbradar\/novo-lancamento-o-senhor-dos-aneis-a-guerra-dos-rohirrim\/#breadcrumb"},"inLanguage":"pt-BR","potentialAction":[{"@type":"ReadAction","target":["https:\/\/www.correiobraziliense.com.br\/cbradar\/novo-lancamento-o-senhor-dos-aneis-a-guerra-dos-rohirrim\/"]}]},{"@type":"ImageObject","inLanguage":"pt-BR","@id":"https:\/\/www.correiobraziliense.com.br\/cbradar\/novo-lancamento-o-senhor-dos-aneis-a-guerra-dos-rohirrim\/#primaryimage","url":"https:\/\/www.correiobraziliense.com.br\/cbradar\/wp-content\/uploads\/2025\/02\/Design-sem-nome-13.png","contentUrl":"https:\/\/www.correiobraziliense.com.br\/cbradar\/wp-content\/uploads\/2025\/02\/Design-sem-nome-13.png","width":1280,"height":720,"caption":"O Senhor dos An\u00e9is: A Guerra dos Rohirrim \/\/ Reprodu\u00e7\u00e3o: IMDB"},{"@type":"BreadcrumbList","@id":"https:\/\/www.correiobraziliense.com.br\/cbradar\/novo-lancamento-o-senhor-dos-aneis-a-guerra-dos-rohirrim\/#breadcrumb","itemListElement":[{"@type":"ListItem","position":1,"name":"In\u00edcio","item":"https:\/\/www.correiobraziliense.com.br\/cbradar\/"},{"@type":"ListItem","position":2,"name":"Novo lan\u00e7amento! O Senhor dos An\u00e9is: A Guerra dos Rohirrim"}]},{"@type":"WebSite","@id":"https:\/\/www.correiobraziliense.com.br\/cbradar\/#website","url":"https:\/\/www.correiobraziliense.com.br\/cbradar\/","name":"Correio Braziliense - Radar","description":"Acompanhe as \u00faltimas not\u00edcias e fique bem informado sobre tudo o que acontece no Brasil e no mundo.","potentialAction":[{"@type":"SearchAction","target":{"@type":"EntryPoint","urlTemplate":"https:\/\/www.correiobraziliense.com.br\/cbradar\/?s={search_term_string}"},"query-input":{"@type":"PropertyValueSpecification","valueRequired":true,"valueName":"search_term_string"}}],"inLanguage":"pt-BR"},{"@type":"Person","@id":"https:\/\/www.correiobraziliense.com.br\/cbradar\/#\/schema\/person\/4053c651a9bfc785afc6f4cbc9032fd3","name":"Maura Pereira","image":{"@type":"ImageObject","inLanguage":"pt-BR","@id":"https:\/\/www.correiobraziliense.com.br\/cbradar\/#\/schema\/person\/image\/","url":"https:\/\/secure.gravatar.com\/avatar\/3effd6bdadfa447f15089c7f7144eaa6?s=96&d=mm&r=g","contentUrl":"https:\/\/secure.gravatar.com\/avatar\/3effd6bdadfa447f15089c7f7144eaa6?s=96&d=mm&r=g","caption":"Maura Pereira"},"sameAs":["https:\/\/www.correiobraziliense.com.br\/"],"url":"https:\/\/www.correiobraziliense.com.br\/cbradar\/author\/mauramyth\/"}]}},"_links":{"self":[{"href":"https:\/\/www.correiobraziliense.com.br\/cbradar\/wp-json\/wp\/v2\/posts\/5647","targetHints":{"allow":["GET"]}}],"collection":[{"href":"https:\/\/www.correiobraziliense.com.br\/cbradar\/wp-json\/wp\/v2\/posts"}],"about":[{"href":"https:\/\/www.correiobraziliense.com.br\/cbradar\/wp-json\/wp\/v2\/types\/post"}],"author":[{"embeddable":true,"href":"https:\/\/www.correiobraziliense.com.br\/cbradar\/wp-json\/wp\/v2\/users\/8"}],"replies":[{"embeddable":true,"href":"https:\/\/www.correiobraziliense.com.br\/cbradar\/wp-json\/wp\/v2\/comments?post=5647"}],"version-history":[{"count":10,"href":"https:\/\/www.correiobraziliense.com.br\/cbradar\/wp-json\/wp\/v2\/posts\/5647\/revisions"}],"predecessor-version":[{"id":61107,"href":"https:\/\/www.correiobraziliense.com.br\/cbradar\/wp-json\/wp\/v2\/posts\/5647\/revisions\/61107"}],"wp:featuredmedia":[{"embeddable":true,"href":"https:\/\/www.correiobraziliense.com.br\/cbradar\/wp-json\/wp\/v2\/media\/5663"}],"wp:attachment":[{"href":"https:\/\/www.correiobraziliense.com.br\/cbradar\/wp-json\/wp\/v2\/media?parent=5647"}],"wp:term":[{"taxonomy":"category","embeddable":true,"href":"https:\/\/www.correiobraziliense.com.br\/cbradar\/wp-json\/wp\/v2\/categories?post=5647"},{"taxonomy":"post_tag","embeddable":true,"href":"https:\/\/www.correiobraziliense.com.br\/cbradar\/wp-json\/wp\/v2\/post_tag?post=5647"}],"curies":[{"name":"wp","href":"https:\/\/api.w.org\/{rel}","templated":true}]}}