{"id":5650,"date":"2025-02-25T20:50:00","date_gmt":"2025-02-25T23:50:00","guid":{"rendered":"https:\/\/www.correiobraziliense.com.br\/cbradar\/?p=5650"},"modified":"2025-02-24T16:28:38","modified_gmt":"2025-02-24T19:28:38","slug":"voce-ja-ouviu-falar-do-novo-mouse-perfumado-da-asus","status":"publish","type":"post","link":"https:\/\/www.correiobraziliense.com.br\/cbradar\/voce-ja-ouviu-falar-do-novo-mouse-perfumado-da-asus\/","title":{"rendered":"Voc\u00ea j\u00e1 ouviu falar do novo &#8220;Mouse Perfumado&#8221; da Asus?"},"content":{"rendered":"\n<p>No cen\u00e1rio tecnol\u00f3gico atual, a inova\u00e7\u00e3o \u00e9 uma constante, e a <strong><a href=\"https:\/\/www.correiobraziliense.com.br\/cbradar\/conheca-este-mini-pc-perfeito-para-seu-dia-a-dia\/\" target=\"_blank\" rel=\"noreferrer noopener\">Asus<\/a> <\/strong>n\u00e3o fica para tr\u00e1s. Recentemente, a empresa anunciou o lan\u00e7amento de um mouse que promete n\u00e3o apenas funcionalidade, mas tamb\u00e9m uma experi\u00eancia sensorial diferenciada. O\u00a0<strong><a href=\"https:\/\/press.asus.com\/news\/press-releases\/asus-fragrance-mouse-release\/\" target=\"_blank\" rel=\"noreferrer noopener\">The Fragrance Mouse<\/a><\/strong>\u00a0\u00e9 um dispositivo que, al\u00e9m de suas fun\u00e7\u00f5es tradicionais, possui um compartimento interno para a inser\u00e7\u00e3o de \u00f3leos arom\u00e1ticos, transformando o ambiente de trabalho em um espa\u00e7o mais agrad\u00e1vel.<\/p>\n\n\n\n<p>O conceito de um mouse perfumado pode parecer inusitado, mas a ideia \u00e9 proporcionar uma experi\u00eancia mais completa para o usu\u00e1rio. Com um design oval e ergon\u00f4mico, o mouse \u00e9 ideal para o uso di\u00e1rio em escrit\u00f3rios, oferecendo conforto e praticidade. A Asus destaca que os \u00f3leos s\u00e3o inseridos por meio de refis, permitindo uma f\u00e1cil substitui\u00e7\u00e3o e manuten\u00e7\u00e3o dos aromas.<\/p>\n\n\n\n<h2 class=\"wp-block-heading\"><strong>Como funciona o The Fragrance mouse?<\/strong><\/h2>\n\n\n\n<p>O funcionamento do&nbsp;<strong>The Fragrance Mouse<\/strong>&nbsp;\u00e9 bastante simples. O dispositivo possui um compartimento espec\u00edfico para os \u00f3leos arom\u00e1ticos, que s\u00e3o liberados de forma controlada, garantindo que o ambiente seja perfumado sem excessos. Embora a Asus n\u00e3o tenha especificado quais aromas estar\u00e3o dispon\u00edveis, \u00e9 prov\u00e1vel que op\u00e7\u00f5es populares como lavanda estejam entre as escolhas.<\/p>\n\n\n\n<p>Al\u00e9m do diferencial arom\u00e1tico, o mouse oferece caracter\u00edsticas t\u00e9cnicas que o tornam uma boa op\u00e7\u00e3o para o uso cotidiano. Com sensibilidade ajust\u00e1vel entre<strong> 1.200 e 2.400 DPI<\/strong>, o dispositivo \u00e9 adequado para diversas atividades, desde tarefas de escrit\u00f3rio at\u00e9 momentos de lazer. A durabilidade tamb\u00e9m \u00e9 um ponto forte, com uma vida \u00fatil estimada em mais de <strong>10 milh\u00f5es<\/strong> de cliques.<\/p>\n\n\n\n<figure class=\"wp-block-embed aligncenter is-type-video is-provider-youtube wp-block-embed-youtube wp-embed-aspect-16-9 wp-has-aspect-ratio\"><div class=\"wp-block-embed__wrapper\">\n<div class=\"jeg_video_container jeg_video_content\"><iframe loading=\"lazy\" title=\"ASUS anuncia mouse cheirosinho #jogo #mouse #pc #mousegamer #cheiroso #cheiro #mousegaming #asus\" width=\"500\" height=\"281\" src=\"https:\/\/www.youtube.com\/embed\/dBaPAz5tvig?feature=oembed\" frameborder=\"0\" allow=\"accelerometer; autoplay; clipboard-write; encrypted-media; gyroscope; picture-in-picture; web-share\" referrerpolicy=\"strict-origin-when-cross-origin\" allowfullscreen><\/iframe><\/div>\n<\/div><\/figure>\n\n\n\n<h2 class=\"wp-block-heading\"><strong>Quais s\u00e3o as especifica\u00e7\u00f5es t\u00e9cnicas do mouse?<\/strong><\/h2>\n\n\n\n<p>O&nbsp;<strong>The Fragrance Mouse<\/strong>&nbsp;foi projetado para oferecer uma experi\u00eancia de uso confort\u00e1vel e eficiente. Entre suas especifica\u00e7\u00f5es t\u00e9cnicas, destacam-se:<\/p>\n\n\n\n<ul class=\"wp-block-list\">\n<li><strong>Design ergon\u00f4mico:<\/strong>\u00a0Facilita o uso prolongado sem causar desconforto.<\/li>\n\n\n\n<li><strong>Skates de PTFE:<\/strong>\u00a0Proporcionam um deslizar suave em diversas superf\u00edcies.<\/li>\n\n\n\n<li><strong>Conectividade:<\/strong>\u00a0Pode ser utilizado via <strong>Bluetooth <\/strong>ou com um dongle <strong>USB<\/strong> de <strong>2,4 GHz<\/strong>.<\/li>\n\n\n\n<li><strong>Alimenta\u00e7\u00e3o:<\/strong>\u00a0Funciona com uma pilha<strong> AA<\/strong>, inserida na parte traseira do dispositivo.<\/li>\n<\/ul>\n\n\n\n<h2 class=\"wp-block-heading\"><strong>Como est\u00e1 a disponibilidade e expectativas de mercado?<\/strong><\/h2>\n\n\n\n<p>O\u00a0<strong>The Fragrance Mouse<\/strong>\u00a0estar\u00e1 dispon\u00edvel em duas cores, rosa e branco, e ser\u00e1 lan\u00e7ado nos <strong>Estados Unidos<\/strong> nos pr\u00f3ximos meses. No entanto, a expectativa \u00e9 que o produto n\u00e3o chegue oficialmente ao mercado brasileiro. A inova\u00e7\u00e3o proposta pela Asus pode abrir caminho para novos conceitos em perif\u00e9ricos, combinando tecnologia e bem-estar de forma criativa.<\/p>\n\n\n\n<p>Com a crescente busca por produtos que ofere\u00e7am mais do que apenas funcionalidade, o&nbsp;<strong>The Fragrance Mouse<\/strong>&nbsp;representa uma interessante adi\u00e7\u00e3o ao portf\u00f3lio da Asus. Resta saber como o mercado reagir\u00e1 a essa novidade e se outros fabricantes seguir\u00e3o o exemplo, trazendo mais inova\u00e7\u00f5es para o cotidiano dos usu\u00e1rios.<\/p>\n","protected":false},"excerpt":{"rendered":"<p>No cen\u00e1rio tecnol\u00f3gico atual, a inova\u00e7\u00e3o \u00e9 uma constante, e a Asus n\u00e3o fica para tr\u00e1s. Recentemente, a empresa anunciou o lan\u00e7amento de um mouse que promete n\u00e3o apenas funcionalidade, mas tamb\u00e9m uma experi\u00eancia sensorial diferenciada. O\u00a0The Fragrance Mouse\u00a0\u00e9 um dispositivo que, al\u00e9m de suas fun\u00e7\u00f5es tradicionais, possui um compartimento interno para a inser\u00e7\u00e3o de [&hellip;]<\/p>\n","protected":false},"author":8,"featured_media":5749,"comment_status":"open","ping_status":"open","sticky":false,"template":"","format":"standard","meta":{"_yoast_wpseo_focuskw":"Asus","_yoast_wpseo_title":"","_yoast_wpseo_metadesc":"A Asus lan\u00e7ou um Mouse Perfumado! Conhe\u00e7a essa novidade curiosa e descubra como funciona essa nova tecnologia arom\u00e1tica.","jnews-multi-image_gallery":[],"jnews_single_post":{"format":"standard"},"jnews_primary_category":[],"jnews_social_meta":[],"jnews_override_counter":[],"footnotes":""},"categories":[169,115],"tags":[817,1051,114],"class_list":["post-5650","post","type-post","status-publish","format-standard","has-post-thumbnail","hentry","category-noticias","category-tecnologia","tag-asus","tag-mouse","tag-tecnologia"],"yoast_head":"<!-- This site is optimized with the Yoast SEO plugin v24.6 - https:\/\/yoast.com\/wordpress\/plugins\/seo\/ -->\n<title>Voc\u00ea j\u00e1 ouviu falar do novo &quot;Mouse Perfumado&quot; da Asus? - Correio Braziliense - Radar<\/title>\n<meta name=\"description\" content=\"A Asus lan\u00e7ou um Mouse Perfumado! Conhe\u00e7a essa novidade curiosa e descubra como funciona essa nova tecnologia arom\u00e1tica.\" \/>\n<meta name=\"robots\" content=\"index, follow, max-snippet:-1, max-image-preview:large, max-video-preview:-1\" \/>\n<link rel=\"canonical\" href=\"https:\/\/www.correiobraziliense.com.br\/cbradar\/voce-ja-ouviu-falar-do-novo-mouse-perfumado-da-asus\/\" \/>\n<meta property=\"og:locale\" content=\"pt_BR\" \/>\n<meta property=\"og:type\" content=\"article\" \/>\n<meta property=\"og:title\" content=\"Voc\u00ea j\u00e1 ouviu falar do novo &quot;Mouse Perfumado&quot; da Asus? - Correio Braziliense - Radar\" \/>\n<meta property=\"og:description\" content=\"A Asus lan\u00e7ou um Mouse Perfumado! Conhe\u00e7a essa novidade curiosa e descubra como funciona essa nova tecnologia arom\u00e1tica.\" \/>\n<meta property=\"og:url\" content=\"https:\/\/www.correiobraziliense.com.br\/cbradar\/voce-ja-ouviu-falar-do-novo-mouse-perfumado-da-asus\/\" \/>\n<meta property=\"og:site_name\" content=\"Correio Braziliense - Radar\" \/>\n<meta property=\"article:published_time\" content=\"2025-02-25T23:50:00+00:00\" \/>\n<meta property=\"og:image\" content=\"https:\/\/www.correiobraziliense.com.br\/cbradar\/wp-content\/uploads\/2025\/02\/mouse-gamer_1740423522938.jpg\" \/>\n\t<meta property=\"og:image:width\" content=\"1279\" \/>\n\t<meta property=\"og:image:height\" content=\"720\" \/>\n\t<meta property=\"og:image:type\" content=\"image\/jpeg\" \/>\n<meta name=\"author\" content=\"Maura Pereira\" \/>\n<meta name=\"twitter:card\" content=\"summary_large_image\" \/>\n<meta name=\"twitter:label1\" content=\"Escrito por\" \/>\n\t<meta name=\"twitter:data1\" content=\"Maura Pereira\" \/>\n\t<meta name=\"twitter:label2\" content=\"Est. tempo de leitura\" \/>\n\t<meta name=\"twitter:data2\" content=\"3 minutos\" \/>\n<!-- \/ Yoast SEO plugin. -->","yoast_head_json":{"title":"Voc\u00ea j\u00e1 ouviu falar do novo \"Mouse Perfumado\" da Asus? - Correio Braziliense - Radar","description":"A Asus lan\u00e7ou um Mouse Perfumado! Conhe\u00e7a essa novidade curiosa e descubra como funciona essa nova tecnologia arom\u00e1tica.","robots":{"index":"index","follow":"follow","max-snippet":"max-snippet:-1","max-image-preview":"max-image-preview:large","max-video-preview":"max-video-preview:-1"},"canonical":"https:\/\/www.correiobraziliense.com.br\/cbradar\/voce-ja-ouviu-falar-do-novo-mouse-perfumado-da-asus\/","og_locale":"pt_BR","og_type":"article","og_title":"Voc\u00ea j\u00e1 ouviu falar do novo \"Mouse Perfumado\" da Asus? - Correio Braziliense - Radar","og_description":"A Asus lan\u00e7ou um Mouse Perfumado! Conhe\u00e7a essa novidade curiosa e descubra como funciona essa nova tecnologia arom\u00e1tica.","og_url":"https:\/\/www.correiobraziliense.com.br\/cbradar\/voce-ja-ouviu-falar-do-novo-mouse-perfumado-da-asus\/","og_site_name":"Correio Braziliense - Radar","article_published_time":"2025-02-25T23:50:00+00:00","og_image":[{"width":1279,"height":720,"url":"https:\/\/www.correiobraziliense.com.br\/cbradar\/wp-content\/uploads\/2025\/02\/mouse-gamer_1740423522938.jpg","type":"image\/jpeg"}],"author":"Maura Pereira","twitter_card":"summary_large_image","twitter_misc":{"Escrito por":"Maura Pereira","Est. tempo de leitura":"3 minutos"},"schema":{"@context":"https:\/\/schema.org","@graph":[{"@type":"WebPage","@id":"https:\/\/www.correiobraziliense.com.br\/cbradar\/voce-ja-ouviu-falar-do-novo-mouse-perfumado-da-asus\/","url":"https:\/\/www.correiobraziliense.com.br\/cbradar\/voce-ja-ouviu-falar-do-novo-mouse-perfumado-da-asus\/","name":"Voc\u00ea j\u00e1 ouviu falar do novo \"Mouse Perfumado\" da Asus? - Correio Braziliense - Radar","isPartOf":{"@id":"https:\/\/www.correiobraziliense.com.br\/cbradar\/#website"},"primaryImageOfPage":{"@id":"https:\/\/www.correiobraziliense.com.br\/cbradar\/voce-ja-ouviu-falar-do-novo-mouse-perfumado-da-asus\/#primaryimage"},"image":{"@id":"https:\/\/www.correiobraziliense.com.br\/cbradar\/voce-ja-ouviu-falar-do-novo-mouse-perfumado-da-asus\/#primaryimage"},"thumbnailUrl":"https:\/\/www.correiobraziliense.com.br\/cbradar\/wp-content\/uploads\/2025\/02\/mouse-gamer_1740423522938.jpg","datePublished":"2025-02-25T23:50:00+00:00","author":{"@id":"https:\/\/www.correiobraziliense.com.br\/cbradar\/#\/schema\/person\/4053c651a9bfc785afc6f4cbc9032fd3"},"description":"A Asus lan\u00e7ou um Mouse Perfumado! Conhe\u00e7a essa novidade curiosa e descubra como funciona essa nova tecnologia arom\u00e1tica.","breadcrumb":{"@id":"https:\/\/www.correiobraziliense.com.br\/cbradar\/voce-ja-ouviu-falar-do-novo-mouse-perfumado-da-asus\/#breadcrumb"},"inLanguage":"pt-BR","potentialAction":[{"@type":"ReadAction","target":["https:\/\/www.correiobraziliense.com.br\/cbradar\/voce-ja-ouviu-falar-do-novo-mouse-perfumado-da-asus\/"]}]},{"@type":"ImageObject","inLanguage":"pt-BR","@id":"https:\/\/www.correiobraziliense.com.br\/cbradar\/voce-ja-ouviu-falar-do-novo-mouse-perfumado-da-asus\/#primaryimage","url":"https:\/\/www.correiobraziliense.com.br\/cbradar\/wp-content\/uploads\/2025\/02\/mouse-gamer_1740423522938.jpg","contentUrl":"https:\/\/www.correiobraziliense.com.br\/cbradar\/wp-content\/uploads\/2025\/02\/mouse-gamer_1740423522938.jpg","width":1279,"height":720,"caption":"Cr\u00e9ditos: depositphotos.com \/ EKKPHAN"},{"@type":"BreadcrumbList","@id":"https:\/\/www.correiobraziliense.com.br\/cbradar\/voce-ja-ouviu-falar-do-novo-mouse-perfumado-da-asus\/#breadcrumb","itemListElement":[{"@type":"ListItem","position":1,"name":"In\u00edcio","item":"https:\/\/www.correiobraziliense.com.br\/cbradar\/"},{"@type":"ListItem","position":2,"name":"Voc\u00ea j\u00e1 ouviu falar do novo &#8220;Mouse Perfumado&#8221; da Asus?"}]},{"@type":"WebSite","@id":"https:\/\/www.correiobraziliense.com.br\/cbradar\/#website","url":"https:\/\/www.correiobraziliense.com.br\/cbradar\/","name":"Correio Braziliense - Radar","description":"Acompanhe as \u00faltimas not\u00edcias e fique bem informado sobre tudo o que acontece no Brasil e no mundo.","potentialAction":[{"@type":"SearchAction","target":{"@type":"EntryPoint","urlTemplate":"https:\/\/www.correiobraziliense.com.br\/cbradar\/?s={search_term_string}"},"query-input":{"@type":"PropertyValueSpecification","valueRequired":true,"valueName":"search_term_string"}}],"inLanguage":"pt-BR"},{"@type":"Person","@id":"https:\/\/www.correiobraziliense.com.br\/cbradar\/#\/schema\/person\/4053c651a9bfc785afc6f4cbc9032fd3","name":"Maura Pereira","image":{"@type":"ImageObject","inLanguage":"pt-BR","@id":"https:\/\/www.correiobraziliense.com.br\/cbradar\/#\/schema\/person\/image\/","url":"https:\/\/secure.gravatar.com\/avatar\/3effd6bdadfa447f15089c7f7144eaa6?s=96&d=mm&r=g","contentUrl":"https:\/\/secure.gravatar.com\/avatar\/3effd6bdadfa447f15089c7f7144eaa6?s=96&d=mm&r=g","caption":"Maura Pereira"},"sameAs":["https:\/\/www.correiobraziliense.com.br\/"],"url":"https:\/\/www.correiobraziliense.com.br\/cbradar\/author\/mauramyth\/"}]}},"_links":{"self":[{"href":"https:\/\/www.correiobraziliense.com.br\/cbradar\/wp-json\/wp\/v2\/posts\/5650","targetHints":{"allow":["GET"]}}],"collection":[{"href":"https:\/\/www.correiobraziliense.com.br\/cbradar\/wp-json\/wp\/v2\/posts"}],"about":[{"href":"https:\/\/www.correiobraziliense.com.br\/cbradar\/wp-json\/wp\/v2\/types\/post"}],"author":[{"embeddable":true,"href":"https:\/\/www.correiobraziliense.com.br\/cbradar\/wp-json\/wp\/v2\/users\/8"}],"replies":[{"embeddable":true,"href":"https:\/\/www.correiobraziliense.com.br\/cbradar\/wp-json\/wp\/v2\/comments?post=5650"}],"version-history":[{"count":7,"href":"https:\/\/www.correiobraziliense.com.br\/cbradar\/wp-json\/wp\/v2\/posts\/5650\/revisions"}],"predecessor-version":[{"id":5751,"href":"https:\/\/www.correiobraziliense.com.br\/cbradar\/wp-json\/wp\/v2\/posts\/5650\/revisions\/5751"}],"wp:featuredmedia":[{"embeddable":true,"href":"https:\/\/www.correiobraziliense.com.br\/cbradar\/wp-json\/wp\/v2\/media\/5749"}],"wp:attachment":[{"href":"https:\/\/www.correiobraziliense.com.br\/cbradar\/wp-json\/wp\/v2\/media?parent=5650"}],"wp:term":[{"taxonomy":"category","embeddable":true,"href":"https:\/\/www.correiobraziliense.com.br\/cbradar\/wp-json\/wp\/v2\/categories?post=5650"},{"taxonomy":"post_tag","embeddable":true,"href":"https:\/\/www.correiobraziliense.com.br\/cbradar\/wp-json\/wp\/v2\/tags?post=5650"}],"curies":[{"name":"wp","href":"https:\/\/api.w.org\/{rel}","templated":true}]}}