{"id":57127,"date":"2025-06-23T06:10:00","date_gmt":"2025-06-23T09:10:00","guid":{"rendered":"https:\/\/www.correiobraziliense.com.br\/cbradar\/?p=57127"},"modified":"2025-06-21T23:28:25","modified_gmt":"2025-06-22T02:28:25","slug":"como-plantar-camomila-em-casa","status":"publish","type":"post","link":"https:\/\/www.correiobraziliense.com.br\/cbradar\/como-plantar-camomila-em-casa\/","title":{"rendered":"Como plantar camomila em casa?"},"content":{"rendered":"\n<p>A <strong><a href=\"https:\/\/pt.wikipedia.org\/wiki\/Camomila\" target=\"_blank\" rel=\"noreferrer noopener\">camomila<\/a><\/strong> (<em>Matricaria chamomilla<\/em>) \u00e9 uma erva arom\u00e1tica conhecida por seu ch\u00e1 calmante e flores delicadas. Cultivar <strong>camomila<\/strong> em casa \u00e9 uma forma pr\u00e1tica de ter acesso a seus benef\u00edcios medicinais e decorativos. Este guia ensina como plantar <strong>camomila<\/strong> com facilidade.<\/p>\n\n\n\n<h2 class=\"wp-block-heading\">Como escolher o melhor solo para plantar camomila?<\/h2>\n\n\n\n<p><strong>O melhor solo para plantar camomila \u00e9 leve, bem drenado e com pH entre 5,6 e 7,5.<\/strong> Misture terra vegetal, composto org\u00e2nico e areia na propor\u00e7\u00e3o 2:1:1 para garantir aera\u00e7\u00e3o. Solos encharcados prejudicam a <strong>camomila<\/strong>, que prefere umidade moderada. Adicione h\u00famus de minhoca para nutrir a planta. Um solo bem preparado garante flores abundantes e um crescimento saud\u00e1vel.<\/p>\n\n\n<div class=\"wp-block-image\">\n<figure class=\"aligncenter size-large\"><img decoding=\"async\" width=\"1024\" height=\"576\" src=\"https:\/\/www.correiobraziliense.com.br\/cbradar\/wp-content\/uploads\/2025\/03\/camomila_1740802017767-1024x576.jpg\" alt=\"Aprenda a plantar em casa a planta que combate estresse e ansiedade\" class=\"wp-image-7941\" srcset=\"https:\/\/www.correiobraziliense.com.br\/cbradar\/wp-content\/uploads\/2025\/03\/camomila_1740802017767-1024x576.jpg 1024w, https:\/\/www.correiobraziliense.com.br\/cbradar\/wp-content\/uploads\/2025\/03\/camomila_1740802017767-300x169.jpg 300w, https:\/\/www.correiobraziliense.com.br\/cbradar\/wp-content\/uploads\/2025\/03\/camomila_1740802017767-768x432.jpg 768w, https:\/\/www.correiobraziliense.com.br\/cbradar\/wp-content\/uploads\/2025\/03\/camomila_1740802017767-750x422.jpg 750w, https:\/\/www.correiobraziliense.com.br\/cbradar\/wp-content\/uploads\/2025\/03\/camomila_1740802017767-1140x641.jpg 1140w, https:\/\/www.correiobraziliense.com.br\/cbradar\/wp-content\/uploads\/2025\/03\/camomila_1740802017767.jpg 1280w\" sizes=\"(max-width: 1024px) 100vw, 1024px\" \/><figcaption class=\"wp-element-caption\">Campo de Camomila \/\/ Cr\u00e9ditos: depositphotos.com \/ O.Rohulya<\/figcaption><\/figure><\/div>\n\n\n<h2 class=\"wp-block-heading\">Quando \u00e9 a melhor \u00e9poca para iniciar o plantio de camomila?<\/h2>\n\n\n\n<p><strong>A melhor \u00e9poca para plantar camomila \u00e9 na primavera, entre setembro e novembro no <a href=\"https:\/\/www.correiobraziliense.com.br\/cbradar\/primeira-capital-do-brasil-encanta-com-beleza-e-cultura-vibrante\/\" target=\"_blank\" rel=\"noreferrer noopener\">Brasil<\/a>.<\/strong> O clima ameno favorece a germina\u00e7\u00e3o das sementes. Em regi\u00f5es quentes, como o <strong>Nordeste<\/strong>, o plantio pode ser feito o ano todo, enquanto no <strong>Sul<\/strong> \u00e9 melhor evitar o inverno. Escolher o momento certo ajuda a <strong>camomila<\/strong> a crescer forte, com flores perfeitas para ch\u00e1s.<\/p>\n\n\n\n<h2 class=\"wp-block-heading\">Como preparar as mudas de camomila antes do plantio?<\/h2>\n\n\n\n<p><strong>As mudas de camomila s\u00e3o obtidas por sementes, devido \u00e0 sua facilidade de germina\u00e7\u00e3o.<\/strong> Deixe as sementes de molho em \u00e1gua por 12 horas para estimular a germina\u00e7\u00e3o. Se preferir mudas prontas, escolha plantas com folhas verdes e ra\u00edzes saud\u00e1veis. Mantenha as sementes ou mudas em local fresco antes do plantio. Esse cuidado inicial garante que a <strong>camomila<\/strong> se desenvolva bem.<\/p>\n\n\n\n<h2 class=\"wp-block-heading\">Como realizar o plantio de camomila passo a passo?<\/h2>\n\n\n\n<ul class=\"wp-block-list\">\n<li><strong>Escolha o local<\/strong>: Prefira \u00e1reas com sol pleno ou meia-sombra.<\/li>\n\n\n\n<li><strong>Prepare o solo<\/strong>: Misture terra, composto e areia, como indicado.<\/li>\n\n\n\n<li><strong>Plante as sementes<\/strong>: Espalhe as sementes sobre o solo e cubra levemente com terra.<\/li>\n\n\n\n<li><strong>Regue com cuidado<\/strong>: Molhe o solo com um borrifador para n\u00e3o deslocar as sementes.<\/li>\n\n\n\n<li><strong>Espa\u00e7e as plantas<\/strong>: Deixe 15 cm entre mudas para crescimento.<\/li>\n\n\n\n<li><strong>Proteja do vento<\/strong>: Posicione em local abrigado para evitar danos.<\/li>\n<\/ul>\n\n\n\n<h2 class=\"wp-block-heading\">Como prevenir doen\u00e7as comuns no cultivo de camomila?<\/h2>\n\n\n\n<p><strong>Para prevenir doen\u00e7as na camomila, mantenha o solo bem drenado e evite regas nas folhas.<\/strong> O\u00eddio, um fungo que causa manchas brancas, pode ser tratado com ch\u00e1 de <strong>alecrim<\/strong>. Pulg\u00f5es s\u00e3o controlados com solu\u00e7\u00e3o de sab\u00e3o neutro. Inspecione a planta regularmente, removendo folhas afetadas. Cuidados simples mant\u00eam a <strong>camomila<\/strong> saud\u00e1vel e pronta para colheita.<\/p>\n\n\n\n<h2 class=\"wp-block-heading\">Como fazer a poda da camomila e como ocorre o florescimento e a frutifica\u00e7\u00e3o?<\/h2>\n\n\n\n<p><strong>A poda da camomila consiste em colher flores maduras e remover folhas secas.<\/strong> Corte as flores com tesoura esterilizada quando estiverem completamente abertas, estimulando novas flora\u00e7\u00f5es. O florescimento ocorre na primavera, com flores brancas e amarelas. A <strong>camomila<\/strong> n\u00e3o produz frutos, mas suas flores s\u00e3o colhidas para ch\u00e1s. Podas regulares garantem uma planta produtiva e bem cuidada.<\/p>\n\n\n\n<h2 class=\"wp-block-heading\">Curiosidades sobre a camomila<\/h2>\n\n\n\n<ul class=\"wp-block-list\">\n<li><strong>Uso antigo<\/strong>: No <strong>Egito Antigo<\/strong>, era dedicada ao deus <strong>R\u00e1<\/strong> por suas propriedades.<\/li>\n\n\n\n<li><strong>Nome po\u00e9tico<\/strong>: Deriva de \u201cma\u00e7\u00e3 da terra\u201d em grego, pelo seu aroma.<\/li>\n\n\n\n<li><strong>Popular no Brasil<\/strong>: Em <strong>Curitiba<\/strong>, \u00e9 comum em ch\u00e1s caseiros.<\/li>\n\n\n\n<li><strong>Atra\u00e7\u00e3o de insetos<\/strong>: Suas flores atraem abelhas, ajudando na poliniza\u00e7\u00e3o.<\/li>\n<\/ul>\n\n\n\n<h2 class=\"wp-block-heading\">Como fazer ch\u00e1 de camomila?<\/h2>\n\n\n\n<p>O ch\u00e1 de <strong>camomila<\/strong> \u00e9 f\u00e1cil de preparar: use 1 colher de sopa de flores secas para cada x\u00edcara de \u00e1gua fervente. Deixe em infus\u00e3o por 5 a 10 minutos, coe e adoce com mel, se desejar. Al\u00e9m de calmante, o ch\u00e1 alivia c\u00f3licas e melhora o sono. Cultivar <strong>camomila<\/strong> em casa garante flores frescas para um ch\u00e1 relaxante.<\/p>\n\n\n\n<h2 class=\"wp-block-heading\">Perguntas Frequentes \u2014 FAQ<\/h2>\n\n\n\n<p>1. <strong>Posso plantar camomila em vasos?<\/strong><br>Sim, vasos com 15 cm de profundidade s\u00e3o suficientes.<\/p>\n\n\n\n<p>2. <strong>Quanto tempo leva para a camomila florescer?<\/strong><br>Entre 6 e 8 semanas ap\u00f3s o plantio, dependendo das condi\u00e7\u00f5es.<\/p>\n\n\n\n<p>3. <strong>Como secar flores de camomila?<\/strong><br>Coloque-as em local ventilado, longe do sol, por 7 a 10 dias.<\/p>\n\n\n\n<p>4. <strong>A camomila \u00e9 resistente ao frio?<\/strong><br>Tolerante, mas prefere climas amenos; proteja-a em geadas.<\/p>\n","protected":false},"excerpt":{"rendered":"<p>A camomila (Matricaria chamomilla) \u00e9 uma erva arom\u00e1tica conhecida por seu ch\u00e1 calmante e flores delicadas. Cultivar camomila em casa \u00e9 uma forma pr\u00e1tica de ter acesso a seus benef\u00edcios medicinais e decorativos. Este guia ensina como plantar camomila com facilidade. Como escolher o melhor solo para plantar camomila? O melhor solo para plantar camomila [&hellip;]<\/p>\n","protected":false},"author":8,"featured_media":7940,"comment_status":"open","ping_status":"open","sticky":false,"template":"","format":"standard","meta":{"jnews-multi-image_gallery":[],"jnews_single_post":{"format":"standard"},"jnews_primary_category":[],"jnews_social_meta":[],"jnews_override_counter":[],"footnotes":""},"categories":[136],"post_tag":[1360,137],"class_list":["post-57127","post","type-post","status-publish","format-standard","has-post-thumbnail","hentry","category-jardinagem","tag-camomila","tag-como-plantar"],"yoast_head":"<!-- This site is optimized with the Yoast SEO plugin v24.6 - https:\/\/yoast.com\/wordpress\/plugins\/seo\/ -->\n<title>Como plantar camomila em casa? - Correio Braziliense - Radar<\/title>\n<meta name=\"description\" content=\"Aprenda a plantar em casa a planta conhecida por seu ch\u00e1 calmante e tenha bem-estar natural sempre ao seu alcance.\" \/>\n<meta name=\"robots\" content=\"index, follow, max-snippet:-1, max-image-preview:large, max-video-preview:-1\" \/>\n<link rel=\"canonical\" href=\"https:\/\/www.correiobraziliense.com.br\/cbradar\/como-plantar-camomila-em-casa\/\" \/>\n<meta property=\"og:locale\" content=\"pt_BR\" \/>\n<meta property=\"og:type\" content=\"article\" \/>\n<meta property=\"og:title\" content=\"Como plantar camomila em casa? - Correio Braziliense - Radar\" \/>\n<meta property=\"og:description\" content=\"Aprenda a plantar em casa a planta conhecida por seu ch\u00e1 calmante e tenha bem-estar natural sempre ao seu alcance.\" \/>\n<meta property=\"og:url\" content=\"https:\/\/www.correiobraziliense.com.br\/cbradar\/como-plantar-camomila-em-casa\/\" \/>\n<meta property=\"og:site_name\" content=\"Correio Braziliense - Radar\" \/>\n<meta property=\"article:published_time\" content=\"2025-06-23T09:10:00+00:00\" \/>\n<meta property=\"og:image\" content=\"https:\/\/www.correiobraziliense.com.br\/cbradar\/wp-content\/uploads\/2025\/03\/camomila_1740802001301.jpg\" \/>\n\t<meta property=\"og:image:width\" content=\"1280\" \/>\n\t<meta property=\"og:image:height\" content=\"720\" \/>\n\t<meta property=\"og:image:type\" content=\"image\/jpeg\" \/>\n<meta name=\"author\" content=\"Maura Pereira\" \/>\n<meta name=\"twitter:card\" content=\"summary_large_image\" \/>\n<meta name=\"twitter:label1\" content=\"Escrito por\" \/>\n\t<meta name=\"twitter:data1\" content=\"Maura Pereira\" \/>\n\t<meta name=\"twitter:label2\" content=\"Est. tempo de leitura\" \/>\n\t<meta name=\"twitter:data2\" content=\"4 minutos\" \/>\n<!-- \/ Yoast SEO plugin. -->","yoast_head_json":{"title":"Como plantar camomila em casa? - Correio Braziliense - Radar","description":"Aprenda a plantar em casa a planta conhecida por seu ch\u00e1 calmante e tenha bem-estar natural sempre ao seu alcance.","robots":{"index":"index","follow":"follow","max-snippet":"max-snippet:-1","max-image-preview":"max-image-preview:large","max-video-preview":"max-video-preview:-1"},"canonical":"https:\/\/www.correiobraziliense.com.br\/cbradar\/como-plantar-camomila-em-casa\/","og_locale":"pt_BR","og_type":"article","og_title":"Como plantar camomila em casa? - Correio Braziliense - Radar","og_description":"Aprenda a plantar em casa a planta conhecida por seu ch\u00e1 calmante e tenha bem-estar natural sempre ao seu alcance.","og_url":"https:\/\/www.correiobraziliense.com.br\/cbradar\/como-plantar-camomila-em-casa\/","og_site_name":"Correio Braziliense - Radar","article_published_time":"2025-06-23T09:10:00+00:00","og_image":[{"width":1280,"height":720,"url":"https:\/\/www.correiobraziliense.com.br\/cbradar\/wp-content\/uploads\/2025\/03\/camomila_1740802001301.jpg","type":"image\/jpeg"}],"author":"Maura Pereira","twitter_card":"summary_large_image","twitter_misc":{"Escrito por":"Maura Pereira","Est. tempo de leitura":"4 minutos"},"schema":{"@context":"https:\/\/schema.org","@graph":[{"@type":"WebPage","@id":"https:\/\/www.correiobraziliense.com.br\/cbradar\/como-plantar-camomila-em-casa\/","url":"https:\/\/www.correiobraziliense.com.br\/cbradar\/como-plantar-camomila-em-casa\/","name":"Como plantar camomila em casa? - Correio Braziliense - Radar","isPartOf":{"@id":"https:\/\/www.correiobraziliense.com.br\/cbradar\/#website"},"primaryImageOfPage":{"@id":"https:\/\/www.correiobraziliense.com.br\/cbradar\/como-plantar-camomila-em-casa\/#primaryimage"},"image":{"@id":"https:\/\/www.correiobraziliense.com.br\/cbradar\/como-plantar-camomila-em-casa\/#primaryimage"},"thumbnailUrl":"https:\/\/www.correiobraziliense.com.br\/cbradar\/wp-content\/uploads\/2025\/03\/camomila_1740802001301.jpg","datePublished":"2025-06-23T09:10:00+00:00","author":{"@id":"https:\/\/www.correiobraziliense.com.br\/cbradar\/#\/schema\/person\/4053c651a9bfc785afc6f4cbc9032fd3"},"description":"Aprenda a plantar em casa a planta conhecida por seu ch\u00e1 calmante e tenha bem-estar natural sempre ao seu alcance.","breadcrumb":{"@id":"https:\/\/www.correiobraziliense.com.br\/cbradar\/como-plantar-camomila-em-casa\/#breadcrumb"},"inLanguage":"pt-BR","potentialAction":[{"@type":"ReadAction","target":["https:\/\/www.correiobraziliense.com.br\/cbradar\/como-plantar-camomila-em-casa\/"]}]},{"@type":"ImageObject","inLanguage":"pt-BR","@id":"https:\/\/www.correiobraziliense.com.br\/cbradar\/como-plantar-camomila-em-casa\/#primaryimage","url":"https:\/\/www.correiobraziliense.com.br\/cbradar\/wp-content\/uploads\/2025\/03\/camomila_1740802001301.jpg","contentUrl":"https:\/\/www.correiobraziliense.com.br\/cbradar\/wp-content\/uploads\/2025\/03\/camomila_1740802001301.jpg","width":1280,"height":720,"caption":"Planta de camomila \/\/ Cr\u00e9ditos: depositphotos.com \/ scorpp"},{"@type":"BreadcrumbList","@id":"https:\/\/www.correiobraziliense.com.br\/cbradar\/como-plantar-camomila-em-casa\/#breadcrumb","itemListElement":[{"@type":"ListItem","position":1,"name":"In\u00edcio","item":"https:\/\/www.correiobraziliense.com.br\/cbradar\/"},{"@type":"ListItem","position":2,"name":"Como plantar camomila em casa?"}]},{"@type":"WebSite","@id":"https:\/\/www.correiobraziliense.com.br\/cbradar\/#website","url":"https:\/\/www.correiobraziliense.com.br\/cbradar\/","name":"Correio Braziliense - Radar","description":"Acompanhe as \u00faltimas not\u00edcias e fique bem informado sobre tudo o que acontece no Brasil e no mundo.","potentialAction":[{"@type":"SearchAction","target":{"@type":"EntryPoint","urlTemplate":"https:\/\/www.correiobraziliense.com.br\/cbradar\/?s={search_term_string}"},"query-input":{"@type":"PropertyValueSpecification","valueRequired":true,"valueName":"search_term_string"}}],"inLanguage":"pt-BR"},{"@type":"Person","@id":"https:\/\/www.correiobraziliense.com.br\/cbradar\/#\/schema\/person\/4053c651a9bfc785afc6f4cbc9032fd3","name":"Maura Pereira","image":{"@type":"ImageObject","inLanguage":"pt-BR","@id":"https:\/\/www.correiobraziliense.com.br\/cbradar\/#\/schema\/person\/image\/","url":"https:\/\/secure.gravatar.com\/avatar\/3effd6bdadfa447f15089c7f7144eaa6?s=96&d=mm&r=g","contentUrl":"https:\/\/secure.gravatar.com\/avatar\/3effd6bdadfa447f15089c7f7144eaa6?s=96&d=mm&r=g","caption":"Maura Pereira"},"sameAs":["https:\/\/www.correiobraziliense.com.br\/"],"url":"https:\/\/www.correiobraziliense.com.br\/cbradar\/author\/mauramyth\/"}]}},"_links":{"self":[{"href":"https:\/\/www.correiobraziliense.com.br\/cbradar\/wp-json\/wp\/v2\/posts\/57127","targetHints":{"allow":["GET"]}}],"collection":[{"href":"https:\/\/www.correiobraziliense.com.br\/cbradar\/wp-json\/wp\/v2\/posts"}],"about":[{"href":"https:\/\/www.correiobraziliense.com.br\/cbradar\/wp-json\/wp\/v2\/types\/post"}],"author":[{"embeddable":true,"href":"https:\/\/www.correiobraziliense.com.br\/cbradar\/wp-json\/wp\/v2\/users\/8"}],"replies":[{"embeddable":true,"href":"https:\/\/www.correiobraziliense.com.br\/cbradar\/wp-json\/wp\/v2\/comments?post=57127"}],"version-history":[{"count":8,"href":"https:\/\/www.correiobraziliense.com.br\/cbradar\/wp-json\/wp\/v2\/posts\/57127\/revisions"}],"predecessor-version":[{"id":57257,"href":"https:\/\/www.correiobraziliense.com.br\/cbradar\/wp-json\/wp\/v2\/posts\/57127\/revisions\/57257"}],"wp:featuredmedia":[{"embeddable":true,"href":"https:\/\/www.correiobraziliense.com.br\/cbradar\/wp-json\/wp\/v2\/media\/7940"}],"wp:attachment":[{"href":"https:\/\/www.correiobraziliense.com.br\/cbradar\/wp-json\/wp\/v2\/media?parent=57127"}],"wp:term":[{"taxonomy":"category","embeddable":true,"href":"https:\/\/www.correiobraziliense.com.br\/cbradar\/wp-json\/wp\/v2\/categories?post=57127"},{"taxonomy":"post_tag","embeddable":true,"href":"https:\/\/www.correiobraziliense.com.br\/cbradar\/wp-json\/wp\/v2\/post_tag?post=57127"}],"curies":[{"name":"wp","href":"https:\/\/api.w.org\/{rel}","templated":true}]}}