{"id":57163,"date":"2025-06-22T20:23:00","date_gmt":"2025-06-22T23:23:00","guid":{"rendered":"https:\/\/www.correiobraziliense.com.br\/cbradar\/?p=57163"},"modified":"2025-06-21T20:11:29","modified_gmt":"2025-06-21T23:11:29","slug":"essa-mancha-solar-esta-assustando-cientistas-e-pode-atingir-a-terra","status":"publish","type":"post","link":"https:\/\/www.correiobraziliense.com.br\/cbradar\/essa-mancha-solar-esta-assustando-cientistas-e-pode-atingir-a-terra\/","title":{"rendered":"Essa mancha solar est\u00e1 assustando cientistas e pode atingir a Terra"},"content":{"rendered":"\n<p>Nos \u00faltimos dias, uma regi\u00e3o de manchas solares voltada para a Terra tem chamado a aten\u00e7\u00e3o de especialistas em clima espacial devido \u00e0 intensidade de suas erup\u00e7\u00f5es. Essas explos\u00f5es de g\u00e1s quente, conhecidas como <strong>erup\u00e7\u00f5es solares<\/strong>, t\u00eam causado interrup\u00e7\u00f5es em sistemas de comunica\u00e7\u00e3o e levantado preocupa\u00e7\u00f5es sobre poss\u00edveis impactos futuros. O fen\u00f4meno, monitorado por \u00f3rg\u00e3os internacionais, evidencia o poder e a imprevisibilidade do nosso astro-rei.<\/p>\n\n\n\n<p>Na ter\u00e7a-feira, uma dessas manchas solares, identificada como regi\u00e3o 4114, liberou uma poderosa <strong>erup\u00e7\u00e3o solar de classe X.12<\/strong> \u00e0s 18h49 (hor\u00e1rio de <strong>Bras\u00edlia<\/strong>). Esse evento resultou em um apag\u00e3o de r\u00e1dio sobre o Oceano Pac\u00edfico, afetando \u00e1reas como o <strong>Hava\u00ed<\/strong>. Segundo o <strong>Centro de Previs\u00e3o do Clima Espacial da NOAA<\/strong>, essa foi a erup\u00e7\u00e3o mais intensa registrada por essa mancha at\u00e9 o momento, mas n\u00e3o foi um caso isolado: a regi\u00e3o j\u00e1 vinha apresentando atividade elevada nos dias anteriores.<\/p>\n\n\n\n<h2 class=\"wp-block-heading\">O que s\u00e3o manchas solares e por que elas aparecem?<\/h2>\n\n\n\n<p><strong>Manchas solares s\u00e3o \u00e1reas mais escuras e frias na superf\u00edcie do Sol, vis\u00edveis como pontos escurecidos quando observadas com instrumentos adequados.<\/strong> Elas surgem devido \u00e0 intensa atividade magn\u00e9tica, que dificulta o fluxo de calor do interior solar para a superf\u00edcie. Essas regi\u00f5es costumam ser acompanhadas por fen\u00f4menos como <strong>erup\u00e7\u00f5es solares<\/strong> e eje\u00e7\u00f5es de massa coronal, ambos capazes de influenciar o ambiente espacial pr\u00f3ximo \u00e0 Terra.<\/p>\n\n\n\n<p><strong>O ciclo solar, que dura aproximadamente 11 anos, \u00e9 marcado por per\u00edodos de maior e menor atividade.<\/strong> O chamado <strong>m\u00e1ximo solar<\/strong> teve in\u00edcio em outubro de 2024, aumentando a frequ\u00eancia de manchas solares e eventos associados. Durante esse per\u00edodo, o <strong>Sol<\/strong> libera mais energia e part\u00edculas, elevando o risco de tempestades geomagn\u00e9ticas e interfer\u00eancias em sistemas eletr\u00f4nicos terrestres.<\/p>\n\n\n\n<h2 class=\"wp-block-heading\">Como as erup\u00e7\u00f5es solares afetam a Terra?<\/h2>\n\n\n\n<p><strong>As erup\u00e7\u00f5es solares s\u00e3o classificadas de acordo com sua intensidade, indo das menos potentes (classe B) at\u00e9 as mais fortes (classe X).<\/strong> Quando uma erup\u00e7\u00e3o significativa ocorre voltada para a Terra, seus efeitos podem ser sentidos quase que instantaneamente. Entre os principais impactos est\u00e3o:<\/p>\n\n\n\n<ul class=\"wp-block-list\">\n<li><strong>Apag\u00f5es de r\u00e1dio:<\/strong> A radia\u00e7\u00e3o emitida pode ionizar camadas da atmosfera, bloqueando sinais de r\u00e1dio de alta frequ\u00eancia.<\/li>\n\n\n\n<li><strong>Tempestades geomagn\u00e9ticas:<\/strong> Eje\u00e7\u00f5es de massa coronal podem atingir o campo magn\u00e9tico terrestre, causando dist\u00farbios em redes el\u00e9tricas e sistemas de navega\u00e7\u00e3o.<\/li>\n\n\n\n<li><strong>Interfer\u00eancia em sat\u00e9lites:<\/strong> Equipamentos em \u00f3rbita podem sofrer danos ou falhas tempor\u00e1rias devido ao aumento da radia\u00e7\u00e3o.<\/li>\n<\/ul>\n\n\n\n<p>No caso recente, a erup\u00e7\u00e3o de classe X.12 n\u00e3o foi acompanhada por uma eje\u00e7\u00e3o de massa coronal, mas ainda assim provocou um blackout de r\u00e1dio sobre uma vasta regi\u00e3o do <strong>Pac\u00edfico<\/strong>. Eventos semelhantes j\u00e1 haviam sido registrados anteriormente, como a tempestade geomagn\u00e9tica de maio de 2024, causada por uma erup\u00e7\u00e3o de classe X1.1.<\/p>\n\n\n\n<figure class=\"wp-block-image size-large\"><img decoding=\"async\" width=\"1024\" height=\"576\" src=\"https:\/\/www.correiobraziliense.com.br\/cbradar\/wp-content\/uploads\/2025\/06\/sol-espaco_1750547471403-1024x576.jpg\" alt=\"Essa mancha solar est\u00e1 assustando cientistas e pode atingir a Terra\" class=\"wp-image-57166\" srcset=\"https:\/\/www.correiobraziliense.com.br\/cbradar\/wp-content\/uploads\/2025\/06\/sol-espaco_1750547471403-1024x576.jpg 1024w, https:\/\/www.correiobraziliense.com.br\/cbradar\/wp-content\/uploads\/2025\/06\/sol-espaco_1750547471403-300x169.jpg 300w, https:\/\/www.correiobraziliense.com.br\/cbradar\/wp-content\/uploads\/2025\/06\/sol-espaco_1750547471403-768x432.jpg 768w, https:\/\/www.correiobraziliense.com.br\/cbradar\/wp-content\/uploads\/2025\/06\/sol-espaco_1750547471403-750x422.jpg 750w, https:\/\/www.correiobraziliense.com.br\/cbradar\/wp-content\/uploads\/2025\/06\/sol-espaco_1750547471403-1140x641.jpg 1140w, https:\/\/www.correiobraziliense.com.br\/cbradar\/wp-content\/uploads\/2025\/06\/sol-espaco_1750547471403.jpg 1280w\" sizes=\"(max-width: 1024px) 100vw, 1024px\" \/><figcaption class=\"wp-element-caption\">sol espa\u00e7o. Cr\u00e9ditos: depositphotos.com \/ IgorVetushko<\/figcaption><\/figure>\n\n\n\n<h2 class=\"wp-block-heading\">Quais s\u00e3o os riscos de novas erup\u00e7\u00f5es solares?<\/h2>\n\n\n\n<p><strong>Com a regi\u00e3o ativa 4114 ainda voltada para a Terra, existe a possibilidade de novas erup\u00e7\u00f5es solares nos pr\u00f3ximos dias.<\/strong> Especialistas monitoram constantemente essas \u00e1reas, utilizando dados de sat\u00e9lites e observat\u00f3rios para prever poss\u00edveis impactos. Caso a mancha permane\u00e7a ativa at\u00e9 dar a volta no <strong>Sol<\/strong> e reaparecer, novas explos\u00f5es podem ser direcionadas ao nosso planeta.<\/p>\n\n\n\n<p><strong>O monitoramento cont\u00ednuo \u00e9 fundamental para mitigar os efeitos das tempestades solares.<\/strong> \u00d3rg\u00e3os como a <strong>NOAA<\/strong> emitem alertas e orienta\u00e7\u00f5es para operadores de sistemas cr\u00edticos, como companhias a\u00e9reas, redes de energia e empresas de telecomunica\u00e7\u00f5es. Dessa forma, \u00e9 poss\u00edvel adotar medidas preventivas e reduzir preju\u00edzos causados por eventos extremos do clima espacial.<\/p>\n\n\n\n<h2 class=\"wp-block-heading\">Como a sociedade pode se preparar para eventos solares extremos?<\/h2>\n\n\n\n<p><strong>Embora as erup\u00e7\u00f5es solares sejam fen\u00f4menos naturais e inevit\u00e1veis, algumas a\u00e7\u00f5es podem ajudar a minimizar seus impactos.<\/strong> Entre as principais recomenda\u00e7\u00f5es est\u00e3o:<\/p>\n\n\n\n<ol class=\"wp-block-list\">\n<li>Monitoramento constante das condi\u00e7\u00f5es solares por meio de ag\u00eancias especializadas.<\/li>\n\n\n\n<li>Desenvolvimento de protocolos de emerg\u00eancia para redes el\u00e9tricas e sistemas de comunica\u00e7\u00e3o.<\/li>\n\n\n\n<li>Atualiza\u00e7\u00e3o de equipamentos eletr\u00f4nicos para resistirem a picos de radia\u00e7\u00e3o.<\/li>\n\n\n\n<li>Treinamento de equipes para resposta r\u00e1pida em caso de falhas ou interrup\u00e7\u00f5es.<\/li>\n<\/ol>\n\n\n\n<p><strong>Com o avan\u00e7o da tecnologia e o aumento da depend\u00eancia de sistemas eletr\u00f4nicos, a aten\u00e7\u00e3o ao clima espacial se torna cada vez mais relevante.<\/strong> Acompanhar o comportamento do <strong>Sol<\/strong> e entender os riscos associados \u00e0s manchas solares \u00e9 essencial para garantir a seguran\u00e7a e o funcionamento de infraestruturas cr\u00edticas em todo o mundo.<\/p>\n","protected":false},"excerpt":{"rendered":"<p>A regi\u00e3o 4114 do Sol est\u00e1 mais ativa do que nunca e pode gerar novos apag\u00f5es e falhas em sistemas. Entenda o que est\u00e1 acontecendo no clima espacial.<\/p>\n","protected":false},"author":3,"featured_media":57165,"comment_status":"open","ping_status":"open","sticky":false,"template":"","format":"standard","meta":{"jnews-multi-image_gallery":[],"jnews_single_post":{"format":"standard"},"jnews_primary_category":[],"jnews_social_meta":[],"jnews_override_counter":[],"footnotes":""},"categories":[112],"post_tag":[179,144],"class_list":["post-57163","post","type-post","status-publish","format-standard","has-post-thumbnail","hentry","category-curiosidades","tag-astronomia","tag-curiosidades"],"yoast_head":"<!-- This site is optimized with the Yoast SEO plugin v24.6 - https:\/\/yoast.com\/wordpress\/plugins\/seo\/ -->\n<title>Essa mancha solar est\u00e1 assustando cientistas e pode atingir a Terra<\/title>\n<meta name=\"description\" content=\"A regi\u00e3o 4114 do Sol est\u00e1 mais ativa do que nunca e pode gerar novos apag\u00f5es e falhas em sistemas. Entenda o que est\u00e1 acontecendo no clima espacial.\" \/>\n<meta name=\"robots\" content=\"index, follow, max-snippet:-1, max-image-preview:large, max-video-preview:-1\" \/>\n<link rel=\"canonical\" href=\"https:\/\/www.correiobraziliense.com.br\/cbradar\/essa-mancha-solar-esta-assustando-cientistas-e-pode-atingir-a-terra\/\" \/>\n<meta property=\"og:locale\" content=\"pt_BR\" \/>\n<meta property=\"og:type\" content=\"article\" \/>\n<meta property=\"og:title\" content=\"Essa mancha solar est\u00e1 assustando cientistas e pode atingir a Terra\" \/>\n<meta property=\"og:description\" content=\"A regi\u00e3o 4114 do Sol est\u00e1 mais ativa do que nunca e pode gerar novos apag\u00f5es e falhas em sistemas. Entenda o que est\u00e1 acontecendo no clima espacial.\" \/>\n<meta property=\"og:url\" content=\"https:\/\/www.correiobraziliense.com.br\/cbradar\/essa-mancha-solar-esta-assustando-cientistas-e-pode-atingir-a-terra\/\" \/>\n<meta property=\"og:site_name\" content=\"Correio Braziliense - Radar\" \/>\n<meta property=\"article:published_time\" content=\"2025-06-22T23:23:00+00:00\" \/>\n<meta property=\"og:image\" content=\"https:\/\/www.correiobraziliense.com.br\/cbradar\/wp-content\/uploads\/2025\/06\/sol-espaco_1750547033430.jpg\" \/>\n\t<meta property=\"og:image:width\" content=\"1280\" \/>\n\t<meta property=\"og:image:height\" content=\"720\" \/>\n\t<meta property=\"og:image:type\" content=\"image\/jpeg\" \/>\n<meta name=\"author\" content=\"Larissa Carvalho\" \/>\n<meta name=\"twitter:card\" content=\"summary_large_image\" \/>\n<meta name=\"twitter:label1\" content=\"Escrito por\" \/>\n\t<meta name=\"twitter:data1\" content=\"Larissa Carvalho\" \/>\n\t<meta name=\"twitter:label2\" content=\"Est. tempo de leitura\" \/>\n\t<meta name=\"twitter:data2\" content=\"5 minutos\" \/>\n<!-- \/ Yoast SEO plugin. -->","yoast_head_json":{"title":"Essa mancha solar est\u00e1 assustando cientistas e pode atingir a Terra","description":"A regi\u00e3o 4114 do Sol est\u00e1 mais ativa do que nunca e pode gerar novos apag\u00f5es e falhas em sistemas. Entenda o que est\u00e1 acontecendo no clima espacial.","robots":{"index":"index","follow":"follow","max-snippet":"max-snippet:-1","max-image-preview":"max-image-preview:large","max-video-preview":"max-video-preview:-1"},"canonical":"https:\/\/www.correiobraziliense.com.br\/cbradar\/essa-mancha-solar-esta-assustando-cientistas-e-pode-atingir-a-terra\/","og_locale":"pt_BR","og_type":"article","og_title":"Essa mancha solar est\u00e1 assustando cientistas e pode atingir a Terra","og_description":"A regi\u00e3o 4114 do Sol est\u00e1 mais ativa do que nunca e pode gerar novos apag\u00f5es e falhas em sistemas. Entenda o que est\u00e1 acontecendo no clima espacial.","og_url":"https:\/\/www.correiobraziliense.com.br\/cbradar\/essa-mancha-solar-esta-assustando-cientistas-e-pode-atingir-a-terra\/","og_site_name":"Correio Braziliense - Radar","article_published_time":"2025-06-22T23:23:00+00:00","og_image":[{"width":1280,"height":720,"url":"https:\/\/www.correiobraziliense.com.br\/cbradar\/wp-content\/uploads\/2025\/06\/sol-espaco_1750547033430.jpg","type":"image\/jpeg"}],"author":"Larissa Carvalho","twitter_card":"summary_large_image","twitter_misc":{"Escrito por":"Larissa Carvalho","Est. tempo de leitura":"5 minutos"},"schema":{"@context":"https:\/\/schema.org","@graph":[{"@type":"WebPage","@id":"https:\/\/www.correiobraziliense.com.br\/cbradar\/essa-mancha-solar-esta-assustando-cientistas-e-pode-atingir-a-terra\/","url":"https:\/\/www.correiobraziliense.com.br\/cbradar\/essa-mancha-solar-esta-assustando-cientistas-e-pode-atingir-a-terra\/","name":"Essa mancha solar est\u00e1 assustando cientistas e pode atingir a Terra","isPartOf":{"@id":"https:\/\/www.correiobraziliense.com.br\/cbradar\/#website"},"primaryImageOfPage":{"@id":"https:\/\/www.correiobraziliense.com.br\/cbradar\/essa-mancha-solar-esta-assustando-cientistas-e-pode-atingir-a-terra\/#primaryimage"},"image":{"@id":"https:\/\/www.correiobraziliense.com.br\/cbradar\/essa-mancha-solar-esta-assustando-cientistas-e-pode-atingir-a-terra\/#primaryimage"},"thumbnailUrl":"https:\/\/www.correiobraziliense.com.br\/cbradar\/wp-content\/uploads\/2025\/06\/sol-espaco_1750547033430.jpg","datePublished":"2025-06-22T23:23:00+00:00","author":{"@id":"https:\/\/www.correiobraziliense.com.br\/cbradar\/#\/schema\/person\/58422787644df994b53a19d3e56c1513"},"description":"A regi\u00e3o 4114 do Sol est\u00e1 mais ativa do que nunca e pode gerar novos apag\u00f5es e falhas em sistemas. Entenda o que est\u00e1 acontecendo no clima espacial.","breadcrumb":{"@id":"https:\/\/www.correiobraziliense.com.br\/cbradar\/essa-mancha-solar-esta-assustando-cientistas-e-pode-atingir-a-terra\/#breadcrumb"},"inLanguage":"pt-BR","potentialAction":[{"@type":"ReadAction","target":["https:\/\/www.correiobraziliense.com.br\/cbradar\/essa-mancha-solar-esta-assustando-cientistas-e-pode-atingir-a-terra\/"]}]},{"@type":"ImageObject","inLanguage":"pt-BR","@id":"https:\/\/www.correiobraziliense.com.br\/cbradar\/essa-mancha-solar-esta-assustando-cientistas-e-pode-atingir-a-terra\/#primaryimage","url":"https:\/\/www.correiobraziliense.com.br\/cbradar\/wp-content\/uploads\/2025\/06\/sol-espaco_1750547033430.jpg","contentUrl":"https:\/\/www.correiobraziliense.com.br\/cbradar\/wp-content\/uploads\/2025\/06\/sol-espaco_1750547033430.jpg","width":1280,"height":720,"caption":"Sol. Cr\u00e9ditos: depositphotos.com \/ silvertiger"},{"@type":"BreadcrumbList","@id":"https:\/\/www.correiobraziliense.com.br\/cbradar\/essa-mancha-solar-esta-assustando-cientistas-e-pode-atingir-a-terra\/#breadcrumb","itemListElement":[{"@type":"ListItem","position":1,"name":"In\u00edcio","item":"https:\/\/www.correiobraziliense.com.br\/cbradar\/"},{"@type":"ListItem","position":2,"name":"Essa mancha solar est\u00e1 assustando cientistas e pode atingir a Terra"}]},{"@type":"WebSite","@id":"https:\/\/www.correiobraziliense.com.br\/cbradar\/#website","url":"https:\/\/www.correiobraziliense.com.br\/cbradar\/","name":"Correio Braziliense - Radar","description":"Acompanhe as \u00faltimas not\u00edcias e fique bem informado sobre tudo o que acontece no Brasil e no mundo.","potentialAction":[{"@type":"SearchAction","target":{"@type":"EntryPoint","urlTemplate":"https:\/\/www.correiobraziliense.com.br\/cbradar\/?s={search_term_string}"},"query-input":{"@type":"PropertyValueSpecification","valueRequired":true,"valueName":"search_term_string"}}],"inLanguage":"pt-BR"},{"@type":"Person","@id":"https:\/\/www.correiobraziliense.com.br\/cbradar\/#\/schema\/person\/58422787644df994b53a19d3e56c1513","name":"Larissa Carvalho","image":{"@type":"ImageObject","inLanguage":"pt-BR","@id":"https:\/\/www.correiobraziliense.com.br\/cbradar\/#\/schema\/person\/image\/","url":"https:\/\/secure.gravatar.com\/avatar\/fe4f91a0de32b52a838d0d612abdc1aa?s=96&d=mm&r=g","contentUrl":"https:\/\/secure.gravatar.com\/avatar\/fe4f91a0de32b52a838d0d612abdc1aa?s=96&d=mm&r=g","caption":"Larissa Carvalho"},"url":"https:\/\/www.correiobraziliense.com.br\/cbradar\/author\/larissamyth\/"}]}},"_links":{"self":[{"href":"https:\/\/www.correiobraziliense.com.br\/cbradar\/wp-json\/wp\/v2\/posts\/57163","targetHints":{"allow":["GET"]}}],"collection":[{"href":"https:\/\/www.correiobraziliense.com.br\/cbradar\/wp-json\/wp\/v2\/posts"}],"about":[{"href":"https:\/\/www.correiobraziliense.com.br\/cbradar\/wp-json\/wp\/v2\/types\/post"}],"author":[{"embeddable":true,"href":"https:\/\/www.correiobraziliense.com.br\/cbradar\/wp-json\/wp\/v2\/users\/3"}],"replies":[{"embeddable":true,"href":"https:\/\/www.correiobraziliense.com.br\/cbradar\/wp-json\/wp\/v2\/comments?post=57163"}],"version-history":[{"count":2,"href":"https:\/\/www.correiobraziliense.com.br\/cbradar\/wp-json\/wp\/v2\/posts\/57163\/revisions"}],"predecessor-version":[{"id":57167,"href":"https:\/\/www.correiobraziliense.com.br\/cbradar\/wp-json\/wp\/v2\/posts\/57163\/revisions\/57167"}],"wp:featuredmedia":[{"embeddable":true,"href":"https:\/\/www.correiobraziliense.com.br\/cbradar\/wp-json\/wp\/v2\/media\/57165"}],"wp:attachment":[{"href":"https:\/\/www.correiobraziliense.com.br\/cbradar\/wp-json\/wp\/v2\/media?parent=57163"}],"wp:term":[{"taxonomy":"category","embeddable":true,"href":"https:\/\/www.correiobraziliense.com.br\/cbradar\/wp-json\/wp\/v2\/categories?post=57163"},{"taxonomy":"post_tag","embeddable":true,"href":"https:\/\/www.correiobraziliense.com.br\/cbradar\/wp-json\/wp\/v2\/post_tag?post=57163"}],"curies":[{"name":"wp","href":"https:\/\/api.w.org\/{rel}","templated":true}]}}