{"id":57272,"date":"2025-06-23T08:23:00","date_gmt":"2025-06-23T11:23:00","guid":{"rendered":"https:\/\/www.correiobraziliense.com.br\/cbradar\/?p=57272"},"modified":"2025-06-22T02:05:57","modified_gmt":"2025-06-22T05:05:57","slug":"qualidade-de-vida-atrai-moradores-para-cidade-paulista","status":"publish","type":"post","link":"https:\/\/www.correiobraziliense.com.br\/cbradar\/qualidade-de-vida-atrai-moradores-para-cidade-paulista\/","title":{"rendered":"Qualidade de vida atrai moradores para cidade paulista"},"content":{"rendered":"\n<p>Localizada a cerca de 90 km da capital <strong>S\u00e3o Paulo<\/strong>, <a href=\"https:\/\/campinas.sp.gov.br\/\" target=\"_blank\" rel=\"noreferrer noopener\"><strong>Campinas<\/strong> <\/a>\u00e9 a maior cidade do interior paulista, conhecida como a \u201c<strong>P\u00e9rola do Interior<\/strong>\u201d por sua combina\u00e7\u00e3o \u00fanica de modernidade e tranquilidade. Com uma popula\u00e7\u00e3o de aproximadamente 1,2 milh\u00e3o de habitantes, a cidade se destaca como um polo tecnol\u00f3gico, educacional e econ\u00f4mico, oferecendo uma excelente qualidade de vida. <strong>Campinas<\/strong> \u00e9 perfeita para quem busca a praticidade de uma metr\u00f3pole com o charme acolhedor de uma cidade interiorana.<\/p>\n\n\n\n<h2 class=\"wp-block-heading\">Qual \u00e9 a qualidade de vida em Campinas?<\/h2>\n\n\n\n<p><strong>Campinas brilha no cen\u00e1rio nacional, ocupando a 18\u00aa posi\u00e7\u00e3o entre as cidades brasileiras com maior <a href=\"https:\/\/www.correiobraziliense.com.br\/cbradar\/cidade-perfeita-com-moradia-barata-e-otima-qualidade-de-vida\/\" target=\"_blank\" rel=\"noreferrer noopener\">qualidade de vida<\/a>, segundo o \u00cdndice de Progresso Social (IPS) de 2024.<\/strong> Com uma nota de 69,88, a cidade se destaca em \u00e1reas como saneamento b\u00e1sico, com pontua\u00e7\u00e3o de 93,13, e acesso \u00e0 informa\u00e7\u00e3o, com 80,86. A infraestrutura robusta, com rodovias bem conectadas e servi\u00e7os de sa\u00fade de qualidade, garante conforto e seguran\u00e7a aos moradores.<\/p>\n\n\n\n<p>Al\u00e9m disso, a cidade combina \u00e1reas verdes preservadas, como o <strong>Parque Portugal<\/strong>, com uma vida urbana vibrante. Bairros como <strong>Cambu\u00ed<\/strong> oferecem uma atmosfera sofisticada, com restaurantes e caf\u00e9s, enquanto a proximidade com a natureza proporciona equil\u00edbrio para quem busca bem-estar. <strong>Campinas<\/strong> \u00e9 ideal para fam\u00edlias e profissionais que valorizam um estilo de vida din\u00e2mico e saud\u00e1vel.<\/p>\n\n\n<div class=\"wp-block-image\">\n<figure class=\"aligncenter size-large\"><img decoding=\"async\" width=\"1024\" height=\"576\" src=\"https:\/\/www.correiobraziliense.com.br\/cbradar\/wp-content\/uploads\/2025\/04\/Campinas_1744090097346-1024x576.jpg\" alt=\"Cidade paulista encanta com sua infraestrutura e qualidade de vida\" class=\"wp-image-20713\" srcset=\"https:\/\/www.correiobraziliense.com.br\/cbradar\/wp-content\/uploads\/2025\/04\/Campinas_1744090097346-1024x576.jpg 1024w, https:\/\/www.correiobraziliense.com.br\/cbradar\/wp-content\/uploads\/2025\/04\/Campinas_1744090097346-300x169.jpg 300w, https:\/\/www.correiobraziliense.com.br\/cbradar\/wp-content\/uploads\/2025\/04\/Campinas_1744090097346-768x432.jpg 768w, https:\/\/www.correiobraziliense.com.br\/cbradar\/wp-content\/uploads\/2025\/04\/Campinas_1744090097346-750x422.jpg 750w, https:\/\/www.correiobraziliense.com.br\/cbradar\/wp-content\/uploads\/2025\/04\/Campinas_1744090097346-1140x641.jpg 1140w, https:\/\/www.correiobraziliense.com.br\/cbradar\/wp-content\/uploads\/2025\/04\/Campinas_1744090097346.jpg 1280w\" sizes=\"(max-width: 1024px) 100vw, 1024px\" \/><figcaption class=\"wp-element-caption\">Campinas \/\/ Cr\u00e9ditos: depositphotos.com \/ Ranimiro<\/figcaption><\/figure><\/div>\n\n\n<h2 class=\"wp-block-heading\">Como Campinas promove a sustentabilidade?<\/h2>\n\n\n\n<p><strong>Campinas investe em iniciativas sustent\u00e1veis que refor\u00e7am seu compromisso com o meio ambiente. <\/strong>A cidade possui pol\u00edticas p\u00fablicas focadas na recupera\u00e7\u00e3o de \u00e1reas verdes, como o <strong>Bosque dos Jequitib\u00e1s<\/strong>, e na gest\u00e3o eficiente de recursos h\u00eddricos, com destaque para o saneamento b\u00e1sico. Projetos de mobilidade urbana, como ciclovias e transporte p\u00fablico, incentivam pr\u00e1ticas mais ecol\u00f3gicas.<\/p>\n\n\n\n<p>A presen\u00e7a de centros de pesquisa, como o <strong>CPqD<\/strong> e a <strong>Embrapa<\/strong>, fomenta inova\u00e7\u00f5es sustent\u00e1veis, especialmente em tecnologia e agricultura. <strong>Campinas<\/strong> tamb\u00e9m se destaca por suas a\u00e7\u00f5es de conscientiza\u00e7\u00e3o ambiental, promovendo eventos e programas que engajam a comunidade na preserva\u00e7\u00e3o do meio ambiente, tornando a cidade um modelo de desenvolvimento consciente.<\/p>\n\n\n\n<h2 class=\"wp-block-heading\">Vale a pena morar em Campinas?<\/h2>\n\n\n\n<p><strong>Morar em Campinas \u00e9 uma escolha atraente para quem busca qualidade de vida sem abrir m\u00e3o de oportunidades. <\/strong>A cidade oferece uma infraestrutura completa, com shoppings, hospitais e escolas de alto padr\u00e3o, al\u00e9m de bairros residenciais tranquilos, como <strong>Vila Pal\u00e1cios<\/strong> e <strong>Vila Ip\u00ea<\/strong>. A proximidade com <strong>S\u00e3o Paulo<\/strong> facilita o acesso \u00e0 capital, enquanto o clima interiorano proporciona um dia a dia mais leve.<\/p>\n\n\n\n<p>A economia diversificada e a presen\u00e7a de universidades renomadas atraem jovens profissionais e fam\u00edlias. <strong>Campinas<\/strong> equilibra modernidade e calmaria, com op\u00e7\u00f5es de lazer que v\u00e3o desde parques a uma rica cena gastron\u00f4mica, tornando-a ideal para quem deseja um lar completo e acolhedor.<\/p>\n\n\n\n<h2 class=\"wp-block-heading\">Como \u00e9 a educa\u00e7\u00e3o em Campinas?<\/h2>\n\n\n\n<p><strong>Campinas \u00e9 um polo educacional de destaque, abrigando a Unicamp, considerada a segunda melhor universidade do Brasil, e a PUC-Campinas, entre outras institui\u00e7\u00f5es de renome.<\/strong> A cidade tamb\u00e9m oferece uma rede de ensino infantil e fundamental de alta qualidade, com escolas p\u00fablicas e privadas que atendem a diversas necessidades.<\/p>\n\n\n\n<p>O acesso ao ensino superior \u00e9 um dos pontos fortes, com 71,57 pontos no IPS, refletindo a forma\u00e7\u00e3o qualificada de seus trabalhadores. Al\u00e9m disso, <strong>Campinas<\/strong> \u00e9 um centro de produ\u00e7\u00e3o cient\u00edfica, atraindo estudantes de todo o pa\u00eds e oferecendo oportunidades para quem busca excel\u00eancia acad\u00eamica.<\/p>\n\n\n\n<h2 class=\"wp-block-heading\">Qual \u00e9 a economia local e as oportunidades de trabalho em Campinas?<\/h2>\n\n\n\n<p><strong>Conhecida como o \u201cVale do Sil\u00edcio brasileiro\u201d, Campinas \u00e9 um hub de tecnologia e inova\u00e7\u00e3o, sediando empresas como IBM e Samsung<\/strong>. A cidade possui o terceiro maior <strong>PIB <\/strong>do estado e \u00e9 a d\u00e9cima maior economia do <strong>Brasil<\/strong>, com setores de servi\u00e7os, ind\u00fastria e tecnologia em alta. O <strong>Parque Cient\u00edfico e Tecnol\u00f3gico da Unicamp<\/strong> impulsiona a cria\u00e7\u00e3o de startups, com mais de 500 na regi\u00e3o.<\/p>\n\n\n\n<p>O mercado de trabalho \u00e9 din\u00e2mico, com oportunidades em tecnologia, sa\u00fade e educa\u00e7\u00e3o. A localiza\u00e7\u00e3o estrat\u00e9gica, pr\u00f3xima ao <strong>Aeroporto de Viracopos<\/strong>, facilita neg\u00f3cios e atrai investimentos, tornando <strong>Campinas<\/strong> um destino promissor para profissionais e empreendedores.<\/p>\n\n\n\n<h2 class=\"wp-block-heading\">O que fazer em Campinas?<\/h2>\n\n\n\n<p><strong>Campinas<\/strong> oferece uma variedade de atra\u00e7\u00f5es para todos os gostos:<\/p>\n\n\n\n<ul class=\"wp-block-list\">\n<li><strong>Lagoa do Taquaral<\/strong>: Um parque ideal para caminhadas, piqueniques e passeios de pedalinho.<\/li>\n\n\n\n<li><strong>Bosque dos Jequitib\u00e1s<\/strong>: Perfeito para contato com a natureza, com trilhas e um zool\u00f3gico.<\/li>\n\n\n\n<li><strong>Shopping Parque Dom Pedro<\/strong>: O maior shopping em \u00e1rea cont\u00ednua da Am\u00e9rica Latina, com quase 400 lojas.<\/li>\n\n\n\n<li><strong>Cambu\u00ed<\/strong>: Bairro gastron\u00f4mico com restaurantes como <strong>Lume<\/strong> e <strong>Olivetto<\/strong>.<\/li>\n\n\n\n<li><strong>Museu de Arte Contempor\u00e2nea (MACC)<\/strong>: \u00d3timo para quem aprecia cultura e hist\u00f3ria.<\/li>\n<\/ul>\n\n\n\n<p>Essas op\u00e7\u00f5es garantem divers\u00e3o e relaxamento, seja em um passeio em fam\u00edlia ou uma noite animada com amigos.<\/p>\n\n\n\n<h2 class=\"wp-block-heading\">O que devo saber antes de visitar Campinas?<\/h2>\n\n\n\n<p>Antes de visitar <strong>Campinas<\/strong>, planeje sua viagem considerando a proximidade com <strong>S\u00e3o Paulo<\/strong>, que facilita o acesso. A cidade tem um clima agrad\u00e1vel, com temperaturas m\u00e9dias entre 20\u00b0C e 30\u00b0C, ideal para atividades ao ar livre. Leve roupas confort\u00e1veis para explorar parques e cal\u00e7ados adequados para caminhadas.<\/p>\n\n\n\n<p>Conhe\u00e7a os bairros centrais, como <strong>Cambu\u00ed<\/strong>, para aproveitar a gastronomia local, e reserve um tempo para visitar as atra\u00e7\u00f5es culturais. <strong>Campinas<\/strong> \u00e9 segura e acolhedora, mas, como em qualquer cidade, \u00e9 bom ficar atento aos pertences em locais movimentados.<\/p>\n\n\n\n<h2 class=\"wp-block-heading\">Vale a pena visitar Campinas?<\/h2>\n\n\n\n<p><strong>Campinas \u00e9 um destino que surpreende pela diversidade. <\/strong>Suas atra\u00e7\u00f5es culturais, como a <strong>Orquestra Sinf\u00f4nica Municipal<\/strong>, e naturais, como a <strong>Pedreira do Chapad\u00e3o<\/strong>, encantam visitantes. A cidade combina a energia de um polo tecnol\u00f3gico com a tranquilidade de \u00e1reas verdes, ideal para quem busca uma experi\u00eancia completa.<\/p>\n\n\n\n<p>Seja para um fim de semana ou uma estadia mais longa, <strong>Campinas<\/strong> oferece op\u00e7\u00f5es para todos os p\u00fablicos, desde fam\u00edlias at\u00e9 jovens em busca de vida noturna. A hospitalidade local e a riqueza cultural tornam a visita inesquec\u00edvel.<\/p>\n\n\n\n<h2 class=\"wp-block-heading\">Como chegar em Campinas?<\/h2>\n\n\n\n<p><strong>Campinas<\/strong> \u00e9 facilmente acess\u00edvel por rodovias como<strong> Anhanguera e Bandeirantes<\/strong>, a cerca de 1h20 de carro de <strong>S\u00e3o Paulo<\/strong>. O <strong>Aeroporto Internacional de Viracopos<\/strong>, um dos maiores do Brasil, recebe voos dom\u00e9sticos e internacionais. \u00d4nibus intermunicipais tamb\u00e9m conectam a cidade a diversas regi\u00f5es.<\/p>\n\n\n\n<p>Para quem prefere transporte p\u00fablico, linhas de \u00f4nibus partem da <strong>Rodovi\u00e1ria de Campinas<\/strong> com frequ\u00eancia. Dentro da cidade, aplicativos de mobilidade e t\u00e1xis garantem deslocamentos pr\u00e1ticos, permitindo explorar todas as atra\u00e7\u00f5es com facilidade.<\/p>\n\n\n\n<h2 class=\"wp-block-heading\">Quais s\u00e3o os eventos culturais em Campinas?<\/h2>\n\n\n\n<p><strong>Campinas<\/strong> \u00e9 um celeiro cultural, com destaque para a <strong>Orquestra Sinf\u00f4nica Municipal<\/strong>, que realiza concertos regulares. Eventos como a <strong>Feira de Artesanato do Centro de Conviv\u00eancia<\/strong> atraem visitantes com artes locais e gastronomia. Festivais de m\u00fasica e teatro tamb\u00e9m s\u00e3o frequentes, especialmente no <strong>Teatro Castro Mendes<\/strong>.<\/p>\n\n\n\n<p>A cidade celebra sua hist\u00f3ria com eventos como a <strong>Festa da Imigra\u00e7\u00e3o<\/strong>, que resgata a influ\u00eancia de comunidades estrangeiras. Essas atividades refor\u00e7am o car\u00e1ter vibrante de <strong>Campinas<\/strong>, tornando-a um destino cultural imperd\u00edvel.<\/p>\n","protected":false},"excerpt":{"rendered":"<p>Localizada a cerca de 90 km da capital S\u00e3o Paulo, Campinas \u00e9 a maior cidade do interior paulista, conhecida como a \u201cP\u00e9rola do Interior\u201d por sua combina\u00e7\u00e3o \u00fanica de modernidade e tranquilidade. Com uma popula\u00e7\u00e3o de aproximadamente 1,2 milh\u00e3o de habitantes, a cidade se destaca como um polo tecnol\u00f3gico, educacional e econ\u00f4mico, oferecendo uma excelente [&hellip;]<\/p>\n","protected":false},"author":8,"featured_media":20709,"comment_status":"open","ping_status":"open","sticky":false,"template":"","format":"standard","meta":{"jnews-multi-image_gallery":[],"jnews_single_post":{"format":"standard"},"jnews_primary_category":[],"jnews_social_meta":[],"jnews_override_counter":[],"footnotes":""},"categories":[108,111],"post_tag":[514,247,278],"class_list":["post-57272","post","type-post","status-publish","format-standard","has-post-thumbnail","hentry","category-cidades","category-turismo","tag-campinas","tag-qualidade-de-vida","tag-sao-paulo"],"yoast_head":"<!-- This site is optimized with the Yoast SEO plugin v24.6 - https:\/\/yoast.com\/wordpress\/plugins\/seo\/ -->\n<title>Qualidade de vida atrai moradores para cidade paulista - Correio Braziliense - Radar<\/title>\n<meta name=\"description\" content=\"Esta cidade paulista chama aten\u00e7\u00e3o pela infraestrutura moderna, seguran\u00e7a e qualidade de vida que atrai cada vez mais moradores.\" \/>\n<meta name=\"robots\" content=\"index, follow, max-snippet:-1, max-image-preview:large, max-video-preview:-1\" \/>\n<link rel=\"canonical\" href=\"https:\/\/www.correiobraziliense.com.br\/cbradar\/qualidade-de-vida-atrai-moradores-para-cidade-paulista\/\" \/>\n<meta property=\"og:locale\" content=\"pt_BR\" \/>\n<meta property=\"og:type\" content=\"article\" \/>\n<meta property=\"og:title\" content=\"Qualidade de vida atrai moradores para cidade paulista - Correio Braziliense - Radar\" \/>\n<meta property=\"og:description\" content=\"Esta cidade paulista chama aten\u00e7\u00e3o pela infraestrutura moderna, seguran\u00e7a e qualidade de vida que atrai cada vez mais moradores.\" \/>\n<meta property=\"og:url\" content=\"https:\/\/www.correiobraziliense.com.br\/cbradar\/qualidade-de-vida-atrai-moradores-para-cidade-paulista\/\" \/>\n<meta property=\"og:site_name\" content=\"Correio Braziliense - Radar\" \/>\n<meta property=\"article:published_time\" content=\"2025-06-23T11:23:00+00:00\" \/>\n<meta property=\"og:image\" content=\"https:\/\/www.correiobraziliense.com.br\/cbradar\/wp-content\/uploads\/2025\/04\/Campinas_1744090083202.jpg\" \/>\n\t<meta property=\"og:image:width\" content=\"1280\" \/>\n\t<meta property=\"og:image:height\" content=\"720\" \/>\n\t<meta property=\"og:image:type\" content=\"image\/jpeg\" \/>\n<meta name=\"author\" content=\"Maura Pereira\" \/>\n<meta name=\"twitter:card\" content=\"summary_large_image\" \/>\n<meta name=\"twitter:label1\" content=\"Escrito por\" \/>\n\t<meta name=\"twitter:data1\" content=\"Maura Pereira\" \/>\n\t<meta name=\"twitter:label2\" content=\"Est. tempo de leitura\" \/>\n\t<meta name=\"twitter:data2\" content=\"7 minutos\" \/>\n<!-- \/ Yoast SEO plugin. -->","yoast_head_json":{"title":"Qualidade de vida atrai moradores para cidade paulista - Correio Braziliense - Radar","description":"Esta cidade paulista chama aten\u00e7\u00e3o pela infraestrutura moderna, seguran\u00e7a e qualidade de vida que atrai cada vez mais moradores.","robots":{"index":"index","follow":"follow","max-snippet":"max-snippet:-1","max-image-preview":"max-image-preview:large","max-video-preview":"max-video-preview:-1"},"canonical":"https:\/\/www.correiobraziliense.com.br\/cbradar\/qualidade-de-vida-atrai-moradores-para-cidade-paulista\/","og_locale":"pt_BR","og_type":"article","og_title":"Qualidade de vida atrai moradores para cidade paulista - Correio Braziliense - Radar","og_description":"Esta cidade paulista chama aten\u00e7\u00e3o pela infraestrutura moderna, seguran\u00e7a e qualidade de vida que atrai cada vez mais moradores.","og_url":"https:\/\/www.correiobraziliense.com.br\/cbradar\/qualidade-de-vida-atrai-moradores-para-cidade-paulista\/","og_site_name":"Correio Braziliense - Radar","article_published_time":"2025-06-23T11:23:00+00:00","og_image":[{"width":1280,"height":720,"url":"https:\/\/www.correiobraziliense.com.br\/cbradar\/wp-content\/uploads\/2025\/04\/Campinas_1744090083202.jpg","type":"image\/jpeg"}],"author":"Maura Pereira","twitter_card":"summary_large_image","twitter_misc":{"Escrito por":"Maura Pereira","Est. tempo de leitura":"7 minutos"},"schema":{"@context":"https:\/\/schema.org","@graph":[{"@type":"WebPage","@id":"https:\/\/www.correiobraziliense.com.br\/cbradar\/qualidade-de-vida-atrai-moradores-para-cidade-paulista\/","url":"https:\/\/www.correiobraziliense.com.br\/cbradar\/qualidade-de-vida-atrai-moradores-para-cidade-paulista\/","name":"Qualidade de vida atrai moradores para cidade paulista - Correio Braziliense - Radar","isPartOf":{"@id":"https:\/\/www.correiobraziliense.com.br\/cbradar\/#website"},"primaryImageOfPage":{"@id":"https:\/\/www.correiobraziliense.com.br\/cbradar\/qualidade-de-vida-atrai-moradores-para-cidade-paulista\/#primaryimage"},"image":{"@id":"https:\/\/www.correiobraziliense.com.br\/cbradar\/qualidade-de-vida-atrai-moradores-para-cidade-paulista\/#primaryimage"},"thumbnailUrl":"https:\/\/www.correiobraziliense.com.br\/cbradar\/wp-content\/uploads\/2025\/04\/Campinas_1744090083202.jpg","datePublished":"2025-06-23T11:23:00+00:00","author":{"@id":"https:\/\/www.correiobraziliense.com.br\/cbradar\/#\/schema\/person\/4053c651a9bfc785afc6f4cbc9032fd3"},"description":"Esta cidade paulista chama aten\u00e7\u00e3o pela infraestrutura moderna, seguran\u00e7a e qualidade de vida que atrai cada vez mais moradores.","breadcrumb":{"@id":"https:\/\/www.correiobraziliense.com.br\/cbradar\/qualidade-de-vida-atrai-moradores-para-cidade-paulista\/#breadcrumb"},"inLanguage":"pt-BR","potentialAction":[{"@type":"ReadAction","target":["https:\/\/www.correiobraziliense.com.br\/cbradar\/qualidade-de-vida-atrai-moradores-para-cidade-paulista\/"]}]},{"@type":"ImageObject","inLanguage":"pt-BR","@id":"https:\/\/www.correiobraziliense.com.br\/cbradar\/qualidade-de-vida-atrai-moradores-para-cidade-paulista\/#primaryimage","url":"https:\/\/www.correiobraziliense.com.br\/cbradar\/wp-content\/uploads\/2025\/04\/Campinas_1744090083202.jpg","contentUrl":"https:\/\/www.correiobraziliense.com.br\/cbradar\/wp-content\/uploads\/2025\/04\/Campinas_1744090083202.jpg","width":1280,"height":720,"caption":"Campinas une tradi\u00e7\u00e3o e modernidade, oferecendo qualidade de vida e muitas oportunidades para todos. \/\/ Cr\u00e9ditos: depositphotos.com \/ PedroTruffi"},{"@type":"BreadcrumbList","@id":"https:\/\/www.correiobraziliense.com.br\/cbradar\/qualidade-de-vida-atrai-moradores-para-cidade-paulista\/#breadcrumb","itemListElement":[{"@type":"ListItem","position":1,"name":"In\u00edcio","item":"https:\/\/www.correiobraziliense.com.br\/cbradar\/"},{"@type":"ListItem","position":2,"name":"Qualidade de vida atrai moradores para cidade paulista"}]},{"@type":"WebSite","@id":"https:\/\/www.correiobraziliense.com.br\/cbradar\/#website","url":"https:\/\/www.correiobraziliense.com.br\/cbradar\/","name":"Correio Braziliense - Radar","description":"Acompanhe as \u00faltimas not\u00edcias e fique bem informado sobre tudo o que acontece no Brasil e no mundo.","potentialAction":[{"@type":"SearchAction","target":{"@type":"EntryPoint","urlTemplate":"https:\/\/www.correiobraziliense.com.br\/cbradar\/?s={search_term_string}"},"query-input":{"@type":"PropertyValueSpecification","valueRequired":true,"valueName":"search_term_string"}}],"inLanguage":"pt-BR"},{"@type":"Person","@id":"https:\/\/www.correiobraziliense.com.br\/cbradar\/#\/schema\/person\/4053c651a9bfc785afc6f4cbc9032fd3","name":"Maura Pereira","image":{"@type":"ImageObject","inLanguage":"pt-BR","@id":"https:\/\/www.correiobraziliense.com.br\/cbradar\/#\/schema\/person\/image\/","url":"https:\/\/secure.gravatar.com\/avatar\/3effd6bdadfa447f15089c7f7144eaa6?s=96&d=mm&r=g","contentUrl":"https:\/\/secure.gravatar.com\/avatar\/3effd6bdadfa447f15089c7f7144eaa6?s=96&d=mm&r=g","caption":"Maura Pereira"},"sameAs":["https:\/\/www.correiobraziliense.com.br\/"],"url":"https:\/\/www.correiobraziliense.com.br\/cbradar\/author\/mauramyth\/"}]}},"_links":{"self":[{"href":"https:\/\/www.correiobraziliense.com.br\/cbradar\/wp-json\/wp\/v2\/posts\/57272","targetHints":{"allow":["GET"]}}],"collection":[{"href":"https:\/\/www.correiobraziliense.com.br\/cbradar\/wp-json\/wp\/v2\/posts"}],"about":[{"href":"https:\/\/www.correiobraziliense.com.br\/cbradar\/wp-json\/wp\/v2\/types\/post"}],"author":[{"embeddable":true,"href":"https:\/\/www.correiobraziliense.com.br\/cbradar\/wp-json\/wp\/v2\/users\/8"}],"replies":[{"embeddable":true,"href":"https:\/\/www.correiobraziliense.com.br\/cbradar\/wp-json\/wp\/v2\/comments?post=57272"}],"version-history":[{"count":12,"href":"https:\/\/www.correiobraziliense.com.br\/cbradar\/wp-json\/wp\/v2\/posts\/57272\/revisions"}],"predecessor-version":[{"id":57335,"href":"https:\/\/www.correiobraziliense.com.br\/cbradar\/wp-json\/wp\/v2\/posts\/57272\/revisions\/57335"}],"wp:featuredmedia":[{"embeddable":true,"href":"https:\/\/www.correiobraziliense.com.br\/cbradar\/wp-json\/wp\/v2\/media\/20709"}],"wp:attachment":[{"href":"https:\/\/www.correiobraziliense.com.br\/cbradar\/wp-json\/wp\/v2\/media?parent=57272"}],"wp:term":[{"taxonomy":"category","embeddable":true,"href":"https:\/\/www.correiobraziliense.com.br\/cbradar\/wp-json\/wp\/v2\/categories?post=57272"},{"taxonomy":"post_tag","embeddable":true,"href":"https:\/\/www.correiobraziliense.com.br\/cbradar\/wp-json\/wp\/v2\/post_tag?post=57272"}],"curies":[{"name":"wp","href":"https:\/\/api.w.org\/{rel}","templated":true}]}}