{"id":5753,"date":"2025-02-25T07:30:00","date_gmt":"2025-02-25T10:30:00","guid":{"rendered":"https:\/\/www.correiobraziliense.com.br\/cbradar\/?p=5753"},"modified":"2025-02-24T18:25:34","modified_gmt":"2025-02-24T21:25:34","slug":"conheca-a-cidade-onde-o-sol-desaparece-por-metade-do-ano","status":"publish","type":"post","link":"https:\/\/www.correiobraziliense.com.br\/cbradar\/conheca-a-cidade-onde-o-sol-desaparece-por-metade-do-ano\/","title":{"rendered":"Conhe\u00e7a a cidade onde o sol desaparece por metade do ano"},"content":{"rendered":"\n<p>Voc\u00ea j\u00e1 imaginou morar em uma cidade onde o sol desaparece por metade do ano? Isso pode parecer estranho, mas \u00e9 exatamente o que acontece em <strong>Rjukan, na Noruega<\/strong>. Localizada em um vale profundo e cercada por montanhas, essa pequena cidade enfrenta um inverno rigoroso, onde a luz solar simplesmente n\u00e3o alcan\u00e7a o centro urbano por cerca de seis meses. Essa ocorr\u00eancia acontece devido \u00e0 posi\u00e7\u00e3o geogr\u00e1fica de Rjukan, que impede a entrada direta dos raios solares durante o outono e o inverno.<\/p>\n\n\n\n<p>Apesar desse desafio natural, os habitantes de Rjukan encontraram uma solu\u00e7\u00e3o inovadora para trazer a luz de volta \u00e0 cidade. A criatividade e a engenharia se uniram para criar um projeto \u00fanico no mundo: a instala\u00e7\u00e3o de <strong>espelhos gigantes<\/strong> para refletir a luz do sol. Esse feito n\u00e3o apenas resolveu um problema de s\u00e9culos, mas tamb\u00e9m transformou a cidade em um destino tur\u00edstico curioso e repleto de hist\u00f3ria.<\/p>\n\n\n\n<h2 class=\"wp-block-heading\"><strong>As apar\u00eancias da escurid\u00e3o em Rjukan<\/strong><\/h2>\n\n\n\n<p>Rjukan foi fundada no in\u00edcio do s\u00e9culo XX como parte de um projeto industrial. A cidade nasceu para abrigar os trabalhadores da empresa Norsk Hydro, respons\u00e1vel pela produ\u00e7\u00e3o de fertilizantes e pelo desenvolvimento da energia hidrel\u00e9trica na regi\u00e3o. Por\u00e9m, desde sua funda\u00e7\u00e3o, um grande problema ficou evidente: a geografia do local impossibilitava a incid\u00eancia direta do sol durante boa parte do ano.<\/p>\n\n\n\n<p>Durante o inverno, o sol fica muito baixo no horizonte e as montanhas ao redor impedem que seus raios cheguem \u00e0 cidade. Como consequ\u00eancia, os moradores vivem longos meses sem luz solar, dependendo da ilumina\u00e7\u00e3o artificial e enfrentando os desafios do frio intenso e da escurid\u00e3o prolongada.<\/p>\n\n\n\n<p>Ao longo dos anos, a popula\u00e7\u00e3o de Rjukan se acostumou com essa condi\u00e7\u00e3o extrema, mas sempre existiu o desejo de encontrar uma solu\u00e7\u00e3o para esse problema. Foi ent\u00e3o que, em 2013, um projeto inovador foi colocado na pr\u00e1tica: a instala\u00e7\u00e3o de <strong>tr\u00eas espelhos no topo da montanha<\/strong>, projetados para refletir a luz solar enorme diretamente para a pra\u00e7a central da cidade.<\/p>\n\n\n\n<figure class=\"wp-block-image size-large\"><img decoding=\"async\" width=\"1024\" height=\"576\" src=\"https:\/\/www.correiobraziliense.com.br\/cbradar\/wp-content\/uploads\/2025\/02\/Rjukan-2-1024x576.png\" alt=\"Conhe\u00e7a a cidade que nunca dorme\" class=\"wp-image-5755\" srcset=\"https:\/\/www.correiobraziliense.com.br\/cbradar\/wp-content\/uploads\/2025\/02\/Rjukan-2-1024x576.png 1024w, https:\/\/www.correiobraziliense.com.br\/cbradar\/wp-content\/uploads\/2025\/02\/Rjukan-2-300x169.png 300w, https:\/\/www.correiobraziliense.com.br\/cbradar\/wp-content\/uploads\/2025\/02\/Rjukan-2-768x432.png 768w, https:\/\/www.correiobraziliense.com.br\/cbradar\/wp-content\/uploads\/2025\/02\/Rjukan-2-750x422.png 750w, https:\/\/www.correiobraziliense.com.br\/cbradar\/wp-content\/uploads\/2025\/02\/Rjukan-2-1140x641.png 1140w, https:\/\/www.correiobraziliense.com.br\/cbradar\/wp-content\/uploads\/2025\/02\/Rjukan-2.png 1280w\" sizes=\"(max-width: 1024px) 100vw, 1024px\" \/><figcaption class=\"wp-element-caption\">Rjukan. Fonte: Algkalv, Public domain, via Wikimedia Commons<\/figcaption><\/figure>\n\n\n\n<h2 class=\"wp-block-heading\"><strong>A engenhosa solu\u00e7\u00e3o dos espelhos solares<\/strong><\/h2>\n\n\n\n<p>A ideia de trazer luz para Rjukan n\u00e3o surgiu do nada. J\u00e1 em 1913, Sam Eyde, fundador da cidade e empres\u00e1rio da Norsk Hydro, sugeria a constru\u00e7\u00e3o de um sistema de espelhos para refletir o sol at\u00e9 a cidade. No entanto, devido \u00e0s limita\u00e7\u00f5es tecnol\u00f3gicas da \u00e9poca, o plano foi deixado de lado.<\/p>\n\n\n\n<p>Cem anos depois, a tecnologia finalmente se tornou poss\u00edvel a realiza\u00e7\u00e3o desse sonho. Foram instalados <strong>tr\u00eas espelhos gigantes<\/strong>, conhecidos como heli\u00f3statos, no topo das montanhas ao redor da cidade. Esses espelhos seguem o movimento do sol e refletem a luz diretamente para a pra\u00e7a central de Rjukan, garantindo algumas horas di\u00e1rias de ilumina\u00e7\u00e3o natural, mesmo nos meses mais escuros do ano.<\/p>\n\n\n\n<p>O sistema \u00e9 totalmente automatizado e ajusta os espelhos conforme o posicionamento do sol. Dessa forma, os habitantes da cidade podem desfrutar da claridade e at\u00e9 sentir um pouco do calor solar em meio ao inverno rigorosamente. O projeto n\u00e3o s\u00f3 melhorou a qualidade de vida da popula\u00e7\u00e3o, mas tamb\u00e9m transformou Rjukan em um destino tur\u00edstico curioso, atraindo visitantes espec\u00edficos em ver esse espec\u00edfico de perto.<\/p>\n\n\n\n<h2 class=\"wp-block-heading\"><strong>Por que Rjukan \u00e9 um destino t\u00e3o especial?<\/strong><\/h2>\n\n\n\n<p>Al\u00e9m das caracter\u00edsticas raras da escurid\u00e3o prolongada e da inova\u00e7\u00e3o dos espelhos solares, Rjukan se destaca por seu passado industrial e suas belezas naturais. A cidade faz parte do <strong>Patrim\u00f4nio Mundial da UNESCO<\/strong>, devido \u00e0 sua import\u00e2ncia hist\u00f3rica e ao papel fundamental na produ\u00e7\u00e3o de energia hidrel\u00e9trica na Noruega.<\/p>\n\n\n\n<p>Outro ponto de destaque \u00e9 o turismo de inverno. Durante a temporada mais fria, Rjukan atrai aventureiros em busca de atividades como <strong>escalada no gelo, esqui e caminhadas em trilhas nevadas<\/strong>. A regi\u00e3o \u00e9 considerada um dos melhores destinos da Europa para a pr\u00e1tica desses esportes radicais.<\/p>\n\n\n\n<p>Al\u00e9m disso, a cidade possui um papel importante na hist\u00f3ria da Segunda Guerra Mundial. Foi em Rjukan que ocorreu a famosa <strong>Opera\u00e7\u00e3o Gunnerside<\/strong>, um dos epis\u00f3dios mais marcantes da resist\u00eancia norueguesa contra a ocupa\u00e7\u00e3o nazista. O local foi palco de uma miss\u00e3o que impediu a produ\u00e7\u00e3o de \u00e1gua pesada pelos alem\u00e3es, crucial para o desenvolvimento de armas nucleares.<\/p>\n\n\n\n<h2 class=\"wp-block-heading\"><strong>Rjukan: inova\u00e7\u00e3o, hist\u00f3ria e turismo em um s\u00f3 lugar<\/strong><\/h2>\n\n\n\n<p>Rjukan \u00e9 um exemplo de como a criatividade e a inova\u00e7\u00e3o podem superar desafios naturais extremos. A cidade, que passou d\u00e9cadas vivendo no escuro durante o inverno, conseguiu transformar um problema em uma atra\u00e7\u00e3o \u00fanica. Hoje, o sistema de espelhos solares n\u00e3o apenas ilumina a cidade, mas tamb\u00e9m impulsiona o turismo e desperta o interesse das pessoas do mundo todo.<\/p>\n\n\n\n<p>Se voc\u00ea busca um destino incomum, repleto de hist\u00f3ria, paisagens impressionantes e curiosidades cient\u00edficas, Rjukan \u00e9 uma cidade que definitivamente merece estar no seu roteiro.<\/p>\n","protected":false},"excerpt":{"rendered":"<p>Uma pequena cidade norueguesa passa seis meses sem ver a luz do sol devido \u00e0 sua geografia. <\/p>\n","protected":false},"author":3,"featured_media":5754,"comment_status":"open","ping_status":"open","sticky":false,"template":"","format":"standard","meta":{"_yoast_wpseo_focuskw":"cidade","_yoast_wpseo_title":"%%title%%","_yoast_wpseo_metadesc":"Descubra a fascinante cidade onde o sol some por metade do ano, criando paisagens incr\u00edveis e uma experi\u00eancia \u00fanica para visitantes!","jnews-multi-image_gallery":[],"jnews_single_post":{"format":"standard"},"jnews_primary_category":[],"jnews_social_meta":[],"jnews_override_counter":[],"footnotes":""},"categories":[108],"post_tag":[1058,109],"class_list":["post-5753","post","type-post","status-publish","format-standard","has-post-thumbnail","hentry","category-cidades","tag-cidade-que-nunca-dorme","tag-cidades"],"yoast_head":"<!-- This site is optimized with the Yoast SEO plugin v24.6 - https:\/\/yoast.com\/wordpress\/plugins\/seo\/ -->\n<title>Conhe\u00e7a a cidade onde o sol desaparece por metade do ano<\/title>\n<meta name=\"description\" content=\"Descubra a fascinante cidade onde o sol some por metade do ano, criando paisagens incr\u00edveis e uma experi\u00eancia \u00fanica para visitantes!\" \/>\n<meta name=\"robots\" content=\"index, follow, max-snippet:-1, max-image-preview:large, max-video-preview:-1\" \/>\n<link rel=\"canonical\" href=\"https:\/\/www.correiobraziliense.com.br\/cbradar\/conheca-a-cidade-onde-o-sol-desaparece-por-metade-do-ano\/\" \/>\n<meta property=\"og:locale\" content=\"pt_BR\" \/>\n<meta property=\"og:type\" content=\"article\" \/>\n<meta property=\"og:title\" content=\"Conhe\u00e7a a cidade onde o sol desaparece por metade do ano\" \/>\n<meta property=\"og:description\" content=\"Descubra a fascinante cidade onde o sol some por metade do ano, criando paisagens incr\u00edveis e uma experi\u00eancia \u00fanica para visitantes!\" \/>\n<meta property=\"og:url\" content=\"https:\/\/www.correiobraziliense.com.br\/cbradar\/conheca-a-cidade-onde-o-sol-desaparece-por-metade-do-ano\/\" \/>\n<meta property=\"og:site_name\" content=\"Correio Braziliense - Radar\" \/>\n<meta property=\"article:published_time\" content=\"2025-02-25T10:30:00+00:00\" \/>\n<meta property=\"og:image\" content=\"https:\/\/www.correiobraziliense.com.br\/cbradar\/wp-content\/uploads\/2025\/02\/Rjukan.png\" \/>\n\t<meta property=\"og:image:width\" content=\"1280\" \/>\n\t<meta property=\"og:image:height\" content=\"720\" \/>\n\t<meta property=\"og:image:type\" content=\"image\/png\" \/>\n<meta name=\"author\" content=\"Larissa Carvalho\" \/>\n<meta name=\"twitter:card\" content=\"summary_large_image\" \/>\n<meta name=\"twitter:label1\" content=\"Escrito por\" \/>\n\t<meta name=\"twitter:data1\" content=\"Larissa Carvalho\" \/>\n\t<meta name=\"twitter:label2\" content=\"Est. tempo de leitura\" \/>\n\t<meta name=\"twitter:data2\" content=\"5 minutos\" \/>\n<!-- \/ Yoast SEO plugin. -->","yoast_head_json":{"title":"Conhe\u00e7a a cidade onde o sol desaparece por metade do ano","description":"Descubra a fascinante cidade onde o sol some por metade do ano, criando paisagens incr\u00edveis e uma experi\u00eancia \u00fanica para visitantes!","robots":{"index":"index","follow":"follow","max-snippet":"max-snippet:-1","max-image-preview":"max-image-preview:large","max-video-preview":"max-video-preview:-1"},"canonical":"https:\/\/www.correiobraziliense.com.br\/cbradar\/conheca-a-cidade-onde-o-sol-desaparece-por-metade-do-ano\/","og_locale":"pt_BR","og_type":"article","og_title":"Conhe\u00e7a a cidade onde o sol desaparece por metade do ano","og_description":"Descubra a fascinante cidade onde o sol some por metade do ano, criando paisagens incr\u00edveis e uma experi\u00eancia \u00fanica para visitantes!","og_url":"https:\/\/www.correiobraziliense.com.br\/cbradar\/conheca-a-cidade-onde-o-sol-desaparece-por-metade-do-ano\/","og_site_name":"Correio Braziliense - Radar","article_published_time":"2025-02-25T10:30:00+00:00","og_image":[{"width":1280,"height":720,"url":"https:\/\/www.correiobraziliense.com.br\/cbradar\/wp-content\/uploads\/2025\/02\/Rjukan.png","type":"image\/png"}],"author":"Larissa Carvalho","twitter_card":"summary_large_image","twitter_misc":{"Escrito por":"Larissa Carvalho","Est. tempo de leitura":"5 minutos"},"schema":{"@context":"https:\/\/schema.org","@graph":[{"@type":"WebPage","@id":"https:\/\/www.correiobraziliense.com.br\/cbradar\/conheca-a-cidade-onde-o-sol-desaparece-por-metade-do-ano\/","url":"https:\/\/www.correiobraziliense.com.br\/cbradar\/conheca-a-cidade-onde-o-sol-desaparece-por-metade-do-ano\/","name":"Conhe\u00e7a a cidade onde o sol desaparece por metade do ano","isPartOf":{"@id":"https:\/\/www.correiobraziliense.com.br\/cbradar\/#website"},"primaryImageOfPage":{"@id":"https:\/\/www.correiobraziliense.com.br\/cbradar\/conheca-a-cidade-onde-o-sol-desaparece-por-metade-do-ano\/#primaryimage"},"image":{"@id":"https:\/\/www.correiobraziliense.com.br\/cbradar\/conheca-a-cidade-onde-o-sol-desaparece-por-metade-do-ano\/#primaryimage"},"thumbnailUrl":"https:\/\/www.correiobraziliense.com.br\/cbradar\/wp-content\/uploads\/2025\/02\/Rjukan.png","datePublished":"2025-02-25T10:30:00+00:00","author":{"@id":"https:\/\/www.correiobraziliense.com.br\/cbradar\/#\/schema\/person\/58422787644df994b53a19d3e56c1513"},"description":"Descubra a fascinante cidade onde o sol some por metade do ano, criando paisagens incr\u00edveis e uma experi\u00eancia \u00fanica para visitantes!","breadcrumb":{"@id":"https:\/\/www.correiobraziliense.com.br\/cbradar\/conheca-a-cidade-onde-o-sol-desaparece-por-metade-do-ano\/#breadcrumb"},"inLanguage":"pt-BR","potentialAction":[{"@type":"ReadAction","target":["https:\/\/www.correiobraziliense.com.br\/cbradar\/conheca-a-cidade-onde-o-sol-desaparece-por-metade-do-ano\/"]}]},{"@type":"ImageObject","inLanguage":"pt-BR","@id":"https:\/\/www.correiobraziliense.com.br\/cbradar\/conheca-a-cidade-onde-o-sol-desaparece-por-metade-do-ano\/#primaryimage","url":"https:\/\/www.correiobraziliense.com.br\/cbradar\/wp-content\/uploads\/2025\/02\/Rjukan.png","contentUrl":"https:\/\/www.correiobraziliense.com.br\/cbradar\/wp-content\/uploads\/2025\/02\/Rjukan.png","width":1280,"height":720,"caption":"Cidade que nunca dorme. Fonte: Bjoertvedt, via Wikimedia Commons"},{"@type":"BreadcrumbList","@id":"https:\/\/www.correiobraziliense.com.br\/cbradar\/conheca-a-cidade-onde-o-sol-desaparece-por-metade-do-ano\/#breadcrumb","itemListElement":[{"@type":"ListItem","position":1,"name":"In\u00edcio","item":"https:\/\/www.correiobraziliense.com.br\/cbradar\/"},{"@type":"ListItem","position":2,"name":"Conhe\u00e7a a cidade onde o sol desaparece por metade do ano"}]},{"@type":"WebSite","@id":"https:\/\/www.correiobraziliense.com.br\/cbradar\/#website","url":"https:\/\/www.correiobraziliense.com.br\/cbradar\/","name":"Correio Braziliense - Radar","description":"Acompanhe as \u00faltimas not\u00edcias e fique bem informado sobre tudo o que acontece no Brasil e no mundo.","potentialAction":[{"@type":"SearchAction","target":{"@type":"EntryPoint","urlTemplate":"https:\/\/www.correiobraziliense.com.br\/cbradar\/?s={search_term_string}"},"query-input":{"@type":"PropertyValueSpecification","valueRequired":true,"valueName":"search_term_string"}}],"inLanguage":"pt-BR"},{"@type":"Person","@id":"https:\/\/www.correiobraziliense.com.br\/cbradar\/#\/schema\/person\/58422787644df994b53a19d3e56c1513","name":"Larissa Carvalho","image":{"@type":"ImageObject","inLanguage":"pt-BR","@id":"https:\/\/www.correiobraziliense.com.br\/cbradar\/#\/schema\/person\/image\/","url":"https:\/\/secure.gravatar.com\/avatar\/fe4f91a0de32b52a838d0d612abdc1aa?s=96&d=mm&r=g","contentUrl":"https:\/\/secure.gravatar.com\/avatar\/fe4f91a0de32b52a838d0d612abdc1aa?s=96&d=mm&r=g","caption":"Larissa Carvalho"},"url":"https:\/\/www.correiobraziliense.com.br\/cbradar\/author\/larissamyth\/"}]}},"_links":{"self":[{"href":"https:\/\/www.correiobraziliense.com.br\/cbradar\/wp-json\/wp\/v2\/posts\/5753","targetHints":{"allow":["GET"]}}],"collection":[{"href":"https:\/\/www.correiobraziliense.com.br\/cbradar\/wp-json\/wp\/v2\/posts"}],"about":[{"href":"https:\/\/www.correiobraziliense.com.br\/cbradar\/wp-json\/wp\/v2\/types\/post"}],"author":[{"embeddable":true,"href":"https:\/\/www.correiobraziliense.com.br\/cbradar\/wp-json\/wp\/v2\/users\/3"}],"replies":[{"embeddable":true,"href":"https:\/\/www.correiobraziliense.com.br\/cbradar\/wp-json\/wp\/v2\/comments?post=5753"}],"version-history":[{"count":2,"href":"https:\/\/www.correiobraziliense.com.br\/cbradar\/wp-json\/wp\/v2\/posts\/5753\/revisions"}],"predecessor-version":[{"id":5917,"href":"https:\/\/www.correiobraziliense.com.br\/cbradar\/wp-json\/wp\/v2\/posts\/5753\/revisions\/5917"}],"wp:featuredmedia":[{"embeddable":true,"href":"https:\/\/www.correiobraziliense.com.br\/cbradar\/wp-json\/wp\/v2\/media\/5754"}],"wp:attachment":[{"href":"https:\/\/www.correiobraziliense.com.br\/cbradar\/wp-json\/wp\/v2\/media?parent=5753"}],"wp:term":[{"taxonomy":"category","embeddable":true,"href":"https:\/\/www.correiobraziliense.com.br\/cbradar\/wp-json\/wp\/v2\/categories?post=5753"},{"taxonomy":"post_tag","embeddable":true,"href":"https:\/\/www.correiobraziliense.com.br\/cbradar\/wp-json\/wp\/v2\/post_tag?post=5753"}],"curies":[{"name":"wp","href":"https:\/\/api.w.org\/{rel}","templated":true}]}}