{"id":57554,"date":"2025-06-22T19:20:00","date_gmt":"2025-06-22T22:20:00","guid":{"rendered":"https:\/\/www.correiobraziliense.com.br\/cbradar\/?p=57554"},"modified":"2025-06-22T18:33:25","modified_gmt":"2025-06-22T21:33:25","slug":"dicas-de-como-escolher-a-melancia-perfeita-na-feira","status":"publish","type":"post","link":"https:\/\/www.correiobraziliense.com.br\/cbradar\/dicas-de-como-escolher-a-melancia-perfeita-na-feira\/","title":{"rendered":"Dicas de como escolher a melancia perfeita na feira"},"content":{"rendered":"\n<p>Com a chegada do ver\u00e3o, a busca por alimentos refrescantes se intensifica, e a melancia se destaca como uma das frutas mais apreciadas nesta esta\u00e7\u00e3o. Escolher uma melancia doce e suculenta pode parecer um desafio para quem n\u00e3o est\u00e1 familiarizado com os sinais de matura\u00e7\u00e3o. No entanto, alguns detalhes visuais e sensoriais podem ajudar a identificar o melhor exemplar entre tantas op\u00e7\u00f5es dispon\u00edveis em feiras e supermercados.<\/p>\n\n\n\n<p>O segredo para acertar na escolha est\u00e1 em observar caracter\u00edsticas espec\u00edficas da fruta, como cor, peso, formato e at\u00e9 mesmo o som emitido ao ser levemente batida. Esses fatores, quando analisados em conjunto, aumentam significativamente as chances de levar para casa uma melancia madura e saborosa. Entender cada um desses sinais \u00e9 fundamental para garantir uma experi\u00eancia agrad\u00e1vel ao consumir a fruta.<\/p>\n\n\n\n<h2 class=\"wp-block-heading\">Como identificar uma melancia madura?<\/h2>\n\n\n\n<p>Para encontrar uma melancia no ponto ideal, o primeiro passo \u00e9 observar a chamada <strong>mancha de campo<\/strong>. Essa \u00e1rea, geralmente localizada em uma das laterais, indica o tempo que a fruta permaneceu em contato com o solo durante o amadurecimento. Uma mancha de cor amarela intensa ou alaranjada sugere que a melancia amadureceu por mais tempo, resultando em polpa mais doce. Manchas esbranqui\u00e7adas ou muito claras podem indicar colheita precoce.<\/p>\n\n\n\n<p>Outro aspecto importante \u00e9 o peso. Ao comparar melancias de tamanho semelhante, a mais pesada tende a ser a mais suculenta, pois cont\u00e9m maior quantidade de \u00e1gua. O formato tamb\u00e9m merece aten\u00e7\u00e3o: prefira frutas com contornos regulares e sim\u00e9tricos, evitando aquelas com deformidades, que podem sinalizar problemas no desenvolvimento.<\/p>\n\n\n\n<h2 class=\"wp-block-heading\">Por que bater na melancia faz diferen\u00e7a?<\/h2>\n\n\n\n<p>Uma pr\u00e1tica comum entre consumidores experientes \u00e9 bater levemente na casca da melancia. O objetivo \u00e9 identificar o som produzido, j\u00e1 que uma fruta madura costuma emitir um eco oco e profundo, semelhante ao de um tambor. Caso o som seja abafado ou muito agudo, \u00e9 poss\u00edvel que a melancia esteja verde ou passada do ponto. Esse m\u00e9todo, embora simples, exige certa pr\u00e1tica para diferenciar os sons, mas pode ser decisivo na escolha.<\/p>\n\n\n\n<ul class=\"wp-block-list\">\n<li><strong>Som oco:<\/strong> indica polpa madura e suculenta.<\/li>\n\n\n\n<li><strong>Som abafado:<\/strong> pode apontar para excesso de matura\u00e7\u00e3o ou falta de \u00e1gua.<\/li>\n\n\n\n<li><strong>Som agudo:<\/strong> geralmente sinaliza que a fruta ainda est\u00e1 verde.<\/li>\n<\/ul>\n\n\n\n<figure class=\"wp-block-image size-large\"><img decoding=\"async\" width=\"1024\" height=\"576\" src=\"https:\/\/www.correiobraziliense.com.br\/cbradar\/wp-content\/uploads\/2025\/06\/melancia_1750627987542-1024x576.jpg\" alt=\"Dicas de como escolher a melancia perfeita na feira\" class=\"wp-image-57559\" srcset=\"https:\/\/www.correiobraziliense.com.br\/cbradar\/wp-content\/uploads\/2025\/06\/melancia_1750627987542-1024x576.jpg 1024w, https:\/\/www.correiobraziliense.com.br\/cbradar\/wp-content\/uploads\/2025\/06\/melancia_1750627987542-300x169.jpg 300w, https:\/\/www.correiobraziliense.com.br\/cbradar\/wp-content\/uploads\/2025\/06\/melancia_1750627987542-768x432.jpg 768w, https:\/\/www.correiobraziliense.com.br\/cbradar\/wp-content\/uploads\/2025\/06\/melancia_1750627987542-750x422.jpg 750w, https:\/\/www.correiobraziliense.com.br\/cbradar\/wp-content\/uploads\/2025\/06\/melancia_1750627987542-1140x641.jpg 1140w, https:\/\/www.correiobraziliense.com.br\/cbradar\/wp-content\/uploads\/2025\/06\/melancia_1750627987542.jpg 1280w\" sizes=\"(max-width: 1024px) 100vw, 1024px\" \/><figcaption class=\"wp-element-caption\">melancia. Cr\u00e9ditos: depositphotos.com \/ ViktoriaSapataBO<\/figcaption><\/figure>\n\n\n\n<h2 class=\"wp-block-heading\">Quais outros sinais ajudam a escolher a melhor melancia?<\/h2>\n\n\n\n<p>Al\u00e9m dos fatores j\u00e1 mencionados, a apar\u00eancia da casca tamb\u00e9m oferece pistas valiosas. Prefira melancias com superf\u00edcie opaca e colora\u00e7\u00e3o verde intensa, pois o brilho excessivo pode indicar imaturidade. Marcas marrons em forma de teia, conhecidas como \u201cwebbing\u201d, s\u00e3o sinais de concentra\u00e7\u00e3o de a\u00e7\u00facar, sugerindo uma fruta mais doce.<\/p>\n\n\n\n<p>Outro detalhe a ser observado \u00e9 o estado do talo, quando presente. Um talo seco e amarronzado indica que a melancia amadureceu naturalmente antes da colheita. J\u00e1 talos verdes sugerem colheita antecipada. Por fim, examine a casca em busca de rachaduras, cortes ou \u00e1reas moles, que podem indicar danos ou in\u00edcio de deteriora\u00e7\u00e3o.<\/p>\n\n\n\n<ol class=\"wp-block-list\">\n<li>Verifique a mancha de campo e prefira tons amarelos ou alaranjados.<\/li>\n\n\n\n<li>Escolha a fruta mais pesada entre as de mesmo tamanho.<\/li>\n\n\n\n<li>Procure formato sim\u00e9trico e casca opaca.<\/li>\n\n\n\n<li>Bata levemente e ou\u00e7a o som emitido.<\/li>\n\n\n\n<li>Observe a presen\u00e7a de marcas marrons e o estado do talo.<\/li>\n<\/ol>\n\n\n\n<h2 class=\"wp-block-heading\">Como garantir a conserva\u00e7\u00e3o da melancia ap\u00f3s a compra?<\/h2>\n\n\n\n<p>Ap\u00f3s selecionar a melancia ideal, a conserva\u00e7\u00e3o adequada \u00e9 fundamental para manter o frescor e o sabor. A fruta inteira pode ser armazenada em local fresco e arejado por alguns dias. Depois de cortada, recomenda-se envolver as fatias em filme pl\u00e1stico ou armazenar em recipientes fechados na geladeira, consumindo em at\u00e9 tr\u00eas dias para evitar perda de qualidade.<\/p>\n\n\n\n<p>Ao seguir essas orienta\u00e7\u00f5es, \u00e9 poss\u00edvel aproveitar ao m\u00e1ximo o sabor e a refresc\u00e2ncia da melancia durante o ver\u00e3o. Com aten\u00e7\u00e3o aos detalhes, a escolha da fruta se torna mais simples e assertiva, proporcionando momentos agrad\u00e1veis e nutritivos para toda a fam\u00edlia.<\/p>\n","protected":false},"excerpt":{"rendered":"<p>Descubra os segredos para escolher a melancia perfeita com nosso guia completo. Aprenda a identificar a fruta madura, doce e suculenta.<\/p>\n","protected":false},"author":3,"featured_media":57558,"comment_status":"open","ping_status":"open","sticky":false,"template":"","format":"standard","meta":{"jnews-multi-image_gallery":[],"jnews_single_post":{"format":"standard"},"jnews_primary_category":[],"jnews_social_meta":[],"jnews_override_counter":[],"footnotes":""},"categories":[112],"post_tag":[1423,144,637],"class_list":["post-57554","post","type-post","status-publish","format-standard","has-post-thumbnail","hentry","category-curiosidades","tag-alimentos","tag-curiosidades","tag-melancia"],"yoast_head":"<!-- This site is optimized with the Yoast SEO plugin v24.6 - https:\/\/yoast.com\/wordpress\/plugins\/seo\/ -->\n<title>Dicas de como escolher a melancia perfeita na feira<\/title>\n<meta name=\"description\" content=\"Descubra os segredos para escolher a melancia perfeita com nosso guia completo. Aprenda a identificar a fruta madura, doce e suculenta.\" \/>\n<meta name=\"robots\" content=\"index, follow, max-snippet:-1, max-image-preview:large, max-video-preview:-1\" \/>\n<link rel=\"canonical\" href=\"https:\/\/www.correiobraziliense.com.br\/cbradar\/dicas-de-como-escolher-a-melancia-perfeita-na-feira\/\" \/>\n<meta property=\"og:locale\" content=\"pt_BR\" \/>\n<meta property=\"og:type\" content=\"article\" \/>\n<meta property=\"og:title\" content=\"Dicas de como escolher a melancia perfeita na feira\" \/>\n<meta property=\"og:description\" content=\"Descubra os segredos para escolher a melancia perfeita com nosso guia completo. Aprenda a identificar a fruta madura, doce e suculenta.\" \/>\n<meta property=\"og:url\" content=\"https:\/\/www.correiobraziliense.com.br\/cbradar\/dicas-de-como-escolher-a-melancia-perfeita-na-feira\/\" \/>\n<meta property=\"og:site_name\" content=\"Correio Braziliense - Radar\" \/>\n<meta property=\"article:published_time\" content=\"2025-06-22T22:20:00+00:00\" \/>\n<meta property=\"og:image\" content=\"https:\/\/www.correiobraziliense.com.br\/cbradar\/wp-content\/uploads\/2025\/06\/melancia_1750627910792.jpg\" \/>\n\t<meta property=\"og:image:width\" content=\"1280\" \/>\n\t<meta property=\"og:image:height\" content=\"720\" \/>\n\t<meta property=\"og:image:type\" content=\"image\/jpeg\" \/>\n<meta name=\"author\" content=\"Larissa Carvalho\" \/>\n<meta name=\"twitter:card\" content=\"summary_large_image\" \/>\n<meta name=\"twitter:label1\" content=\"Escrito por\" \/>\n\t<meta name=\"twitter:data1\" content=\"Larissa Carvalho\" \/>\n\t<meta name=\"twitter:label2\" content=\"Est. tempo de leitura\" \/>\n\t<meta name=\"twitter:data2\" content=\"4 minutos\" \/>\n<!-- \/ Yoast SEO plugin. -->","yoast_head_json":{"title":"Dicas de como escolher a melancia perfeita na feira","description":"Descubra os segredos para escolher a melancia perfeita com nosso guia completo. Aprenda a identificar a fruta madura, doce e suculenta.","robots":{"index":"index","follow":"follow","max-snippet":"max-snippet:-1","max-image-preview":"max-image-preview:large","max-video-preview":"max-video-preview:-1"},"canonical":"https:\/\/www.correiobraziliense.com.br\/cbradar\/dicas-de-como-escolher-a-melancia-perfeita-na-feira\/","og_locale":"pt_BR","og_type":"article","og_title":"Dicas de como escolher a melancia perfeita na feira","og_description":"Descubra os segredos para escolher a melancia perfeita com nosso guia completo. Aprenda a identificar a fruta madura, doce e suculenta.","og_url":"https:\/\/www.correiobraziliense.com.br\/cbradar\/dicas-de-como-escolher-a-melancia-perfeita-na-feira\/","og_site_name":"Correio Braziliense - Radar","article_published_time":"2025-06-22T22:20:00+00:00","og_image":[{"width":1280,"height":720,"url":"https:\/\/www.correiobraziliense.com.br\/cbradar\/wp-content\/uploads\/2025\/06\/melancia_1750627910792.jpg","type":"image\/jpeg"}],"author":"Larissa Carvalho","twitter_card":"summary_large_image","twitter_misc":{"Escrito por":"Larissa Carvalho","Est. tempo de leitura":"4 minutos"},"schema":{"@context":"https:\/\/schema.org","@graph":[{"@type":"WebPage","@id":"https:\/\/www.correiobraziliense.com.br\/cbradar\/dicas-de-como-escolher-a-melancia-perfeita-na-feira\/","url":"https:\/\/www.correiobraziliense.com.br\/cbradar\/dicas-de-como-escolher-a-melancia-perfeita-na-feira\/","name":"Dicas de como escolher a melancia perfeita na feira","isPartOf":{"@id":"https:\/\/www.correiobraziliense.com.br\/cbradar\/#website"},"primaryImageOfPage":{"@id":"https:\/\/www.correiobraziliense.com.br\/cbradar\/dicas-de-como-escolher-a-melancia-perfeita-na-feira\/#primaryimage"},"image":{"@id":"https:\/\/www.correiobraziliense.com.br\/cbradar\/dicas-de-como-escolher-a-melancia-perfeita-na-feira\/#primaryimage"},"thumbnailUrl":"https:\/\/www.correiobraziliense.com.br\/cbradar\/wp-content\/uploads\/2025\/06\/melancia_1750627910792.jpg","datePublished":"2025-06-22T22:20:00+00:00","author":{"@id":"https:\/\/www.correiobraziliense.com.br\/cbradar\/#\/schema\/person\/58422787644df994b53a19d3e56c1513"},"description":"Descubra os segredos para escolher a melancia perfeita com nosso guia completo. Aprenda a identificar a fruta madura, doce e suculenta.","breadcrumb":{"@id":"https:\/\/www.correiobraziliense.com.br\/cbradar\/dicas-de-como-escolher-a-melancia-perfeita-na-feira\/#breadcrumb"},"inLanguage":"pt-BR","potentialAction":[{"@type":"ReadAction","target":["https:\/\/www.correiobraziliense.com.br\/cbradar\/dicas-de-como-escolher-a-melancia-perfeita-na-feira\/"]}]},{"@type":"ImageObject","inLanguage":"pt-BR","@id":"https:\/\/www.correiobraziliense.com.br\/cbradar\/dicas-de-como-escolher-a-melancia-perfeita-na-feira\/#primaryimage","url":"https:\/\/www.correiobraziliense.com.br\/cbradar\/wp-content\/uploads\/2025\/06\/melancia_1750627910792.jpg","contentUrl":"https:\/\/www.correiobraziliense.com.br\/cbradar\/wp-content\/uploads\/2025\/06\/melancia_1750627910792.jpg","width":1280,"height":720,"caption":"melancia. Cr\u00e9ditos: depositphotos.com \/ AntonMatyukha"},{"@type":"BreadcrumbList","@id":"https:\/\/www.correiobraziliense.com.br\/cbradar\/dicas-de-como-escolher-a-melancia-perfeita-na-feira\/#breadcrumb","itemListElement":[{"@type":"ListItem","position":1,"name":"In\u00edcio","item":"https:\/\/www.correiobraziliense.com.br\/cbradar\/"},{"@type":"ListItem","position":2,"name":"Dicas de como escolher a melancia perfeita na feira"}]},{"@type":"WebSite","@id":"https:\/\/www.correiobraziliense.com.br\/cbradar\/#website","url":"https:\/\/www.correiobraziliense.com.br\/cbradar\/","name":"Correio Braziliense - Radar","description":"Acompanhe as \u00faltimas not\u00edcias e fique bem informado sobre tudo o que acontece no Brasil e no mundo.","potentialAction":[{"@type":"SearchAction","target":{"@type":"EntryPoint","urlTemplate":"https:\/\/www.correiobraziliense.com.br\/cbradar\/?s={search_term_string}"},"query-input":{"@type":"PropertyValueSpecification","valueRequired":true,"valueName":"search_term_string"}}],"inLanguage":"pt-BR"},{"@type":"Person","@id":"https:\/\/www.correiobraziliense.com.br\/cbradar\/#\/schema\/person\/58422787644df994b53a19d3e56c1513","name":"Larissa Carvalho","image":{"@type":"ImageObject","inLanguage":"pt-BR","@id":"https:\/\/www.correiobraziliense.com.br\/cbradar\/#\/schema\/person\/image\/","url":"https:\/\/secure.gravatar.com\/avatar\/fe4f91a0de32b52a838d0d612abdc1aa?s=96&d=mm&r=g","contentUrl":"https:\/\/secure.gravatar.com\/avatar\/fe4f91a0de32b52a838d0d612abdc1aa?s=96&d=mm&r=g","caption":"Larissa Carvalho"},"url":"https:\/\/www.correiobraziliense.com.br\/cbradar\/author\/larissamyth\/"}]}},"_links":{"self":[{"href":"https:\/\/www.correiobraziliense.com.br\/cbradar\/wp-json\/wp\/v2\/posts\/57554","targetHints":{"allow":["GET"]}}],"collection":[{"href":"https:\/\/www.correiobraziliense.com.br\/cbradar\/wp-json\/wp\/v2\/posts"}],"about":[{"href":"https:\/\/www.correiobraziliense.com.br\/cbradar\/wp-json\/wp\/v2\/types\/post"}],"author":[{"embeddable":true,"href":"https:\/\/www.correiobraziliense.com.br\/cbradar\/wp-json\/wp\/v2\/users\/3"}],"replies":[{"embeddable":true,"href":"https:\/\/www.correiobraziliense.com.br\/cbradar\/wp-json\/wp\/v2\/comments?post=57554"}],"version-history":[{"count":2,"href":"https:\/\/www.correiobraziliense.com.br\/cbradar\/wp-json\/wp\/v2\/posts\/57554\/revisions"}],"predecessor-version":[{"id":57563,"href":"https:\/\/www.correiobraziliense.com.br\/cbradar\/wp-json\/wp\/v2\/posts\/57554\/revisions\/57563"}],"wp:featuredmedia":[{"embeddable":true,"href":"https:\/\/www.correiobraziliense.com.br\/cbradar\/wp-json\/wp\/v2\/media\/57558"}],"wp:attachment":[{"href":"https:\/\/www.correiobraziliense.com.br\/cbradar\/wp-json\/wp\/v2\/media?parent=57554"}],"wp:term":[{"taxonomy":"category","embeddable":true,"href":"https:\/\/www.correiobraziliense.com.br\/cbradar\/wp-json\/wp\/v2\/categories?post=57554"},{"taxonomy":"post_tag","embeddable":true,"href":"https:\/\/www.correiobraziliense.com.br\/cbradar\/wp-json\/wp\/v2\/post_tag?post=57554"}],"curies":[{"name":"wp","href":"https:\/\/api.w.org\/{rel}","templated":true}]}}