{"id":5775,"date":"2025-02-25T20:10:00","date_gmt":"2025-02-25T23:10:00","guid":{"rendered":"https:\/\/www.correiobraziliense.com.br\/cbradar\/?p=5775"},"modified":"2025-02-24T21:58:33","modified_gmt":"2025-02-25T00:58:33","slug":"conheca-a-cidade-que-pega-fogo-ha-60-anos","status":"publish","type":"post","link":"https:\/\/www.correiobraziliense.com.br\/cbradar\/conheca-a-cidade-que-pega-fogo-ha-60-anos\/","title":{"rendered":"Conhe\u00e7a a cidade que pega fogo h\u00e1 60 anos"},"content":{"rendered":"\n<p>Imagine morar em um lugar onde o ch\u00e3o pode rachar a qualquer momento e liberar fuma\u00e7a t\u00f3xica. Parece cen\u00e1rio de filme de terror, mas essa \u00e9 a realidade de <strong>Centralia, nos Estados Unidos<\/strong>. O que j\u00e1 foi uma cidade pr\u00f3spera na Pensilv\u00e2nia se tornou um verdadeiro <strong>assombro urbano<\/strong>, onde o fogo queima continuamente no subsolo h\u00e1 mais de <strong>60 anos<\/strong>.<\/p>\n\n\n\n<p>Tudo come\u00e7ou em <strong>1962<\/strong>, quando um inc\u00eandio em um lix\u00e3o pr\u00f3ximo \u00e0 cidade atingiu uma mina de carv\u00e3o subterr\u00e2nea. O fogo rapidamente se fecha pelos t\u00faneis abandonados, e o carv\u00e3o, que \u00e9 altamente inflam\u00e1vel, mantido como chamas acesas. Com o tempo, o inc\u00eandio criou rachaduras no solo, de onde sa\u00edram gases venenosos e fuma\u00e7a constante.<\/p>\n\n\n\n<p>Apesar dos esfor\u00e7os para conter as chamas, o fogo se alastrou por uma vasta rede de minas subterr\u00e2neas. A temperatura do solo atingiu n\u00edveis perigosos, e os primeiros sinais de que algo estava errado acabaram a aparecer: ruas a ceder, buracos se abriram no ch\u00e3o e um garoto quase foi engolido por uma cratera que surgiu de repente em seu quintal.<\/p>\n\n\n\n<h2 class=\"wp-block-heading\"><strong>Como Centralia se tornou uma cidade fantasma?<\/strong><\/h2>\n\n\n\n<p>Nos anos seguintes, os moradores passaram a sofrer com os efeitos do inc\u00eandio. O ar se tornou t\u00f3xico, com altos n\u00edveis de mon\u00f3xido de carbono, tornando a perman\u00eancia na cidade extremamente perigosa. Na d\u00e9cada de 1980, o governo dos Estados Unidos decidiu evacuar Centralia e demolir a maior parte das casas.<\/p>\n\n\n\n<p>O que antes era uma cidade com mais de <strong>2.000 habitantes<\/strong> rapidamente se transformou em um <strong>cen\u00e1rio deserto e apocal\u00edptico<\/strong>. Hoje, apenas algumas pessoas que ainda vivem na regi\u00e3o, se recusam a abandonar suas casas, mesmo sem servi\u00e7os b\u00e1sicos como correio ou estradas em boas condi\u00e7\u00f5es.<\/p>\n\n\n\n<p>A maior parte dos edif\u00edcios foi demolida, e a cidade possui apenas um <strong>c\u00f3digo postal<\/strong> oficial. A famosa <strong>Rota 61<\/strong>, que passava pela Centralia, foi fechada devido \u00e0s rachaduras e \u00e0 fuma\u00e7a constante que ainda emana do solo.<\/p>\n\n\n\n<figure class=\"wp-block-image size-large\"><img decoding=\"async\" width=\"1024\" height=\"576\" src=\"https:\/\/www.correiobraziliense.com.br\/cbradar\/wp-content\/uploads\/2025\/02\/St_Ignatius_Cemetery_on_a_Winter_Afternoon_Centralia_Pennsylvania_USA-1024x576.jpg\" alt=\"Conhe\u00e7a a cidade que pega fogo h\u00e1 60 anos\" class=\"wp-image-5780\" srcset=\"https:\/\/www.correiobraziliense.com.br\/cbradar\/wp-content\/uploads\/2025\/02\/St_Ignatius_Cemetery_on_a_Winter_Afternoon_Centralia_Pennsylvania_USA-1024x576.jpg 1024w, https:\/\/www.correiobraziliense.com.br\/cbradar\/wp-content\/uploads\/2025\/02\/St_Ignatius_Cemetery_on_a_Winter_Afternoon_Centralia_Pennsylvania_USA-300x169.jpg 300w, https:\/\/www.correiobraziliense.com.br\/cbradar\/wp-content\/uploads\/2025\/02\/St_Ignatius_Cemetery_on_a_Winter_Afternoon_Centralia_Pennsylvania_USA-768x432.jpg 768w, https:\/\/www.correiobraziliense.com.br\/cbradar\/wp-content\/uploads\/2025\/02\/St_Ignatius_Cemetery_on_a_Winter_Afternoon_Centralia_Pennsylvania_USA-750x422.jpg 750w, https:\/\/www.correiobraziliense.com.br\/cbradar\/wp-content\/uploads\/2025\/02\/St_Ignatius_Cemetery_on_a_Winter_Afternoon_Centralia_Pennsylvania_USA-1140x641.jpg 1140w, https:\/\/www.correiobraziliense.com.br\/cbradar\/wp-content\/uploads\/2025\/02\/St_Ignatius_Cemetery_on_a_Winter_Afternoon_Centralia_Pennsylvania_USA.jpg 1280w\" sizes=\"(max-width: 1024px) 100vw, 1024px\" \/><figcaption class=\"wp-element-caption\">Centralia. Cr\u00e9ditos: depositphotos.com \/ waltbilous<\/figcaption><\/figure>\n\n\n\n<h2 class=\"wp-block-heading\"><strong>O que restou de Centralia hoje?<\/strong><\/h2>\n\n\n\n<p>Apesar de ser praticamente uma cidade fantasma, Centralia se tornou um destino curioso para exploradores urbanos e entusiastas do mist\u00e9rio. Muitos visitantes s\u00e3o atra\u00eddos pela famosa <strong>Graffiti Highway<\/strong>, um trecho abandonado da estrada onde os turistas deixaram suas marcas com desenhos e mensagens coloridas antes de serem cobertas com terra para evitar vandalismo.<\/p>\n\n\n\n<p>A hist\u00f3ria de Centralia tamb\u00e9m produziu a cultura pop. O ambiente sombrio e as ruas desertas serviram de inspira\u00e7\u00e3o para o cen\u00e1rio da franquia de terror <strong>Silent Hill<\/strong>, tanto nos jogos quanto nos filmes.<\/p>\n\n\n\n<p>Mesmo depois de d\u00e9cadas, o inc\u00eandio ainda n\u00e3o foi completamente apagado. Estima-se que o fogo continue queimando <strong>por mais 250 anos<\/strong>, tornando Centralia um lembrete assustador de como um pequeno erro pode transformar uma cidade inteira em um local inabit\u00e1vel.<\/p>\n","protected":false},"excerpt":{"rendered":"<p>Uma cidade americana foi abandonada ap\u00f3s um inc\u00eandio incontrol\u00e1vel. Descubra como Centralia se tornou um verdadeiro cen\u00e1rio de filme de terror<\/p>\n","protected":false},"author":3,"featured_media":5776,"comment_status":"open","ping_status":"open","sticky":false,"template":"","format":"standard","meta":{"_yoast_wpseo_focuskw":"cidade","_yoast_wpseo_title":"%%title%%","_yoast_wpseo_metadesc":"Conhe\u00e7a a cidade que est\u00e1 em chamas h\u00e1 60 anos e descubra o que torna esse fen\u00f4meno t\u00e3o \u00fanico e impressionante!","jnews-multi-image_gallery":[],"jnews_single_post":{"format":"standard"},"jnews_primary_category":[],"jnews_social_meta":[],"jnews_override_counter":[],"footnotes":""},"categories":[108],"post_tag":[235,204,1080],"class_list":["post-5775","post","type-post","status-publish","format-standard","has-post-thumbnail","hentry","category-cidades","tag-calor","tag-cidade","tag-incendio"],"yoast_head":"<!-- This site is optimized with the Yoast SEO plugin v24.6 - https:\/\/yoast.com\/wordpress\/plugins\/seo\/ -->\n<title>Conhe\u00e7a a cidade que pega fogo h\u00e1 60 anos<\/title>\n<meta name=\"description\" content=\"Conhe\u00e7a a cidade que est\u00e1 em chamas h\u00e1 60 anos e descubra o que torna esse fen\u00f4meno t\u00e3o \u00fanico e impressionante!\" \/>\n<meta name=\"robots\" content=\"index, follow, max-snippet:-1, max-image-preview:large, max-video-preview:-1\" \/>\n<link rel=\"canonical\" href=\"https:\/\/www.correiobraziliense.com.br\/cbradar\/conheca-a-cidade-que-pega-fogo-ha-60-anos\/\" \/>\n<meta property=\"og:locale\" content=\"pt_BR\" \/>\n<meta property=\"og:type\" content=\"article\" \/>\n<meta property=\"og:title\" content=\"Conhe\u00e7a a cidade que pega fogo h\u00e1 60 anos\" \/>\n<meta property=\"og:description\" content=\"Conhe\u00e7a a cidade que est\u00e1 em chamas h\u00e1 60 anos e descubra o que torna esse fen\u00f4meno t\u00e3o \u00fanico e impressionante!\" \/>\n<meta property=\"og:url\" content=\"https:\/\/www.correiobraziliense.com.br\/cbradar\/conheca-a-cidade-que-pega-fogo-ha-60-anos\/\" \/>\n<meta property=\"og:site_name\" content=\"Correio Braziliense - Radar\" \/>\n<meta property=\"article:published_time\" content=\"2025-02-25T23:10:00+00:00\" \/>\n<meta property=\"og:image\" content=\"https:\/\/www.correiobraziliense.com.br\/cbradar\/wp-content\/uploads\/2025\/02\/Centralia_1740425652382.jpg\" \/>\n\t<meta property=\"og:image:width\" content=\"1280\" \/>\n\t<meta property=\"og:image:height\" content=\"720\" \/>\n\t<meta property=\"og:image:type\" content=\"image\/jpeg\" \/>\n<meta name=\"author\" content=\"Larissa Carvalho\" \/>\n<meta name=\"twitter:card\" content=\"summary_large_image\" \/>\n<meta name=\"twitter:label1\" content=\"Escrito por\" \/>\n\t<meta name=\"twitter:data1\" content=\"Larissa Carvalho\" \/>\n\t<meta name=\"twitter:label2\" content=\"Est. tempo de leitura\" \/>\n\t<meta name=\"twitter:data2\" content=\"3 minutos\" \/>\n<!-- \/ Yoast SEO plugin. -->","yoast_head_json":{"title":"Conhe\u00e7a a cidade que pega fogo h\u00e1 60 anos","description":"Conhe\u00e7a a cidade que est\u00e1 em chamas h\u00e1 60 anos e descubra o que torna esse fen\u00f4meno t\u00e3o \u00fanico e impressionante!","robots":{"index":"index","follow":"follow","max-snippet":"max-snippet:-1","max-image-preview":"max-image-preview:large","max-video-preview":"max-video-preview:-1"},"canonical":"https:\/\/www.correiobraziliense.com.br\/cbradar\/conheca-a-cidade-que-pega-fogo-ha-60-anos\/","og_locale":"pt_BR","og_type":"article","og_title":"Conhe\u00e7a a cidade que pega fogo h\u00e1 60 anos","og_description":"Conhe\u00e7a a cidade que est\u00e1 em chamas h\u00e1 60 anos e descubra o que torna esse fen\u00f4meno t\u00e3o \u00fanico e impressionante!","og_url":"https:\/\/www.correiobraziliense.com.br\/cbradar\/conheca-a-cidade-que-pega-fogo-ha-60-anos\/","og_site_name":"Correio Braziliense - Radar","article_published_time":"2025-02-25T23:10:00+00:00","og_image":[{"width":1280,"height":720,"url":"https:\/\/www.correiobraziliense.com.br\/cbradar\/wp-content\/uploads\/2025\/02\/Centralia_1740425652382.jpg","type":"image\/jpeg"}],"author":"Larissa Carvalho","twitter_card":"summary_large_image","twitter_misc":{"Escrito por":"Larissa Carvalho","Est. tempo de leitura":"3 minutos"},"schema":{"@context":"https:\/\/schema.org","@graph":[{"@type":"WebPage","@id":"https:\/\/www.correiobraziliense.com.br\/cbradar\/conheca-a-cidade-que-pega-fogo-ha-60-anos\/","url":"https:\/\/www.correiobraziliense.com.br\/cbradar\/conheca-a-cidade-que-pega-fogo-ha-60-anos\/","name":"Conhe\u00e7a a cidade que pega fogo h\u00e1 60 anos","isPartOf":{"@id":"https:\/\/www.correiobraziliense.com.br\/cbradar\/#website"},"primaryImageOfPage":{"@id":"https:\/\/www.correiobraziliense.com.br\/cbradar\/conheca-a-cidade-que-pega-fogo-ha-60-anos\/#primaryimage"},"image":{"@id":"https:\/\/www.correiobraziliense.com.br\/cbradar\/conheca-a-cidade-que-pega-fogo-ha-60-anos\/#primaryimage"},"thumbnailUrl":"https:\/\/www.correiobraziliense.com.br\/cbradar\/wp-content\/uploads\/2025\/02\/Centralia_1740425652382.jpg","datePublished":"2025-02-25T23:10:00+00:00","author":{"@id":"https:\/\/www.correiobraziliense.com.br\/cbradar\/#\/schema\/person\/58422787644df994b53a19d3e56c1513"},"description":"Conhe\u00e7a a cidade que est\u00e1 em chamas h\u00e1 60 anos e descubra o que torna esse fen\u00f4meno t\u00e3o \u00fanico e impressionante!","breadcrumb":{"@id":"https:\/\/www.correiobraziliense.com.br\/cbradar\/conheca-a-cidade-que-pega-fogo-ha-60-anos\/#breadcrumb"},"inLanguage":"pt-BR","potentialAction":[{"@type":"ReadAction","target":["https:\/\/www.correiobraziliense.com.br\/cbradar\/conheca-a-cidade-que-pega-fogo-ha-60-anos\/"]}]},{"@type":"ImageObject","inLanguage":"pt-BR","@id":"https:\/\/www.correiobraziliense.com.br\/cbradar\/conheca-a-cidade-que-pega-fogo-ha-60-anos\/#primaryimage","url":"https:\/\/www.correiobraziliense.com.br\/cbradar\/wp-content\/uploads\/2025\/02\/Centralia_1740425652382.jpg","contentUrl":"https:\/\/www.correiobraziliense.com.br\/cbradar\/wp-content\/uploads\/2025\/02\/Centralia_1740425652382.jpg","width":1280,"height":720,"caption":"Centralia. Cr\u00e9ditos: depositphotos.com \/ VICTOR1973"},{"@type":"BreadcrumbList","@id":"https:\/\/www.correiobraziliense.com.br\/cbradar\/conheca-a-cidade-que-pega-fogo-ha-60-anos\/#breadcrumb","itemListElement":[{"@type":"ListItem","position":1,"name":"In\u00edcio","item":"https:\/\/www.correiobraziliense.com.br\/cbradar\/"},{"@type":"ListItem","position":2,"name":"Conhe\u00e7a a cidade que pega fogo h\u00e1 60 anos"}]},{"@type":"WebSite","@id":"https:\/\/www.correiobraziliense.com.br\/cbradar\/#website","url":"https:\/\/www.correiobraziliense.com.br\/cbradar\/","name":"Correio Braziliense - Radar","description":"Acompanhe as \u00faltimas not\u00edcias e fique bem informado sobre tudo o que acontece no Brasil e no mundo.","potentialAction":[{"@type":"SearchAction","target":{"@type":"EntryPoint","urlTemplate":"https:\/\/www.correiobraziliense.com.br\/cbradar\/?s={search_term_string}"},"query-input":{"@type":"PropertyValueSpecification","valueRequired":true,"valueName":"search_term_string"}}],"inLanguage":"pt-BR"},{"@type":"Person","@id":"https:\/\/www.correiobraziliense.com.br\/cbradar\/#\/schema\/person\/58422787644df994b53a19d3e56c1513","name":"Larissa Carvalho","image":{"@type":"ImageObject","inLanguage":"pt-BR","@id":"https:\/\/www.correiobraziliense.com.br\/cbradar\/#\/schema\/person\/image\/","url":"https:\/\/secure.gravatar.com\/avatar\/fe4f91a0de32b52a838d0d612abdc1aa?s=96&d=mm&r=g","contentUrl":"https:\/\/secure.gravatar.com\/avatar\/fe4f91a0de32b52a838d0d612abdc1aa?s=96&d=mm&r=g","caption":"Larissa Carvalho"},"url":"https:\/\/www.correiobraziliense.com.br\/cbradar\/author\/larissamyth\/"}]}},"_links":{"self":[{"href":"https:\/\/www.correiobraziliense.com.br\/cbradar\/wp-json\/wp\/v2\/posts\/5775","targetHints":{"allow":["GET"]}}],"collection":[{"href":"https:\/\/www.correiobraziliense.com.br\/cbradar\/wp-json\/wp\/v2\/posts"}],"about":[{"href":"https:\/\/www.correiobraziliense.com.br\/cbradar\/wp-json\/wp\/v2\/types\/post"}],"author":[{"embeddable":true,"href":"https:\/\/www.correiobraziliense.com.br\/cbradar\/wp-json\/wp\/v2\/users\/3"}],"replies":[{"embeddable":true,"href":"https:\/\/www.correiobraziliense.com.br\/cbradar\/wp-json\/wp\/v2\/comments?post=5775"}],"version-history":[{"count":2,"href":"https:\/\/www.correiobraziliense.com.br\/cbradar\/wp-json\/wp\/v2\/posts\/5775\/revisions"}],"predecessor-version":[{"id":6055,"href":"https:\/\/www.correiobraziliense.com.br\/cbradar\/wp-json\/wp\/v2\/posts\/5775\/revisions\/6055"}],"wp:featuredmedia":[{"embeddable":true,"href":"https:\/\/www.correiobraziliense.com.br\/cbradar\/wp-json\/wp\/v2\/media\/5776"}],"wp:attachment":[{"href":"https:\/\/www.correiobraziliense.com.br\/cbradar\/wp-json\/wp\/v2\/media?parent=5775"}],"wp:term":[{"taxonomy":"category","embeddable":true,"href":"https:\/\/www.correiobraziliense.com.br\/cbradar\/wp-json\/wp\/v2\/categories?post=5775"},{"taxonomy":"post_tag","embeddable":true,"href":"https:\/\/www.correiobraziliense.com.br\/cbradar\/wp-json\/wp\/v2\/post_tag?post=5775"}],"curies":[{"name":"wp","href":"https:\/\/api.w.org\/{rel}","templated":true}]}}