{"id":58356,"date":"2025-06-24T07:03:00","date_gmt":"2025-06-24T10:03:00","guid":{"rendered":"https:\/\/www.correiobraziliense.com.br\/cbradar\/?p=58356"},"modified":"2025-06-24T00:46:47","modified_gmt":"2025-06-24T03:46:47","slug":"o-segredo-por-tras-da-cidade-mais-bem-avaliada-do-pais","status":"publish","type":"post","link":"https:\/\/www.correiobraziliense.com.br\/cbradar\/o-segredo-por-tras-da-cidade-mais-bem-avaliada-do-pais\/","title":{"rendered":"O segredo por tr\u00e1s da cidade mais bem avaliada do pa\u00eds"},"content":{"rendered":"\n<p><strong><a href=\"https:\/\/www.saocaetanodosul.sp.gov.br\/home\" target=\"_blank\" rel=\"noreferrer noopener\">S\u00e3o Caetano do Sul<\/a><\/strong>, localizada na regi\u00e3o metropolitana de <strong><a href=\"https:\/\/www.correiobraziliense.com.br\/cbradar\/essa-cidade-no-interior-de-sao-paulo-vai-te-surpreender-com-tantas-oportunidades\/\" target=\"_blank\" rel=\"noreferrer noopener\">S\u00e3o Paulo<\/a><\/strong>, \u00e9 reconhecida como a &#8220;<strong>Cidade da Qualidade<\/strong>&#8221; e destaca-se por ter o maior \u00cdndice de Desenvolvimento Humano (IDH) do Brasil, com impressionantes 0,847 pontos. Com aproximadamente 161 mil habitantes em apenas 15,3 km\u00b2, este munic\u00edpio paulista combina excel\u00eancia em educa\u00e7\u00e3o, sa\u00fade e economia, tornando-se refer\u00eancia nacional em qualidade de vida urbana.<\/p>\n\n\n\n<p>A cidade integra a regi\u00e3o do <strong>ABC Paulista<\/strong> e mant\u00e9m proximidade estrat\u00e9gica com a capital paulista, oferecendo aos seus moradores acesso aos benef\u00edcios de uma metr\u00f3pole sem abrir m\u00e3o da qualidade de vida caracter\u00edstica de centros urbanos menores e mais bem planejados.<\/p>\n\n\n\n<h2 class=\"wp-block-heading\">Qual \u00e9 a qualidade de vida em S\u00e3o Caetano do Sul?<\/h2>\n\n\n\n<p><strong>S\u00e3o Caetano do Sul<\/strong> conquistou o primeiro lugar no ranking nacional de IDH em 2024, com um \u00edndice de 0,847, resultado direto de pol\u00edticas p\u00fablicas focadas em melhorar a qualidade de vida dos cidad\u00e3os. A cidade apresenta indicadores excepcionais em todas as dimens\u00f5es que comp\u00f5em o desenvolvimento humano: longevidade, educa\u00e7\u00e3o e renda.<\/p>\n\n\n\n<p>O munic\u00edpio destaca-se pela alta expectativa de vida da popula\u00e7\u00e3o, sistema educacional de excel\u00eancia e mercado de trabalho din\u00e2mico e diversificado. Al\u00e9m disso, <strong>S\u00e3o Caetano do Sul<\/strong> \u00e9 considerada uma das cidades mais seguras do estado de <strong>S\u00e3o Paulo<\/strong>, com \u00edndices de criminalidade entre os mais baixos do Brasil, garantida por uma guarda civil municipal eficiente e sistemas de monitoramento.<\/p>\n\n\n<div class=\"wp-block-image\">\n<figure class=\"aligncenter size-large\"><img decoding=\"async\" src=\"https:\/\/www.correiobraziliense.com.br\/cbradar\/wp-content\/uploads\/2025\/05\/Edicoes-96-1-1024x576.png\" alt=\"\" class=\"wp-image-33738\"\/><figcaption class=\"wp-element-caption\">S\u00e3o Caetano do Sul \/\/ Reprodu\u00e7\u00e3o: Prefeitura municipal de S\u00e3o Caetano do Sul (https:\/\/www.saocaetanodosul.sp.gov.br\/home)<\/figcaption><\/figure><\/div>\n\n\n<h2 class=\"wp-block-heading\">Como S\u00e3o Caetano do Sul promove a sustentabilidade?<\/h2>\n\n\n\n<p>O munic\u00edpio paulista, al\u00e9m de liderar em qualidade de vida, tamb\u00e9m se destaca em rankings que medem o desempenho em pr\u00e1ticas ESG (ambientais, sociais e de governan\u00e7a). A cidade investe em a\u00e7\u00f5es para gest\u00e3o e manejo de res\u00edduos, sempre com a preocupa\u00e7\u00e3o de atender a atual gera\u00e7\u00e3o sem descuidar das pr\u00f3ximas.<\/p>\n\n\n\n<p>As iniciativas sustent\u00e1veis incluem programas de coleta seletiva avan\u00e7ados, projetos de efici\u00eancia energ\u00e9tica em pr\u00e9dios p\u00fablicos e incentivos para empresas adotarem pr\u00e1ticas ambientalmente respons\u00e1veis. O planejamento urbano tamb\u00e9m considera a preserva\u00e7\u00e3o de \u00e1reas verdes e a cria\u00e7\u00e3o de espa\u00e7os p\u00fablicos que promovam o bem-estar da popula\u00e7\u00e3o.<\/p>\n\n\n\n<h2 class=\"wp-block-heading\">Vale a pena morar em S\u00e3o Caetano do Sul?<\/h2>\n\n\n\n<p>A cidade destaca-se em v\u00e1rios aspectos: educa\u00e7\u00e3o de qualidade, sistema de sa\u00fade eficiente, seguran\u00e7a e aten\u00e7\u00e3o especial aos idosos, fatores que fazem de <strong>S\u00e3o Caetano<\/strong> um excelente lugar para se viver. A proximidade com <strong>S\u00e3o Paulo<\/strong> oferece oportunidades profissionais amplas, enquanto a qualidade dos servi\u00e7os municipais garante conforto no dia a dia.<\/p>\n\n\n\n<p>O munic\u00edpio oferece infraestrutura completa, com transporte p\u00fablico eficiente, \u00e1reas de lazer bem cuidadas e servi\u00e7os p\u00fablicos que funcionam com excel\u00eancia. A combina\u00e7\u00e3o entre desenvolvimento econ\u00f4mico e qualidade dos servi\u00e7os municipais cria um ambiente ideal para fam\u00edlias que buscam equil\u00edbrio entre vida pessoal e profissional.<\/p>\n\n\n\n<h2 class=\"wp-block-heading\">Como \u00e9 a educa\u00e7\u00e3o em S\u00e3o Caetano do Sul?<\/h2>\n\n\n\n<p>Na Educa\u00e7\u00e3o, <strong>S\u00e3o Caetano do Sul<\/strong> destaca-se pelo acesso \u00e0 internet nas escolas e excelentes notas no IDEB (\u00cdndice de Desenvolvimento da Educa\u00e7\u00e3o B\u00e1sica). O munic\u00edpio mant\u00e9m uma rede de ensino municipal reconhecida nacionalmente pela qualidade, com professores bem qualificados e infraestrutura moderna.<\/p>\n\n\n\n<p>A cidade tamb\u00e9m abriga a <strong>Universidade Municipal de S\u00e3o Caetano do Sul (USCS)<\/strong>, institui\u00e7\u00e3o que oferece cursos de gradua\u00e7\u00e3o e p\u00f3s-gradua\u00e7\u00e3o em diversas \u00e1reas. O investimento em educa\u00e7\u00e3o vai al\u00e9m do ensino b\u00e1sico, incluindo programas de educa\u00e7\u00e3o continuada e capacita\u00e7\u00e3o profissional que atendem \u00e0s demandas do mercado de trabalho local.<\/p>\n\n\n<div class=\"wp-block-image\">\n<figure class=\"aligncenter size-large\"><img decoding=\"async\" width=\"1024\" height=\"576\" src=\"https:\/\/www.correiobraziliense.com.br\/cbradar\/wp-content\/uploads\/2025\/06\/Edicoes-6-1-1024x576.png\" alt=\"\" class=\"wp-image-51405\" srcset=\"https:\/\/www.correiobraziliense.com.br\/cbradar\/wp-content\/uploads\/2025\/06\/Edicoes-6-1-1024x576.png 1024w, https:\/\/www.correiobraziliense.com.br\/cbradar\/wp-content\/uploads\/2025\/06\/Edicoes-6-1-300x169.png 300w, https:\/\/www.correiobraziliense.com.br\/cbradar\/wp-content\/uploads\/2025\/06\/Edicoes-6-1-768x432.png 768w, https:\/\/www.correiobraziliense.com.br\/cbradar\/wp-content\/uploads\/2025\/06\/Edicoes-6-1-750x422.png 750w, https:\/\/www.correiobraziliense.com.br\/cbradar\/wp-content\/uploads\/2025\/06\/Edicoes-6-1-1140x641.png 1140w, https:\/\/www.correiobraziliense.com.br\/cbradar\/wp-content\/uploads\/2025\/06\/Edicoes-6-1.png 1280w\" sizes=\"(max-width: 1024px) 100vw, 1024px\" \/><figcaption class=\"wp-element-caption\">S\u00e3o Caetano do Sul \/\/ Reprodu\u00e7\u00e3o: Wikip\u00e9dia<\/figcaption><\/figure><\/div>\n\n\n<h2 class=\"wp-block-heading\">Qual \u00e9 a economia local e as oportunidades de trabalho em S\u00e3o Caetano do Sul?<\/h2>\n\n\n\n<p>O panorama empresarial de <strong>S\u00e3o Caetano do Sul<\/strong> \u00e9 diversificado e robusto, com empresas atuando em diversos setores, desde a ind\u00fastria automobil\u00edstica at\u00e9 o com\u00e9rcio eletr\u00f4nico, demonstrando o dinamismo econ\u00f4mico da cidade. A Secretaria de Desenvolvimento Econ\u00f4mico trabalha para promover o crescimento econ\u00f4mico sustent\u00e1vel atrav\u00e9s de pol\u00edticas p\u00fablicas voltadas \u00e0 gera\u00e7\u00e3o de emprego e renda.<\/p>\n\n\n\n<p>A cidade oferece o Portal do Emprego, ferramenta estrat\u00e9gica que conecta candidatos e empresas gratuitamente, facilitando a inser\u00e7\u00e3o no mercado de trabalho. O munic\u00edpio concentra importantes ind\u00fastrias do setor automobil\u00edstico, empresas de tecnologia e um setor de servi\u00e7os em constante crescimento, garantindo diversas oportunidades profissionais.<\/p>\n\n\n\n<h2 class=\"wp-block-heading\">O que fazer em S\u00e3o Caetano do Sul?<\/h2>\n\n\n\n<p><strong>S\u00e3o Caetano do Sul<\/strong> oferece diversas op\u00e7\u00f5es de lazer e cultura para moradores e visitantes:<\/p>\n\n\n\n<p><strong>Parque Chico Mendes<\/strong>: \u00c1rea verde com trilhas, playground e espa\u00e7os para exerc\u00edcios f\u00edsicos, ideal para atividades ao ar livre em fam\u00edlia. <strong>Teatro Santos Dumont<\/strong>: Principal espa\u00e7o cultural da cidade, que recebe espet\u00e1culos teatrais, shows musicais e eventos culturais durante todo o ano. **Museu de <strong>S\u00e3o Caetano do Sul<\/strong>: Preserva a mem\u00f3ria hist\u00f3rica da cidade e regi\u00e3o, com exposi\u00e7\u00f5es permanentes e tempor\u00e1rias sobre a imigra\u00e7\u00e3o italiana. **Shopping <strong>S\u00e3o Caetano<\/strong>: Centro comercial com lojas, restaurantes, cinema e op\u00e7\u00f5es de entretenimento. <strong>Polo Cer\u00e2mico<\/strong>: Distrito que concentra lojas especializadas em materiais de constru\u00e7\u00e3o e decora\u00e7\u00e3o, atraindo visitantes de toda a regi\u00e3o metropolitana.<\/p>\n\n\n\n<h2 class=\"wp-block-heading\">O que devo saber antes de visitar S\u00e3o Caetano do Sul?<\/h2>\n\n\n\n<p><strong>S\u00e3o Caetano do Sul<\/strong> possui clima subtropical, com ver\u00f5es quentes e invernos amenos, sendo agrad\u00e1vel para visitas durante todo o ano. A cidade conta com sistema de transporte p\u00fablico integrado \u00e0 rede metropolitana de <strong>S\u00e3o Paulo<\/strong>, facilitando o deslocamento de visitantes.<\/p>\n\n\n\n<p>\u00c9 importante conhecer os principais eventos anuais, como a <strong>Festa de S\u00e3o Caetano<\/strong> (padroeiro da cidade) em agosto e eventos culturais no <strong>Teatro Santos Dumont<\/strong>. A cidade oferece boa infraestrutura hoteleira e gastron\u00f4mica, com destaque para restaurantes que servem culin\u00e1ria italiana, reflexo da forte coloniza\u00e7\u00e3o italiana na regi\u00e3o.<\/p>\n\n\n\n<blockquote class=\"instagram-media\" data-instgrm-captioned data-instgrm-permalink=\"https:\/\/www.instagram.com\/reel\/DKjqDvesCuO\/?utm_source=ig_embed&amp;utm_campaign=loading\" data-instgrm-version=\"14\" style=\" background:#FFF; border:0; border-radius:3px; box-shadow:0 0 1px 0 rgba(0,0,0,0.5),0 1px 10px 0 rgba(0,0,0,0.15); margin: 1px; max-width:540px; min-width:326px; padding:0; width:99.375%; width:-webkit-calc(100% - 2px); width:calc(100% - 2px);\"><div style=\"padding:16px;\"> <a href=\"https:\/\/www.instagram.com\/reel\/DKjqDvesCuO\/?utm_source=ig_embed&amp;utm_campaign=loading\" style=\" background:#FFFFFF; line-height:0; padding:0 0; text-align:center; text-decoration:none; width:100%;\" target=\"_blank\"> <div style=\" display: flex; flex-direction: row; align-items: center;\"> <div style=\"background-color: #F4F4F4; border-radius: 50%; flex-grow: 0; height: 40px; margin-right: 14px; width: 40px;\"><\/div> <div style=\"display: flex; flex-direction: column; flex-grow: 1; justify-content: center;\"> <div style=\" background-color: #F4F4F4; border-radius: 4px; flex-grow: 0; height: 14px; margin-bottom: 6px; width: 100px;\"><\/div> <div style=\" background-color: #F4F4F4; border-radius: 4px; flex-grow: 0; height: 14px; width: 60px;\"><\/div><\/div><\/div><div style=\"padding: 19% 0;\"><\/div> <div style=\"display:block; height:50px; margin:0 auto 12px; width:50px;\"><svg width=\"50px\" height=\"50px\" viewBox=\"0 0 60 60\" version=\"1.1\" xmlns=\"https:\/\/www.w3.org\/2000\/svg\" xmlns:xlink=\"https:\/\/www.w3.org\/1999\/xlink\"><g stroke=\"none\" stroke-width=\"1\" fill=\"none\" fill-rule=\"evenodd\"><g transform=\"translate(-511.000000, -20.000000)\" fill=\"#000000\"><g><path d=\"M556.869,30.41 C554.814,30.41 553.148,32.076 553.148,34.131 C553.148,36.186 554.814,37.852 556.869,37.852 C558.924,37.852 560.59,36.186 560.59,34.131 C560.59,32.076 558.924,30.41 556.869,30.41 M541,60.657 C535.114,60.657 530.342,55.887 530.342,50 C530.342,44.114 535.114,39.342 541,39.342 C546.887,39.342 551.658,44.114 551.658,50 C551.658,55.887 546.887,60.657 541,60.657 M541,33.886 C532.1,33.886 524.886,41.1 524.886,50 C524.886,58.899 532.1,66.113 541,66.113 C549.9,66.113 557.115,58.899 557.115,50 C557.115,41.1 549.9,33.886 541,33.886 M565.378,62.101 C565.244,65.022 564.756,66.606 564.346,67.663 C563.803,69.06 563.154,70.057 562.106,71.106 C561.058,72.155 560.06,72.803 558.662,73.347 C557.607,73.757 556.021,74.244 553.102,74.378 C549.944,74.521 548.997,74.552 541,74.552 C533.003,74.552 532.056,74.521 528.898,74.378 C525.979,74.244 524.393,73.757 523.338,73.347 C521.94,72.803 520.942,72.155 519.894,71.106 C518.846,70.057 518.197,69.06 517.654,67.663 C517.244,66.606 516.755,65.022 516.623,62.101 C516.479,58.943 516.448,57.996 516.448,50 C516.448,42.003 516.479,41.056 516.623,37.899 C516.755,34.978 517.244,33.391 517.654,32.338 C518.197,30.938 518.846,29.942 519.894,28.894 C520.942,27.846 521.94,27.196 523.338,26.654 C524.393,26.244 525.979,25.756 528.898,25.623 C532.057,25.479 533.004,25.448 541,25.448 C548.997,25.448 549.943,25.479 553.102,25.623 C556.021,25.756 557.607,26.244 558.662,26.654 C560.06,27.196 561.058,27.846 562.106,28.894 C563.154,29.942 563.803,30.938 564.346,32.338 C564.756,33.391 565.244,34.978 565.378,37.899 C565.522,41.056 565.552,42.003 565.552,50 C565.552,57.996 565.522,58.943 565.378,62.101 M570.82,37.631 C570.674,34.438 570.167,32.258 569.425,30.349 C568.659,28.377 567.633,26.702 565.965,25.035 C564.297,23.368 562.623,22.342 560.652,21.575 C558.743,20.834 556.562,20.326 553.369,20.18 C550.169,20.033 549.148,20 541,20 C532.853,20 531.831,20.033 528.631,20.18 C525.438,20.326 523.257,20.834 521.349,21.575 C519.376,22.342 517.703,23.368 516.035,25.035 C514.368,26.702 513.342,28.377 512.574,30.349 C511.834,32.258 511.326,34.438 511.181,37.631 C511.035,40.831 511,41.851 511,50 C511,58.147 511.035,59.17 511.181,62.369 C511.326,65.562 511.834,67.743 512.574,69.651 C513.342,71.625 514.368,73.296 516.035,74.965 C517.703,76.634 519.376,77.658 521.349,78.425 C523.257,79.167 525.438,79.673 528.631,79.82 C531.831,79.965 532.853,80.001 541,80.001 C549.148,80.001 550.169,79.965 553.369,79.82 C556.562,79.673 558.743,79.167 560.652,78.425 C562.623,77.658 564.297,76.634 565.965,74.965 C567.633,73.296 568.659,71.625 569.425,69.651 C570.167,67.743 570.674,65.562 570.82,62.369 C570.966,59.17 571,58.147 571,50 C571,41.851 570.966,40.831 570.82,37.631\"><\/path><\/g><\/g><\/g><\/svg><\/div><div style=\"padding-top: 8px;\"> <div style=\" color:#3897f0; font-family:Arial,sans-serif; font-size:14px; font-style:normal; font-weight:550; line-height:18px;\">Ver essa foto no Instagram<\/div><\/div><div style=\"padding: 12.5% 0;\"><\/div> <div style=\"display: flex; flex-direction: row; margin-bottom: 14px; align-items: center;\"><div> <div style=\"background-color: #F4F4F4; border-radius: 50%; height: 12.5px; width: 12.5px; transform: translateX(0px) translateY(7px);\"><\/div> <div style=\"background-color: #F4F4F4; height: 12.5px; transform: rotate(-45deg) translateX(3px) translateY(1px); width: 12.5px; flex-grow: 0; margin-right: 14px; margin-left: 2px;\"><\/div> <div style=\"background-color: #F4F4F4; border-radius: 50%; height: 12.5px; width: 12.5px; transform: translateX(9px) translateY(-18px);\"><\/div><\/div><div style=\"margin-left: 8px;\"> <div style=\" background-color: #F4F4F4; border-radius: 50%; flex-grow: 0; height: 20px; width: 20px;\"><\/div> <div style=\" width: 0; height: 0; border-top: 2px solid transparent; border-left: 6px solid #f4f4f4; border-bottom: 2px solid transparent; transform: translateX(16px) translateY(-4px) rotate(30deg)\"><\/div><\/div><div style=\"margin-left: auto;\"> <div style=\" width: 0px; border-top: 8px solid #F4F4F4; border-right: 8px solid transparent; transform: translateY(16px);\"><\/div> <div style=\" background-color: #F4F4F4; flex-grow: 0; height: 12px; width: 16px; transform: translateY(-4px);\"><\/div> <div style=\" width: 0; height: 0; border-top: 8px solid #F4F4F4; border-left: 8px solid transparent; transform: translateY(-4px) translateX(8px);\"><\/div><\/div><\/div> <div style=\"display: flex; flex-direction: column; flex-grow: 1; justify-content: center; margin-bottom: 24px;\"> <div style=\" background-color: #F4F4F4; border-radius: 4px; flex-grow: 0; height: 14px; margin-bottom: 6px; width: 224px;\"><\/div> <div style=\" background-color: #F4F4F4; border-radius: 4px; flex-grow: 0; height: 14px; width: 144px;\"><\/div><\/div><\/a><p style=\" color:#c9c8cd; font-family:Arial,sans-serif; font-size:14px; line-height:17px; margin-bottom:0; margin-top:8px; overflow:hidden; padding:8px 0 7px; text-align:center; text-overflow:ellipsis; white-space:nowrap;\"><a href=\"https:\/\/www.instagram.com\/reel\/DKjqDvesCuO\/?utm_source=ig_embed&amp;utm_campaign=loading\" style=\" color:#c9c8cd; font-family:Arial,sans-serif; font-size:14px; font-style:normal; font-weight:normal; line-height:17px; text-decoration:none;\" target=\"_blank\">Uma publica\u00e7\u00e3o compartilhada por Prefeitura Sa\u0303o Caetano do Sul (@prefeitura_saocaetanodosul)<\/a><\/p><\/div><\/blockquote>\n<script async src=\"\/\/www.instagram.com\/embed.js\"><\/script>\n\n\n\n<h2 class=\"wp-block-heading\">Vale a pena visitar S\u00e3o Caetano do Sul?<\/h2>\n\n\n\n<p><strong>S\u00e3o Caetano do Sul<\/strong> vale a pena ser visitada por representar um modelo de gest\u00e3o p\u00fablica eficiente e qualidade de vida urbana. A cidade oferece a oportunidade de conhecer um munic\u00edpio que conseguiu equilibrar desenvolvimento econ\u00f4mico com bem-estar social e sustentabilidade ambiental.<\/p>\n\n\n\n<p>Para quem busca refer\u00eancias em pol\u00edticas p\u00fablicas bem-sucedidas, <strong>S\u00e3o Caetano<\/strong> serve como exemplo pr\u00e1tico de como uma cidade pode alcan\u00e7ar excel\u00eancia em indicadores sociais. A proximidade com <strong>S\u00e3o Paulo<\/strong> tamb\u00e9m permite combinar a visita com outros atrativos da regi\u00e3o metropolitana.<\/p>\n\n\n\n<h2 class=\"wp-block-heading\">Como chegar em S\u00e3o Caetano do Sul?<\/h2>\n\n\n\n<p><strong>S\u00e3o Caetano do Sul<\/strong> possui excelente localiza\u00e7\u00e3o e acessibilidade. De avi\u00e3o, o <strong>Aeroporto de Congonhas<\/strong> fica a aproximadamente 15 quil\u00f4metros, enquanto o <strong>Aeroporto Internacional de Guarulhos<\/strong> est\u00e1 a cerca de 40 quil\u00f4metros da cidade.<\/p>\n\n\n\n<p>O acesso por transporte p\u00fablico \u00e9 facilitado pelas linhas de trem da <strong>CPTM (Companhia Paulista de Trens Metropolitanos)<\/strong>, que conectam <strong>S\u00e3o Caetano<\/strong> diretamente ao centro de <strong>S\u00e3o Paulo<\/strong> e outras cidades da regi\u00e3o. Para quem prefere transporte rodovi\u00e1rio, a cidade \u00e9 servida por importantes vias como a <strong>Via Anchieta<\/strong> e <strong>Rodovia dos Imigrantes<\/strong>, garantindo conex\u00e3o r\u00e1pida com diferentes regi\u00f5es do estado.<\/p>\n","protected":false},"excerpt":{"rendered":"<p>S\u00e3o Caetano do Sul, localizada na regi\u00e3o metropolitana de S\u00e3o Paulo, \u00e9 reconhecida como a &#8220;Cidade da Qualidade&#8221; e destaca-se por ter o maior \u00cdndice de Desenvolvimento Humano (IDH) do Brasil, com impressionantes 0,847 pontos. Com aproximadamente 161 mil habitantes em apenas 15,3 km\u00b2, este munic\u00edpio paulista combina excel\u00eancia em educa\u00e7\u00e3o, sa\u00fade e economia, tornando-se [&hellip;]<\/p>\n","protected":false},"author":8,"featured_media":51404,"comment_status":"open","ping_status":"open","sticky":false,"template":"","format":"standard","meta":{"_yoast_wpseo_focuskw":"cidade","_yoast_wpseo_title":"","_yoast_wpseo_metadesc":"A cidade com melhor qualidade de vida do Brasil foi revelada e pode surpreender voc\u00ea. Veja o que torna esse lugar t\u00e3o especial.","jnews-multi-image_gallery":[],"jnews_single_post":{"format":"standard"},"jnews_primary_category":[],"jnews_social_meta":[],"jnews_override_counter":[],"footnotes":""},"categories":[108,111],"post_tag":[955,278],"class_list":["post-58356","post","type-post","status-publish","format-standard","has-post-thumbnail","hentry","category-cidades","category-turismo","tag-sao-caetano-do-sul","tag-sao-paulo"],"yoast_head":"<!-- This site is optimized with the Yoast SEO plugin v24.6 - https:\/\/yoast.com\/wordpress\/plugins\/seo\/ -->\n<title>O segredo por tr\u00e1s da cidade mais bem avaliada do pa\u00eds - Correio Braziliense - Radar<\/title>\n<meta name=\"description\" content=\"A cidade com melhor qualidade de vida do Brasil foi revelada e pode surpreender voc\u00ea. Veja o que torna esse lugar t\u00e3o especial.\" \/>\n<meta name=\"robots\" content=\"index, follow, max-snippet:-1, max-image-preview:large, max-video-preview:-1\" \/>\n<link rel=\"canonical\" href=\"https:\/\/www.correiobraziliense.com.br\/cbradar\/o-segredo-por-tras-da-cidade-mais-bem-avaliada-do-pais\/\" \/>\n<meta property=\"og:locale\" content=\"pt_BR\" \/>\n<meta property=\"og:type\" content=\"article\" \/>\n<meta property=\"og:title\" content=\"O segredo por tr\u00e1s da cidade mais bem avaliada do pa\u00eds - Correio Braziliense - Radar\" \/>\n<meta property=\"og:description\" content=\"A cidade com melhor qualidade de vida do Brasil foi revelada e pode surpreender voc\u00ea. Veja o que torna esse lugar t\u00e3o especial.\" \/>\n<meta property=\"og:url\" content=\"https:\/\/www.correiobraziliense.com.br\/cbradar\/o-segredo-por-tras-da-cidade-mais-bem-avaliada-do-pais\/\" \/>\n<meta property=\"og:site_name\" content=\"Correio Braziliense - Radar\" \/>\n<meta property=\"article:published_time\" content=\"2025-06-24T10:03:00+00:00\" \/>\n<meta property=\"og:image\" content=\"https:\/\/www.correiobraziliense.com.br\/cbradar\/wp-content\/uploads\/2025\/06\/Edicoes-5-1.png\" \/>\n\t<meta property=\"og:image:width\" content=\"1280\" \/>\n\t<meta property=\"og:image:height\" content=\"720\" \/>\n\t<meta property=\"og:image:type\" content=\"image\/png\" \/>\n<meta name=\"author\" content=\"Maura Pereira\" \/>\n<meta name=\"twitter:card\" content=\"summary_large_image\" \/>\n<meta name=\"twitter:label1\" content=\"Escrito por\" \/>\n\t<meta name=\"twitter:data1\" content=\"Maura Pereira\" \/>\n\t<meta name=\"twitter:label2\" content=\"Est. tempo de leitura\" \/>\n\t<meta name=\"twitter:data2\" content=\"7 minutos\" \/>\n<!-- \/ Yoast SEO plugin. -->","yoast_head_json":{"title":"O segredo por tr\u00e1s da cidade mais bem avaliada do pa\u00eds - Correio Braziliense - Radar","description":"A cidade com melhor qualidade de vida do Brasil foi revelada e pode surpreender voc\u00ea. Veja o que torna esse lugar t\u00e3o especial.","robots":{"index":"index","follow":"follow","max-snippet":"max-snippet:-1","max-image-preview":"max-image-preview:large","max-video-preview":"max-video-preview:-1"},"canonical":"https:\/\/www.correiobraziliense.com.br\/cbradar\/o-segredo-por-tras-da-cidade-mais-bem-avaliada-do-pais\/","og_locale":"pt_BR","og_type":"article","og_title":"O segredo por tr\u00e1s da cidade mais bem avaliada do pa\u00eds - Correio Braziliense - Radar","og_description":"A cidade com melhor qualidade de vida do Brasil foi revelada e pode surpreender voc\u00ea. Veja o que torna esse lugar t\u00e3o especial.","og_url":"https:\/\/www.correiobraziliense.com.br\/cbradar\/o-segredo-por-tras-da-cidade-mais-bem-avaliada-do-pais\/","og_site_name":"Correio Braziliense - Radar","article_published_time":"2025-06-24T10:03:00+00:00","og_image":[{"width":1280,"height":720,"url":"https:\/\/www.correiobraziliense.com.br\/cbradar\/wp-content\/uploads\/2025\/06\/Edicoes-5-1.png","type":"image\/png"}],"author":"Maura Pereira","twitter_card":"summary_large_image","twitter_misc":{"Escrito por":"Maura Pereira","Est. tempo de leitura":"7 minutos"},"schema":{"@context":"https:\/\/schema.org","@graph":[{"@type":"WebPage","@id":"https:\/\/www.correiobraziliense.com.br\/cbradar\/o-segredo-por-tras-da-cidade-mais-bem-avaliada-do-pais\/","url":"https:\/\/www.correiobraziliense.com.br\/cbradar\/o-segredo-por-tras-da-cidade-mais-bem-avaliada-do-pais\/","name":"O segredo por tr\u00e1s da cidade mais bem avaliada do pa\u00eds - Correio Braziliense - Radar","isPartOf":{"@id":"https:\/\/www.correiobraziliense.com.br\/cbradar\/#website"},"primaryImageOfPage":{"@id":"https:\/\/www.correiobraziliense.com.br\/cbradar\/o-segredo-por-tras-da-cidade-mais-bem-avaliada-do-pais\/#primaryimage"},"image":{"@id":"https:\/\/www.correiobraziliense.com.br\/cbradar\/o-segredo-por-tras-da-cidade-mais-bem-avaliada-do-pais\/#primaryimage"},"thumbnailUrl":"https:\/\/www.correiobraziliense.com.br\/cbradar\/wp-content\/uploads\/2025\/06\/Edicoes-5-1.png","datePublished":"2025-06-24T10:03:00+00:00","author":{"@id":"https:\/\/www.correiobraziliense.com.br\/cbradar\/#\/schema\/person\/4053c651a9bfc785afc6f4cbc9032fd3"},"description":"A cidade com melhor qualidade de vida do Brasil foi revelada e pode surpreender voc\u00ea. Veja o que torna esse lugar t\u00e3o especial.","breadcrumb":{"@id":"https:\/\/www.correiobraziliense.com.br\/cbradar\/o-segredo-por-tras-da-cidade-mais-bem-avaliada-do-pais\/#breadcrumb"},"inLanguage":"pt-BR","potentialAction":[{"@type":"ReadAction","target":["https:\/\/www.correiobraziliense.com.br\/cbradar\/o-segredo-por-tras-da-cidade-mais-bem-avaliada-do-pais\/"]}]},{"@type":"ImageObject","inLanguage":"pt-BR","@id":"https:\/\/www.correiobraziliense.com.br\/cbradar\/o-segredo-por-tras-da-cidade-mais-bem-avaliada-do-pais\/#primaryimage","url":"https:\/\/www.correiobraziliense.com.br\/cbradar\/wp-content\/uploads\/2025\/06\/Edicoes-5-1.png","contentUrl":"https:\/\/www.correiobraziliense.com.br\/cbradar\/wp-content\/uploads\/2025\/06\/Edicoes-5-1.png","width":1280,"height":720,"caption":"S\u00e3o Caetano do Sul, SP, destaca-se pelo alto IDH e excelente educa\u00e7\u00e3o p\u00fablica. \/ Reprodu\u00e7\u00e3o: Wikip\u00e9dia"},{"@type":"BreadcrumbList","@id":"https:\/\/www.correiobraziliense.com.br\/cbradar\/o-segredo-por-tras-da-cidade-mais-bem-avaliada-do-pais\/#breadcrumb","itemListElement":[{"@type":"ListItem","position":1,"name":"In\u00edcio","item":"https:\/\/www.correiobraziliense.com.br\/cbradar\/"},{"@type":"ListItem","position":2,"name":"O segredo por tr\u00e1s da cidade mais bem avaliada do pa\u00eds"}]},{"@type":"WebSite","@id":"https:\/\/www.correiobraziliense.com.br\/cbradar\/#website","url":"https:\/\/www.correiobraziliense.com.br\/cbradar\/","name":"Correio Braziliense - Radar","description":"Acompanhe as \u00faltimas not\u00edcias e fique bem informado sobre tudo o que acontece no Brasil e no mundo.","potentialAction":[{"@type":"SearchAction","target":{"@type":"EntryPoint","urlTemplate":"https:\/\/www.correiobraziliense.com.br\/cbradar\/?s={search_term_string}"},"query-input":{"@type":"PropertyValueSpecification","valueRequired":true,"valueName":"search_term_string"}}],"inLanguage":"pt-BR"},{"@type":"Person","@id":"https:\/\/www.correiobraziliense.com.br\/cbradar\/#\/schema\/person\/4053c651a9bfc785afc6f4cbc9032fd3","name":"Maura Pereira","image":{"@type":"ImageObject","inLanguage":"pt-BR","@id":"https:\/\/www.correiobraziliense.com.br\/cbradar\/#\/schema\/person\/image\/","url":"https:\/\/secure.gravatar.com\/avatar\/3effd6bdadfa447f15089c7f7144eaa6?s=96&d=mm&r=g","contentUrl":"https:\/\/secure.gravatar.com\/avatar\/3effd6bdadfa447f15089c7f7144eaa6?s=96&d=mm&r=g","caption":"Maura Pereira"},"sameAs":["https:\/\/www.correiobraziliense.com.br\/"],"url":"https:\/\/www.correiobraziliense.com.br\/cbradar\/author\/mauramyth\/"}]}},"_links":{"self":[{"href":"https:\/\/www.correiobraziliense.com.br\/cbradar\/wp-json\/wp\/v2\/posts\/58356","targetHints":{"allow":["GET"]}}],"collection":[{"href":"https:\/\/www.correiobraziliense.com.br\/cbradar\/wp-json\/wp\/v2\/posts"}],"about":[{"href":"https:\/\/www.correiobraziliense.com.br\/cbradar\/wp-json\/wp\/v2\/types\/post"}],"author":[{"embeddable":true,"href":"https:\/\/www.correiobraziliense.com.br\/cbradar\/wp-json\/wp\/v2\/users\/8"}],"replies":[{"embeddable":true,"href":"https:\/\/www.correiobraziliense.com.br\/cbradar\/wp-json\/wp\/v2\/comments?post=58356"}],"version-history":[{"count":6,"href":"https:\/\/www.correiobraziliense.com.br\/cbradar\/wp-json\/wp\/v2\/posts\/58356\/revisions"}],"predecessor-version":[{"id":58397,"href":"https:\/\/www.correiobraziliense.com.br\/cbradar\/wp-json\/wp\/v2\/posts\/58356\/revisions\/58397"}],"wp:featuredmedia":[{"embeddable":true,"href":"https:\/\/www.correiobraziliense.com.br\/cbradar\/wp-json\/wp\/v2\/media\/51404"}],"wp:attachment":[{"href":"https:\/\/www.correiobraziliense.com.br\/cbradar\/wp-json\/wp\/v2\/media?parent=58356"}],"wp:term":[{"taxonomy":"category","embeddable":true,"href":"https:\/\/www.correiobraziliense.com.br\/cbradar\/wp-json\/wp\/v2\/categories?post=58356"},{"taxonomy":"post_tag","embeddable":true,"href":"https:\/\/www.correiobraziliense.com.br\/cbradar\/wp-json\/wp\/v2\/post_tag?post=58356"}],"curies":[{"name":"wp","href":"https:\/\/api.w.org\/{rel}","templated":true}]}}