{"id":5855,"date":"2025-02-26T06:50:00","date_gmt":"2025-02-26T09:50:00","guid":{"rendered":"https:\/\/www.correiobraziliense.com.br\/cbradar\/?p=5855"},"modified":"2025-06-29T18:34:40","modified_gmt":"2025-06-29T21:34:40","slug":"confira-os-novos-lancamentos-que-entrarao-na-netflix-nessa-semana","status":"publish","type":"post","link":"https:\/\/www.correiobraziliense.com.br\/cbradar\/confira-os-novos-lancamentos-que-entrarao-na-netflix-nessa-semana\/","title":{"rendered":"Confira os novos lan\u00e7amentos que entrar\u00e3o na Netflix nessa semana!"},"content":{"rendered":"\n<p>O streaming l\u00edder mundial vem recheado de surpresas para este m\u00eas. Com o objetivo de satisfazer todos os tipos de p\u00fablico, a <a href=\"https:\/\/www.netflix.com\/br\/\" target=\"_blank\" rel=\"noreferrer noopener\"><strong>Netflix<\/strong> <\/a>prepara uma sele\u00e7\u00e3o variada de conte\u00fados que prometem mexer com as emo\u00e7\u00f5es dos assinantes. Este m\u00eas traz desde produ\u00e7\u00f5es brasileiras originais at\u00e9 blockbusters internacionais aguardados h\u00e1 muito tempo.<\/p>\n\n\n\n<p>A estrat\u00e9gia da plataforma continua sendo oferecer algo para cada gosto e humor. S\u00e9ries de drama psicol\u00f3gico, <a href=\"https:\/\/www.correiobraziliense.com.br\/cbradar\/se-voce-pretende-ir-a-disney-precisa-ver-isso\/\" target=\"_blank\" rel=\"noreferrer noopener\">filmes <\/a>de a\u00e7\u00e3o eletrizantes, document\u00e1rios reveladores e at\u00e9 mesmo anima\u00e7\u00f5es para toda a fam\u00edlia fazem parte do card\u00e1pio de junho. Vamos conhecer as principais apostas que devem dominar as conversas nas redes sociais.<\/p>\n\n\n\n<h2 class=\"wp-block-heading\"><strong>Quais s\u00e3o os destaques da semana na Netflix?<\/strong><\/h2>\n\n\n\n<p>Entre os lan\u00e7amentos mais aguardados, a s\u00e9rie&nbsp;<strong>Halo<\/strong>&nbsp;se destaca como uma adapta\u00e7\u00e3o da famosa franquia de jogos. A trama se passa no s\u00e9culo <strong>XXVI <\/strong>e gira em torno da batalha entre humanos e uma esp\u00e9cie alien\u00edgena conhecida como <strong>Covenant<\/strong>. A s\u00e9rie promete muita a\u00e7\u00e3o e \u00e9 uma excelente op\u00e7\u00e3o para os f\u00e3s de fic\u00e7\u00e3o cient\u00edfica.<\/p>\n\n\n\n<p>Outro destaque \u00e9&nbsp;<strong><a href=\"https:\/\/www.imdb.com\/pt\/title\/tt8690918\/?ref_=nv_sr_srsg_0_tt_8_nm_0_in_0_q_Resident%2520Alien\" target=\"_blank\" rel=\"noreferrer noopener\">Resident Alien<\/a><\/strong>, que chega com suas tr\u00eas temporadas completas. A s\u00e9rie segue um extraterrestre que assume a identidade de um m\u00e9dico no Colorado, enfrentando dilemas morais enquanto tenta cumprir sua miss\u00e3o na Terra. Com um toque de humor e drama, \u00e9 uma escolha interessante para quem gosta de hist\u00f3rias inusitadas.<\/p>\n\n\n\n<figure class=\"wp-block-embed aligncenter is-type-video is-provider-youtube wp-block-embed-youtube wp-embed-aspect-16-9 wp-has-aspect-ratio\"><div class=\"wp-block-embed__wrapper\">\n<div class=\"jeg_video_container jeg_video_content\"><iframe loading=\"lazy\" title=\"HALO | Temporada 2 | TRAILER OFICIAL | Paramount+\" width=\"500\" height=\"281\" src=\"https:\/\/www.youtube.com\/embed\/wtA1pqbHTeM?feature=oembed\" frameborder=\"0\" allow=\"accelerometer; autoplay; clipboard-write; encrypted-media; gyroscope; picture-in-picture; web-share\" referrerpolicy=\"strict-origin-when-cross-origin\" allowfullscreen><\/iframe><\/div>\n<\/div><\/figure>\n\n\n\n<h2 class=\"wp-block-heading\"><strong>Quais anima\u00e7\u00f5es e filmes est\u00e3o chegando?<\/strong><\/h2>\n\n\n\n<p>Para os f\u00e3s de anima\u00e7\u00e3o,&nbsp;<strong>Frieren e a Jornada para o Al\u00e9m<\/strong>&nbsp;\u00e9 uma novidade que promete encantar. A hist\u00f3ria segue uma elfa que, ap\u00f3s derrotar um rei dem\u00f4nio, busca um novo prop\u00f3sito de vida. A s\u00e9rie \u00e9 rica em aventura e fantasia, oferecendo uma experi\u00eancia envolvente para os espectadores.<\/p>\n\n\n\n<p>No campo dos filmes,&nbsp;<strong>Demon City<\/strong>&nbsp;traz uma trama de a\u00e7\u00e3o intensa. O filme japon\u00eas narra a hist\u00f3ria de um ex-assassino em busca de vingan\u00e7a contra aqueles que destru\u00edram sua vida. Com cenas de a\u00e7\u00e3o de tirar o f\u00f4lego, \u00e9 uma op\u00e7\u00e3o ideal para quem procura adrenalina.<\/p>\n\n\n\n<h2 class=\"wp-block-heading\"><strong>Quais s\u00e3o as produ\u00e7\u00f5es nacionais e internacionais em destaque?<\/strong><\/h2>\n\n\n\n<p>O cinema brasileiro tamb\u00e9m marca presen\u00e7a com&nbsp;<strong>O Doutrinador<\/strong>, um filme de a\u00e7\u00e3o que segue um vigilante mascarado em sua busca por justi\u00e7a. A trama aborda temas de corrup\u00e7\u00e3o e vingan\u00e7a, oferecendo uma narrativa poderosa e envolvente.<\/p>\n\n\n\n<p>Internacionalmente,&nbsp;<strong>Contra-Ataque<\/strong>&nbsp;\u00e9 um filme mexicano que mistura a\u00e7\u00e3o e aventura. A hist\u00f3ria envolve uma miss\u00e3o de resgate que leva a um confronto com um grupo criminoso, prometendo muita emo\u00e7\u00e3o e reviravoltas.<\/p>\n\n\n\n<figure class=\"wp-block-embed aligncenter is-type-video is-provider-youtube wp-block-embed-youtube wp-embed-aspect-16-9 wp-has-aspect-ratio\"><div class=\"wp-block-embed__wrapper\">\n<div class=\"jeg_video_container jeg_video_content\"><iframe loading=\"lazy\" title=\"O Doutrinador | Trailer  Oficial\" width=\"500\" height=\"281\" src=\"https:\/\/www.youtube.com\/embed\/KIxUQch9los?feature=oembed\" frameborder=\"0\" allow=\"accelerometer; autoplay; clipboard-write; encrypted-media; gyroscope; picture-in-picture; web-share\" referrerpolicy=\"strict-origin-when-cross-origin\" allowfullscreen><\/iframe><\/div>\n<\/div><\/figure>\n\n\n\n<h2 class=\"wp-block-heading\">Como aproveitar melhor as novidades do streaming?<\/h2>\n\n\n\n<p>Com tantas op\u00e7\u00f5es interessantes dispon\u00edveis, a dica \u00e9 diversificar as escolhas e se permitir descobrir g\u00eaneros diferentes do habitual. Desde cl\u00e1ssicos como <strong>Happy Gilmore<\/strong> com <strong>Adam Sandler<\/strong> at\u00e9 thrillers psicol\u00f3gicos como <strong>Batem \u00e0 Porta<\/strong> de <strong>M. Night Shyamalan<\/strong>, junho oferece um leque completo de entretenimento.<\/p>\n\n\n\n<p>Para quem busca novidades frescas, este m\u00eas se apresenta como uma oportunidade perfeita para explorar diferentes culturas atrav\u00e9s do cinema e das s\u00e9ries. A <strong>Netflix<\/strong> mant\u00e9m sua tradi\u00e7\u00e3o de oferecer conte\u00fado diversificado, desde produ\u00e7\u00f5es coreanas at\u00e9 filmes brasileiros autorais. Prepare a pipoca e reserve um tempo para descobrir seu pr\u00f3ximo v\u00edcio televisivo.<\/p>\n","protected":false},"excerpt":{"rendered":"<p>O streaming l\u00edder mundial vem recheado de surpresas para este m\u00eas. Com o objetivo de satisfazer todos os tipos de p\u00fablico, a Netflix prepara uma sele\u00e7\u00e3o variada de conte\u00fados que prometem mexer com as emo\u00e7\u00f5es dos assinantes. Este m\u00eas traz desde produ\u00e7\u00f5es brasileiras originais at\u00e9 blockbusters internacionais aguardados h\u00e1 muito tempo. A estrat\u00e9gia da plataforma [&hellip;]<\/p>\n","protected":false},"author":8,"featured_media":2751,"comment_status":"open","ping_status":"open","sticky":false,"template":"","format":"standard","meta":{"_yoast_wpseo_focuskw":"Netflix","_yoast_wpseo_title":"","_yoast_wpseo_metadesc":"Confira os novos lan\u00e7amentos que chegam \u00e0 Netflix nesta semana! Filmes, s\u00e9ries e novidades imperd\u00edveis para maratonar. N\u00e3o perca!","jnews-multi-image_gallery":[],"jnews_single_post":{"format":"standard"},"jnews_primary_category":[],"jnews_social_meta":[],"jnews_override_counter":[],"footnotes":""},"categories":[140,169,115],"post_tag":[908,141,1092],"class_list":["post-5855","post","type-post","status-publish","format-standard","has-post-thumbnail","hentry","category-entretenimento","category-noticias","category-tecnologia","tag-lancamentos","tag-netflix","tag-semana"],"yoast_head":"<!-- This site is optimized with the Yoast SEO plugin v24.6 - https:\/\/yoast.com\/wordpress\/plugins\/seo\/ -->\n<title>Confira os novos lan\u00e7amentos que entrar\u00e3o na Netflix nessa semana! - Correio Braziliense - Radar<\/title>\n<meta name=\"description\" content=\"Confira os novos lan\u00e7amentos que chegam \u00e0 Netflix nesta semana! Filmes, s\u00e9ries e novidades imperd\u00edveis para maratonar. N\u00e3o perca!\" \/>\n<meta name=\"robots\" content=\"index, follow, max-snippet:-1, max-image-preview:large, max-video-preview:-1\" \/>\n<link rel=\"canonical\" href=\"https:\/\/www.correiobraziliense.com.br\/cbradar\/confira-os-novos-lancamentos-que-entrarao-na-netflix-nessa-semana\/\" \/>\n<meta property=\"og:locale\" content=\"pt_BR\" \/>\n<meta property=\"og:type\" content=\"article\" \/>\n<meta property=\"og:title\" content=\"Confira os novos lan\u00e7amentos que entrar\u00e3o na Netflix nessa semana! - Correio Braziliense - Radar\" \/>\n<meta property=\"og:description\" content=\"Confira os novos lan\u00e7amentos que chegam \u00e0 Netflix nesta semana! Filmes, s\u00e9ries e novidades imperd\u00edveis para maratonar. N\u00e3o perca!\" \/>\n<meta property=\"og:url\" content=\"https:\/\/www.correiobraziliense.com.br\/cbradar\/confira-os-novos-lancamentos-que-entrarao-na-netflix-nessa-semana\/\" \/>\n<meta property=\"og:site_name\" content=\"Correio Braziliense - Radar\" \/>\n<meta property=\"article:published_time\" content=\"2025-02-26T09:50:00+00:00\" \/>\n<meta property=\"article:modified_time\" content=\"2025-06-29T21:34:40+00:00\" \/>\n<meta property=\"og:image\" content=\"https:\/\/www.correiobraziliense.com.br\/cbradar\/wp-content\/uploads\/2025\/02\/Netflix_1739520995424.jpg\" \/>\n\t<meta property=\"og:image:width\" content=\"1280\" \/>\n\t<meta property=\"og:image:height\" content=\"720\" \/>\n\t<meta property=\"og:image:type\" content=\"image\/jpeg\" \/>\n<meta name=\"author\" content=\"Maura Pereira\" \/>\n<meta name=\"twitter:card\" content=\"summary_large_image\" \/>\n<meta name=\"twitter:label1\" content=\"Escrito por\" \/>\n\t<meta name=\"twitter:data1\" content=\"Maura Pereira\" \/>\n\t<meta name=\"twitter:label2\" content=\"Est. tempo de leitura\" \/>\n\t<meta name=\"twitter:data2\" content=\"3 minutos\" \/>\n<!-- \/ Yoast SEO plugin. -->","yoast_head_json":{"title":"Confira os novos lan\u00e7amentos que entrar\u00e3o na Netflix nessa semana! - Correio Braziliense - Radar","description":"Confira os novos lan\u00e7amentos que chegam \u00e0 Netflix nesta semana! Filmes, s\u00e9ries e novidades imperd\u00edveis para maratonar. N\u00e3o perca!","robots":{"index":"index","follow":"follow","max-snippet":"max-snippet:-1","max-image-preview":"max-image-preview:large","max-video-preview":"max-video-preview:-1"},"canonical":"https:\/\/www.correiobraziliense.com.br\/cbradar\/confira-os-novos-lancamentos-que-entrarao-na-netflix-nessa-semana\/","og_locale":"pt_BR","og_type":"article","og_title":"Confira os novos lan\u00e7amentos que entrar\u00e3o na Netflix nessa semana! - Correio Braziliense - Radar","og_description":"Confira os novos lan\u00e7amentos que chegam \u00e0 Netflix nesta semana! Filmes, s\u00e9ries e novidades imperd\u00edveis para maratonar. N\u00e3o perca!","og_url":"https:\/\/www.correiobraziliense.com.br\/cbradar\/confira-os-novos-lancamentos-que-entrarao-na-netflix-nessa-semana\/","og_site_name":"Correio Braziliense - Radar","article_published_time":"2025-02-26T09:50:00+00:00","article_modified_time":"2025-06-29T21:34:40+00:00","og_image":[{"width":1280,"height":720,"url":"https:\/\/www.correiobraziliense.com.br\/cbradar\/wp-content\/uploads\/2025\/02\/Netflix_1739520995424.jpg","type":"image\/jpeg"}],"author":"Maura Pereira","twitter_card":"summary_large_image","twitter_misc":{"Escrito por":"Maura Pereira","Est. tempo de leitura":"3 minutos"},"schema":{"@context":"https:\/\/schema.org","@graph":[{"@type":"WebPage","@id":"https:\/\/www.correiobraziliense.com.br\/cbradar\/confira-os-novos-lancamentos-que-entrarao-na-netflix-nessa-semana\/","url":"https:\/\/www.correiobraziliense.com.br\/cbradar\/confira-os-novos-lancamentos-que-entrarao-na-netflix-nessa-semana\/","name":"Confira os novos lan\u00e7amentos que entrar\u00e3o na Netflix nessa semana! - Correio Braziliense - Radar","isPartOf":{"@id":"https:\/\/www.correiobraziliense.com.br\/cbradar\/#website"},"primaryImageOfPage":{"@id":"https:\/\/www.correiobraziliense.com.br\/cbradar\/confira-os-novos-lancamentos-que-entrarao-na-netflix-nessa-semana\/#primaryimage"},"image":{"@id":"https:\/\/www.correiobraziliense.com.br\/cbradar\/confira-os-novos-lancamentos-que-entrarao-na-netflix-nessa-semana\/#primaryimage"},"thumbnailUrl":"https:\/\/www.correiobraziliense.com.br\/cbradar\/wp-content\/uploads\/2025\/02\/Netflix_1739520995424.jpg","datePublished":"2025-02-26T09:50:00+00:00","dateModified":"2025-06-29T21:34:40+00:00","author":{"@id":"https:\/\/www.correiobraziliense.com.br\/cbradar\/#\/schema\/person\/4053c651a9bfc785afc6f4cbc9032fd3"},"description":"Confira os novos lan\u00e7amentos que chegam \u00e0 Netflix nesta semana! Filmes, s\u00e9ries e novidades imperd\u00edveis para maratonar. N\u00e3o perca!","breadcrumb":{"@id":"https:\/\/www.correiobraziliense.com.br\/cbradar\/confira-os-novos-lancamentos-que-entrarao-na-netflix-nessa-semana\/#breadcrumb"},"inLanguage":"pt-BR","potentialAction":[{"@type":"ReadAction","target":["https:\/\/www.correiobraziliense.com.br\/cbradar\/confira-os-novos-lancamentos-que-entrarao-na-netflix-nessa-semana\/"]}]},{"@type":"ImageObject","inLanguage":"pt-BR","@id":"https:\/\/www.correiobraziliense.com.br\/cbradar\/confira-os-novos-lancamentos-que-entrarao-na-netflix-nessa-semana\/#primaryimage","url":"https:\/\/www.correiobraziliense.com.br\/cbradar\/wp-content\/uploads\/2025\/02\/Netflix_1739520995424.jpg","contentUrl":"https:\/\/www.correiobraziliense.com.br\/cbradar\/wp-content\/uploads\/2025\/02\/Netflix_1739520995424.jpg","width":1280,"height":720,"caption":"Netflix \/\/ Cr\u00e9ditos: depositphotos.com \/ burdun"},{"@type":"BreadcrumbList","@id":"https:\/\/www.correiobraziliense.com.br\/cbradar\/confira-os-novos-lancamentos-que-entrarao-na-netflix-nessa-semana\/#breadcrumb","itemListElement":[{"@type":"ListItem","position":1,"name":"In\u00edcio","item":"https:\/\/www.correiobraziliense.com.br\/cbradar\/"},{"@type":"ListItem","position":2,"name":"Confira os novos lan\u00e7amentos que entrar\u00e3o na Netflix nessa semana!"}]},{"@type":"WebSite","@id":"https:\/\/www.correiobraziliense.com.br\/cbradar\/#website","url":"https:\/\/www.correiobraziliense.com.br\/cbradar\/","name":"Correio Braziliense - Radar","description":"Acompanhe as \u00faltimas not\u00edcias e fique bem informado sobre tudo o que acontece no Brasil e no mundo.","potentialAction":[{"@type":"SearchAction","target":{"@type":"EntryPoint","urlTemplate":"https:\/\/www.correiobraziliense.com.br\/cbradar\/?s={search_term_string}"},"query-input":{"@type":"PropertyValueSpecification","valueRequired":true,"valueName":"search_term_string"}}],"inLanguage":"pt-BR"},{"@type":"Person","@id":"https:\/\/www.correiobraziliense.com.br\/cbradar\/#\/schema\/person\/4053c651a9bfc785afc6f4cbc9032fd3","name":"Maura Pereira","image":{"@type":"ImageObject","inLanguage":"pt-BR","@id":"https:\/\/www.correiobraziliense.com.br\/cbradar\/#\/schema\/person\/image\/","url":"https:\/\/secure.gravatar.com\/avatar\/3effd6bdadfa447f15089c7f7144eaa6?s=96&d=mm&r=g","contentUrl":"https:\/\/secure.gravatar.com\/avatar\/3effd6bdadfa447f15089c7f7144eaa6?s=96&d=mm&r=g","caption":"Maura Pereira"},"sameAs":["https:\/\/www.correiobraziliense.com.br\/"],"url":"https:\/\/www.correiobraziliense.com.br\/cbradar\/author\/mauramyth\/"}]}},"_links":{"self":[{"href":"https:\/\/www.correiobraziliense.com.br\/cbradar\/wp-json\/wp\/v2\/posts\/5855","targetHints":{"allow":["GET"]}}],"collection":[{"href":"https:\/\/www.correiobraziliense.com.br\/cbradar\/wp-json\/wp\/v2\/posts"}],"about":[{"href":"https:\/\/www.correiobraziliense.com.br\/cbradar\/wp-json\/wp\/v2\/types\/post"}],"author":[{"embeddable":true,"href":"https:\/\/www.correiobraziliense.com.br\/cbradar\/wp-json\/wp\/v2\/users\/8"}],"replies":[{"embeddable":true,"href":"https:\/\/www.correiobraziliense.com.br\/cbradar\/wp-json\/wp\/v2\/comments?post=5855"}],"version-history":[{"count":10,"href":"https:\/\/www.correiobraziliense.com.br\/cbradar\/wp-json\/wp\/v2\/posts\/5855\/revisions"}],"predecessor-version":[{"id":61435,"href":"https:\/\/www.correiobraziliense.com.br\/cbradar\/wp-json\/wp\/v2\/posts\/5855\/revisions\/61435"}],"wp:featuredmedia":[{"embeddable":true,"href":"https:\/\/www.correiobraziliense.com.br\/cbradar\/wp-json\/wp\/v2\/media\/2751"}],"wp:attachment":[{"href":"https:\/\/www.correiobraziliense.com.br\/cbradar\/wp-json\/wp\/v2\/media?parent=5855"}],"wp:term":[{"taxonomy":"category","embeddable":true,"href":"https:\/\/www.correiobraziliense.com.br\/cbradar\/wp-json\/wp\/v2\/categories?post=5855"},{"taxonomy":"post_tag","embeddable":true,"href":"https:\/\/www.correiobraziliense.com.br\/cbradar\/wp-json\/wp\/v2\/post_tag?post=5855"}],"curies":[{"name":"wp","href":"https:\/\/api.w.org\/{rel}","templated":true}]}}