{"id":5859,"date":"2025-02-26T13:50:00","date_gmt":"2025-02-26T16:50:00","guid":{"rendered":"https:\/\/www.correiobraziliense.com.br\/cbradar\/?p=5859"},"modified":"2025-02-24T18:22:49","modified_gmt":"2025-02-24T21:22:49","slug":"confira-o-novo-lancamento-internacional-do-xiaomi-15-ultra","status":"publish","type":"post","link":"https:\/\/www.correiobraziliense.com.br\/cbradar\/confira-o-novo-lancamento-internacional-do-xiaomi-15-ultra\/","title":{"rendered":"Confira o novo lan\u00e7amento Internacional do Xiaomi 15 Ultra!"},"content":{"rendered":"\n<p>O aguardado <strong><a href=\"https:\/\/www.correiobraziliense.com.br\/cbradar\/esses-sao-os-melhores-modelos-baratos-da-xiaomi\/\" target=\"_blank\" rel=\"noreferrer noopener\">Xiaomi <\/a>15 Ultra<\/strong> finalmente teve sua data de lan\u00e7amento internacional confirmada para <strong>2 de mar\u00e7o de 2025<\/strong>. Este dispositivo, que se destaca por seu design inovador, promete trazer uma experi\u00eancia fotogr\u00e1fica de alto n\u00edvel, gra\u00e7as \u00e0 parceria com a<strong> Leica<\/strong>. A expectativa em torno do aparelho \u00e9 grande, especialmente devido \u00e0s suas especifica\u00e7\u00f5es t\u00e9cnicas robustas e ao visual que remete a uma c\u00e2mera digital.<\/p>\n\n\n\n<p>O <strong>CEO <\/strong>da<strong> Xiaomi, Lei Jun<\/strong>, anunciou a novidade em uma publica\u00e7\u00e3o no <strong>X<\/strong>, antigo <strong><a href=\"https:\/\/x.com\/\" target=\"_blank\" rel=\"noreferrer noopener\">Twitter<\/a><\/strong>, destacando a chegada do dispositivo aos mercados globais. O<strong> Xiaomi 15 Ultra<\/strong> \u00e9 posicionado como um<strong> flagship<\/strong>, trazendo consigo caracter\u00edsticas que prometem elevar o padr\u00e3o dos smartphones de sua categoria.<\/p>\n\n\n\n<h2 class=\"wp-block-heading\"><strong>Quais s\u00e3o as especifica\u00e7\u00f5es do Xiaomi 15 Ultra?<\/strong><\/h2>\n\n\n\n<p>Ele vem equipado com o poderoso chipset <strong>Qualcomm Snapdragon 8 Elite<\/strong>, acompanhado de <strong>16 GB de RAM<\/strong>, o que garante um desempenho fluido e eficiente. A bateria de <strong>5.500 mAh<\/strong> promete uma autonomia satisfat\u00f3ria para os usu\u00e1rios mais exigentes. Al\u00e9m disso, o dispositivo conta com uma tela <strong>AMOLED<\/strong> de <strong>6,73<\/strong> polegadas, oferecendo uma experi\u00eancia visual imersiva.<\/p>\n\n\n\n<p>O design do <strong>Xiaomi 15 Ultra<\/strong> tamb\u00e9m merece destaque. A imagem divulgada por <strong>Lei Jun<\/strong> revela um aparelho com dois tons de cinza, onde a parte mais clara lembra o acabamento met\u00e1lico de c\u00e2meras digitais, enquanto a por\u00e7\u00e3o mais escura apresenta uma textura diferenciada. Este visual refor\u00e7a a proposta do smartphone de ser uma ferramenta poderosa para fotografia.<\/p>\n\n\n\n<figure class=\"wp-block-embed aligncenter is-type-video is-provider-youtube wp-block-embed-youtube wp-embed-aspect-16-9 wp-has-aspect-ratio\"><div class=\"wp-block-embed__wrapper\">\n<div class=\"jeg_video_container jeg_video_content\"><iframe loading=\"lazy\" title=\"Xiaomi 15 Pro Bend Test - Do You Believe?\" width=\"500\" height=\"281\" src=\"https:\/\/www.youtube.com\/embed\/P_GWRI5dw2o?feature=oembed\" frameborder=\"0\" allow=\"accelerometer; autoplay; clipboard-write; encrypted-media; gyroscope; picture-in-picture; web-share\" referrerpolicy=\"strict-origin-when-cross-origin\" allowfullscreen><\/iframe><\/div>\n<\/div><\/figure>\n\n\n\n<h2 class=\"wp-block-heading\"><strong>Como \u00e9 o m\u00f3dulo de c\u00e2meras do Xiaomi 15 Ultra?<\/strong><\/h2>\n\n\n\n<p>Um dos principais atrativos do <strong>Xiaomi 15 Ultra<\/strong> \u00e9 seu grande m\u00f3dulo de c\u00e2meras traseiras, que carrega a renomada marca Leica. O conjunto \u00e9 composto por quatro lentes: uma principal, uma ultrawide e uma telefoto, todas com <strong>50 MP<\/strong>, al\u00e9m de uma lente perisc\u00f3pio de impressionantes <strong>200 MP.<\/strong> Essa configura\u00e7\u00e3o promete capturar imagens de alta qualidade, mesmo em condi\u00e7\u00f5es desafiadoras de ilumina\u00e7\u00e3o.<\/p>\n\n\n\n<p>A escolha de lan\u00e7ar na v\u00e9spera do<strong> Mobile World Congress (MWC)<\/strong> n\u00e3o \u00e9 aleat\u00f3ria. A Xiaomi pretende aproveitar a aten\u00e7\u00e3o gerada pelo evento em Barcelona, Espanha, para apresentar seu novo dispositivo ao p\u00fablico global.<\/p>\n\n\n\n<h2 class=\"wp-block-heading\"><strong>Quando ser\u00e1 revelada a ficha t\u00e9cnica completa do Xiaomi 15 Ultra?<\/strong><\/h2>\n\n\n\n<p>A ficha t\u00e9cnica completa e o pre\u00e7o oficial do<strong> Xiaomi 15 Ultra <\/strong>ser\u00e3o divulgados no dia<strong> 2 de mar\u00e7o de 2025.<\/strong> At\u00e9 o momento, n\u00e3o h\u00e1 informa\u00e7\u00f5es sobre o lan\u00e7amento do aparelho no mercado brasileiro, mas a expectativa \u00e9 que mais detalhes sejam revelados em breve.<\/p>\n\n\n\n<p>Enquanto isso, os entusiastas da tecnologia aguardam ansiosamente por mais novidades sobre o <strong>Xiaomi 15 Ultra<\/strong>,<strong> <\/strong>que promete ser um marco na evolu\u00e7\u00e3o dos smartphones, especialmente no que diz respeito \u00e0 fotografia m\u00f3vel.<\/p>\n","protected":false},"excerpt":{"rendered":"<p>O aguardado Xiaomi 15 Ultra finalmente teve sua data de lan\u00e7amento internacional confirmada para 2 de mar\u00e7o de 2025. Este dispositivo, que se destaca por seu design inovador, promete trazer uma experi\u00eancia fotogr\u00e1fica de alto n\u00edvel, gra\u00e7as \u00e0 parceria com a Leica. A expectativa em torno do aparelho \u00e9 grande, especialmente devido \u00e0s suas especifica\u00e7\u00f5es [&hellip;]<\/p>\n","protected":false},"author":8,"featured_media":5894,"comment_status":"open","ping_status":"open","sticky":false,"template":"","format":"standard","meta":{"_yoast_wpseo_focuskw":"Xiaomi","_yoast_wpseo_title":"","_yoast_wpseo_metadesc":"Confira o novo lan\u00e7amento internacional do Xiaomi 15 Ultra! Design premium, c\u00e2meras avan\u00e7adas e alto desempenho para revolucionar o mercado.","jnews-multi-image_gallery":[],"jnews_single_post":{"format":"standard"},"jnews_primary_category":[],"jnews_social_meta":[],"jnews_override_counter":[],"footnotes":""},"categories":[169,115],"tags":[325,114,157],"class_list":["post-5859","post","type-post","status-publish","format-standard","has-post-thumbnail","hentry","category-noticias","category-tecnologia","tag-lancamento","tag-tecnologia","tag-xiaomi"],"yoast_head":"<!-- This site is optimized with the Yoast SEO plugin v24.6 - https:\/\/yoast.com\/wordpress\/plugins\/seo\/ -->\n<title>Confira o novo lan\u00e7amento Internacional do Xiaomi 15 Ultra! - Correio Braziliense - Radar<\/title>\n<meta name=\"description\" content=\"Confira o novo lan\u00e7amento internacional do Xiaomi 15 Ultra! Design premium, c\u00e2meras avan\u00e7adas e alto desempenho para revolucionar o mercado.\" \/>\n<meta name=\"robots\" content=\"index, follow, max-snippet:-1, max-image-preview:large, max-video-preview:-1\" \/>\n<link rel=\"canonical\" href=\"https:\/\/www.correiobraziliense.com.br\/cbradar\/confira-o-novo-lancamento-internacional-do-xiaomi-15-ultra\/\" \/>\n<meta property=\"og:locale\" content=\"pt_BR\" \/>\n<meta property=\"og:type\" content=\"article\" \/>\n<meta property=\"og:title\" content=\"Confira o novo lan\u00e7amento Internacional do Xiaomi 15 Ultra! - Correio Braziliense - Radar\" \/>\n<meta property=\"og:description\" content=\"Confira o novo lan\u00e7amento internacional do Xiaomi 15 Ultra! Design premium, c\u00e2meras avan\u00e7adas e alto desempenho para revolucionar o mercado.\" \/>\n<meta property=\"og:url\" content=\"https:\/\/www.correiobraziliense.com.br\/cbradar\/confira-o-novo-lancamento-internacional-do-xiaomi-15-ultra\/\" \/>\n<meta property=\"og:site_name\" content=\"Correio Braziliense - Radar\" \/>\n<meta property=\"article:published_time\" content=\"2025-02-26T16:50:00+00:00\" \/>\n<meta property=\"og:image\" content=\"https:\/\/www.correiobraziliense.com.br\/cbradar\/wp-content\/uploads\/2025\/02\/Design-sem-nome-14-1.png\" \/>\n\t<meta property=\"og:image:width\" content=\"1280\" \/>\n\t<meta property=\"og:image:height\" content=\"720\" \/>\n\t<meta property=\"og:image:type\" content=\"image\/png\" \/>\n<meta name=\"author\" content=\"Maura Pereira\" \/>\n<meta name=\"twitter:card\" content=\"summary_large_image\" \/>\n<meta name=\"twitter:label1\" content=\"Escrito por\" \/>\n\t<meta name=\"twitter:data1\" content=\"Maura Pereira\" \/>\n\t<meta name=\"twitter:label2\" content=\"Est. tempo de leitura\" \/>\n\t<meta name=\"twitter:data2\" content=\"3 minutos\" \/>\n<!-- \/ Yoast SEO plugin. -->","yoast_head_json":{"title":"Confira o novo lan\u00e7amento Internacional do Xiaomi 15 Ultra! - Correio Braziliense - Radar","description":"Confira o novo lan\u00e7amento internacional do Xiaomi 15 Ultra! Design premium, c\u00e2meras avan\u00e7adas e alto desempenho para revolucionar o mercado.","robots":{"index":"index","follow":"follow","max-snippet":"max-snippet:-1","max-image-preview":"max-image-preview:large","max-video-preview":"max-video-preview:-1"},"canonical":"https:\/\/www.correiobraziliense.com.br\/cbradar\/confira-o-novo-lancamento-internacional-do-xiaomi-15-ultra\/","og_locale":"pt_BR","og_type":"article","og_title":"Confira o novo lan\u00e7amento Internacional do Xiaomi 15 Ultra! - Correio Braziliense - Radar","og_description":"Confira o novo lan\u00e7amento internacional do Xiaomi 15 Ultra! Design premium, c\u00e2meras avan\u00e7adas e alto desempenho para revolucionar o mercado.","og_url":"https:\/\/www.correiobraziliense.com.br\/cbradar\/confira-o-novo-lancamento-internacional-do-xiaomi-15-ultra\/","og_site_name":"Correio Braziliense - Radar","article_published_time":"2025-02-26T16:50:00+00:00","og_image":[{"width":1280,"height":720,"url":"https:\/\/www.correiobraziliense.com.br\/cbradar\/wp-content\/uploads\/2025\/02\/Design-sem-nome-14-1.png","type":"image\/png"}],"author":"Maura Pereira","twitter_card":"summary_large_image","twitter_misc":{"Escrito por":"Maura Pereira","Est. tempo de leitura":"3 minutos"},"schema":{"@context":"https:\/\/schema.org","@graph":[{"@type":"WebPage","@id":"https:\/\/www.correiobraziliense.com.br\/cbradar\/confira-o-novo-lancamento-internacional-do-xiaomi-15-ultra\/","url":"https:\/\/www.correiobraziliense.com.br\/cbradar\/confira-o-novo-lancamento-internacional-do-xiaomi-15-ultra\/","name":"Confira o novo lan\u00e7amento Internacional do Xiaomi 15 Ultra! - Correio Braziliense - Radar","isPartOf":{"@id":"https:\/\/www.correiobraziliense.com.br\/cbradar\/#website"},"primaryImageOfPage":{"@id":"https:\/\/www.correiobraziliense.com.br\/cbradar\/confira-o-novo-lancamento-internacional-do-xiaomi-15-ultra\/#primaryimage"},"image":{"@id":"https:\/\/www.correiobraziliense.com.br\/cbradar\/confira-o-novo-lancamento-internacional-do-xiaomi-15-ultra\/#primaryimage"},"thumbnailUrl":"https:\/\/www.correiobraziliense.com.br\/cbradar\/wp-content\/uploads\/2025\/02\/Design-sem-nome-14-1.png","datePublished":"2025-02-26T16:50:00+00:00","author":{"@id":"https:\/\/www.correiobraziliense.com.br\/cbradar\/#\/schema\/person\/4053c651a9bfc785afc6f4cbc9032fd3"},"description":"Confira o novo lan\u00e7amento internacional do Xiaomi 15 Ultra! Design premium, c\u00e2meras avan\u00e7adas e alto desempenho para revolucionar o mercado.","breadcrumb":{"@id":"https:\/\/www.correiobraziliense.com.br\/cbradar\/confira-o-novo-lancamento-internacional-do-xiaomi-15-ultra\/#breadcrumb"},"inLanguage":"pt-BR","potentialAction":[{"@type":"ReadAction","target":["https:\/\/www.correiobraziliense.com.br\/cbradar\/confira-o-novo-lancamento-internacional-do-xiaomi-15-ultra\/"]}]},{"@type":"ImageObject","inLanguage":"pt-BR","@id":"https:\/\/www.correiobraziliense.com.br\/cbradar\/confira-o-novo-lancamento-internacional-do-xiaomi-15-ultra\/#primaryimage","url":"https:\/\/www.correiobraziliense.com.br\/cbradar\/wp-content\/uploads\/2025\/02\/Design-sem-nome-14-1.png","contentUrl":"https:\/\/www.correiobraziliense.com.br\/cbradar\/wp-content\/uploads\/2025\/02\/Design-sem-nome-14-1.png","width":1280,"height":720,"caption":"Xiaomi 15 ultra \/\/ Reprodu\u00e7\u00e3o: https:\/\/www.mi.com\/br\/"},{"@type":"BreadcrumbList","@id":"https:\/\/www.correiobraziliense.com.br\/cbradar\/confira-o-novo-lancamento-internacional-do-xiaomi-15-ultra\/#breadcrumb","itemListElement":[{"@type":"ListItem","position":1,"name":"In\u00edcio","item":"https:\/\/www.correiobraziliense.com.br\/cbradar\/"},{"@type":"ListItem","position":2,"name":"Confira o novo lan\u00e7amento Internacional do Xiaomi 15 Ultra!"}]},{"@type":"WebSite","@id":"https:\/\/www.correiobraziliense.com.br\/cbradar\/#website","url":"https:\/\/www.correiobraziliense.com.br\/cbradar\/","name":"Correio Braziliense - Radar","description":"Acompanhe as \u00faltimas not\u00edcias e fique bem informado sobre tudo o que acontece no Brasil e no mundo.","potentialAction":[{"@type":"SearchAction","target":{"@type":"EntryPoint","urlTemplate":"https:\/\/www.correiobraziliense.com.br\/cbradar\/?s={search_term_string}"},"query-input":{"@type":"PropertyValueSpecification","valueRequired":true,"valueName":"search_term_string"}}],"inLanguage":"pt-BR"},{"@type":"Person","@id":"https:\/\/www.correiobraziliense.com.br\/cbradar\/#\/schema\/person\/4053c651a9bfc785afc6f4cbc9032fd3","name":"Maura Pereira","image":{"@type":"ImageObject","inLanguage":"pt-BR","@id":"https:\/\/www.correiobraziliense.com.br\/cbradar\/#\/schema\/person\/image\/","url":"https:\/\/secure.gravatar.com\/avatar\/3effd6bdadfa447f15089c7f7144eaa6?s=96&d=mm&r=g","contentUrl":"https:\/\/secure.gravatar.com\/avatar\/3effd6bdadfa447f15089c7f7144eaa6?s=96&d=mm&r=g","caption":"Maura Pereira"},"sameAs":["https:\/\/www.correiobraziliense.com.br\/"],"url":"https:\/\/www.correiobraziliense.com.br\/cbradar\/author\/mauramyth\/"}]}},"_links":{"self":[{"href":"https:\/\/www.correiobraziliense.com.br\/cbradar\/wp-json\/wp\/v2\/posts\/5859","targetHints":{"allow":["GET"]}}],"collection":[{"href":"https:\/\/www.correiobraziliense.com.br\/cbradar\/wp-json\/wp\/v2\/posts"}],"about":[{"href":"https:\/\/www.correiobraziliense.com.br\/cbradar\/wp-json\/wp\/v2\/types\/post"}],"author":[{"embeddable":true,"href":"https:\/\/www.correiobraziliense.com.br\/cbradar\/wp-json\/wp\/v2\/users\/8"}],"replies":[{"embeddable":true,"href":"https:\/\/www.correiobraziliense.com.br\/cbradar\/wp-json\/wp\/v2\/comments?post=5859"}],"version-history":[{"count":5,"href":"https:\/\/www.correiobraziliense.com.br\/cbradar\/wp-json\/wp\/v2\/posts\/5859\/revisions"}],"predecessor-version":[{"id":5895,"href":"https:\/\/www.correiobraziliense.com.br\/cbradar\/wp-json\/wp\/v2\/posts\/5859\/revisions\/5895"}],"wp:featuredmedia":[{"embeddable":true,"href":"https:\/\/www.correiobraziliense.com.br\/cbradar\/wp-json\/wp\/v2\/media\/5894"}],"wp:attachment":[{"href":"https:\/\/www.correiobraziliense.com.br\/cbradar\/wp-json\/wp\/v2\/media?parent=5859"}],"wp:term":[{"taxonomy":"category","embeddable":true,"href":"https:\/\/www.correiobraziliense.com.br\/cbradar\/wp-json\/wp\/v2\/categories?post=5859"},{"taxonomy":"post_tag","embeddable":true,"href":"https:\/\/www.correiobraziliense.com.br\/cbradar\/wp-json\/wp\/v2\/tags?post=5859"}],"curies":[{"name":"wp","href":"https:\/\/api.w.org\/{rel}","templated":true}]}}