{"id":58725,"date":"2025-06-25T08:43:55","date_gmt":"2025-06-25T11:43:55","guid":{"rendered":"https:\/\/www.correiobraziliense.com.br\/cbradar\/?p=58725"},"modified":"2025-06-24T14:28:13","modified_gmt":"2025-06-24T17:28:13","slug":"o-que-acontece-quando-voce-joga-borra-de-cafe-no-jardim","status":"publish","type":"post","link":"https:\/\/www.correiobraziliense.com.br\/cbradar\/o-que-acontece-quando-voce-joga-borra-de-cafe-no-jardim\/","title":{"rendered":"O que acontece quando voc\u00ea joga borra de caf\u00e9 no jardim"},"content":{"rendered":"\n<p>O reaproveitamento dos <strong>fundos de caf\u00e9<\/strong> no jardim tem ganhado destaque entre entusiastas da jardinagem e produtores dom\u00e9sticos. Muitas pessoas desconhecem que esse res\u00edduo org\u00e2nico, frequentemente descartado, pode ser uma fonte valiosa de nutrientes para o solo e ainda ajudar no controle de pragas. O uso correto dos fundos de caf\u00e9 pode transformar a sa\u00fade das plantas e melhorar a produtividade do <a href=\"https:\/\/www.correiobraziliense.com.br\/cbradar\/aprenda-a-plantar-a-planta-da-imortalidade-no-seu-jardim\/\" target=\"_blank\" rel=\"noopener\">jardim,<\/a> desde que sejam observadas algumas recomenda\u00e7\u00f5es importantes.<\/p>\n\n\n\n<p>Os fundos de caf\u00e9 concentram elementos essenciais para o desenvolvimento vegetal, como nitrog\u00eanio, f\u00f3sforo e pot\u00e1ssio. Al\u00e9m disso, cont\u00eam micronutrientes como magn\u00e9sio e cobre, que participam de processos metab\u00f3licos nas ra\u00edzes. Quando incorporados ao solo, esses res\u00edduos promovem a aera\u00e7\u00e3o, estimulam a atividade de minhocas e favorecem a prolifera\u00e7\u00e3o de microrganismos ben\u00e9ficos, tornando o ambiente mais prop\u00edcio para o crescimento das plantas.<\/p>\n\n\n\n<h2 class=\"wp-block-heading\">Como utilizar fundos de caf\u00e9 no jardim de forma segura?<\/h2>\n\n\n\n<p>Apesar dos benef\u00edcios, \u00e9 fundamental aplicar os <strong>fundos de caf\u00e9<\/strong> com cautela. O excesso pode alterar o pH do solo, tornando-o mais \u00e1cido e prejudicando algumas esp\u00e9cies sens\u00edveis. Para evitar problemas, recomenda-se secar bem os res\u00edduos antes do uso e mistur\u00e1-los ao composto org\u00e2nico ou \u00e0 terra, mantendo uma propor\u00e7\u00e3o equilibrada. Uma sugest\u00e3o pr\u00e1tica \u00e9 utilizar uma parte de fundos de caf\u00e9 para quatro partes de composto, evitando camadas espessas sobre a superf\u00edcie do solo.<\/p>\n\n\n\n<p>Especialistas indicam incorporar uma camada fina, de at\u00e9 1,25 cm, e misturar at\u00e9 cerca de 10 cm de profundidade. Esse m\u00e9todo permite que os nutrientes sejam liberados gradualmente, melhorando a estrutura do solo e facilitando o escoamento da \u00e1gua. O uso cont\u00ednuo ou em grandes quantidades deve ser evitado, principalmente em plantas que n\u00e3o toleram solos \u00e1cidos.<\/p>\n\n\n<div class=\"wp-block-image\">\n<figure class=\"aligncenter size-large\"><img decoding=\"async\" width=\"1024\" height=\"576\" src=\"https:\/\/www.correiobraziliense.com.br\/cbradar\/wp-content\/uploads\/2025\/04\/borra-de-cafe-horta_1745866954537-1024x576.jpg\" alt=\"Se voc\u00ea usou caf\u00e9 n\u00e3o jogue fora, voc\u00ea tem um recurso valioso em casa\" class=\"wp-image-29766\" srcset=\"https:\/\/www.correiobraziliense.com.br\/cbradar\/wp-content\/uploads\/2025\/04\/borra-de-cafe-horta_1745866954537-1024x576.jpg 1024w, https:\/\/www.correiobraziliense.com.br\/cbradar\/wp-content\/uploads\/2025\/04\/borra-de-cafe-horta_1745866954537-300x169.jpg 300w, https:\/\/www.correiobraziliense.com.br\/cbradar\/wp-content\/uploads\/2025\/04\/borra-de-cafe-horta_1745866954537-768x432.jpg 768w, https:\/\/www.correiobraziliense.com.br\/cbradar\/wp-content\/uploads\/2025\/04\/borra-de-cafe-horta_1745866954537-750x422.jpg 750w, https:\/\/www.correiobraziliense.com.br\/cbradar\/wp-content\/uploads\/2025\/04\/borra-de-cafe-horta_1745866954537-1140x641.jpg 1140w, https:\/\/www.correiobraziliense.com.br\/cbradar\/wp-content\/uploads\/2025\/04\/borra-de-cafe-horta_1745866954537.jpg 1280w\" sizes=\"(max-width: 1024px) 100vw, 1024px\" \/><figcaption class=\"wp-element-caption\">Borra de caf\u00e9 &#8211; Cr\u00e9ditos: depositphotos.com \/ St.Larisikstefania<\/figcaption><\/figure><\/div>\n\n\n<h2 class=\"wp-block-heading\">Quais plantas se beneficiam dos fundos de caf\u00e9?<\/h2>\n\n\n\n<p>Nem todas as esp\u00e9cies respondem da mesma forma ao uso dos <strong>fundos de caf\u00e9<\/strong>. Algumas plantas apreciam a leve acidez e os nutrientes presentes nesse res\u00edduo, enquanto outras podem ser prejudicadas. Entre as que mais se beneficiam est\u00e3o:<\/p>\n\n\n\n<ul class=\"wp-block-list\">\n<li><strong>Rosas<\/strong>: Fortalecem-se e apresentam florescimento mais abundante.<\/li>\n\n\n\n<li><strong>Hort\u00eansias<\/strong>: Intensificam a colora\u00e7\u00e3o azul em solos calc\u00e1rios.<\/li>\n\n\n\n<li><strong>Tomateiros<\/strong>: Crescem mais vigorosos e produzem frutos com menos incid\u00eancia de pragas.<\/li>\n\n\n\n<li><strong>Morango<\/strong>: Produzem frutos mais doces e resistentes.<\/li>\n\n\n\n<li><strong>Ficus<\/strong> e <strong>Monstera<\/strong>: Desenvolvem folhas mais verdes e vistosas.<\/li>\n<\/ul>\n\n\n\n<p>Outras esp\u00e9cies como <strong>Rododendros<\/strong>, pe\u00f4nias, cam\u00e9lias, br\u00f3colis, feij\u00f5es, <strong>Mirtilos<\/strong>, abobrinhas, chic\u00f3ria, batatas, pepinos, berinjelas e alface tamb\u00e9m podem ser beneficiadas pelo uso moderado dos fundos de caf\u00e9.<\/p>\n\n\n\n<h2 class=\"wp-block-heading\">Fundos de caf\u00e9 realmente ajudam a afastar pragas do jardim?<\/h2>\n\n\n\n<p>Al\u00e9m de atuarem como fertilizante, os <strong>fundos de caf\u00e9<\/strong> t\u00eam propriedades repelentes naturais. O aroma e a textura desse res\u00edduo contribuem para afastar formigas, pulg\u00f5es, lesmas e at\u00e9 gatos, que evitam \u00e1reas tratadas com o produto. Segundo pesquisas, espalhar uma pequena quantidade ao redor dos vasos ou canteiros mais vulner\u00e1veis pode ser suficiente para minimizar infesta\u00e7\u00f5es, sempre evitando o ac\u00famulo excessivo.<\/p>\n\n\n\n<p>\u00c9 importante ressaltar que nem todas as plantas toleram solos \u00e1cidos. Esp\u00e9cies como lavanda, alecrim e suculentas podem ser prejudicadas pelo uso dos fundos de caf\u00e9. Nesses casos, \u00e9 prefer\u00edvel optar por adubos neutros ou espec\u00edficos para cada tipo de planta.<\/p>\n\n\n\n<h2 class=\"wp-block-heading\">Como garantir o melhor aproveitamento dos fundos de caf\u00e9?<\/h2>\n\n\n\n<p>Para utilizar os <strong>fundos de caf\u00e9<\/strong> de maneira eficiente e segura, algumas orienta\u00e7\u00f5es s\u00e3o essenciais:<\/p>\n\n\n\n<ol class=\"wp-block-list\">\n<li>Secar bem os res\u00edduos antes de aplicar no solo.<\/li>\n\n\n\n<li>Misturar sempre com terra ou composto, evitando uso puro.<\/li>\n\n\n\n<li>Aplicar em pequenas quantidades e poucas vezes ao ano.<\/li>\n\n\n\n<li>Observar a rea\u00e7\u00e3o de cada planta e ajustar a frequ\u00eancia conforme necess\u00e1rio.<\/li>\n\n\n\n<li>Evitar o uso em plantas sens\u00edveis \u00e0 acidez.<\/li>\n<\/ol>\n\n\n\n<p>Com pr\u00e1ticas simples e respons\u00e1veis, \u00e9 poss\u00edvel transformar um res\u00edduo dom\u00e9stico em um aliado do jardim, promovendo solos mais f\u00e9rteis, plantas saud\u00e1veis e um ambiente livre de pragas sem recorrer a produtos qu\u00edmicos. Em cidades como <strong>Curitiba<\/strong> e <strong>S\u00e3o Paulo<\/strong>, oficinas de compostagem urbana j\u00e1 recomendam o uso moderado desse res\u00edduo, demonstrando que a reciclagem come\u00e7a em casa e pode se espalhar pelo pa\u00eds.<\/p>\n","protected":false},"excerpt":{"rendered":"<p>O reaproveitamento dos fundos de caf\u00e9 no jardim tem ganhado destaque entre entusiastas da jardinagem e produtores dom\u00e9sticos. Muitas pessoas desconhecem que esse res\u00edduo org\u00e2nico, frequentemente descartado, pode ser uma fonte valiosa de nutrientes para o solo e ainda ajudar no controle de pragas. O uso correto dos fundos de caf\u00e9 pode transformar a sa\u00fade [&hellip;]<\/p>\n","protected":false},"author":9,"featured_media":29760,"comment_status":"open","ping_status":"open","sticky":false,"template":"","format":"standard","meta":{"_yoast_wpseo_focuskw":"caf\u00e9","_yoast_wpseo_title":"%%title%% %%page%%","_yoast_wpseo_metadesc":"Descubra como usar a borra de caf\u00e9 nas plantas para melhorar o solo, afastar pragas e fortalecer o cultivo sem gastar nada.","jnews-multi-image_gallery":[],"jnews_single_post":{"format":"standard"},"jnews_primary_category":[],"jnews_social_meta":[],"jnews_override_counter":[],"footnotes":""},"categories":[112,136],"tags":[4033,329,254],"class_list":["post-58725","post","type-post","status-publish","format-standard","has-post-thumbnail","hentry","category-curiosidades","category-jardinagem","tag-adubo-organico","tag-jardinagem","tag-sustentabilidade"],"yoast_head":"<!-- This site is optimized with the Yoast SEO plugin v24.6 - https:\/\/yoast.com\/wordpress\/plugins\/seo\/ -->\n<title>O que acontece quando voc\u00ea joga borra de caf\u00e9 no jardim<\/title>\n<meta name=\"description\" content=\"Descubra como usar a borra de caf\u00e9 nas plantas para melhorar o solo, afastar pragas e fortalecer o cultivo sem gastar nada.\" \/>\n<meta name=\"robots\" content=\"index, follow, max-snippet:-1, max-image-preview:large, max-video-preview:-1\" \/>\n<link rel=\"canonical\" href=\"https:\/\/www.correiobraziliense.com.br\/cbradar\/o-que-acontece-quando-voce-joga-borra-de-cafe-no-jardim\/\" \/>\n<meta property=\"og:locale\" content=\"pt_BR\" \/>\n<meta property=\"og:type\" content=\"article\" \/>\n<meta property=\"og:title\" content=\"O que acontece quando voc\u00ea joga borra de caf\u00e9 no jardim\" \/>\n<meta property=\"og:description\" content=\"Descubra como usar a borra de caf\u00e9 nas plantas para melhorar o solo, afastar pragas e fortalecer o cultivo sem gastar nada.\" \/>\n<meta property=\"og:url\" content=\"https:\/\/www.correiobraziliense.com.br\/cbradar\/o-que-acontece-quando-voce-joga-borra-de-cafe-no-jardim\/\" \/>\n<meta property=\"og:site_name\" content=\"Correio Braziliense - Radar\" \/>\n<meta property=\"article:published_time\" content=\"2025-06-25T11:43:55+00:00\" \/>\n<meta property=\"og:image\" content=\"https:\/\/www.correiobraziliense.com.br\/cbradar\/wp-content\/uploads\/2025\/04\/borra-de-cafe-horta_1745866529870.jpg\" \/>\n\t<meta property=\"og:image:width\" content=\"1280\" \/>\n\t<meta property=\"og:image:height\" content=\"720\" \/>\n\t<meta property=\"og:image:type\" content=\"image\/jpeg\" \/>\n<meta name=\"author\" content=\"Daniely Cardoso\" \/>\n<meta name=\"twitter:card\" content=\"summary_large_image\" \/>\n<meta name=\"twitter:label1\" content=\"Escrito por\" \/>\n\t<meta name=\"twitter:data1\" content=\"Daniely Cardoso\" \/>\n\t<meta name=\"twitter:label2\" content=\"Est. tempo de leitura\" \/>\n\t<meta name=\"twitter:data2\" content=\"4 minutos\" \/>\n<!-- \/ Yoast SEO plugin. -->","yoast_head_json":{"title":"O que acontece quando voc\u00ea joga borra de caf\u00e9 no jardim","description":"Descubra como usar a borra de caf\u00e9 nas plantas para melhorar o solo, afastar pragas e fortalecer o cultivo sem gastar nada.","robots":{"index":"index","follow":"follow","max-snippet":"max-snippet:-1","max-image-preview":"max-image-preview:large","max-video-preview":"max-video-preview:-1"},"canonical":"https:\/\/www.correiobraziliense.com.br\/cbradar\/o-que-acontece-quando-voce-joga-borra-de-cafe-no-jardim\/","og_locale":"pt_BR","og_type":"article","og_title":"O que acontece quando voc\u00ea joga borra de caf\u00e9 no jardim","og_description":"Descubra como usar a borra de caf\u00e9 nas plantas para melhorar o solo, afastar pragas e fortalecer o cultivo sem gastar nada.","og_url":"https:\/\/www.correiobraziliense.com.br\/cbradar\/o-que-acontece-quando-voce-joga-borra-de-cafe-no-jardim\/","og_site_name":"Correio Braziliense - Radar","article_published_time":"2025-06-25T11:43:55+00:00","og_image":[{"width":1280,"height":720,"url":"https:\/\/www.correiobraziliense.com.br\/cbradar\/wp-content\/uploads\/2025\/04\/borra-de-cafe-horta_1745866529870.jpg","type":"image\/jpeg"}],"author":"Daniely Cardoso","twitter_card":"summary_large_image","twitter_misc":{"Escrito por":"Daniely Cardoso","Est. tempo de leitura":"4 minutos"},"schema":{"@context":"https:\/\/schema.org","@graph":[{"@type":"WebPage","@id":"https:\/\/www.correiobraziliense.com.br\/cbradar\/o-que-acontece-quando-voce-joga-borra-de-cafe-no-jardim\/","url":"https:\/\/www.correiobraziliense.com.br\/cbradar\/o-que-acontece-quando-voce-joga-borra-de-cafe-no-jardim\/","name":"O que acontece quando voc\u00ea joga borra de caf\u00e9 no jardim","isPartOf":{"@id":"https:\/\/www.correiobraziliense.com.br\/cbradar\/#website"},"primaryImageOfPage":{"@id":"https:\/\/www.correiobraziliense.com.br\/cbradar\/o-que-acontece-quando-voce-joga-borra-de-cafe-no-jardim\/#primaryimage"},"image":{"@id":"https:\/\/www.correiobraziliense.com.br\/cbradar\/o-que-acontece-quando-voce-joga-borra-de-cafe-no-jardim\/#primaryimage"},"thumbnailUrl":"https:\/\/www.correiobraziliense.com.br\/cbradar\/wp-content\/uploads\/2025\/04\/borra-de-cafe-horta_1745866529870.jpg","datePublished":"2025-06-25T11:43:55+00:00","author":{"@id":"https:\/\/www.correiobraziliense.com.br\/cbradar\/#\/schema\/person\/7356666e12ec0ee53f348ee5db227032"},"description":"Descubra como usar a borra de caf\u00e9 nas plantas para melhorar o solo, afastar pragas e fortalecer o cultivo sem gastar nada.","breadcrumb":{"@id":"https:\/\/www.correiobraziliense.com.br\/cbradar\/o-que-acontece-quando-voce-joga-borra-de-cafe-no-jardim\/#breadcrumb"},"inLanguage":"pt-BR","potentialAction":[{"@type":"ReadAction","target":["https:\/\/www.correiobraziliense.com.br\/cbradar\/o-que-acontece-quando-voce-joga-borra-de-cafe-no-jardim\/"]}]},{"@type":"ImageObject","inLanguage":"pt-BR","@id":"https:\/\/www.correiobraziliense.com.br\/cbradar\/o-que-acontece-quando-voce-joga-borra-de-cafe-no-jardim\/#primaryimage","url":"https:\/\/www.correiobraziliense.com.br\/cbradar\/wp-content\/uploads\/2025\/04\/borra-de-cafe-horta_1745866529870.jpg","contentUrl":"https:\/\/www.correiobraziliense.com.br\/cbradar\/wp-content\/uploads\/2025\/04\/borra-de-cafe-horta_1745866529870.jpg","width":1280,"height":720,"caption":"Borra de caf\u00e9 - Cr\u00e9ditos: depositphotos.com \/ igorpasz"},{"@type":"BreadcrumbList","@id":"https:\/\/www.correiobraziliense.com.br\/cbradar\/o-que-acontece-quando-voce-joga-borra-de-cafe-no-jardim\/#breadcrumb","itemListElement":[{"@type":"ListItem","position":1,"name":"In\u00edcio","item":"https:\/\/www.correiobraziliense.com.br\/cbradar\/"},{"@type":"ListItem","position":2,"name":"O que acontece quando voc\u00ea joga borra de caf\u00e9 no jardim"}]},{"@type":"WebSite","@id":"https:\/\/www.correiobraziliense.com.br\/cbradar\/#website","url":"https:\/\/www.correiobraziliense.com.br\/cbradar\/","name":"Correio Braziliense - Radar","description":"Acompanhe as \u00faltimas not\u00edcias e fique bem informado sobre tudo o que acontece no Brasil e no mundo.","potentialAction":[{"@type":"SearchAction","target":{"@type":"EntryPoint","urlTemplate":"https:\/\/www.correiobraziliense.com.br\/cbradar\/?s={search_term_string}"},"query-input":{"@type":"PropertyValueSpecification","valueRequired":true,"valueName":"search_term_string"}}],"inLanguage":"pt-BR"},{"@type":"Person","@id":"https:\/\/www.correiobraziliense.com.br\/cbradar\/#\/schema\/person\/7356666e12ec0ee53f348ee5db227032","name":"Daniely Cardoso","image":{"@type":"ImageObject","inLanguage":"pt-BR","@id":"https:\/\/www.correiobraziliense.com.br\/cbradar\/#\/schema\/person\/image\/","url":"https:\/\/secure.gravatar.com\/avatar\/4b80ddbd124d1f071b626d52d62e5dff?s=96&d=mm&r=g","contentUrl":"https:\/\/secure.gravatar.com\/avatar\/4b80ddbd124d1f071b626d52d62e5dff?s=96&d=mm&r=g","caption":"Daniely Cardoso"},"description":"Redatora nos portais CB Radar e EM Foco, formada pela Universidade Federal de Goi\u00e1s, em Goi\u00e2nia. Apaixonada por comunica\u00e7\u00e3o, arte, decora\u00e7\u00e3o e tend\u00eancias, atuo na produ\u00e7\u00e3o de conte\u00fados envolventes sobre curiosidades, moda, beleza e paisagismo, sempre com um olhar atento \u00e0s novidades do momento.","sameAs":["https:\/\/www.correiobraziliense.com.br\/cbradar"],"url":"https:\/\/www.correiobraziliense.com.br\/cbradar\/author\/danielymyth\/"}]}},"_links":{"self":[{"href":"https:\/\/www.correiobraziliense.com.br\/cbradar\/wp-json\/wp\/v2\/posts\/58725","targetHints":{"allow":["GET"]}}],"collection":[{"href":"https:\/\/www.correiobraziliense.com.br\/cbradar\/wp-json\/wp\/v2\/posts"}],"about":[{"href":"https:\/\/www.correiobraziliense.com.br\/cbradar\/wp-json\/wp\/v2\/types\/post"}],"author":[{"embeddable":true,"href":"https:\/\/www.correiobraziliense.com.br\/cbradar\/wp-json\/wp\/v2\/users\/9"}],"replies":[{"embeddable":true,"href":"https:\/\/www.correiobraziliense.com.br\/cbradar\/wp-json\/wp\/v2\/comments?post=58725"}],"version-history":[{"count":2,"href":"https:\/\/www.correiobraziliense.com.br\/cbradar\/wp-json\/wp\/v2\/posts\/58725\/revisions"}],"predecessor-version":[{"id":58733,"href":"https:\/\/www.correiobraziliense.com.br\/cbradar\/wp-json\/wp\/v2\/posts\/58725\/revisions\/58733"}],"wp:featuredmedia":[{"embeddable":true,"href":"https:\/\/www.correiobraziliense.com.br\/cbradar\/wp-json\/wp\/v2\/media\/29760"}],"wp:attachment":[{"href":"https:\/\/www.correiobraziliense.com.br\/cbradar\/wp-json\/wp\/v2\/media?parent=58725"}],"wp:term":[{"taxonomy":"category","embeddable":true,"href":"https:\/\/www.correiobraziliense.com.br\/cbradar\/wp-json\/wp\/v2\/categories?post=58725"},{"taxonomy":"post_tag","embeddable":true,"href":"https:\/\/www.correiobraziliense.com.br\/cbradar\/wp-json\/wp\/v2\/tags?post=58725"}],"curies":[{"name":"wp","href":"https:\/\/api.w.org\/{rel}","templated":true}]}}