{"id":59311,"date":"2025-06-27T11:03:00","date_gmt":"2025-06-27T14:03:00","guid":{"rendered":"https:\/\/www.correiobraziliense.com.br\/cbradar\/?p=59311"},"modified":"2025-06-25T12:27:05","modified_gmt":"2025-06-25T15:27:05","slug":"a-rotina-matinal-simples-que-virou-queridinha-de-quem-acorda-bem-e-so-leva-5-minutos","status":"publish","type":"post","link":"https:\/\/www.correiobraziliense.com.br\/cbradar\/a-rotina-matinal-simples-que-virou-queridinha-de-quem-acorda-bem-e-so-leva-5-minutos\/","title":{"rendered":"A rotina matinal simples que virou queridinha de quem acorda bem e s\u00f3 leva 5 minutos"},"content":{"rendered":"\n<p>A forma como voc\u00ea come\u00e7a a sua manh\u00e3 dita o tom para o resto do seu dia. Para muitos, esse in\u00edcio \u00e9 marcado pelo som estridente do despertador e uma corrida contra o tempo, pulando da cama diretamente para a agita\u00e7\u00e3o. Isso pode deixar o corpo r\u00edgido e a mente ainda sonolenta, resultando em um dia com menos produtividade e mais cansa\u00e7o.<\/p>\n\n\n\n<p>Existe uma maneira mais gentil e eficaz de despertar: o <strong><a href=\"https:\/\/pt.wikipedia.org\/wiki\/Alongamento\" target=\"_blank\" rel=\"noreferrer noopener\">alongamento <\/a>matinal<\/strong>. Dedicar apenas 5 minutos ap\u00f3s acordar para se espregui\u00e7ar de forma consciente pode transformar completamente sua manh\u00e3. Essa pr\u00e1tica simples melhora a <strong>circula\u00e7\u00e3o sangu\u00ednea<\/strong>, alivia a rigidez noturna e envia um sinal claro para o seu c\u00e9rebro de que \u00e9 hora de come\u00e7ar o dia com mais <strong>disposi\u00e7\u00e3o<\/strong> e vitalidade.<\/p>\n\n\n\n<h2 class=\"wp-block-heading\">Por que meu corpo acorda t\u00e3o \u201ctravado\u201d e r\u00edgido?<\/h2>\n\n\n<div class=\"wp-block-image\">\n<figure class=\"aligncenter size-large\"><img decoding=\"async\" width=\"1024\" height=\"576\" src=\"https:\/\/www.correiobraziliense.com.br\/cbradar\/wp-content\/uploads\/2025\/06\/cansaco_1750701939792-1024x576.jpg\" alt=\"A rotina matinal simples que virou queridinha de quem acorda bem e s\u00f3 leva 5 minutos\" class=\"wp-image-58149\" srcset=\"https:\/\/www.correiobraziliense.com.br\/cbradar\/wp-content\/uploads\/2025\/06\/cansaco_1750701939792-1024x576.jpg 1024w, https:\/\/www.correiobraziliense.com.br\/cbradar\/wp-content\/uploads\/2025\/06\/cansaco_1750701939792-300x169.jpg 300w, https:\/\/www.correiobraziliense.com.br\/cbradar\/wp-content\/uploads\/2025\/06\/cansaco_1750701939792-768x432.jpg 768w, https:\/\/www.correiobraziliense.com.br\/cbradar\/wp-content\/uploads\/2025\/06\/cansaco_1750701939792-750x422.jpg 750w, https:\/\/www.correiobraziliense.com.br\/cbradar\/wp-content\/uploads\/2025\/06\/cansaco_1750701939792-1140x641.jpg 1140w, https:\/\/www.correiobraziliense.com.br\/cbradar\/wp-content\/uploads\/2025\/06\/cansaco_1750701939792.jpg 1280w\" sizes=\"(max-width: 1024px) 100vw, 1024px\" \/><figcaption class=\"wp-element-caption\">Cansa\u00e7o &#8211; Cr\u00e9ditos: depositphotos.com \/ HayDmitriy<\/figcaption><\/figure><\/div>\n\n\n<p>A sensa\u00e7\u00e3o de rigidez ao acordar \u00e9 uma experi\u00eancia quase universal. Durante o sono, nossos m\u00fasculos e articula\u00e7\u00f5es permanecem em repouso por longas horas, o que leva a uma diminui\u00e7\u00e3o tempor\u00e1ria do fluxo sangu\u00edneo e da lubrifica\u00e7\u00e3o nas articula\u00e7\u00f5es, especialmente na coluna.<\/p>\n\n\n\n<p>Al\u00e9m disso, a f\u00e1scia, o tecido conjuntivo que envolve nossos m\u00fasculos, pode ficar um pouco desidratada e &#8220;aderida&#8221; durante a noite. O <strong>alongamento matinal<\/strong> funciona como um espregui\u00e7ar intencional, reidratando esses tecidos, reativando a circula\u00e7\u00e3o e devolvendo a <strong>flexibilidade<\/strong> ao corpo, preparando-o para os movimentos do dia.<\/p>\n\n\n\n<h2 class=\"wp-block-heading\">Alongar antes de levantar da cama \u00e9 uma boa ideia?<\/h2>\n\n\n\n<p>Sim, \u00e9 uma excelente forma de fazer a transi\u00e7\u00e3o do sono para o estado de vig\u00edlia de maneira suave. Come\u00e7ar a se mover ainda deitado respeita o ritmo do corpo, que ainda est\u00e1 despertando. Isso evita o choque de se levantar bruscamente e enfrentar a gravidade de uma s\u00f3 vez.<\/p>\n\n\n\n<p>Realizar movimentos gentis na cama ajuda a &#8220;lubrificar&#8221; as articula\u00e7\u00f5es e a enviar sangue oxigenado para os m\u00fasculos. \u00c9 uma maneira de dizer &#8220;bom dia&#8221; para o seu corpo antes mesmo de colocar os p\u00e9s no ch\u00e3o, o que pode diminuir dores e aumentar a sensa\u00e7\u00e3o de bem-estar imediato.<\/p>\n\n\n\n<h2 class=\"wp-block-heading\">Qual a sequ\u00eancia de alongamentos ideal para despertar?<\/h2>\n\n\n\n<p>Esta rotina foi pensada para ser completa, r\u00e1pida e segura, trabalhando as principais partes do corpo que acumulam tens\u00e3o durante a noite. Lembre-se de sincronizar cada movimento com sua respira\u00e7\u00e3o, de forma lenta e controlada.<\/p>\n\n\n\n<ol start=\"1\" class=\"wp-block-list\">\n<li><strong>Espregui\u00e7ar Completo (Ainda Deitado):<\/strong> Inspire profundamente enquanto estica todo o corpo, levando os bra\u00e7os para tr\u00e1s da cabe\u00e7a e apontando os p\u00e9s para a frente, como se quisesse tocar as duas extremidades da cama. Segure por alguns segundos e relaxe ao expirar.<\/li>\n\n\n\n<li><strong>Joelhos no Peito (Ainda Deitado):<\/strong> Abrace um joelho de cada vez em dire\u00e7\u00e3o ao peito, segurando por 20 segundos. Depois, abrace ambos os joelhos juntos. Este movimento alivia a tens\u00e3o na regi\u00e3o lombar.<\/li>\n\n\n\n<li><strong>Gato-Vaca (Quatro Apoios):<\/strong> J\u00e1 fora da cama, fique na posi\u00e7\u00e3o de quatro apoios. Ao inspirar, olhe para cima e arqueie as costas para baixo. Ao expirar, curve as costas para cima como um gato, levando o queixo ao peito. Repita 5 a 8 vezes para mobilizar a coluna.<\/li>\n\n\n\n<li><strong>Alongamento da Crian\u00e7a (Quatro Apoios):<\/strong> A partir dos quatro apoios, leve o quadril para tr\u00e1s, sentando-se sobre os calcanhares e esticando os bra\u00e7os \u00e0 frente, com a testa no ch\u00e3o. Respire fundo, sentindo as costas se alongarem.<\/li>\n\n\n\n<li><strong>Eleva\u00e7\u00e3o dos Bra\u00e7os (Em P\u00e9):<\/strong> Fique em p\u00e9, entrelace os dedos e estique os bra\u00e7os para o alto, como se quisesse tocar o teto. Incline o tronco suavemente para um lado, segure por 15 segundos, e depois para o outro.<\/li>\n<\/ol>\n\n\n\n<h2 class=\"wp-block-heading\">Preciso aquecer o corpo antes de me alongar pela manh\u00e3?<\/h2>\n\n\n\n<p>Essa \u00e9 uma \u00f3tima pergunta. Como o corpo vem de um longo per\u00edodo de repouso e a temperatura corporal est\u00e1 mais baixa, o <strong>alongamento matinal<\/strong> deve ser sempre din\u00e2mico e gentil, e n\u00e3o est\u00e1tico e for\u00e7ado. O objetivo n\u00e3o \u00e9 buscar o m\u00e1ximo da sua <strong>flexibilidade<\/strong>, mas sim despertar a musculatura.<\/p>\n\n\n\n<p>Os pr\u00f3prios movimentos da sequ\u00eancia, como o Gato-Vaca, funcionam como um aquecimento, pois promovem um fluxo de movimento cont\u00ednuo. Evite segurar um alongamento no seu limite m\u00e1ximo logo ao acordar. A ideia \u00e9 mover-se suavemente, aumentando a amplitude aos poucos.<\/p>\n\n\n\n<h2 class=\"wp-block-heading\">Como a respira\u00e7\u00e3o potencializa o efeito do alongamento?<\/h2>\n\n\n\n<p>A respira\u00e7\u00e3o \u00e9 a alma do alongamento. Uma respira\u00e7\u00e3o profunda e consciente \u00e9 o que transforma um simples movimento mec\u00e2nico em uma pr\u00e1tica de corpo e mente. Ela tem um efeito direto sobre o sistema nervoso, promovendo o relaxamento e permitindo que os m\u00fasculos se soltem com mais facilidade.<\/p>\n\n\n\n<p>Tente criar um ritmo: inspire ao preparar o movimento ou ao criar espa\u00e7o no corpo (como na postura da Vaca) e expire ao aprofundar no alongamento ou ao relaxar na postura (como na postura do Gato ou da Crian\u00e7a). Essa sincronia aumenta a oxigena\u00e7\u00e3o dos tecidos e a sensa\u00e7\u00e3o de presen\u00e7a e <strong>disposi\u00e7\u00e3o<\/strong>.<\/p>\n\n\n\n<h2 class=\"wp-block-heading\">Quais cuidados devo ter para n\u00e3o me machucar?<\/h2>\n\n\n\n<p>O alongamento deve ser sempre uma sensa\u00e7\u00e3o prazerosa. Se sentir qualquer dor aguda, pontiaguda ou formigamento, pare imediatamente. Respeitar os limites do seu corpo \u00e9 a regra de ouro.<\/p>\n\n\n\n<p>O objetivo \u00e9 se sentir melhor, e n\u00e3o pior. Se voc\u00ea possui alguma condi\u00e7\u00e3o de <a href=\"https:\/\/www.correiobraziliense.com.br\/cbradar\/como-quebrar-o-ciclo-do-estresse-pode-transformar-sua-saude-e-sua-qualidade-de-vida\/\" target=\"_blank\" rel=\"noreferrer noopener\">sa\u00fade <\/a>preexistente, como h\u00e9rnia de disco ou outra les\u00e3o na coluna, \u00e9 fundamental conversar com um <strong>m\u00e9dico<\/strong> ou <strong>fisioterapeuta<\/strong> antes de iniciar qualquer nova rotina de exerc\u00edcios.<\/p>\n\n\n\n<ul class=\"wp-block-list\">\n<li><strong>Seja gentil:<\/strong> Os movimentos devem ser lentos e controlados. Sem pressa e sem trancos.<\/li>\n\n\n\n<li><strong>N\u00e3o force:<\/strong> V\u00e1 apenas at\u00e9 o ponto em que sente um alongamento confort\u00e1vel. N\u00e3o precisa doer para funcionar.<\/li>\n\n\n\n<li><strong>Ou\u00e7a seu corpo:<\/strong> Preste aten\u00e7\u00e3o aos sinais que seu corpo envia. Cada dia \u00e9 diferente.<\/li>\n\n\n\n<li><strong>Mantenha a consist\u00eancia:<\/strong> Fa\u00e7a da pr\u00e1tica um h\u00e1bito. \u00c9 a regularidade que trar\u00e1 os maiores benef\u00edcios para sua energia e <strong>flexibilidade<\/strong>.<\/li>\n\n\n\n<li><strong>Combine com hidrata\u00e7\u00e3o:<\/strong> Beba um copo de \u00e1gua ap\u00f3s se alongar para ajudar a reidratar o corpo e os m\u00fasculos.<\/li>\n<\/ul>\n","protected":false},"excerpt":{"rendered":"<p>A forma como voc\u00ea come\u00e7a a sua manh\u00e3 dita o tom para o resto do seu dia. Para muitos, esse in\u00edcio \u00e9 marcado pelo som estridente do despertador e uma corrida contra o tempo, pulando da cama diretamente para a agita\u00e7\u00e3o. Isso pode deixar o corpo r\u00edgido e a mente ainda sonolenta, resultando em um [&hellip;]<\/p>\n","protected":false},"author":11,"featured_media":13164,"comment_status":"open","ping_status":"open","sticky":false,"template":"","format":"standard","meta":{"_yoast_wpseo_focuskw":"alongamento","_yoast_wpseo_title":"","_yoast_wpseo_metadesc":"Com movimentos suaves e respira\u00e7\u00e3o consciente, este alongamento matinal ativa sua flexibilidade e desperta seu corpo com mais vitalidade.","jnews-multi-image_gallery":[],"jnews_single_post":{"format":"standard"},"jnews_primary_category":[],"jnews_social_meta":[],"jnews_override_counter":[],"footnotes":""},"categories":[119],"post_tag":[120,564,1313],"class_list":["post-59311","post","type-post","status-publish","format-standard","has-post-thumbnail","hentry","category-bem-estar","tag-bem-estar","tag-dormir","tag-sono"],"yoast_head":"<!-- This site is optimized with the Yoast SEO plugin v24.6 - https:\/\/yoast.com\/wordpress\/plugins\/seo\/ -->\n<title>A rotina matinal simples que virou queridinha de quem acorda bem e s\u00f3 leva 5 minutos - Correio Braziliense - Radar<\/title>\n<meta name=\"description\" content=\"Com movimentos suaves e respira\u00e7\u00e3o consciente, este alongamento matinal ativa sua flexibilidade e desperta seu corpo com mais vitalidade.\" \/>\n<meta name=\"robots\" content=\"index, follow, max-snippet:-1, max-image-preview:large, max-video-preview:-1\" \/>\n<link rel=\"canonical\" href=\"https:\/\/www.correiobraziliense.com.br\/cbradar\/a-rotina-matinal-simples-que-virou-queridinha-de-quem-acorda-bem-e-so-leva-5-minutos\/\" \/>\n<meta property=\"og:locale\" content=\"pt_BR\" \/>\n<meta property=\"og:type\" content=\"article\" \/>\n<meta property=\"og:title\" content=\"A rotina matinal simples que virou queridinha de quem acorda bem e s\u00f3 leva 5 minutos - Correio Braziliense - Radar\" \/>\n<meta property=\"og:description\" content=\"Com movimentos suaves e respira\u00e7\u00e3o consciente, este alongamento matinal ativa sua flexibilidade e desperta seu corpo com mais vitalidade.\" \/>\n<meta property=\"og:url\" content=\"https:\/\/www.correiobraziliense.com.br\/cbradar\/a-rotina-matinal-simples-que-virou-queridinha-de-quem-acorda-bem-e-so-leva-5-minutos\/\" \/>\n<meta property=\"og:site_name\" content=\"Correio Braziliense - Radar\" \/>\n<meta property=\"article:published_time\" content=\"2025-06-27T14:03:00+00:00\" \/>\n<meta property=\"og:image\" content=\"https:\/\/www.correiobraziliense.com.br\/cbradar\/wp-content\/uploads\/2025\/03\/dormir_1742218666855.jpg\" \/>\n\t<meta property=\"og:image:width\" content=\"1280\" \/>\n\t<meta property=\"og:image:height\" content=\"720\" \/>\n\t<meta property=\"og:image:type\" content=\"image\/jpeg\" \/>\n<meta name=\"author\" content=\"Paulo Custodio\" \/>\n<meta name=\"twitter:card\" content=\"summary_large_image\" \/>\n<meta name=\"twitter:label1\" content=\"Escrito por\" \/>\n\t<meta name=\"twitter:data1\" content=\"Paulo Custodio\" \/>\n\t<meta name=\"twitter:label2\" content=\"Est. tempo de leitura\" \/>\n\t<meta name=\"twitter:data2\" content=\"6 minutos\" \/>\n<!-- \/ Yoast SEO plugin. -->","yoast_head_json":{"title":"A rotina matinal simples que virou queridinha de quem acorda bem e s\u00f3 leva 5 minutos - Correio Braziliense - Radar","description":"Com movimentos suaves e respira\u00e7\u00e3o consciente, este alongamento matinal ativa sua flexibilidade e desperta seu corpo com mais vitalidade.","robots":{"index":"index","follow":"follow","max-snippet":"max-snippet:-1","max-image-preview":"max-image-preview:large","max-video-preview":"max-video-preview:-1"},"canonical":"https:\/\/www.correiobraziliense.com.br\/cbradar\/a-rotina-matinal-simples-que-virou-queridinha-de-quem-acorda-bem-e-so-leva-5-minutos\/","og_locale":"pt_BR","og_type":"article","og_title":"A rotina matinal simples que virou queridinha de quem acorda bem e s\u00f3 leva 5 minutos - Correio Braziliense - Radar","og_description":"Com movimentos suaves e respira\u00e7\u00e3o consciente, este alongamento matinal ativa sua flexibilidade e desperta seu corpo com mais vitalidade.","og_url":"https:\/\/www.correiobraziliense.com.br\/cbradar\/a-rotina-matinal-simples-que-virou-queridinha-de-quem-acorda-bem-e-so-leva-5-minutos\/","og_site_name":"Correio Braziliense - Radar","article_published_time":"2025-06-27T14:03:00+00:00","og_image":[{"width":1280,"height":720,"url":"https:\/\/www.correiobraziliense.com.br\/cbradar\/wp-content\/uploads\/2025\/03\/dormir_1742218666855.jpg","type":"image\/jpeg"}],"author":"Paulo Custodio","twitter_card":"summary_large_image","twitter_misc":{"Escrito por":"Paulo Custodio","Est. tempo de leitura":"6 minutos"},"schema":{"@context":"https:\/\/schema.org","@graph":[{"@type":"WebPage","@id":"https:\/\/www.correiobraziliense.com.br\/cbradar\/a-rotina-matinal-simples-que-virou-queridinha-de-quem-acorda-bem-e-so-leva-5-minutos\/","url":"https:\/\/www.correiobraziliense.com.br\/cbradar\/a-rotina-matinal-simples-que-virou-queridinha-de-quem-acorda-bem-e-so-leva-5-minutos\/","name":"A rotina matinal simples que virou queridinha de quem acorda bem e s\u00f3 leva 5 minutos - Correio Braziliense - Radar","isPartOf":{"@id":"https:\/\/www.correiobraziliense.com.br\/cbradar\/#website"},"primaryImageOfPage":{"@id":"https:\/\/www.correiobraziliense.com.br\/cbradar\/a-rotina-matinal-simples-que-virou-queridinha-de-quem-acorda-bem-e-so-leva-5-minutos\/#primaryimage"},"image":{"@id":"https:\/\/www.correiobraziliense.com.br\/cbradar\/a-rotina-matinal-simples-que-virou-queridinha-de-quem-acorda-bem-e-so-leva-5-minutos\/#primaryimage"},"thumbnailUrl":"https:\/\/www.correiobraziliense.com.br\/cbradar\/wp-content\/uploads\/2025\/03\/dormir_1742218666855.jpg","datePublished":"2025-06-27T14:03:00+00:00","author":{"@id":"https:\/\/www.correiobraziliense.com.br\/cbradar\/#\/schema\/person\/4cec7857301a9a1a2ef249893cd908d3"},"description":"Com movimentos suaves e respira\u00e7\u00e3o consciente, este alongamento matinal ativa sua flexibilidade e desperta seu corpo com mais vitalidade.","breadcrumb":{"@id":"https:\/\/www.correiobraziliense.com.br\/cbradar\/a-rotina-matinal-simples-que-virou-queridinha-de-quem-acorda-bem-e-so-leva-5-minutos\/#breadcrumb"},"inLanguage":"pt-BR","potentialAction":[{"@type":"ReadAction","target":["https:\/\/www.correiobraziliense.com.br\/cbradar\/a-rotina-matinal-simples-que-virou-queridinha-de-quem-acorda-bem-e-so-leva-5-minutos\/"]}]},{"@type":"ImageObject","inLanguage":"pt-BR","@id":"https:\/\/www.correiobraziliense.com.br\/cbradar\/a-rotina-matinal-simples-que-virou-queridinha-de-quem-acorda-bem-e-so-leva-5-minutos\/#primaryimage","url":"https:\/\/www.correiobraziliense.com.br\/cbradar\/wp-content\/uploads\/2025\/03\/dormir_1742218666855.jpg","contentUrl":"https:\/\/www.correiobraziliense.com.br\/cbradar\/wp-content\/uploads\/2025\/03\/dormir_1742218666855.jpg","width":1280,"height":720,"caption":"Mulher acordando - Cr\u00e9ditos: depositphotos.com \/ AllaSerebrina"},{"@type":"BreadcrumbList","@id":"https:\/\/www.correiobraziliense.com.br\/cbradar\/a-rotina-matinal-simples-que-virou-queridinha-de-quem-acorda-bem-e-so-leva-5-minutos\/#breadcrumb","itemListElement":[{"@type":"ListItem","position":1,"name":"In\u00edcio","item":"https:\/\/www.correiobraziliense.com.br\/cbradar\/"},{"@type":"ListItem","position":2,"name":"A rotina matinal simples que virou queridinha de quem acorda bem e s\u00f3 leva 5 minutos"}]},{"@type":"WebSite","@id":"https:\/\/www.correiobraziliense.com.br\/cbradar\/#website","url":"https:\/\/www.correiobraziliense.com.br\/cbradar\/","name":"Correio Braziliense - Radar","description":"Acompanhe as \u00faltimas not\u00edcias e fique bem informado sobre tudo o que acontece no Brasil e no mundo.","potentialAction":[{"@type":"SearchAction","target":{"@type":"EntryPoint","urlTemplate":"https:\/\/www.correiobraziliense.com.br\/cbradar\/?s={search_term_string}"},"query-input":{"@type":"PropertyValueSpecification","valueRequired":true,"valueName":"search_term_string"}}],"inLanguage":"pt-BR"},{"@type":"Person","@id":"https:\/\/www.correiobraziliense.com.br\/cbradar\/#\/schema\/person\/4cec7857301a9a1a2ef249893cd908d3","name":"Paulo Custodio","image":{"@type":"ImageObject","inLanguage":"pt-BR","@id":"https:\/\/www.correiobraziliense.com.br\/cbradar\/#\/schema\/person\/image\/","url":"https:\/\/secure.gravatar.com\/avatar\/bcd67168d1534e8fcf4f45c726a87cea?s=96&d=mm&r=g","contentUrl":"https:\/\/secure.gravatar.com\/avatar\/bcd67168d1534e8fcf4f45c726a87cea?s=96&d=mm&r=g","caption":"Paulo Custodio"},"sameAs":["https:\/\/www.correiobraziliense.com.br\/cbradar"],"url":"https:\/\/www.correiobraziliense.com.br\/cbradar\/author\/paulomyth\/"}]}},"_links":{"self":[{"href":"https:\/\/www.correiobraziliense.com.br\/cbradar\/wp-json\/wp\/v2\/posts\/59311","targetHints":{"allow":["GET"]}}],"collection":[{"href":"https:\/\/www.correiobraziliense.com.br\/cbradar\/wp-json\/wp\/v2\/posts"}],"about":[{"href":"https:\/\/www.correiobraziliense.com.br\/cbradar\/wp-json\/wp\/v2\/types\/post"}],"author":[{"embeddable":true,"href":"https:\/\/www.correiobraziliense.com.br\/cbradar\/wp-json\/wp\/v2\/users\/11"}],"replies":[{"embeddable":true,"href":"https:\/\/www.correiobraziliense.com.br\/cbradar\/wp-json\/wp\/v2\/comments?post=59311"}],"version-history":[{"count":1,"href":"https:\/\/www.correiobraziliense.com.br\/cbradar\/wp-json\/wp\/v2\/posts\/59311\/revisions"}],"predecessor-version":[{"id":59318,"href":"https:\/\/www.correiobraziliense.com.br\/cbradar\/wp-json\/wp\/v2\/posts\/59311\/revisions\/59318"}],"wp:featuredmedia":[{"embeddable":true,"href":"https:\/\/www.correiobraziliense.com.br\/cbradar\/wp-json\/wp\/v2\/media\/13164"}],"wp:attachment":[{"href":"https:\/\/www.correiobraziliense.com.br\/cbradar\/wp-json\/wp\/v2\/media?parent=59311"}],"wp:term":[{"taxonomy":"category","embeddable":true,"href":"https:\/\/www.correiobraziliense.com.br\/cbradar\/wp-json\/wp\/v2\/categories?post=59311"},{"taxonomy":"post_tag","embeddable":true,"href":"https:\/\/www.correiobraziliense.com.br\/cbradar\/wp-json\/wp\/v2\/post_tag?post=59311"}],"curies":[{"name":"wp","href":"https:\/\/api.w.org\/{rel}","templated":true}]}}