{"id":59313,"date":"2025-06-27T12:13:00","date_gmt":"2025-06-27T15:13:00","guid":{"rendered":"https:\/\/www.correiobraziliense.com.br\/cbradar\/?p=59313"},"modified":"2025-06-25T12:29:40","modified_gmt":"2025-06-25T15:29:40","slug":"voce-pode-estar-sabotando-a-absorcao-de-ferro-sem-nem-saber","status":"publish","type":"post","link":"https:\/\/www.correiobraziliense.com.br\/cbradar\/voce-pode-estar-sabotando-a-absorcao-de-ferro-sem-nem-saber\/","title":{"rendered":"Voc\u00ea pode estar sabotando a absor\u00e7\u00e3o de ferro sem nem saber"},"content":{"rendered":"\n<p>Aquele cansa\u00e7o que n\u00e3o vai embora, a falta de ar ao subir um lance de escadas ou a dificuldade de concentra\u00e7\u00e3o podem n\u00e3o ser apenas resultado de uma rotina agitada. Muitas vezes, esses s\u00e3o os primeiros sinais da defici\u00eancia de <strong>ferro<\/strong>, o mineral mais abundante em nosso corpo e um componente vital para a produ\u00e7\u00e3o de energia e o transporte de oxig\u00eanio para todas as nossas c\u00e9lulas.<\/p>\n\n\n\n<p>Garantir n\u00edveis adequados de <strong>ferro<\/strong> \u00e9 crucial para prevenir a <strong><a href=\"https:\/\/pt.wikipedia.org\/wiki\/Anemia\" target=\"_blank\" rel=\"noreferrer noopener\">anemia <\/a>ferropriva<\/strong>, a car\u00eancia nutricional mais comum em todo o mundo. A boa not\u00edcia \u00e9 que, com informa\u00e7\u00e3o de qualidade, \u00e9 poss\u00edvel obter esse mineral atrav\u00e9s de fontes naturais e, mais importante, aprender a criar combina\u00e7\u00f5es de alimentos que turbinam a sua absor\u00e7\u00e3o pelo organismo.<\/p>\n\n\n\n<h2 class=\"wp-block-heading\">Por que existe diferen\u00e7a entre o ferro da carne e o do feij\u00e3o?<\/h2>\n\n\n<div class=\"wp-block-image\">\n<figure class=\"aligncenter size-large\"><img decoding=\"async\" width=\"1024\" height=\"576\" src=\"https:\/\/www.correiobraziliense.com.br\/cbradar\/wp-content\/uploads\/2025\/04\/feijao_1744810840197-1024x576.jpg\" alt=\"Voc\u00ea pode estar sabotando a absor\u00e7\u00e3o de ferro sem nem saber \" class=\"wp-image-24264\" srcset=\"https:\/\/www.correiobraziliense.com.br\/cbradar\/wp-content\/uploads\/2025\/04\/feijao_1744810840197-1024x576.jpg 1024w, https:\/\/www.correiobraziliense.com.br\/cbradar\/wp-content\/uploads\/2025\/04\/feijao_1744810840197-300x169.jpg 300w, https:\/\/www.correiobraziliense.com.br\/cbradar\/wp-content\/uploads\/2025\/04\/feijao_1744810840197-768x432.jpg 768w, https:\/\/www.correiobraziliense.com.br\/cbradar\/wp-content\/uploads\/2025\/04\/feijao_1744810840197-750x422.jpg 750w, https:\/\/www.correiobraziliense.com.br\/cbradar\/wp-content\/uploads\/2025\/04\/feijao_1744810840197-1140x641.jpg 1140w, https:\/\/www.correiobraziliense.com.br\/cbradar\/wp-content\/uploads\/2025\/04\/feijao_1744810840197.jpg 1280w\" sizes=\"(max-width: 1024px) 100vw, 1024px\" \/><figcaption class=\"wp-element-caption\">Feij\u00e3o &#8211; Cr\u00e9ditos: depositphotos.com \/ VadimVasenin<\/figcaption><\/figure><\/div>\n\n\n<p>Sim, e essa \u00e9 a informa\u00e7\u00e3o mais importante para quem busca otimizar a ingest\u00e3o de <strong>ferro<\/strong>. Existem dois tipos de ferro nos alimentos: o <strong>ferro heme<\/strong> e o <strong>ferro n\u00e3o-heme<\/strong>. O <strong>ferro heme<\/strong> \u00e9 encontrado exclusivamente em produtos de origem animal, como carnes vermelhas, frango, peixes e v\u00edsceras (como o f\u00edgado).<\/p>\n\n\n\n<p>O <strong>ferro n\u00e3o-heme<\/strong> est\u00e1 presente nos alimentos de origem vegetal, como o feij\u00e3o, a lentilha, o gr\u00e3o-de-bico, a couve e o espinafre. A grande diferen\u00e7a entre eles est\u00e1 na forma como nosso corpo os absorve. O <strong>ferro heme<\/strong> \u00e9 altamente biodispon\u00edvel, o que significa que nosso organismo consegue absorv\u00ea-lo com muito mais facilidade, sem depender de outros fatores.<\/p>\n\n\n\n<h2 class=\"wp-block-heading\">Como o meu corpo absorve o ferro dos vegetais?<\/h2>\n\n\n\n<p>A absor\u00e7\u00e3o do <strong>ferro n\u00e3o-heme<\/strong>, presente nos vegetais, \u00e9 um processo mais complexo e influenciado por diversos fatores na mesma refei\u00e7\u00e3o. Nosso corpo tem mais dificuldade em &#8220;capturar&#8221; esse tipo de ferro, e sua taxa de absor\u00e7\u00e3o \u00e9 naturalmente mais baixa que a do ferro de origem animal.<\/p>\n\n\n\n<p>No entanto, isso n\u00e3o significa que fontes vegetais sejam inferiores. Pelo contr\u00e1rio, elas s\u00e3o a base de uma alimenta\u00e7\u00e3o <a href=\"https:\/\/www.correiobraziliense.com.br\/cbradar\/como-quebrar-o-ciclo-do-estresse-pode-transformar-sua-saude-e-sua-qualidade-de-vida\/\" target=\"_blank\" rel=\"noreferrer noopener\">saud\u00e1vel <\/a>e podem suprir as necessidades de ferro, desde que consumidas da maneira correta. A chave est\u00e1 em criar combina\u00e7\u00f5es inteligentes no prato, utilizando &#8220;potencializadores&#8221; de absor\u00e7\u00e3o.<\/p>\n\n\n\n<h2 class=\"wp-block-heading\">Que \u201ctruque\u201d nutricional pode turbinar a absor\u00e7\u00e3o de ferro?<\/h2>\n\n\n\n<p>O &#8220;truque&#8221; mais poderoso e cientificamente comprovado para aumentar a absor\u00e7\u00e3o do <strong>ferro n\u00e3o-heme<\/strong> \u00e9 consumi-lo junto com uma fonte de <strong>vitamina C<\/strong>. A <strong>vitamina C<\/strong> transforma o ferro n\u00e3o-heme em uma forma qu\u00edmica que o nosso intestino consegue absorver com muito mais efici\u00eancia, podendo aumentar sua absor\u00e7\u00e3o em at\u00e9 seis vezes.<\/p>\n\n\n\n<p>Na pr\u00e1tica, isso \u00e9 muito simples. Tempere sua salada de folhas escuras com suco de lim\u00e3o. Beba um copo de suco de laranja ou acerola junto com o almo\u00e7o que tem feij\u00e3o. Coma uma fatia de abacaxi ou um kiwi de sobremesa. Essa simples adi\u00e7\u00e3o transforma a capacidade do seu corpo de aproveitar o ferro dos vegetais.<\/p>\n\n\n\n<h2 class=\"wp-block-heading\">Quais alimentos podem \u201croubar\u201d o ferro da minha refei\u00e7\u00e3o?<\/h2>\n\n\n\n<p>Assim como existem os potencializadores, existem tamb\u00e9m os inibidores, que s\u00e3o subst\u00e2ncias que atrapalham a absor\u00e7\u00e3o do <strong>ferro n\u00e3o-heme<\/strong>. Um dos principais inibidores \u00e9 o c\u00e1lcio. Por isso, n\u00e3o \u00e9 recomendado consumir latic\u00ednios (leite, queijos, iogurtes) na mesma refei\u00e7\u00e3o que suas principais fontes de ferro, como o almo\u00e7o e o jantar.<\/p>\n\n\n\n<p>Outros inibidores s\u00e3o os fitatos, presentes em gr\u00e3os integrais e sementes, e os taninos, encontrados no caf\u00e9, em alguns ch\u00e1s (como o ch\u00e1 preto) e no vinho tinto. Isso n\u00e3o significa que voc\u00ea precise eliminar esses alimentos, mas sim evitar consumi-los imediatamente antes, durante ou logo ap\u00f3s as refei\u00e7\u00f5es ricas em ferro. Deixar o cafezinho para uma hora depois do almo\u00e7o j\u00e1 faz uma grande diferen\u00e7a.<\/p>\n\n\n\n<h2 class=\"wp-block-heading\">Quais s\u00e3o as melhores fontes naturais de cada tipo de ferro?<\/h2>\n\n\n\n<p>Para garantir uma boa ingest\u00e3o, o ideal \u00e9 variar as fontes e conhecer os alimentos mais ricos em cada tipo de ferro.<\/p>\n\n\n\n<ul class=\"wp-block-list\">\n<li><strong>Fontes de Ferro Heme (alta absor\u00e7\u00e3o):<\/strong> Carne vermelha (especialmente o f\u00edgado), carne de porco, frango, peru e peixes como atum e sardinha.<\/li>\n\n\n\n<li><strong>Fontes de Ferro N\u00e3o-Heme (absor\u00e7\u00e3o dependente):<\/strong>\n<ul class=\"wp-block-list\">\n<li><strong>Leguminosas:<\/strong> Feij\u00e3o, lentilha, gr\u00e3o-de-bico, ervilha e soja.<\/li>\n\n\n\n<li><strong>Vegetais Verde-Escuros:<\/strong> Couve, espinafre, agri\u00e3o, br\u00f3colis e salsa.<\/li>\n\n\n\n<li><strong>Sementes e Oleaginosas:<\/strong> Sementes de ab\u00f3bora e gergelim, castanha de caju e pistache.<\/li>\n\n\n\n<li><strong>Outros:<\/strong> Tofu, mela\u00e7o de cana e cereais fortificados.<\/li>\n<\/ul>\n<\/li>\n<\/ul>\n\n\n\n<h2 class=\"wp-block-heading\">Quando devo me preocupar com a falta de ferro?<\/h2>\n\n\n\n<p>A defici\u00eancia de <strong>ferro<\/strong> se instala em est\u00e1gios. No in\u00edcio, ela pode ser assintom\u00e1tica. Com o tempo, surgem sintomas como cansa\u00e7o extremo, palidez, queda de cabelo, unhas fracas e quebradi\u00e7as, falta de ar e dificuldade de concentra\u00e7\u00e3o. Se voc\u00ea apresenta esses sinais, a investiga\u00e7\u00e3o \u00e9 fundamental.<\/p>\n\n\n\n<p>A automedica\u00e7\u00e3o com suplementos de ferro nunca \u00e9 recomendada, pois o excesso do mineral no corpo pode ser t\u00f3xico. O diagn\u00f3stico da <strong>anemia ferropriva<\/strong> s\u00f3 pode ser feito por um <strong>m\u00e9dico<\/strong> atrav\u00e9s de exames de sangue. Caso a defici\u00eancia seja confirmada, ele ou um <strong>nutricionista<\/strong> ir\u00e1 indicar o melhor tratamento, que pode incluir a suplementa\u00e7\u00e3o e ajustes na dieta.<\/p>\n","protected":false},"excerpt":{"rendered":"<p>Aquele cansa\u00e7o que n\u00e3o vai embora, a falta de ar ao subir um lance de escadas ou a dificuldade de concentra\u00e7\u00e3o podem n\u00e3o ser apenas resultado de uma rotina agitada. Muitas vezes, esses s\u00e3o os primeiros sinais da defici\u00eancia de ferro, o mineral mais abundante em nosso corpo e um componente vital para a produ\u00e7\u00e3o [&hellip;]<\/p>\n","protected":false},"author":11,"featured_media":8865,"comment_status":"open","ping_status":"open","sticky":false,"template":"","format":"standard","meta":{"_yoast_wpseo_focuskw":"ferro","_yoast_wpseo_title":"","_yoast_wpseo_metadesc":"Cansa\u00e7o frequente, unhas fracas e queda de cabelo podem ser falta de ferro. Veja como se prevenir com h\u00e1bitos alimentares simples e eficazes.","jnews-multi-image_gallery":[],"jnews_single_post":{"format":"standard"},"jnews_primary_category":[],"jnews_social_meta":[],"jnews_override_counter":[],"footnotes":""},"categories":[119],"post_tag":[2201,120,1318],"class_list":["post-59313","post","type-post","status-publish","format-standard","has-post-thumbnail","hentry","category-bem-estar","tag-anemia","tag-bem-estar","tag-saude-2"],"yoast_head":"<!-- This site is optimized with the Yoast SEO plugin v24.6 - https:\/\/yoast.com\/wordpress\/plugins\/seo\/ -->\n<title>Voc\u00ea pode estar sabotando a absor\u00e7\u00e3o de ferro sem nem saber - Correio Braziliense - Radar<\/title>\n<meta name=\"description\" content=\"Cansa\u00e7o frequente, unhas fracas e queda de cabelo podem ser falta de ferro. Veja como se prevenir com h\u00e1bitos alimentares simples e eficazes.\" \/>\n<meta name=\"robots\" content=\"index, follow, max-snippet:-1, max-image-preview:large, max-video-preview:-1\" \/>\n<link rel=\"canonical\" href=\"https:\/\/www.correiobraziliense.com.br\/cbradar\/voce-pode-estar-sabotando-a-absorcao-de-ferro-sem-nem-saber\/\" \/>\n<meta property=\"og:locale\" content=\"pt_BR\" \/>\n<meta property=\"og:type\" content=\"article\" \/>\n<meta property=\"og:title\" content=\"Voc\u00ea pode estar sabotando a absor\u00e7\u00e3o de ferro sem nem saber - Correio Braziliense - Radar\" \/>\n<meta property=\"og:description\" content=\"Cansa\u00e7o frequente, unhas fracas e queda de cabelo podem ser falta de ferro. Veja como se prevenir com h\u00e1bitos alimentares simples e eficazes.\" \/>\n<meta property=\"og:url\" content=\"https:\/\/www.correiobraziliense.com.br\/cbradar\/voce-pode-estar-sabotando-a-absorcao-de-ferro-sem-nem-saber\/\" \/>\n<meta property=\"og:site_name\" content=\"Correio Braziliense - Radar\" \/>\n<meta property=\"article:published_time\" content=\"2025-06-27T15:13:00+00:00\" \/>\n<meta property=\"og:image\" content=\"https:\/\/www.correiobraziliense.com.br\/cbradar\/wp-content\/uploads\/2025\/03\/nutrientesaaaaaaaaaaaaaaaaaaaaaaa_1741093879377.jpg\" \/>\n\t<meta property=\"og:image:width\" content=\"1280\" \/>\n\t<meta property=\"og:image:height\" content=\"720\" \/>\n\t<meta property=\"og:image:type\" content=\"image\/jpeg\" \/>\n<meta name=\"author\" content=\"Paulo Custodio\" \/>\n<meta name=\"twitter:card\" content=\"summary_large_image\" \/>\n<meta name=\"twitter:label1\" content=\"Escrito por\" \/>\n\t<meta name=\"twitter:data1\" content=\"Paulo Custodio\" \/>\n\t<meta name=\"twitter:label2\" content=\"Est. tempo de leitura\" \/>\n\t<meta name=\"twitter:data2\" content=\"5 minutos\" \/>\n<!-- \/ Yoast SEO plugin. -->","yoast_head_json":{"title":"Voc\u00ea pode estar sabotando a absor\u00e7\u00e3o de ferro sem nem saber - Correio Braziliense - Radar","description":"Cansa\u00e7o frequente, unhas fracas e queda de cabelo podem ser falta de ferro. Veja como se prevenir com h\u00e1bitos alimentares simples e eficazes.","robots":{"index":"index","follow":"follow","max-snippet":"max-snippet:-1","max-image-preview":"max-image-preview:large","max-video-preview":"max-video-preview:-1"},"canonical":"https:\/\/www.correiobraziliense.com.br\/cbradar\/voce-pode-estar-sabotando-a-absorcao-de-ferro-sem-nem-saber\/","og_locale":"pt_BR","og_type":"article","og_title":"Voc\u00ea pode estar sabotando a absor\u00e7\u00e3o de ferro sem nem saber - Correio Braziliense - Radar","og_description":"Cansa\u00e7o frequente, unhas fracas e queda de cabelo podem ser falta de ferro. Veja como se prevenir com h\u00e1bitos alimentares simples e eficazes.","og_url":"https:\/\/www.correiobraziliense.com.br\/cbradar\/voce-pode-estar-sabotando-a-absorcao-de-ferro-sem-nem-saber\/","og_site_name":"Correio Braziliense - Radar","article_published_time":"2025-06-27T15:13:00+00:00","og_image":[{"width":1280,"height":720,"url":"https:\/\/www.correiobraziliense.com.br\/cbradar\/wp-content\/uploads\/2025\/03\/nutrientesaaaaaaaaaaaaaaaaaaaaaaa_1741093879377.jpg","type":"image\/jpeg"}],"author":"Paulo Custodio","twitter_card":"summary_large_image","twitter_misc":{"Escrito por":"Paulo Custodio","Est. tempo de leitura":"5 minutos"},"schema":{"@context":"https:\/\/schema.org","@graph":[{"@type":"WebPage","@id":"https:\/\/www.correiobraziliense.com.br\/cbradar\/voce-pode-estar-sabotando-a-absorcao-de-ferro-sem-nem-saber\/","url":"https:\/\/www.correiobraziliense.com.br\/cbradar\/voce-pode-estar-sabotando-a-absorcao-de-ferro-sem-nem-saber\/","name":"Voc\u00ea pode estar sabotando a absor\u00e7\u00e3o de ferro sem nem saber - Correio Braziliense - Radar","isPartOf":{"@id":"https:\/\/www.correiobraziliense.com.br\/cbradar\/#website"},"primaryImageOfPage":{"@id":"https:\/\/www.correiobraziliense.com.br\/cbradar\/voce-pode-estar-sabotando-a-absorcao-de-ferro-sem-nem-saber\/#primaryimage"},"image":{"@id":"https:\/\/www.correiobraziliense.com.br\/cbradar\/voce-pode-estar-sabotando-a-absorcao-de-ferro-sem-nem-saber\/#primaryimage"},"thumbnailUrl":"https:\/\/www.correiobraziliense.com.br\/cbradar\/wp-content\/uploads\/2025\/03\/nutrientesaaaaaaaaaaaaaaaaaaaaaaa_1741093879377.jpg","datePublished":"2025-06-27T15:13:00+00:00","author":{"@id":"https:\/\/www.correiobraziliense.com.br\/cbradar\/#\/schema\/person\/4cec7857301a9a1a2ef249893cd908d3"},"description":"Cansa\u00e7o frequente, unhas fracas e queda de cabelo podem ser falta de ferro. Veja como se prevenir com h\u00e1bitos alimentares simples e eficazes.","breadcrumb":{"@id":"https:\/\/www.correiobraziliense.com.br\/cbradar\/voce-pode-estar-sabotando-a-absorcao-de-ferro-sem-nem-saber\/#breadcrumb"},"inLanguage":"pt-BR","potentialAction":[{"@type":"ReadAction","target":["https:\/\/www.correiobraziliense.com.br\/cbradar\/voce-pode-estar-sabotando-a-absorcao-de-ferro-sem-nem-saber\/"]}]},{"@type":"ImageObject","inLanguage":"pt-BR","@id":"https:\/\/www.correiobraziliense.com.br\/cbradar\/voce-pode-estar-sabotando-a-absorcao-de-ferro-sem-nem-saber\/#primaryimage","url":"https:\/\/www.correiobraziliense.com.br\/cbradar\/wp-content\/uploads\/2025\/03\/nutrientesaaaaaaaaaaaaaaaaaaaaaaa_1741093879377.jpg","contentUrl":"https:\/\/www.correiobraziliense.com.br\/cbradar\/wp-content\/uploads\/2025\/03\/nutrientesaaaaaaaaaaaaaaaaaaaaaaa_1741093879377.jpg","width":1280,"height":720,"caption":"Alimentos - Cr\u00e9ditos: depositphotos.com \/ VadimVasenin"},{"@type":"BreadcrumbList","@id":"https:\/\/www.correiobraziliense.com.br\/cbradar\/voce-pode-estar-sabotando-a-absorcao-de-ferro-sem-nem-saber\/#breadcrumb","itemListElement":[{"@type":"ListItem","position":1,"name":"In\u00edcio","item":"https:\/\/www.correiobraziliense.com.br\/cbradar\/"},{"@type":"ListItem","position":2,"name":"Voc\u00ea pode estar sabotando a absor\u00e7\u00e3o de ferro sem nem saber"}]},{"@type":"WebSite","@id":"https:\/\/www.correiobraziliense.com.br\/cbradar\/#website","url":"https:\/\/www.correiobraziliense.com.br\/cbradar\/","name":"Correio Braziliense - Radar","description":"Acompanhe as \u00faltimas not\u00edcias e fique bem informado sobre tudo o que acontece no Brasil e no mundo.","potentialAction":[{"@type":"SearchAction","target":{"@type":"EntryPoint","urlTemplate":"https:\/\/www.correiobraziliense.com.br\/cbradar\/?s={search_term_string}"},"query-input":{"@type":"PropertyValueSpecification","valueRequired":true,"valueName":"search_term_string"}}],"inLanguage":"pt-BR"},{"@type":"Person","@id":"https:\/\/www.correiobraziliense.com.br\/cbradar\/#\/schema\/person\/4cec7857301a9a1a2ef249893cd908d3","name":"Paulo Custodio","image":{"@type":"ImageObject","inLanguage":"pt-BR","@id":"https:\/\/www.correiobraziliense.com.br\/cbradar\/#\/schema\/person\/image\/","url":"https:\/\/secure.gravatar.com\/avatar\/bcd67168d1534e8fcf4f45c726a87cea?s=96&d=mm&r=g","contentUrl":"https:\/\/secure.gravatar.com\/avatar\/bcd67168d1534e8fcf4f45c726a87cea?s=96&d=mm&r=g","caption":"Paulo Custodio"},"sameAs":["https:\/\/www.correiobraziliense.com.br\/cbradar"],"url":"https:\/\/www.correiobraziliense.com.br\/cbradar\/author\/paulomyth\/"}]}},"_links":{"self":[{"href":"https:\/\/www.correiobraziliense.com.br\/cbradar\/wp-json\/wp\/v2\/posts\/59313","targetHints":{"allow":["GET"]}}],"collection":[{"href":"https:\/\/www.correiobraziliense.com.br\/cbradar\/wp-json\/wp\/v2\/posts"}],"about":[{"href":"https:\/\/www.correiobraziliense.com.br\/cbradar\/wp-json\/wp\/v2\/types\/post"}],"author":[{"embeddable":true,"href":"https:\/\/www.correiobraziliense.com.br\/cbradar\/wp-json\/wp\/v2\/users\/11"}],"replies":[{"embeddable":true,"href":"https:\/\/www.correiobraziliense.com.br\/cbradar\/wp-json\/wp\/v2\/comments?post=59313"}],"version-history":[{"count":1,"href":"https:\/\/www.correiobraziliense.com.br\/cbradar\/wp-json\/wp\/v2\/posts\/59313\/revisions"}],"predecessor-version":[{"id":59326,"href":"https:\/\/www.correiobraziliense.com.br\/cbradar\/wp-json\/wp\/v2\/posts\/59313\/revisions\/59326"}],"wp:featuredmedia":[{"embeddable":true,"href":"https:\/\/www.correiobraziliense.com.br\/cbradar\/wp-json\/wp\/v2\/media\/8865"}],"wp:attachment":[{"href":"https:\/\/www.correiobraziliense.com.br\/cbradar\/wp-json\/wp\/v2\/media?parent=59313"}],"wp:term":[{"taxonomy":"category","embeddable":true,"href":"https:\/\/www.correiobraziliense.com.br\/cbradar\/wp-json\/wp\/v2\/categories?post=59313"},{"taxonomy":"post_tag","embeddable":true,"href":"https:\/\/www.correiobraziliense.com.br\/cbradar\/wp-json\/wp\/v2\/post_tag?post=59313"}],"curies":[{"name":"wp","href":"https:\/\/api.w.org\/{rel}","templated":true}]}}