{"id":59423,"date":"2025-06-26T08:13:00","date_gmt":"2025-06-26T11:13:00","guid":{"rendered":"https:\/\/www.correiobraziliense.com.br\/cbradar\/?p=59423"},"modified":"2025-06-25T14:47:22","modified_gmt":"2025-06-25T17:47:22","slug":"este-habito-noturno-esta-virando-prioridade-entre-os-especialistas","status":"publish","type":"post","link":"https:\/\/www.correiobraziliense.com.br\/cbradar\/este-habito-noturno-esta-virando-prioridade-entre-os-especialistas\/","title":{"rendered":"Este h\u00e1bito noturno est\u00e1 virando prioridade entre os especialistas"},"content":{"rendered":"\n<p>O sono de qualidade tem ganhado destaque entre especialistas em sa\u00fade devido ao seu papel fundamental na promo\u00e7\u00e3o da longevidade e preven\u00e7\u00e3o de doen\u00e7as. Estudos recentes apontam que priorizar o descanso noturno pode ser t\u00e3o importante quanto manter uma alimenta\u00e7\u00e3o equilibrada ou praticar exerc\u00edcios f\u00edsicos regularmente. Apesar disso, uma parcela significativa da popula\u00e7\u00e3o adulta ainda n\u00e3o atinge a quantidade m\u00ednima recomendada de horas de sono, o que pode trazer consequ\u00eancias para o bem-estar f\u00edsico e mental.<\/p>\n\n\n\n<p>Entre os h\u00e1bitos saud\u00e1veis mais discutidos atualmente, dormir bem se destaca como um dos principais fatores para uma vida longa e saud\u00e1vel. A falta de sono adequado est\u00e1 associada a riscos aumentados de doen\u00e7as cardiovasculares, dist\u00farbios metab\u00f3licos e at\u00e9 mesmo preju\u00edzos \u00e0 sa\u00fade cerebral. Portanto, <strong>entender a import\u00e2ncia do sono e como ele impacta o organismo \u00e9 essencial para quem busca qualidade de vida.<\/strong><\/p>\n\n\n\n<h2 class=\"wp-block-heading\">Por que o sono \u00e9 t\u00e3o importante para a sa\u00fade?<\/h2>\n\n\n\n<p><strong>O sono desempenha fun\u00e7\u00f5es vitais no corpo humano, indo muito al\u00e9m do simples descanso.<\/strong> Durante as horas de sono, o organismo realiza processos de repara\u00e7\u00e3o celular, consolida\u00e7\u00e3o da mem\u00f3ria e regula\u00e7\u00e3o hormonal. Al\u00e9m disso, dormir o suficiente contribui para a estabilidade emocional, melhora a capacidade de concentra\u00e7\u00e3o e fortalece o sistema imunol\u00f3gico.<\/p>\n\n\n\n<p><strong>Pesquisas indicam que o sono profundo, especialmente a fase conhecida como sono de ondas lentas, \u00e9 crucial para a manuten\u00e7\u00e3o da sa\u00fade cerebral.<\/strong> Nessa etapa, ocorre a elimina\u00e7\u00e3o de toxinas acumuladas durante o dia, al\u00e9m da reorganiza\u00e7\u00e3o das conex\u00f5es neurais. Esse processo \u00e9 fundamental para a preven\u00e7\u00e3o de doen\u00e7as neurodegenerativas, como o <strong>Alzheimer<\/strong>, e para o bom funcionamento da mem\u00f3ria.<\/p>\n\n\n\n<h2 class=\"wp-block-heading\">Qual \u00e9 a quantidade ideal de sono para adultos?<\/h2>\n\n\n\n<p><strong>A quantidade de sono necess\u00e1ria pode variar de pessoa para pessoa, mas organiza\u00e7\u00f5es internacionais recomendam que adultos entre 18 e 64 anos durmam entre sete e nove horas por noite.<\/strong> J\u00e1 para indiv\u00edduos acima de 65 anos, o ideal \u00e9 de sete a oito horas. <strong>Dormir menos do que o recomendado pode resultar em fadiga, irritabilidade e redu\u00e7\u00e3o do desempenho cognitivo.<\/strong><\/p>\n\n\n\n<p>Por outro lado, exceder muito o tempo de sono tamb\u00e9m pode estar relacionado a riscos \u00e0 sa\u00fade, como aumento da mortalidade. Sinais como sonol\u00eancia excessiva durante o dia, dificuldade de concentra\u00e7\u00e3o e altera\u00e7\u00f5es de humor podem indicar que a qualidade do sono n\u00e3o est\u00e1 adequada, mesmo que a quantidade pare\u00e7a suficiente.<\/p>\n\n\n\n<figure class=\"wp-block-image size-large\"><img decoding=\"async\" width=\"1024\" height=\"576\" src=\"https:\/\/www.correiobraziliense.com.br\/cbradar\/wp-content\/uploads\/2025\/06\/pessoa-dormindo_1750873625972-1024x576.jpg\" alt=\"Este h\u00e1bito noturno est\u00e1 virando prioridade entre os especialistas\" class=\"wp-image-59426\" srcset=\"https:\/\/www.correiobraziliense.com.br\/cbradar\/wp-content\/uploads\/2025\/06\/pessoa-dormindo_1750873625972-1024x576.jpg 1024w, https:\/\/www.correiobraziliense.com.br\/cbradar\/wp-content\/uploads\/2025\/06\/pessoa-dormindo_1750873625972-300x169.jpg 300w, https:\/\/www.correiobraziliense.com.br\/cbradar\/wp-content\/uploads\/2025\/06\/pessoa-dormindo_1750873625972-768x432.jpg 768w, https:\/\/www.correiobraziliense.com.br\/cbradar\/wp-content\/uploads\/2025\/06\/pessoa-dormindo_1750873625972-750x422.jpg 750w, https:\/\/www.correiobraziliense.com.br\/cbradar\/wp-content\/uploads\/2025\/06\/pessoa-dormindo_1750873625972-1140x641.jpg 1140w, https:\/\/www.correiobraziliense.com.br\/cbradar\/wp-content\/uploads\/2025\/06\/pessoa-dormindo_1750873625972.jpg 1280w\" sizes=\"(max-width: 1024px) 100vw, 1024px\" \/><figcaption class=\"wp-element-caption\">pessoa dormindo. Cr\u00e9ditos: depositphotos.com \/ AllaSerebrina<\/figcaption><\/figure>\n\n\n\n<h2 class=\"wp-block-heading\">Como melhorar a qualidade do sono?<\/h2>\n\n\n\n<p><strong>Adotar h\u00e1bitos que favore\u00e7am o sono pode ser decisivo para alcan\u00e7ar uma rotina mais saud\u00e1vel.<\/strong> Algumas estrat\u00e9gias simples podem ser incorporadas ao dia a dia para melhorar tanto a quantidade quanto a qualidade do descanso noturno:<\/p>\n\n\n\n<ul class=\"wp-block-list\">\n<li><strong>Estabelecer hor\u00e1rios regulares:<\/strong> Manter uma rotina de sono, indo para a cama e acordando sempre nos mesmos hor\u00e1rios, ajuda a regular o rel\u00f3gio biol\u00f3gico.<\/li>\n\n\n\n<li><strong>Exposi\u00e7\u00e3o \u00e0 luz natural:<\/strong> Tomar sol pela manh\u00e3 auxilia na regula\u00e7\u00e3o do ciclo circadiano, facilitando o adormecer \u00e0 noite.<\/li>\n\n\n\n<li><strong>Ambiente adequado:<\/strong> Um quarto escuro, silencioso e com temperatura agrad\u00e1vel favorece o relaxamento e o sono profundo.<\/li>\n\n\n\n<li><strong>Evitar estimulantes:<\/strong> Reduzir o consumo de cafe\u00edna e bebidas energ\u00e9ticas no per\u00edodo da tarde e noite pode evitar dificuldades para dormir.<\/li>\n\n\n\n<li><strong>Desconectar-se de telas:<\/strong> Diminuir o uso de dispositivos eletr\u00f4nicos antes de dormir contribui para a produ\u00e7\u00e3o de melatonina, horm\u00f4nio respons\u00e1vel pelo sono.<\/li>\n<\/ul>\n\n\n\n<h2 class=\"wp-block-heading\">Quais sinais indicam poss\u00edveis dist\u00farbios do sono?<\/h2>\n\n\n\n<p><strong>Alguns sintomas podem indicar a presen\u00e7a de dist\u00farbios do sono, como ins\u00f4nia, apneia ou movimentos involunt\u00e1rios durante a noite.<\/strong> Entre os sinais de alerta est\u00e3o:<\/p>\n\n\n\n<ol class=\"wp-block-list\">\n<li>Dificuldade frequente para adormecer ou manter o sono.<\/li>\n\n\n\n<li>Roncos intensos, pausas na respira\u00e7\u00e3o ou engasgos noturnos.<\/li>\n\n\n\n<li>Sonol\u00eancia excessiva durante o dia, mesmo ap\u00f3s uma noite aparentemente longa.<\/li>\n\n\n\n<li>Movimenta\u00e7\u00e3o involunt\u00e1ria das pernas ou bra\u00e7os durante o sono.<\/li>\n\n\n\n<li>Despertar com sensa\u00e7\u00e3o de cansa\u00e7o ou dores de cabe\u00e7a.<\/li>\n<\/ol>\n\n\n\n<p><strong>Ao identificar esses sintomas, \u00e9 recomend\u00e1vel buscar avalia\u00e7\u00e3o m\u00e9dica especializada para diagn\u00f3stico e tratamento adequados.<\/strong><\/p>\n\n\n\n<h2 class=\"wp-block-heading\">O impacto do sono na longevidade<\/h2>\n\n\n\n<p><strong>Manter uma rotina de sono regular e de qualidade pode contribuir significativamente para a preven\u00e7\u00e3o de doen\u00e7as cr\u00f4nicas e para o aumento da expectativa de vida.<\/strong> O sono adequado auxilia na regula\u00e7\u00e3o do metabolismo, na manuten\u00e7\u00e3o do peso corporal e na sa\u00fade cardiovascular. Al\u00e9m disso, favorece o equil\u00edbrio hormonal e o funcionamento pleno do sistema imunol\u00f3gico.<\/p>\n\n\n\n<p><strong>Em 2025<\/strong>, com o ritmo acelerado da vida moderna, priorizar o sono se mostra uma estrat\u00e9gia essencial para quem deseja envelhecer com sa\u00fade e disposi\u00e7\u00e3o. <strong>Adotar medidas para melhorar o descanso noturno pode ser o primeiro passo para uma vida mais longa e produtiva.<\/strong><\/p>\n","protected":false},"excerpt":{"rendered":"<p>Estudos mostram que o sono tem papel crucial na preven\u00e7\u00e3o de doen\u00e7as. Um detalhe na sua rotina pode estar sabotando sua sa\u00fade sem voc\u00ea perceber.<\/p>\n","protected":false},"author":3,"featured_media":59425,"comment_status":"open","ping_status":"open","sticky":false,"template":"","format":"standard","meta":{"jnews-multi-image_gallery":[],"jnews_single_post":{"format":"standard"},"jnews_primary_category":[],"jnews_social_meta":[],"jnews_override_counter":[],"footnotes":""},"categories":[112],"post_tag":[144,7168,565,1313],"class_list":["post-59423","post","type-post","status-publish","format-standard","has-post-thumbnail","hentry","category-curiosidades","tag-curiosidades","tag-habito-saudavel","tag-saude","tag-sono"],"yoast_head":"<!-- This site is optimized with the Yoast SEO plugin v24.6 - https:\/\/yoast.com\/wordpress\/plugins\/seo\/ -->\n<title>Este h\u00e1bito noturno est\u00e1 virando prioridade entre os especialistas<\/title>\n<meta name=\"description\" content=\"Estudos mostram que o sono tem papel crucial na preven\u00e7\u00e3o de doen\u00e7as. Um detalhe na sua rotina pode estar sabotando sua sa\u00fade sem voc\u00ea perceber.\" \/>\n<meta name=\"robots\" content=\"index, follow, max-snippet:-1, max-image-preview:large, max-video-preview:-1\" \/>\n<link rel=\"canonical\" href=\"https:\/\/www.correiobraziliense.com.br\/cbradar\/este-habito-noturno-esta-virando-prioridade-entre-os-especialistas\/\" \/>\n<meta property=\"og:locale\" content=\"pt_BR\" \/>\n<meta property=\"og:type\" content=\"article\" \/>\n<meta property=\"og:title\" content=\"Este h\u00e1bito noturno est\u00e1 virando prioridade entre os especialistas\" \/>\n<meta property=\"og:description\" content=\"Estudos mostram que o sono tem papel crucial na preven\u00e7\u00e3o de doen\u00e7as. Um detalhe na sua rotina pode estar sabotando sua sa\u00fade sem voc\u00ea perceber.\" \/>\n<meta property=\"og:url\" content=\"https:\/\/www.correiobraziliense.com.br\/cbradar\/este-habito-noturno-esta-virando-prioridade-entre-os-especialistas\/\" \/>\n<meta property=\"og:site_name\" content=\"Correio Braziliense - Radar\" \/>\n<meta property=\"article:published_time\" content=\"2025-06-26T11:13:00+00:00\" \/>\n<meta property=\"og:image\" content=\"https:\/\/www.correiobraziliense.com.br\/cbradar\/wp-content\/uploads\/2025\/06\/pessoa-dormindo_1750873604428.jpg\" \/>\n\t<meta property=\"og:image:width\" content=\"1280\" \/>\n\t<meta property=\"og:image:height\" content=\"720\" \/>\n\t<meta property=\"og:image:type\" content=\"image\/jpeg\" \/>\n<meta name=\"author\" content=\"Larissa Carvalho\" \/>\n<meta name=\"twitter:card\" content=\"summary_large_image\" \/>\n<meta name=\"twitter:label1\" content=\"Escrito por\" \/>\n\t<meta name=\"twitter:data1\" content=\"Larissa Carvalho\" \/>\n\t<meta name=\"twitter:label2\" content=\"Est. tempo de leitura\" \/>\n\t<meta name=\"twitter:data2\" content=\"5 minutos\" \/>\n<!-- \/ Yoast SEO plugin. -->","yoast_head_json":{"title":"Este h\u00e1bito noturno est\u00e1 virando prioridade entre os especialistas","description":"Estudos mostram que o sono tem papel crucial na preven\u00e7\u00e3o de doen\u00e7as. Um detalhe na sua rotina pode estar sabotando sua sa\u00fade sem voc\u00ea perceber.","robots":{"index":"index","follow":"follow","max-snippet":"max-snippet:-1","max-image-preview":"max-image-preview:large","max-video-preview":"max-video-preview:-1"},"canonical":"https:\/\/www.correiobraziliense.com.br\/cbradar\/este-habito-noturno-esta-virando-prioridade-entre-os-especialistas\/","og_locale":"pt_BR","og_type":"article","og_title":"Este h\u00e1bito noturno est\u00e1 virando prioridade entre os especialistas","og_description":"Estudos mostram que o sono tem papel crucial na preven\u00e7\u00e3o de doen\u00e7as. Um detalhe na sua rotina pode estar sabotando sua sa\u00fade sem voc\u00ea perceber.","og_url":"https:\/\/www.correiobraziliense.com.br\/cbradar\/este-habito-noturno-esta-virando-prioridade-entre-os-especialistas\/","og_site_name":"Correio Braziliense - Radar","article_published_time":"2025-06-26T11:13:00+00:00","og_image":[{"width":1280,"height":720,"url":"https:\/\/www.correiobraziliense.com.br\/cbradar\/wp-content\/uploads\/2025\/06\/pessoa-dormindo_1750873604428.jpg","type":"image\/jpeg"}],"author":"Larissa Carvalho","twitter_card":"summary_large_image","twitter_misc":{"Escrito por":"Larissa Carvalho","Est. tempo de leitura":"5 minutos"},"schema":{"@context":"https:\/\/schema.org","@graph":[{"@type":"WebPage","@id":"https:\/\/www.correiobraziliense.com.br\/cbradar\/este-habito-noturno-esta-virando-prioridade-entre-os-especialistas\/","url":"https:\/\/www.correiobraziliense.com.br\/cbradar\/este-habito-noturno-esta-virando-prioridade-entre-os-especialistas\/","name":"Este h\u00e1bito noturno est\u00e1 virando prioridade entre os especialistas","isPartOf":{"@id":"https:\/\/www.correiobraziliense.com.br\/cbradar\/#website"},"primaryImageOfPage":{"@id":"https:\/\/www.correiobraziliense.com.br\/cbradar\/este-habito-noturno-esta-virando-prioridade-entre-os-especialistas\/#primaryimage"},"image":{"@id":"https:\/\/www.correiobraziliense.com.br\/cbradar\/este-habito-noturno-esta-virando-prioridade-entre-os-especialistas\/#primaryimage"},"thumbnailUrl":"https:\/\/www.correiobraziliense.com.br\/cbradar\/wp-content\/uploads\/2025\/06\/pessoa-dormindo_1750873604428.jpg","datePublished":"2025-06-26T11:13:00+00:00","author":{"@id":"https:\/\/www.correiobraziliense.com.br\/cbradar\/#\/schema\/person\/58422787644df994b53a19d3e56c1513"},"description":"Estudos mostram que o sono tem papel crucial na preven\u00e7\u00e3o de doen\u00e7as. Um detalhe na sua rotina pode estar sabotando sua sa\u00fade sem voc\u00ea perceber.","breadcrumb":{"@id":"https:\/\/www.correiobraziliense.com.br\/cbradar\/este-habito-noturno-esta-virando-prioridade-entre-os-especialistas\/#breadcrumb"},"inLanguage":"pt-BR","potentialAction":[{"@type":"ReadAction","target":["https:\/\/www.correiobraziliense.com.br\/cbradar\/este-habito-noturno-esta-virando-prioridade-entre-os-especialistas\/"]}]},{"@type":"ImageObject","inLanguage":"pt-BR","@id":"https:\/\/www.correiobraziliense.com.br\/cbradar\/este-habito-noturno-esta-virando-prioridade-entre-os-especialistas\/#primaryimage","url":"https:\/\/www.correiobraziliense.com.br\/cbradar\/wp-content\/uploads\/2025\/06\/pessoa-dormindo_1750873604428.jpg","contentUrl":"https:\/\/www.correiobraziliense.com.br\/cbradar\/wp-content\/uploads\/2025\/06\/pessoa-dormindo_1750873604428.jpg","width":1280,"height":720,"caption":"pessoa dormindo. Cr\u00e9ditos: depositphotos.com \/ AndrewLozovyi"},{"@type":"BreadcrumbList","@id":"https:\/\/www.correiobraziliense.com.br\/cbradar\/este-habito-noturno-esta-virando-prioridade-entre-os-especialistas\/#breadcrumb","itemListElement":[{"@type":"ListItem","position":1,"name":"In\u00edcio","item":"https:\/\/www.correiobraziliense.com.br\/cbradar\/"},{"@type":"ListItem","position":2,"name":"Este h\u00e1bito noturno est\u00e1 virando prioridade entre os especialistas"}]},{"@type":"WebSite","@id":"https:\/\/www.correiobraziliense.com.br\/cbradar\/#website","url":"https:\/\/www.correiobraziliense.com.br\/cbradar\/","name":"Correio Braziliense - Radar","description":"Acompanhe as \u00faltimas not\u00edcias e fique bem informado sobre tudo o que acontece no Brasil e no mundo.","potentialAction":[{"@type":"SearchAction","target":{"@type":"EntryPoint","urlTemplate":"https:\/\/www.correiobraziliense.com.br\/cbradar\/?s={search_term_string}"},"query-input":{"@type":"PropertyValueSpecification","valueRequired":true,"valueName":"search_term_string"}}],"inLanguage":"pt-BR"},{"@type":"Person","@id":"https:\/\/www.correiobraziliense.com.br\/cbradar\/#\/schema\/person\/58422787644df994b53a19d3e56c1513","name":"Larissa Carvalho","image":{"@type":"ImageObject","inLanguage":"pt-BR","@id":"https:\/\/www.correiobraziliense.com.br\/cbradar\/#\/schema\/person\/image\/","url":"https:\/\/secure.gravatar.com\/avatar\/fe4f91a0de32b52a838d0d612abdc1aa?s=96&d=mm&r=g","contentUrl":"https:\/\/secure.gravatar.com\/avatar\/fe4f91a0de32b52a838d0d612abdc1aa?s=96&d=mm&r=g","caption":"Larissa Carvalho"},"url":"https:\/\/www.correiobraziliense.com.br\/cbradar\/author\/larissamyth\/"}]}},"_links":{"self":[{"href":"https:\/\/www.correiobraziliense.com.br\/cbradar\/wp-json\/wp\/v2\/posts\/59423","targetHints":{"allow":["GET"]}}],"collection":[{"href":"https:\/\/www.correiobraziliense.com.br\/cbradar\/wp-json\/wp\/v2\/posts"}],"about":[{"href":"https:\/\/www.correiobraziliense.com.br\/cbradar\/wp-json\/wp\/v2\/types\/post"}],"author":[{"embeddable":true,"href":"https:\/\/www.correiobraziliense.com.br\/cbradar\/wp-json\/wp\/v2\/users\/3"}],"replies":[{"embeddable":true,"href":"https:\/\/www.correiobraziliense.com.br\/cbradar\/wp-json\/wp\/v2\/comments?post=59423"}],"version-history":[{"count":2,"href":"https:\/\/www.correiobraziliense.com.br\/cbradar\/wp-json\/wp\/v2\/posts\/59423\/revisions"}],"predecessor-version":[{"id":59427,"href":"https:\/\/www.correiobraziliense.com.br\/cbradar\/wp-json\/wp\/v2\/posts\/59423\/revisions\/59427"}],"wp:featuredmedia":[{"embeddable":true,"href":"https:\/\/www.correiobraziliense.com.br\/cbradar\/wp-json\/wp\/v2\/media\/59425"}],"wp:attachment":[{"href":"https:\/\/www.correiobraziliense.com.br\/cbradar\/wp-json\/wp\/v2\/media?parent=59423"}],"wp:term":[{"taxonomy":"category","embeddable":true,"href":"https:\/\/www.correiobraziliense.com.br\/cbradar\/wp-json\/wp\/v2\/categories?post=59423"},{"taxonomy":"post_tag","embeddable":true,"href":"https:\/\/www.correiobraziliense.com.br\/cbradar\/wp-json\/wp\/v2\/post_tag?post=59423"}],"curies":[{"name":"wp","href":"https:\/\/api.w.org\/{rel}","templated":true}]}}