{"id":59490,"date":"2025-06-26T17:23:00","date_gmt":"2025-06-26T20:23:00","guid":{"rendered":"https:\/\/www.correiobraziliense.com.br\/cbradar\/?p=59490"},"modified":"2025-06-25T17:33:49","modified_gmt":"2025-06-25T20:33:49","slug":"o-jeito-mais-inteligente-de-comer-macarrao-sem-culpa-de-furar-a-dieta","status":"publish","type":"post","link":"https:\/\/www.correiobraziliense.com.br\/cbradar\/o-jeito-mais-inteligente-de-comer-macarrao-sem-culpa-de-furar-a-dieta\/","title":{"rendered":"O jeito mais inteligente de comer macarr\u00e3o sem culpa de furar a dieta"},"content":{"rendered":"\n<p>Ao pensar em dieta, muitas pessoas sentem receio de incluir a massa no card\u00e1pio, temendo que ela possa atrapalhar o emagrecimento. Esse temor \u00e9 comum, principalmente porque os carboidratos s\u00e3o frequentemente apontados como vil\u00f5es do ganho de peso. No entanto, a exclus\u00e3o total desse grupo alimentar pode trazer consequ\u00eancias negativas para a sa\u00fade e para o funcionamento do organismo.<\/p>\n\n\n\n<p>Os carboidratos, presentes principalmente em alimentos como p\u00e3o e macarr\u00e3o, s\u00e3o parte fundamental da alimenta\u00e7\u00e3o <strong>mediterr\u00e2nea<\/strong> e fornecem energia essencial para o corpo. Apesar de sua m\u00e1 reputa\u00e7\u00e3o nos \u00faltimos anos, eles desempenham um papel importante no metabolismo e na manuten\u00e7\u00e3o de fun\u00e7\u00f5es vitais. A chave est\u00e1 em saber como consumir a massa de forma equilibrada, sem prejudicar os objetivos de controle de peso.<\/p>\n\n\n\n<h2 class=\"wp-block-heading\">\u00c9 poss\u00edvel comer massa sem engordar?<\/h2>\n\n\n\n<p><strong>A rela\u00e7\u00e3o entre o consumo de massa e o aumento de peso depende de diversos fatores, como a quantidade ingerida, o tipo de massa escolhida e os acompanhamentos utilizados.<\/strong> O segredo est\u00e1 em adotar estrat\u00e9gias que permitam saborear esse alimento sem comprometer a dieta. Por exemplo, optar por massas integrais pode ser uma alternativa interessante, pois elas oferecem mais fibras e promovem maior saciedade.<\/p>\n\n\n\n<p>Al\u00e9m disso, controlar o tamanho das por\u00e7\u00f5es \u00e9 fundamental. Uma quantidade moderada de massa, inserida em uma refei\u00e7\u00e3o balanceada, dificilmente ser\u00e1 respons\u00e1vel pelo ganho de peso. O importante \u00e9 evitar excessos e buscar sempre o equil\u00edbrio entre os diferentes grupos alimentares.<\/p>\n\n\n\n<h2 class=\"wp-block-heading\">Quais s\u00e3o as melhores dicas para consumir massa durante a dieta?<\/h2>\n\n\n\n<p>Para incluir a massa no card\u00e1pio sem preocupa\u00e7\u00f5es, algumas recomenda\u00e7\u00f5es podem ser seguidas:<\/p>\n\n\n\n<ul class=\"wp-block-list\">\n<li><strong>Prefira massas integrais:<\/strong> Elas cont\u00eam mais fibras, que ajudam a controlar a glicemia e aumentam a sensa\u00e7\u00e3o de saciedade.<\/li>\n\n\n\n<li><strong>Combine com vegetais:<\/strong> Acrescentar legumes e verduras ao prato contribui para um maior aporte de nutrientes e fibras.<\/li>\n\n\n\n<li><strong>Inclua prote\u00ednas magras:<\/strong> Frango, peixe ou ovos s\u00e3o boas op\u00e7\u00f5es para tornar a refei\u00e7\u00e3o mais completa e equilibrada.<\/li>\n\n\n\n<li><strong>Evite molhos cal\u00f3ricos:<\/strong> Molhos \u00e0 base de creme de leite ou queijos gordurosos aumentam o valor cal\u00f3rico do prato.<\/li>\n\n\n\n<li><strong>Controle a quantidade:<\/strong> Uma por\u00e7\u00e3o adequada varia entre 70g e 100g de massa crua por pessoa.<\/li>\n<\/ul>\n\n\n\n<figure class=\"wp-block-image size-large\"><img decoding=\"async\" width=\"1024\" height=\"576\" src=\"https:\/\/www.correiobraziliense.com.br\/cbradar\/wp-content\/uploads\/2025\/06\/macarrao_1750883616720-1024x576.jpg\" alt=\"O jeito mais inteligente de comer macarr\u00e3o sem culpa de furar a dieta\" class=\"wp-image-59493\" srcset=\"https:\/\/www.correiobraziliense.com.br\/cbradar\/wp-content\/uploads\/2025\/06\/macarrao_1750883616720-1024x576.jpg 1024w, https:\/\/www.correiobraziliense.com.br\/cbradar\/wp-content\/uploads\/2025\/06\/macarrao_1750883616720-300x169.jpg 300w, https:\/\/www.correiobraziliense.com.br\/cbradar\/wp-content\/uploads\/2025\/06\/macarrao_1750883616720-768x432.jpg 768w, https:\/\/www.correiobraziliense.com.br\/cbradar\/wp-content\/uploads\/2025\/06\/macarrao_1750883616720-750x422.jpg 750w, https:\/\/www.correiobraziliense.com.br\/cbradar\/wp-content\/uploads\/2025\/06\/macarrao_1750883616720-1140x641.jpg 1140w, https:\/\/www.correiobraziliense.com.br\/cbradar\/wp-content\/uploads\/2025\/06\/macarrao_1750883616720.jpg 1280w\" sizes=\"(max-width: 1024px) 100vw, 1024px\" \/><figcaption class=\"wp-element-caption\">macarr\u00e3o. Cr\u00e9ditos: depositphotos.com \/ AntonMatyukha<\/figcaption><\/figure>\n\n\n\n<h2 class=\"wp-block-heading\">Como o consumo de massa pode ser ajustado para n\u00e3o prejudicar a sa\u00fade?<\/h2>\n\n\n\n<p><strong>Uma abordagem interessante \u00e9 organizar a ordem dos alimentos durante a refei\u00e7\u00e3o.<\/strong> Iniciar com uma salada de folhas ou vegetais, seguida de uma fonte de prote\u00edna e, por fim, consumir a massa, pode ajudar a controlar os n\u00edveis de glicose no sangue. Esse m\u00e9todo contribui para evitar picos glic\u00eamicos e prolonga a sensa\u00e7\u00e3o de saciedade.<\/p>\n\n\n\n<p>Outra dica relevante \u00e9 dar prefer\u00eancia a massas feitas com farinhas menos refinadas, como trigo integral, centeio ou gr\u00e3os alternativos. Esses tipos de massa s\u00e3o digeridos mais lentamente, o que auxilia no controle do apetite e no fornecimento gradual de energia ao organismo.<\/p>\n\n\n\n<h2 class=\"wp-block-heading\">O que considerar ao incluir massa em uma alimenta\u00e7\u00e3o equilibrada?<\/h2>\n\n\n\n<p><strong>Ao montar um prato de massa, \u00e9 importante observar n\u00e3o apenas o tipo e a quantidade, mas tamb\u00e9m os acompanhamentos.<\/strong> Montar refei\u00e7\u00f5es coloridas, com variedade de vegetais e prote\u00ednas, favorece o equil\u00edbrio nutricional. Al\u00e9m disso, manter uma rotina alimentar regular e praticar atividades f\u00edsicas s\u00e3o fatores que potencializam os resultados desejados.<\/p>\n\n\n\n<p>Portanto, a massa pode fazer parte de uma dieta saud\u00e1vel, desde que consumida com aten\u00e7\u00e3o \u00e0s por\u00e7\u00f5es e combinada com outros alimentos nutritivos. A modera\u00e7\u00e3o e a escolha de ingredientes adequados s\u00e3o aliados para quem deseja manter o peso e cuidar da sa\u00fade sem abrir m\u00e3o desse tradicional alimento.<\/p>\n","protected":false},"excerpt":{"rendered":"<p>Saiba como incluir massas na dieta de forma saud\u00e1vel e sem ganhar peso. Veja as dicas que nutricionistas recomendam.<\/p>\n","protected":false},"author":3,"featured_media":59492,"comment_status":"open","ping_status":"open","sticky":false,"template":"","format":"standard","meta":{"jnews-multi-image_gallery":[],"jnews_single_post":{"format":"standard"},"jnews_primary_category":[],"jnews_social_meta":[],"jnews_override_counter":[],"footnotes":""},"categories":[112],"post_tag":[281,1423,144],"class_list":["post-59490","post","type-post","status-publish","format-standard","has-post-thumbnail","hentry","category-curiosidades","tag-alimentacao","tag-alimentos","tag-curiosidades"],"yoast_head":"<!-- This site is optimized with the Yoast SEO plugin v24.6 - https:\/\/yoast.com\/wordpress\/plugins\/seo\/ -->\n<title>O jeito mais inteligente de comer macarr\u00e3o sem culpa de furar a dieta<\/title>\n<meta name=\"description\" content=\"Saiba como incluir massas na dieta de forma saud\u00e1vel e sem ganhar peso. Veja as dicas que nutricionistas recomendam.\" \/>\n<meta name=\"robots\" content=\"index, follow, max-snippet:-1, max-image-preview:large, max-video-preview:-1\" \/>\n<link rel=\"canonical\" href=\"https:\/\/www.correiobraziliense.com.br\/cbradar\/o-jeito-mais-inteligente-de-comer-macarrao-sem-culpa-de-furar-a-dieta\/\" \/>\n<meta property=\"og:locale\" content=\"pt_BR\" \/>\n<meta property=\"og:type\" content=\"article\" \/>\n<meta property=\"og:title\" content=\"O jeito mais inteligente de comer macarr\u00e3o sem culpa de furar a dieta\" \/>\n<meta property=\"og:description\" content=\"Saiba como incluir massas na dieta de forma saud\u00e1vel e sem ganhar peso. Veja as dicas que nutricionistas recomendam.\" \/>\n<meta property=\"og:url\" content=\"https:\/\/www.correiobraziliense.com.br\/cbradar\/o-jeito-mais-inteligente-de-comer-macarrao-sem-culpa-de-furar-a-dieta\/\" \/>\n<meta property=\"og:site_name\" content=\"Correio Braziliense - Radar\" \/>\n<meta property=\"article:published_time\" content=\"2025-06-26T20:23:00+00:00\" \/>\n<meta property=\"og:image\" content=\"https:\/\/www.correiobraziliense.com.br\/cbradar\/wp-content\/uploads\/2025\/06\/macarrao_1750883564915.jpg\" \/>\n\t<meta property=\"og:image:width\" content=\"1280\" \/>\n\t<meta property=\"og:image:height\" content=\"720\" \/>\n\t<meta property=\"og:image:type\" content=\"image\/jpeg\" \/>\n<meta name=\"author\" content=\"Larissa Carvalho\" \/>\n<meta name=\"twitter:card\" content=\"summary_large_image\" \/>\n<meta name=\"twitter:label1\" content=\"Escrito por\" \/>\n\t<meta name=\"twitter:data1\" content=\"Larissa Carvalho\" \/>\n\t<meta name=\"twitter:label2\" content=\"Est. tempo de leitura\" \/>\n\t<meta name=\"twitter:data2\" content=\"4 minutos\" \/>\n<!-- \/ Yoast SEO plugin. -->","yoast_head_json":{"title":"O jeito mais inteligente de comer macarr\u00e3o sem culpa de furar a dieta","description":"Saiba como incluir massas na dieta de forma saud\u00e1vel e sem ganhar peso. Veja as dicas que nutricionistas recomendam.","robots":{"index":"index","follow":"follow","max-snippet":"max-snippet:-1","max-image-preview":"max-image-preview:large","max-video-preview":"max-video-preview:-1"},"canonical":"https:\/\/www.correiobraziliense.com.br\/cbradar\/o-jeito-mais-inteligente-de-comer-macarrao-sem-culpa-de-furar-a-dieta\/","og_locale":"pt_BR","og_type":"article","og_title":"O jeito mais inteligente de comer macarr\u00e3o sem culpa de furar a dieta","og_description":"Saiba como incluir massas na dieta de forma saud\u00e1vel e sem ganhar peso. Veja as dicas que nutricionistas recomendam.","og_url":"https:\/\/www.correiobraziliense.com.br\/cbradar\/o-jeito-mais-inteligente-de-comer-macarrao-sem-culpa-de-furar-a-dieta\/","og_site_name":"Correio Braziliense - Radar","article_published_time":"2025-06-26T20:23:00+00:00","og_image":[{"width":1280,"height":720,"url":"https:\/\/www.correiobraziliense.com.br\/cbradar\/wp-content\/uploads\/2025\/06\/macarrao_1750883564915.jpg","type":"image\/jpeg"}],"author":"Larissa Carvalho","twitter_card":"summary_large_image","twitter_misc":{"Escrito por":"Larissa Carvalho","Est. tempo de leitura":"4 minutos"},"schema":{"@context":"https:\/\/schema.org","@graph":[{"@type":"WebPage","@id":"https:\/\/www.correiobraziliense.com.br\/cbradar\/o-jeito-mais-inteligente-de-comer-macarrao-sem-culpa-de-furar-a-dieta\/","url":"https:\/\/www.correiobraziliense.com.br\/cbradar\/o-jeito-mais-inteligente-de-comer-macarrao-sem-culpa-de-furar-a-dieta\/","name":"O jeito mais inteligente de comer macarr\u00e3o sem culpa de furar a dieta","isPartOf":{"@id":"https:\/\/www.correiobraziliense.com.br\/cbradar\/#website"},"primaryImageOfPage":{"@id":"https:\/\/www.correiobraziliense.com.br\/cbradar\/o-jeito-mais-inteligente-de-comer-macarrao-sem-culpa-de-furar-a-dieta\/#primaryimage"},"image":{"@id":"https:\/\/www.correiobraziliense.com.br\/cbradar\/o-jeito-mais-inteligente-de-comer-macarrao-sem-culpa-de-furar-a-dieta\/#primaryimage"},"thumbnailUrl":"https:\/\/www.correiobraziliense.com.br\/cbradar\/wp-content\/uploads\/2025\/06\/macarrao_1750883564915.jpg","datePublished":"2025-06-26T20:23:00+00:00","author":{"@id":"https:\/\/www.correiobraziliense.com.br\/cbradar\/#\/schema\/person\/58422787644df994b53a19d3e56c1513"},"description":"Saiba como incluir massas na dieta de forma saud\u00e1vel e sem ganhar peso. Veja as dicas que nutricionistas recomendam.","breadcrumb":{"@id":"https:\/\/www.correiobraziliense.com.br\/cbradar\/o-jeito-mais-inteligente-de-comer-macarrao-sem-culpa-de-furar-a-dieta\/#breadcrumb"},"inLanguage":"pt-BR","potentialAction":[{"@type":"ReadAction","target":["https:\/\/www.correiobraziliense.com.br\/cbradar\/o-jeito-mais-inteligente-de-comer-macarrao-sem-culpa-de-furar-a-dieta\/"]}]},{"@type":"ImageObject","inLanguage":"pt-BR","@id":"https:\/\/www.correiobraziliense.com.br\/cbradar\/o-jeito-mais-inteligente-de-comer-macarrao-sem-culpa-de-furar-a-dieta\/#primaryimage","url":"https:\/\/www.correiobraziliense.com.br\/cbradar\/wp-content\/uploads\/2025\/06\/macarrao_1750883564915.jpg","contentUrl":"https:\/\/www.correiobraziliense.com.br\/cbradar\/wp-content\/uploads\/2025\/06\/macarrao_1750883564915.jpg","width":1280,"height":720,"caption":"macarr\u00e3o. Cr\u00e9ditos: depositphotos.com \/ kwasny222"},{"@type":"BreadcrumbList","@id":"https:\/\/www.correiobraziliense.com.br\/cbradar\/o-jeito-mais-inteligente-de-comer-macarrao-sem-culpa-de-furar-a-dieta\/#breadcrumb","itemListElement":[{"@type":"ListItem","position":1,"name":"In\u00edcio","item":"https:\/\/www.correiobraziliense.com.br\/cbradar\/"},{"@type":"ListItem","position":2,"name":"O jeito mais inteligente de comer macarr\u00e3o sem culpa de furar a dieta"}]},{"@type":"WebSite","@id":"https:\/\/www.correiobraziliense.com.br\/cbradar\/#website","url":"https:\/\/www.correiobraziliense.com.br\/cbradar\/","name":"Correio Braziliense - Radar","description":"Acompanhe as \u00faltimas not\u00edcias e fique bem informado sobre tudo o que acontece no Brasil e no mundo.","potentialAction":[{"@type":"SearchAction","target":{"@type":"EntryPoint","urlTemplate":"https:\/\/www.correiobraziliense.com.br\/cbradar\/?s={search_term_string}"},"query-input":{"@type":"PropertyValueSpecification","valueRequired":true,"valueName":"search_term_string"}}],"inLanguage":"pt-BR"},{"@type":"Person","@id":"https:\/\/www.correiobraziliense.com.br\/cbradar\/#\/schema\/person\/58422787644df994b53a19d3e56c1513","name":"Larissa Carvalho","image":{"@type":"ImageObject","inLanguage":"pt-BR","@id":"https:\/\/www.correiobraziliense.com.br\/cbradar\/#\/schema\/person\/image\/","url":"https:\/\/secure.gravatar.com\/avatar\/fe4f91a0de32b52a838d0d612abdc1aa?s=96&d=mm&r=g","contentUrl":"https:\/\/secure.gravatar.com\/avatar\/fe4f91a0de32b52a838d0d612abdc1aa?s=96&d=mm&r=g","caption":"Larissa Carvalho"},"url":"https:\/\/www.correiobraziliense.com.br\/cbradar\/author\/larissamyth\/"}]}},"_links":{"self":[{"href":"https:\/\/www.correiobraziliense.com.br\/cbradar\/wp-json\/wp\/v2\/posts\/59490","targetHints":{"allow":["GET"]}}],"collection":[{"href":"https:\/\/www.correiobraziliense.com.br\/cbradar\/wp-json\/wp\/v2\/posts"}],"about":[{"href":"https:\/\/www.correiobraziliense.com.br\/cbradar\/wp-json\/wp\/v2\/types\/post"}],"author":[{"embeddable":true,"href":"https:\/\/www.correiobraziliense.com.br\/cbradar\/wp-json\/wp\/v2\/users\/3"}],"replies":[{"embeddable":true,"href":"https:\/\/www.correiobraziliense.com.br\/cbradar\/wp-json\/wp\/v2\/comments?post=59490"}],"version-history":[{"count":2,"href":"https:\/\/www.correiobraziliense.com.br\/cbradar\/wp-json\/wp\/v2\/posts\/59490\/revisions"}],"predecessor-version":[{"id":59494,"href":"https:\/\/www.correiobraziliense.com.br\/cbradar\/wp-json\/wp\/v2\/posts\/59490\/revisions\/59494"}],"wp:featuredmedia":[{"embeddable":true,"href":"https:\/\/www.correiobraziliense.com.br\/cbradar\/wp-json\/wp\/v2\/media\/59492"}],"wp:attachment":[{"href":"https:\/\/www.correiobraziliense.com.br\/cbradar\/wp-json\/wp\/v2\/media?parent=59490"}],"wp:term":[{"taxonomy":"category","embeddable":true,"href":"https:\/\/www.correiobraziliense.com.br\/cbradar\/wp-json\/wp\/v2\/categories?post=59490"},{"taxonomy":"post_tag","embeddable":true,"href":"https:\/\/www.correiobraziliense.com.br\/cbradar\/wp-json\/wp\/v2\/post_tag?post=59490"}],"curies":[{"name":"wp","href":"https:\/\/api.w.org\/{rel}","templated":true}]}}