{"id":59532,"date":"2025-06-27T11:43:00","date_gmt":"2025-06-27T14:43:00","guid":{"rendered":"https:\/\/www.correiobraziliense.com.br\/cbradar\/?p=59532"},"modified":"2025-06-25T23:24:10","modified_gmt":"2025-06-26T02:24:10","slug":"cidade-historica-que-ficou-famosa-por-programa-de-tv-antigo","status":"publish","type":"post","link":"https:\/\/www.correiobraziliense.com.br\/cbradar\/cidade-historica-que-ficou-famosa-por-programa-de-tv-antigo\/","title":{"rendered":"Cidade hist\u00f3rica que ficou famosa por programa de TV antigo"},"content":{"rendered":"\n<p><strong><a href=\"https:\/\/itu.sp.gov.br\/\" target=\"_blank\" rel=\"noreferrer noopener\">Itu<\/a><\/strong> est\u00e1 localizada no interior do estado de <strong><a href=\"https:\/\/www.correiobraziliense.com.br\/cbradar\/essa-cidade-no-interior-de-sao-paulo-vai-te-surpreender-com-tantas-oportunidades\/\" target=\"_blank\" rel=\"noreferrer noopener\">S\u00e3o Paulo<\/a><\/strong>, a aproximadamente 100 quil\u00f4metros da capital paulista. Conhecida mundialmente como a \u201c<strong>Cidade dos Exageros<\/strong>\u201d ou \u201c<strong>Cidade do Exagero<\/strong>\u201d, <strong>itu<\/strong> conquistou fama nacional atrav\u00e9s do humor do programa <strong>Pra\u00e7a TV<\/strong> e mant\u00e9m essa tradi\u00e7\u00e3o com objetos gigantes espalhados pela cidade. Com mais de 400 anos de hist\u00f3ria, a <strong>Est\u00e2ncia Tur\u00edstica de Itu<\/strong> \u00e9 considerada o \u201c<strong>Ber\u00e7o da Rep\u00fablica<\/strong>\u201d brasileira e oferece uma combina\u00e7\u00e3o \u00fanica entre patrim\u00f4nio hist\u00f3rico, cultura e divers\u00e3o familiar.<\/p>\n\n\n\n<h2 class=\"wp-block-heading\">Qual \u00e9 a melhor \u00e9poca para ir para Itu?<\/h2>\n\n\n\n<p><strong>Itu<\/strong> possui clima tropical de altitude com temperaturas agrad\u00e1veis durante todo o ano, sendo poss\u00edvel visit\u00e1-la em qualquer \u00e9poca. O m\u00eas mais quente \u00e9 janeiro, com temperatura m\u00e9dia de 22\u00b0C, enquanto julho \u00e9 o m\u00eas mais frio, com m\u00e9dia de 16\u00b0C, caracterizando um clima ameno e confort\u00e1vel para turismo o ano todo.<\/p>\n\n\n\n<p>A cidade n\u00e3o possui esta\u00e7\u00e3o seca ou chuvosa muito marcante, o que torna qualquer per\u00edodo adequado para o turismo. Os finais de semana e feriados tendem a ser mais movimentados, especialmente nos meses de f\u00e9rias escolares (dezembro a fevereiro e julho), quando as atra\u00e7\u00f5es familiares recebem maior n\u00famero de visitantes, proporcionando uma atmosfera mais animada e festiva.<\/p>\n\n\n<div class=\"wp-block-image\">\n<figure class=\"aligncenter size-large\"><img decoding=\"async\" width=\"1024\" height=\"576\" src=\"https:\/\/www.correiobraziliense.com.br\/cbradar\/wp-content\/uploads\/2025\/06\/Edicoes-24-2-1024x576.png\" alt=\"\" class=\"wp-image-59631\" srcset=\"https:\/\/www.correiobraziliense.com.br\/cbradar\/wp-content\/uploads\/2025\/06\/Edicoes-24-2-1024x576.png 1024w, https:\/\/www.correiobraziliense.com.br\/cbradar\/wp-content\/uploads\/2025\/06\/Edicoes-24-2-300x169.png 300w, https:\/\/www.correiobraziliense.com.br\/cbradar\/wp-content\/uploads\/2025\/06\/Edicoes-24-2-768x432.png 768w, https:\/\/www.correiobraziliense.com.br\/cbradar\/wp-content\/uploads\/2025\/06\/Edicoes-24-2-750x422.png 750w, https:\/\/www.correiobraziliense.com.br\/cbradar\/wp-content\/uploads\/2025\/06\/Edicoes-24-2-1140x641.png 1140w, https:\/\/www.correiobraziliense.com.br\/cbradar\/wp-content\/uploads\/2025\/06\/Edicoes-24-2.png 1280w\" sizes=\"(max-width: 1024px) 100vw, 1024px\" \/><figcaption class=\"wp-element-caption\">Itu, S\u00e3o Paulo \/\/ Reprodu\u00e7\u00e3o: Wikimedia Commons<\/figcaption><\/figure><\/div>\n\n\n<h2 class=\"wp-block-heading\">O que devo saber antes de ir a Itu?<\/h2>\n\n\n\n<p><strong>Itu<\/strong> \u00e9 uma cidade com rica heran\u00e7a hist\u00f3rica que remonta ao s\u00e9culo XVII, sendo fundamental conhecer um pouco sobre sua import\u00e2ncia na hist\u00f3ria do <strong>Brasil<\/strong> como <strong>Ber\u00e7o da Rep\u00fablica<\/strong>. A cidade preserva um centro hist\u00f3rico com constru\u00e7\u00f5es coloniais aut\u00eanticas, casar\u00f5es hist\u00f3ricos que abrigam museus e espa\u00e7os culturais que contam a hist\u00f3ria nacional.<\/p>\n\n\n\n<p>\u00c9 importante saber que a fama de &#8220;<strong>Cidade dos Exageros<\/strong>&#8221; surgiu atrav\u00e9s do programa humor\u00edstico <strong>Pra\u00e7a TV<\/strong> da d\u00e9cada de 1980, e hoje a cidade mant\u00e9m essa tradi\u00e7\u00e3o com objetos gigantes espalhados por diversos pontos tur\u00edsticos. <strong>Itu<\/strong> possui excelente infraestrutura tur\u00edstica, com estacionamentos gratuitos na maioria das atra\u00e7\u00f5es, restaurantes variados e f\u00e1cil acesso para pessoas com mobilidade reduzida em grande parte dos pontos tur\u00edsticos.<\/p>\n\n\n\n<h2 class=\"wp-block-heading\">O que fazer em Itu?<\/h2>\n\n\n\n<p><strong>Itu<\/strong> oferece atra\u00e7\u00f5es diversificadas que combinam hist\u00f3ria, cultura, natureza e divers\u00e3o para toda a fam\u00edlia. O <strong>Centro Hist\u00f3rico<\/strong> preserva constru\u00e7\u00f5es do s\u00e9culo XVII e convida para uma verdadeira viagem no tempo, enquanto a <strong>Pra\u00e7a dos Exageros<\/strong> re\u00fane os famosos objetos gigantes que tornaram a cidade conhecida nacionalmente.<\/p>\n\n\n\n<p>As principais atra\u00e7\u00f5es incluem o <strong>Museu Republicano<\/strong> com entrada gratuita e rico acervo hist\u00f3rico brasileiro, a <strong>Igreja do Bom Jesus<\/strong> e <strong>Matriz do Carmo<\/strong> que representam a arquitetura colonial, o <strong>Parque Varvito<\/strong> com forma\u00e7\u00f5es geol\u00f3gicas \u00fanicas de 280 milh\u00f5es de anos, a <strong>Fazenda do Chocolate<\/strong> para experi\u00eancias gastron\u00f4micas, o <strong>Memorial Tiet\u00ea<\/strong> com passeios culturais e educativos, o <strong>Parque de Lavras<\/strong> e <strong>Rocha Moutonn\u00e9e<\/strong> para contato com a natureza, e o <strong>Mirante da Ponte Estaiada<\/strong> oferecendo vista panor\u00e2mica da cidade.<\/p>\n\n\n\n<h2 class=\"wp-block-heading\">\u00c9 muito caro ir para Itu?<\/h2>\n\n\n\n<p><strong>Itu<\/strong> \u00e9 um destino tur\u00edstico acess\u00edvel com excelente custo-benef\u00edcio, oferecendo muitas atra\u00e7\u00f5es gratuitas ou com pre\u00e7os populares. O <strong>Museu Republicano<\/strong>, principal atra\u00e7\u00e3o hist\u00f3rica da cidade, possui entrada gratuita, assim como a visita\u00e7\u00e3o ao <strong>Centro Hist\u00f3rico<\/strong>, <strong>Pra\u00e7a dos Exageros<\/strong> e diversos parques p\u00fablicos.<\/p>\n\n\n\n<p>Os custos de hospedagem s\u00e3o variados, com op\u00e7\u00f5es desde pousadas econ\u00f4micas at\u00e9 fazendas-hot\u00e9is mais sofisticadas, atendendo diferentes or\u00e7amentos. A alimenta\u00e7\u00e3o tamb\u00e9m oferece op\u00e7\u00f5es para todos os bolsos, desde lanchonetes e restaurantes populares at\u00e9 estabelecimentos mais requintados. O transporte dentro da cidade \u00e9 barato, e muitas atra\u00e7\u00f5es ficam pr\u00f3ximas entre si, permitindo conhecer v\u00e1rios pontos tur\u00edsticos caminhando.<\/p>\n\n\n\n<h2 class=\"wp-block-heading\">Vale a pena visitar Itu?<\/h2>\n\n\n\n<p><strong>Itu<\/strong> \u00e9 um destino tur\u00edstico completo que oferece experi\u00eancias \u00fanicas para visitantes de todas as idades, combinando hist\u00f3ria, cultura, divers\u00e3o e natureza em um ambiente acolhedor e bem estruturado. A cidade surpreende pela qualidade de suas atra\u00e7\u00f5es, preserva\u00e7\u00e3o do patrim\u00f4nio hist\u00f3rico e hospitalidade dos moradores, proporcionando uma visita enriquecedora e memor\u00e1vel.<\/p>\n\n\n\n<p>A proximidade com a capital <strong>S\u00e3o Paulo<\/strong> e outras cidades tur\u00edsticas da regi\u00e3o torna <strong>Itu<\/strong> uma excelente op\u00e7\u00e3o para viagens de fim de semana ou feriados prolongados. A combina\u00e7\u00e3o entre o charme hist\u00f3rico do <strong>Ber\u00e7o da Rep\u00fablica<\/strong>, a divers\u00e3o dos objetos gigantes e a tranquilidade do interior paulista fazem de <strong>Itu<\/strong> um destino que vale muito a pena conhecer e que deixa saudades nos visitantes.<\/p>\n\n\n\n<h2 class=\"wp-block-heading\">Como chegar em Itu?<\/h2>\n\n\n\n<p><strong>Itu<\/strong> possui localiza\u00e7\u00e3o estrat\u00e9gica no interior paulista, sendo facilmente acess\u00edvel por diferentes meios de transporte. A cidade fica a aproximadamente 100 quil\u00f4metros de <strong>S\u00e3o Paulo<\/strong>, com acesso principal pela <strong>Rodovia Castelo Branco<\/strong> (SP-280) e <strong>Rodovia Santos Dumont<\/strong> (SP-075), oferecendo viagem confort\u00e1vel de aproximadamente 1h30 de carro.<\/p>\n\n\n\n<p>Para quem utiliza transporte p\u00fablico, <strong>Itu<\/strong> \u00e9 servida por linhas regulares de \u00f4nibus que partem do <strong>Terminal Rodovi\u00e1rio Barra Funda<\/strong> em <strong>S\u00e3o Paulo<\/strong> e outras cidades da regi\u00e3o. O aeroporto mais pr\u00f3ximo \u00e9 o <strong>Aeroporto Internacional de Viracopos<\/strong> em <strong>Campinas<\/strong>, localizado a cerca de 40 quil\u00f4metros de dist\u00e2ncia. A cidade tamb\u00e9m possui acesso ferrovi\u00e1rio atrav\u00e9s da antiga <strong>Estrada de Ferro Sorocabana<\/strong>, hoje utilizada para turismo hist\u00f3rico em determinadas \u00e9pocas do ano.<\/p>\n","protected":false},"excerpt":{"rendered":"<p>Itu est\u00e1 localizada no interior do estado de S\u00e3o Paulo, a aproximadamente 100 quil\u00f4metros da capital paulista. Conhecida mundialmente como a \u201cCidade dos Exageros\u201d ou \u201cCidade do Exagero\u201d, itu conquistou fama nacional atrav\u00e9s do humor do programa Pra\u00e7a TV e mant\u00e9m essa tradi\u00e7\u00e3o com objetos gigantes espalhados pela cidade. Com mais de 400 anos de [&hellip;]<\/p>\n","protected":false},"author":8,"featured_media":59632,"comment_status":"open","ping_status":"open","sticky":false,"template":"","format":"standard","meta":{"_yoast_wpseo_focuskw":"Cidade","_yoast_wpseo_title":"","_yoast_wpseo_metadesc":"Essa cidade hist\u00f3rica brasileira ficou famosa por um programa cl\u00e1ssico da TV. Descubra qual \u00e9 e por que ela continua encantando gera\u00e7\u00f5es.","jnews-multi-image_gallery":[],"jnews_single_post":{"format":"standard"},"jnews_primary_category":[],"jnews_social_meta":[],"jnews_override_counter":[],"footnotes":""},"categories":[108,111],"post_tag":[7194,278],"class_list":["post-59532","post","type-post","status-publish","format-standard","has-post-thumbnail","hentry","category-cidades","category-turismo","tag-itu","tag-sao-paulo"],"yoast_head":"<!-- This site is optimized with the Yoast SEO plugin v24.6 - https:\/\/yoast.com\/wordpress\/plugins\/seo\/ -->\n<title>Cidade hist\u00f3rica que ficou famosa por programa de TV antigo - Correio Braziliense - Radar<\/title>\n<meta name=\"description\" content=\"Essa cidade hist\u00f3rica brasileira ficou famosa por um programa cl\u00e1ssico da TV. Descubra qual \u00e9 e por que ela continua encantando gera\u00e7\u00f5es.\" \/>\n<meta name=\"robots\" content=\"index, follow, max-snippet:-1, max-image-preview:large, max-video-preview:-1\" \/>\n<link rel=\"canonical\" href=\"https:\/\/www.correiobraziliense.com.br\/cbradar\/cidade-historica-que-ficou-famosa-por-programa-de-tv-antigo\/\" \/>\n<meta property=\"og:locale\" content=\"pt_BR\" \/>\n<meta property=\"og:type\" content=\"article\" \/>\n<meta property=\"og:title\" content=\"Cidade hist\u00f3rica que ficou famosa por programa de TV antigo - Correio Braziliense - Radar\" \/>\n<meta property=\"og:description\" content=\"Essa cidade hist\u00f3rica brasileira ficou famosa por um programa cl\u00e1ssico da TV. Descubra qual \u00e9 e por que ela continua encantando gera\u00e7\u00f5es.\" \/>\n<meta property=\"og:url\" content=\"https:\/\/www.correiobraziliense.com.br\/cbradar\/cidade-historica-que-ficou-famosa-por-programa-de-tv-antigo\/\" \/>\n<meta property=\"og:site_name\" content=\"Correio Braziliense - Radar\" \/>\n<meta property=\"article:published_time\" content=\"2025-06-27T14:43:00+00:00\" \/>\n<meta property=\"og:image\" content=\"https:\/\/www.correiobraziliense.com.br\/cbradar\/wp-content\/uploads\/2025\/06\/Edicoes-23-2.png\" \/>\n\t<meta property=\"og:image:width\" content=\"1280\" \/>\n\t<meta property=\"og:image:height\" content=\"720\" \/>\n\t<meta property=\"og:image:type\" content=\"image\/png\" \/>\n<meta name=\"author\" content=\"Maura Pereira\" \/>\n<meta name=\"twitter:card\" content=\"summary_large_image\" \/>\n<meta name=\"twitter:label1\" content=\"Escrito por\" \/>\n\t<meta name=\"twitter:data1\" content=\"Maura Pereira\" \/>\n\t<meta name=\"twitter:label2\" content=\"Est. tempo de leitura\" \/>\n\t<meta name=\"twitter:data2\" content=\"5 minutos\" \/>\n<!-- \/ Yoast SEO plugin. -->","yoast_head_json":{"title":"Cidade hist\u00f3rica que ficou famosa por programa de TV antigo - Correio Braziliense - Radar","description":"Essa cidade hist\u00f3rica brasileira ficou famosa por um programa cl\u00e1ssico da TV. Descubra qual \u00e9 e por que ela continua encantando gera\u00e7\u00f5es.","robots":{"index":"index","follow":"follow","max-snippet":"max-snippet:-1","max-image-preview":"max-image-preview:large","max-video-preview":"max-video-preview:-1"},"canonical":"https:\/\/www.correiobraziliense.com.br\/cbradar\/cidade-historica-que-ficou-famosa-por-programa-de-tv-antigo\/","og_locale":"pt_BR","og_type":"article","og_title":"Cidade hist\u00f3rica que ficou famosa por programa de TV antigo - Correio Braziliense - Radar","og_description":"Essa cidade hist\u00f3rica brasileira ficou famosa por um programa cl\u00e1ssico da TV. Descubra qual \u00e9 e por que ela continua encantando gera\u00e7\u00f5es.","og_url":"https:\/\/www.correiobraziliense.com.br\/cbradar\/cidade-historica-que-ficou-famosa-por-programa-de-tv-antigo\/","og_site_name":"Correio Braziliense - Radar","article_published_time":"2025-06-27T14:43:00+00:00","og_image":[{"width":1280,"height":720,"url":"https:\/\/www.correiobraziliense.com.br\/cbradar\/wp-content\/uploads\/2025\/06\/Edicoes-23-2.png","type":"image\/png"}],"author":"Maura Pereira","twitter_card":"summary_large_image","twitter_misc":{"Escrito por":"Maura Pereira","Est. tempo de leitura":"5 minutos"},"schema":{"@context":"https:\/\/schema.org","@graph":[{"@type":"WebPage","@id":"https:\/\/www.correiobraziliense.com.br\/cbradar\/cidade-historica-que-ficou-famosa-por-programa-de-tv-antigo\/","url":"https:\/\/www.correiobraziliense.com.br\/cbradar\/cidade-historica-que-ficou-famosa-por-programa-de-tv-antigo\/","name":"Cidade hist\u00f3rica que ficou famosa por programa de TV antigo - Correio Braziliense - Radar","isPartOf":{"@id":"https:\/\/www.correiobraziliense.com.br\/cbradar\/#website"},"primaryImageOfPage":{"@id":"https:\/\/www.correiobraziliense.com.br\/cbradar\/cidade-historica-que-ficou-famosa-por-programa-de-tv-antigo\/#primaryimage"},"image":{"@id":"https:\/\/www.correiobraziliense.com.br\/cbradar\/cidade-historica-que-ficou-famosa-por-programa-de-tv-antigo\/#primaryimage"},"thumbnailUrl":"https:\/\/www.correiobraziliense.com.br\/cbradar\/wp-content\/uploads\/2025\/06\/Edicoes-23-2.png","datePublished":"2025-06-27T14:43:00+00:00","author":{"@id":"https:\/\/www.correiobraziliense.com.br\/cbradar\/#\/schema\/person\/4053c651a9bfc785afc6f4cbc9032fd3"},"description":"Essa cidade hist\u00f3rica brasileira ficou famosa por um programa cl\u00e1ssico da TV. Descubra qual \u00e9 e por que ela continua encantando gera\u00e7\u00f5es.","breadcrumb":{"@id":"https:\/\/www.correiobraziliense.com.br\/cbradar\/cidade-historica-que-ficou-famosa-por-programa-de-tv-antigo\/#breadcrumb"},"inLanguage":"pt-BR","potentialAction":[{"@type":"ReadAction","target":["https:\/\/www.correiobraziliense.com.br\/cbradar\/cidade-historica-que-ficou-famosa-por-programa-de-tv-antigo\/"]}]},{"@type":"ImageObject","inLanguage":"pt-BR","@id":"https:\/\/www.correiobraziliense.com.br\/cbradar\/cidade-historica-que-ficou-famosa-por-programa-de-tv-antigo\/#primaryimage","url":"https:\/\/www.correiobraziliense.com.br\/cbradar\/wp-content\/uploads\/2025\/06\/Edicoes-23-2.png","contentUrl":"https:\/\/www.correiobraziliense.com.br\/cbradar\/wp-content\/uploads\/2025\/06\/Edicoes-23-2.png","width":1280,"height":720,"caption":"Itu, SP \u00e9 um destino acolhedor, com monumentos hist\u00f3ricos e belas paisagens para curtir em fam\u00edlia. \/\/ Reprodu\u00e7\u00e3o: Wikimedia Commons"},{"@type":"BreadcrumbList","@id":"https:\/\/www.correiobraziliense.com.br\/cbradar\/cidade-historica-que-ficou-famosa-por-programa-de-tv-antigo\/#breadcrumb","itemListElement":[{"@type":"ListItem","position":1,"name":"In\u00edcio","item":"https:\/\/www.correiobraziliense.com.br\/cbradar\/"},{"@type":"ListItem","position":2,"name":"Cidade hist\u00f3rica que ficou famosa por programa de TV antigo"}]},{"@type":"WebSite","@id":"https:\/\/www.correiobraziliense.com.br\/cbradar\/#website","url":"https:\/\/www.correiobraziliense.com.br\/cbradar\/","name":"Correio Braziliense - Radar","description":"Acompanhe as \u00faltimas not\u00edcias e fique bem informado sobre tudo o que acontece no Brasil e no mundo.","potentialAction":[{"@type":"SearchAction","target":{"@type":"EntryPoint","urlTemplate":"https:\/\/www.correiobraziliense.com.br\/cbradar\/?s={search_term_string}"},"query-input":{"@type":"PropertyValueSpecification","valueRequired":true,"valueName":"search_term_string"}}],"inLanguage":"pt-BR"},{"@type":"Person","@id":"https:\/\/www.correiobraziliense.com.br\/cbradar\/#\/schema\/person\/4053c651a9bfc785afc6f4cbc9032fd3","name":"Maura Pereira","image":{"@type":"ImageObject","inLanguage":"pt-BR","@id":"https:\/\/www.correiobraziliense.com.br\/cbradar\/#\/schema\/person\/image\/","url":"https:\/\/secure.gravatar.com\/avatar\/3effd6bdadfa447f15089c7f7144eaa6?s=96&d=mm&r=g","contentUrl":"https:\/\/secure.gravatar.com\/avatar\/3effd6bdadfa447f15089c7f7144eaa6?s=96&d=mm&r=g","caption":"Maura Pereira"},"sameAs":["https:\/\/www.correiobraziliense.com.br\/"],"url":"https:\/\/www.correiobraziliense.com.br\/cbradar\/author\/mauramyth\/"}]}},"_links":{"self":[{"href":"https:\/\/www.correiobraziliense.com.br\/cbradar\/wp-json\/wp\/v2\/posts\/59532","targetHints":{"allow":["GET"]}}],"collection":[{"href":"https:\/\/www.correiobraziliense.com.br\/cbradar\/wp-json\/wp\/v2\/posts"}],"about":[{"href":"https:\/\/www.correiobraziliense.com.br\/cbradar\/wp-json\/wp\/v2\/types\/post"}],"author":[{"embeddable":true,"href":"https:\/\/www.correiobraziliense.com.br\/cbradar\/wp-json\/wp\/v2\/users\/8"}],"replies":[{"embeddable":true,"href":"https:\/\/www.correiobraziliense.com.br\/cbradar\/wp-json\/wp\/v2\/comments?post=59532"}],"version-history":[{"count":10,"href":"https:\/\/www.correiobraziliense.com.br\/cbradar\/wp-json\/wp\/v2\/posts\/59532\/revisions"}],"predecessor-version":[{"id":59637,"href":"https:\/\/www.correiobraziliense.com.br\/cbradar\/wp-json\/wp\/v2\/posts\/59532\/revisions\/59637"}],"wp:featuredmedia":[{"embeddable":true,"href":"https:\/\/www.correiobraziliense.com.br\/cbradar\/wp-json\/wp\/v2\/media\/59632"}],"wp:attachment":[{"href":"https:\/\/www.correiobraziliense.com.br\/cbradar\/wp-json\/wp\/v2\/media?parent=59532"}],"wp:term":[{"taxonomy":"category","embeddable":true,"href":"https:\/\/www.correiobraziliense.com.br\/cbradar\/wp-json\/wp\/v2\/categories?post=59532"},{"taxonomy":"post_tag","embeddable":true,"href":"https:\/\/www.correiobraziliense.com.br\/cbradar\/wp-json\/wp\/v2\/post_tag?post=59532"}],"curies":[{"name":"wp","href":"https:\/\/api.w.org\/{rel}","templated":true}]}}