{"id":59895,"date":"2025-06-27T20:33:00","date_gmt":"2025-06-27T23:33:00","guid":{"rendered":"https:\/\/www.correiobraziliense.com.br\/cbradar\/?p=59895"},"modified":"2025-06-26T08:33:54","modified_gmt":"2025-06-26T11:33:54","slug":"o-que-significa-quando-voce-acorda-no-mesmo-horario-sem-alarme-segundo-a-psicologia","status":"publish","type":"post","link":"https:\/\/www.correiobraziliense.com.br\/cbradar\/o-que-significa-quando-voce-acorda-no-mesmo-horario-sem-alarme-segundo-a-psicologia\/","title":{"rendered":"O que significa quando voc\u00ea acorda no mesmo hor\u00e1rio sem alarme, segundo a psicologia"},"content":{"rendered":"\n<p>Algumas pessoas conseguem acordar todos os dias no mesmo hor\u00e1rio, sem depender de despertadores ou alarmes. Esse comportamento chama a aten\u00e7\u00e3o de especialistas, pois revela tra\u00e7os marcantes de personalidade e h\u00e1bitos de vida. A capacidade de despertar naturalmente est\u00e1 relacionada a fatores internos e pode indicar caracter\u00edsticas espec\u00edficas no perfil dessas pessoas.<\/p>\n\n\n\n<p>Enquanto muitos precisam de um est\u00edmulo externo para sair da cama, existe um grupo que mant\u00e9m uma rotina de sono t\u00e3o regular que o pr\u00f3prio organismo se encarrega de acord\u00e1-los. Esse fen\u00f4meno, observado por psic\u00f3logos e pesquisadores, levanta quest\u00f5es sobre quais atributos est\u00e3o associados a quem possui esse padr\u00e3o de comportamento.<\/p>\n\n\n\n<h2 class=\"wp-block-heading\">Quais s\u00e3o as principais caracter\u00edsticas de quem acorda sem despertador?<\/h2>\n\n\n\n<p>De acordo com estudos recentes, indiv\u00edduos que conseguem acordar sempre no mesmo hor\u00e1rio sem aux\u00edlio de alarmes apresentam <strong>const\u00e2ncia<\/strong> em suas rotinas. Essa regularidade n\u00e3o se limita apenas ao sono, mas se estende a outros aspectos do cotidiano, como h\u00e1bitos alimentares e organiza\u00e7\u00e3o das tarefas di\u00e1rias. A <strong>capacidade de planejamento<\/strong> tamb\u00e9m se destaca, j\u00e1 que essas pessoas costumam estruturar seus compromissos de forma eficiente, evitando imprevistos e atrasos.<\/p>\n\n\n\n<p>Outro tra\u00e7o frequentemente observado \u00e9 a <strong>paci\u00eancia<\/strong>. A habilidade de esperar o momento certo para agir, sem pressa ou ansiedade, faz parte do perfil dessas pessoas. Al\u00e9m disso, a <strong>autoconsci\u00eancia<\/strong> \u00e9 um elemento importante, pois permite que estejam atentas \u00e0s necessidades do pr\u00f3prio corpo, reconhecendo sinais de cansa\u00e7o ou disposi\u00e7\u00e3o.<\/p>\n\n\n\n<h2 class=\"wp-block-heading\">Como o rel\u00f3gio biol\u00f3gico influencia esse comportamento?<\/h2>\n\n\n\n<p>O chamado <strong>rel\u00f3gio biol\u00f3gico<\/strong> desempenha papel fundamental no despertar natural. Esse mecanismo interno regula os ciclos de sono e vig\u00edlia, sincronizando o organismo com os hor\u00e1rios habituais. Quando h\u00e1 equil\u00edbrio nesse sistema, o corpo se adapta a acordar espontaneamente, sem necessidade de est\u00edmulos externos.<\/p>\n\n\n\n<ul class=\"wp-block-list\">\n<li><strong>Rotina de sono consistente:<\/strong> Dormir e acordar sempre nos mesmos hor\u00e1rios fortalece o rel\u00f3gio biol\u00f3gico.<\/li>\n\n\n\n<li><strong>Ambiente adequado:<\/strong> Um local silencioso e escuro favorece o descanso e a regularidade do sono.<\/li>\n\n\n\n<li><strong>Evitar est\u00edmulos antes de dormir:<\/strong> Reduzir o uso de eletr\u00f4nicos e cafe\u00edna ajuda a manter o ciclo natural.<\/li>\n<\/ul>\n\n\n\n<p>Quando o sono \u00e9 interrompido ou irregular, o rel\u00f3gio biol\u00f3gico pode se desajustar, resultando em cansa\u00e7o, dificuldade de concentra\u00e7\u00e3o e altera\u00e7\u00f5es no metabolismo. Por isso, manter h\u00e1bitos saud\u00e1veis \u00e9 essencial para quem deseja acordar sem depender de alarmes.<\/p>\n\n\n\n<figure class=\"wp-block-image size-large\"><img decoding=\"async\" width=\"1024\" height=\"576\" src=\"https:\/\/www.correiobraziliense.com.br\/cbradar\/wp-content\/uploads\/2025\/06\/pessoa-acordando_1750937616714-1024x576.jpg\" alt=\"O que significa quando voc\u00ea acorda no mesmo hor\u00e1rio sem alarme, segundo a psicologia\" class=\"wp-image-59900\" srcset=\"https:\/\/www.correiobraziliense.com.br\/cbradar\/wp-content\/uploads\/2025\/06\/pessoa-acordando_1750937616714-1024x576.jpg 1024w, https:\/\/www.correiobraziliense.com.br\/cbradar\/wp-content\/uploads\/2025\/06\/pessoa-acordando_1750937616714-300x169.jpg 300w, https:\/\/www.correiobraziliense.com.br\/cbradar\/wp-content\/uploads\/2025\/06\/pessoa-acordando_1750937616714-768x432.jpg 768w, https:\/\/www.correiobraziliense.com.br\/cbradar\/wp-content\/uploads\/2025\/06\/pessoa-acordando_1750937616714-750x422.jpg 750w, https:\/\/www.correiobraziliense.com.br\/cbradar\/wp-content\/uploads\/2025\/06\/pessoa-acordando_1750937616714-1140x641.jpg 1140w, https:\/\/www.correiobraziliense.com.br\/cbradar\/wp-content\/uploads\/2025\/06\/pessoa-acordando_1750937616714.jpg 1280w\" sizes=\"(max-width: 1024px) 100vw, 1024px\" \/><figcaption class=\"wp-element-caption\">pessoa acordando. Cr\u00e9ditos: depositphotos.com \/ nesharm<\/figcaption><\/figure>\n\n\n\n<h2 class=\"wp-block-heading\">Quais benef\u00edcios est\u00e3o associados a esse padr\u00e3o de sono?<\/h2>\n\n\n\n<p>Despertar sem despertador est\u00e1 relacionado a uma vida menos estressante e a maior sensa\u00e7\u00e3o de bem-estar. Pessoas com esse h\u00e1bito tendem a ser mais <strong>calmas<\/strong> e apresentam melhor qualidade de sono, o que contribui para o equil\u00edbrio emocional e f\u00edsico. Al\u00e9m disso, a <strong>resili\u00eancia<\/strong> \u00e9 uma caracter\u00edstica comum, permitindo lidar com desafios di\u00e1rios de forma mais tranquila.<\/p>\n\n\n\n<ol class=\"wp-block-list\">\n<li><strong>Melhora na disposi\u00e7\u00e3o:<\/strong> O corpo acorda no momento ideal, evitando sensa\u00e7\u00e3o de fadiga.<\/li>\n\n\n\n<li><strong>Redu\u00e7\u00e3o do estresse:<\/strong> A aus\u00eancia de alarmes abruptos diminui a ansiedade matinal.<\/li>\n\n\n\n<li><strong>Sa\u00fade metab\u00f3lica:<\/strong> O sono adequado favorece o funcionamento do metabolismo.<\/li>\n<\/ol>\n\n\n\n<p>Vale ressaltar que, para manter esse padr\u00e3o, \u00e9 importante respeitar os limites do corpo e garantir horas suficientes de descanso. O equil\u00edbrio entre rotina, ambiente e h\u00e1bitos saud\u00e1veis \u00e9 fundamental para que o organismo funcione de maneira harmoniosa.<\/p>\n\n\n\n<h2 class=\"wp-block-heading\">\u00c9 poss\u00edvel desenvolver a habilidade de acordar sem despertador?<\/h2>\n\n\n\n<p>Especialistas afirmam que, com disciplina e ajustes na rotina, qualquer pessoa pode treinar o corpo para acordar naturalmente. O segredo est\u00e1 em estabelecer hor\u00e1rios fixos para dormir e acordar, al\u00e9m de criar um ambiente prop\u00edcio ao sono. Pr\u00e1ticas como evitar refei\u00e7\u00f5es pesadas \u00e0 noite, reduzir a exposi\u00e7\u00e3o \u00e0 luz artificial e manter atividades relaxantes antes de dormir contribuem para a regula\u00e7\u00e3o do rel\u00f3gio biol\u00f3gico.<\/p>\n\n\n\n<p>Adotar esses h\u00e1bitos pode trazer benef\u00edcios n\u00e3o apenas para o sono, mas tamb\u00e9m para a qualidade de vida como um todo. A regularidade no descanso reflete em maior energia, melhor humor e maior capacidade de enfrentar os desafios do dia a dia.<\/p>\n","protected":false},"excerpt":{"rendered":"<p>Pessoas que acordam naturalmente compartilham h\u00e1bitos poderosos. Veja o que a ci\u00eancia diz sobre esse comportamento t\u00e3o raro.<\/p>\n","protected":false},"author":3,"featured_media":59899,"comment_status":"open","ping_status":"open","sticky":false,"template":"","format":"standard","meta":{"_yoast_wpseo_focuskw":"acorda sem alarme","_yoast_wpseo_title":"%%title%%","_yoast_wpseo_metadesc":"Pessoas que acordam naturalmente compartilham h\u00e1bitos poderosos. Veja o que a ci\u00eancia diz sobre esse comportamento t\u00e3o raro.","jnews-multi-image_gallery":[],"jnews_single_post":{"format":"standard"},"jnews_primary_category":[],"jnews_social_meta":[],"jnews_override_counter":[],"footnotes":""},"categories":[112],"post_tag":[144,5731,1313],"class_list":["post-59895","post","type-post","status-publish","format-standard","has-post-thumbnail","hentry","category-curiosidades","tag-curiosidades","tag-despertador","tag-sono"],"yoast_head":"<!-- This site is optimized with the Yoast SEO plugin v24.6 - https:\/\/yoast.com\/wordpress\/plugins\/seo\/ -->\n<title>O que significa quando voc\u00ea acorda no mesmo hor\u00e1rio sem alarme, segundo a psicologia<\/title>\n<meta name=\"description\" content=\"Pessoas que acordam naturalmente compartilham h\u00e1bitos poderosos. Veja o que a ci\u00eancia diz sobre esse comportamento t\u00e3o raro.\" \/>\n<meta name=\"robots\" content=\"index, follow, max-snippet:-1, max-image-preview:large, max-video-preview:-1\" \/>\n<link rel=\"canonical\" href=\"https:\/\/www.correiobraziliense.com.br\/cbradar\/o-que-significa-quando-voce-acorda-no-mesmo-horario-sem-alarme-segundo-a-psicologia\/\" \/>\n<meta property=\"og:locale\" content=\"pt_BR\" \/>\n<meta property=\"og:type\" content=\"article\" \/>\n<meta property=\"og:title\" content=\"O que significa quando voc\u00ea acorda no mesmo hor\u00e1rio sem alarme, segundo a psicologia\" \/>\n<meta property=\"og:description\" content=\"Pessoas que acordam naturalmente compartilham h\u00e1bitos poderosos. Veja o que a ci\u00eancia diz sobre esse comportamento t\u00e3o raro.\" \/>\n<meta property=\"og:url\" content=\"https:\/\/www.correiobraziliense.com.br\/cbradar\/o-que-significa-quando-voce-acorda-no-mesmo-horario-sem-alarme-segundo-a-psicologia\/\" \/>\n<meta property=\"og:site_name\" content=\"Correio Braziliense - Radar\" \/>\n<meta property=\"article:published_time\" content=\"2025-06-27T23:33:00+00:00\" \/>\n<meta property=\"og:image\" content=\"https:\/\/www.correiobraziliense.com.br\/cbradar\/wp-content\/uploads\/2025\/06\/pessoa-acordando_1750937594538.jpg\" \/>\n\t<meta property=\"og:image:width\" content=\"1280\" \/>\n\t<meta property=\"og:image:height\" content=\"720\" \/>\n\t<meta property=\"og:image:type\" content=\"image\/jpeg\" \/>\n<meta name=\"author\" content=\"Larissa Carvalho\" \/>\n<meta name=\"twitter:card\" content=\"summary_large_image\" \/>\n<meta name=\"twitter:label1\" content=\"Escrito por\" \/>\n\t<meta name=\"twitter:data1\" content=\"Larissa Carvalho\" \/>\n\t<meta name=\"twitter:label2\" content=\"Est. tempo de leitura\" \/>\n\t<meta name=\"twitter:data2\" content=\"4 minutos\" \/>\n<!-- \/ Yoast SEO plugin. -->","yoast_head_json":{"title":"O que significa quando voc\u00ea acorda no mesmo hor\u00e1rio sem alarme, segundo a psicologia","description":"Pessoas que acordam naturalmente compartilham h\u00e1bitos poderosos. Veja o que a ci\u00eancia diz sobre esse comportamento t\u00e3o raro.","robots":{"index":"index","follow":"follow","max-snippet":"max-snippet:-1","max-image-preview":"max-image-preview:large","max-video-preview":"max-video-preview:-1"},"canonical":"https:\/\/www.correiobraziliense.com.br\/cbradar\/o-que-significa-quando-voce-acorda-no-mesmo-horario-sem-alarme-segundo-a-psicologia\/","og_locale":"pt_BR","og_type":"article","og_title":"O que significa quando voc\u00ea acorda no mesmo hor\u00e1rio sem alarme, segundo a psicologia","og_description":"Pessoas que acordam naturalmente compartilham h\u00e1bitos poderosos. Veja o que a ci\u00eancia diz sobre esse comportamento t\u00e3o raro.","og_url":"https:\/\/www.correiobraziliense.com.br\/cbradar\/o-que-significa-quando-voce-acorda-no-mesmo-horario-sem-alarme-segundo-a-psicologia\/","og_site_name":"Correio Braziliense - Radar","article_published_time":"2025-06-27T23:33:00+00:00","og_image":[{"width":1280,"height":720,"url":"https:\/\/www.correiobraziliense.com.br\/cbradar\/wp-content\/uploads\/2025\/06\/pessoa-acordando_1750937594538.jpg","type":"image\/jpeg"}],"author":"Larissa Carvalho","twitter_card":"summary_large_image","twitter_misc":{"Escrito por":"Larissa Carvalho","Est. tempo de leitura":"4 minutos"},"schema":{"@context":"https:\/\/schema.org","@graph":[{"@type":"WebPage","@id":"https:\/\/www.correiobraziliense.com.br\/cbradar\/o-que-significa-quando-voce-acorda-no-mesmo-horario-sem-alarme-segundo-a-psicologia\/","url":"https:\/\/www.correiobraziliense.com.br\/cbradar\/o-que-significa-quando-voce-acorda-no-mesmo-horario-sem-alarme-segundo-a-psicologia\/","name":"O que significa quando voc\u00ea acorda no mesmo hor\u00e1rio sem alarme, segundo a psicologia","isPartOf":{"@id":"https:\/\/www.correiobraziliense.com.br\/cbradar\/#website"},"primaryImageOfPage":{"@id":"https:\/\/www.correiobraziliense.com.br\/cbradar\/o-que-significa-quando-voce-acorda-no-mesmo-horario-sem-alarme-segundo-a-psicologia\/#primaryimage"},"image":{"@id":"https:\/\/www.correiobraziliense.com.br\/cbradar\/o-que-significa-quando-voce-acorda-no-mesmo-horario-sem-alarme-segundo-a-psicologia\/#primaryimage"},"thumbnailUrl":"https:\/\/www.correiobraziliense.com.br\/cbradar\/wp-content\/uploads\/2025\/06\/pessoa-acordando_1750937594538.jpg","datePublished":"2025-06-27T23:33:00+00:00","author":{"@id":"https:\/\/www.correiobraziliense.com.br\/cbradar\/#\/schema\/person\/58422787644df994b53a19d3e56c1513"},"description":"Pessoas que acordam naturalmente compartilham h\u00e1bitos poderosos. Veja o que a ci\u00eancia diz sobre esse comportamento t\u00e3o raro.","breadcrumb":{"@id":"https:\/\/www.correiobraziliense.com.br\/cbradar\/o-que-significa-quando-voce-acorda-no-mesmo-horario-sem-alarme-segundo-a-psicologia\/#breadcrumb"},"inLanguage":"pt-BR","potentialAction":[{"@type":"ReadAction","target":["https:\/\/www.correiobraziliense.com.br\/cbradar\/o-que-significa-quando-voce-acorda-no-mesmo-horario-sem-alarme-segundo-a-psicologia\/"]}]},{"@type":"ImageObject","inLanguage":"pt-BR","@id":"https:\/\/www.correiobraziliense.com.br\/cbradar\/o-que-significa-quando-voce-acorda-no-mesmo-horario-sem-alarme-segundo-a-psicologia\/#primaryimage","url":"https:\/\/www.correiobraziliense.com.br\/cbradar\/wp-content\/uploads\/2025\/06\/pessoa-acordando_1750937594538.jpg","contentUrl":"https:\/\/www.correiobraziliense.com.br\/cbradar\/wp-content\/uploads\/2025\/06\/pessoa-acordando_1750937594538.jpg","width":1280,"height":720,"caption":"pessoa acordando. Cr\u00e9ditos: depositphotos.com \/ nesharm"},{"@type":"BreadcrumbList","@id":"https:\/\/www.correiobraziliense.com.br\/cbradar\/o-que-significa-quando-voce-acorda-no-mesmo-horario-sem-alarme-segundo-a-psicologia\/#breadcrumb","itemListElement":[{"@type":"ListItem","position":1,"name":"In\u00edcio","item":"https:\/\/www.correiobraziliense.com.br\/cbradar\/"},{"@type":"ListItem","position":2,"name":"O que significa quando voc\u00ea acorda no mesmo hor\u00e1rio sem alarme, segundo a psicologia"}]},{"@type":"WebSite","@id":"https:\/\/www.correiobraziliense.com.br\/cbradar\/#website","url":"https:\/\/www.correiobraziliense.com.br\/cbradar\/","name":"Correio Braziliense - Radar","description":"Acompanhe as \u00faltimas not\u00edcias e fique bem informado sobre tudo o que acontece no Brasil e no mundo.","potentialAction":[{"@type":"SearchAction","target":{"@type":"EntryPoint","urlTemplate":"https:\/\/www.correiobraziliense.com.br\/cbradar\/?s={search_term_string}"},"query-input":{"@type":"PropertyValueSpecification","valueRequired":true,"valueName":"search_term_string"}}],"inLanguage":"pt-BR"},{"@type":"Person","@id":"https:\/\/www.correiobraziliense.com.br\/cbradar\/#\/schema\/person\/58422787644df994b53a19d3e56c1513","name":"Larissa Carvalho","image":{"@type":"ImageObject","inLanguage":"pt-BR","@id":"https:\/\/www.correiobraziliense.com.br\/cbradar\/#\/schema\/person\/image\/","url":"https:\/\/secure.gravatar.com\/avatar\/fe4f91a0de32b52a838d0d612abdc1aa?s=96&d=mm&r=g","contentUrl":"https:\/\/secure.gravatar.com\/avatar\/fe4f91a0de32b52a838d0d612abdc1aa?s=96&d=mm&r=g","caption":"Larissa Carvalho"},"url":"https:\/\/www.correiobraziliense.com.br\/cbradar\/author\/larissamyth\/"}]}},"_links":{"self":[{"href":"https:\/\/www.correiobraziliense.com.br\/cbradar\/wp-json\/wp\/v2\/posts\/59895","targetHints":{"allow":["GET"]}}],"collection":[{"href":"https:\/\/www.correiobraziliense.com.br\/cbradar\/wp-json\/wp\/v2\/posts"}],"about":[{"href":"https:\/\/www.correiobraziliense.com.br\/cbradar\/wp-json\/wp\/v2\/types\/post"}],"author":[{"embeddable":true,"href":"https:\/\/www.correiobraziliense.com.br\/cbradar\/wp-json\/wp\/v2\/users\/3"}],"replies":[{"embeddable":true,"href":"https:\/\/www.correiobraziliense.com.br\/cbradar\/wp-json\/wp\/v2\/comments?post=59895"}],"version-history":[{"count":2,"href":"https:\/\/www.correiobraziliense.com.br\/cbradar\/wp-json\/wp\/v2\/posts\/59895\/revisions"}],"predecessor-version":[{"id":59901,"href":"https:\/\/www.correiobraziliense.com.br\/cbradar\/wp-json\/wp\/v2\/posts\/59895\/revisions\/59901"}],"wp:featuredmedia":[{"embeddable":true,"href":"https:\/\/www.correiobraziliense.com.br\/cbradar\/wp-json\/wp\/v2\/media\/59899"}],"wp:attachment":[{"href":"https:\/\/www.correiobraziliense.com.br\/cbradar\/wp-json\/wp\/v2\/media?parent=59895"}],"wp:term":[{"taxonomy":"category","embeddable":true,"href":"https:\/\/www.correiobraziliense.com.br\/cbradar\/wp-json\/wp\/v2\/categories?post=59895"},{"taxonomy":"post_tag","embeddable":true,"href":"https:\/\/www.correiobraziliense.com.br\/cbradar\/wp-json\/wp\/v2\/post_tag?post=59895"}],"curies":[{"name":"wp","href":"https:\/\/api.w.org\/{rel}","templated":true}]}}