{"id":59936,"date":"2025-06-27T18:13:00","date_gmt":"2025-06-27T21:13:00","guid":{"rendered":"https:\/\/www.correiobraziliense.com.br\/cbradar\/?p=59936"},"modified":"2025-06-26T08:57:22","modified_gmt":"2025-06-26T11:57:22","slug":"o-melhor-jeito-de-se-recuperar-de-uma-noite-mal-dormida","status":"publish","type":"post","link":"https:\/\/www.correiobraziliense.com.br\/cbradar\/o-melhor-jeito-de-se-recuperar-de-uma-noite-mal-dormida\/","title":{"rendered":"O melhor jeito de se recuperar de uma noite mal dormida"},"content":{"rendered":"\n<p>Uma noite mal dormida pode afetar significativamente o desempenho e o bem-estar no dia seguinte. <strong>A priva\u00e7\u00e3o de sono, mesmo que ocasional, interfere em fun\u00e7\u00f5es essenciais do organismo, como a mem\u00f3ria, o humor e o metabolismo.<\/strong> Muitas pessoas enfrentam esse desafio por diferentes motivos, desde cuidar de um rec\u00e9m-nascido at\u00e9 altera\u00e7\u00f5es no fuso hor\u00e1rio.<\/p>\n\n\n\n<p>Especialistas em sono destacam que recuperar-se rapidamente ap\u00f3s dormir mal \u00e9 fundamental para evitar consequ\u00eancias mais s\u00e9rias \u00e0 sa\u00fade. <strong>Al\u00e9m disso, compreender as causas e adotar estrat\u00e9gias eficazes pode ajudar a minimizar os impactos negativos e promover uma rotina mais saud\u00e1vel.<\/strong><\/p>\n\n\n\n<h2 class=\"wp-block-heading\">O que \u00e9 priva\u00e7\u00e3o de sono e quais s\u00e3o seus efeitos?<\/h2>\n\n\n\n<p><strong>A priva\u00e7\u00e3o de sono ocorre quando o indiv\u00edduo n\u00e3o atinge a quantidade ou qualidade de descanso necess\u00e1ria para o bom funcionamento do corpo.<\/strong> Os efeitos podem ser sentidos logo no dia seguinte, incluindo dificuldade de concentra\u00e7\u00e3o, irritabilidade e sensa\u00e7\u00e3o de cansa\u00e7o constante. Em casos de priva\u00e7\u00e3o cr\u00f4nica, h\u00e1 risco aumentado para doen\u00e7as cardiovasculares, obesidade e problemas imunol\u00f3gicos.<\/p>\n\n\n\n<p><strong>Segundo recomenda\u00e7\u00f5es do <strong>Instituto Nacional de Sa\u00fade dos Estados Unidos<\/strong>, adultos devem dormir entre sete e nove horas por noite.<\/strong> No entanto, a necessidade pode variar de pessoa para pessoa, sendo importante observar como o corpo reage a diferentes dura\u00e7\u00f5es de sono.<\/p>\n\n\n\n<h2 class=\"wp-block-heading\">Como se recuperar rapidamente ap\u00f3s uma noite de sono ruim?<\/h2>\n\n\n\n<p><strong>Recuperar-se de uma noite mal dormida exige algumas atitudes pr\u00e1ticas ao longo do dia.<\/strong> Abaixo est\u00e3o algumas estrat\u00e9gias recomendadas por especialistas para ajudar o organismo a retomar o equil\u00edbrio:<\/p>\n\n\n\n<ul class=\"wp-block-list\">\n<li><strong>Cochilos curtos:<\/strong> Uma soneca de at\u00e9 20 minutos pode ajudar a reduzir a fadiga e melhorar a aten\u00e7\u00e3o. Em casos de priva\u00e7\u00e3o extrema, um cochilo de at\u00e9 90 minutos pode ser ben\u00e9fico.<\/li>\n\n\n\n<li><strong>Exposi\u00e7\u00e3o \u00e0 luz natural:<\/strong> Caminhar ao ar livre pela manh\u00e3 estimula a produ\u00e7\u00e3o de serotonina, que contribui para o estado de alerta e regula o ciclo do sono.<\/li>\n\n\n\n<li><strong>Atividade f\u00edsica moderada:<\/strong> Exerc\u00edcios leves, como caminhada ou alongamento, ajudam a combater o cansa\u00e7o e promovem a libera\u00e7\u00e3o de horm\u00f4nios relacionados ao bem-estar.<\/li>\n\n\n\n<li><strong>Hidrata\u00e7\u00e3o adequada:<\/strong> Beber \u00e1gua ao longo do dia auxilia na disposi\u00e7\u00e3o e no funcionamento do organismo.<\/li>\n\n\n\n<li><strong>Consumo controlado de cafe\u00edna:<\/strong> Se optar por caf\u00e9 ou ch\u00e1, prefira pequenas doses ao longo do dia, evitando o consumo pr\u00f3ximo ao hor\u00e1rio de dormir.<\/li>\n<\/ul>\n\n\n\n<figure class=\"wp-block-image size-large\"><img decoding=\"async\" width=\"1024\" height=\"576\" src=\"https:\/\/www.correiobraziliense.com.br\/cbradar\/wp-content\/uploads\/2025\/06\/pessoa-dormindo_1750939006939-1024x576.jpg\" alt=\"O melhor jeito de se recuperar de uma noite mal dormida\" class=\"wp-image-59942\" srcset=\"https:\/\/www.correiobraziliense.com.br\/cbradar\/wp-content\/uploads\/2025\/06\/pessoa-dormindo_1750939006939-1024x576.jpg 1024w, https:\/\/www.correiobraziliense.com.br\/cbradar\/wp-content\/uploads\/2025\/06\/pessoa-dormindo_1750939006939-300x169.jpg 300w, https:\/\/www.correiobraziliense.com.br\/cbradar\/wp-content\/uploads\/2025\/06\/pessoa-dormindo_1750939006939-768x432.jpg 768w, https:\/\/www.correiobraziliense.com.br\/cbradar\/wp-content\/uploads\/2025\/06\/pessoa-dormindo_1750939006939-750x422.jpg 750w, https:\/\/www.correiobraziliense.com.br\/cbradar\/wp-content\/uploads\/2025\/06\/pessoa-dormindo_1750939006939-1140x641.jpg 1140w, https:\/\/www.correiobraziliense.com.br\/cbradar\/wp-content\/uploads\/2025\/06\/pessoa-dormindo_1750939006939.jpg 1280w\" sizes=\"(max-width: 1024px) 100vw, 1024px\" \/><figcaption class=\"wp-element-caption\">pessoa dormindo. Cr\u00e9ditos: depositphotos.com \/ AllaSerebrina<\/figcaption><\/figure>\n\n\n\n<h2 class=\"wp-block-heading\">Quais h\u00e1bitos ajudam a evitar noites mal dormidas?<\/h2>\n\n\n\n<p><strong>Manter uma rotina de sono saud\u00e1vel \u00e9 essencial para prevenir epis\u00f3dios recorrentes de priva\u00e7\u00e3o.<\/strong> Algumas medidas simples podem fazer diferen\u00e7a significativa na qualidade do descanso:<\/p>\n\n\n\n<ol class=\"wp-block-list\">\n<li><strong>Estabelecer hor\u00e1rios regulares:<\/strong> Dormir e acordar sempre nos mesmos hor\u00e1rios contribui para o ajuste do rel\u00f3gio biol\u00f3gico.<\/li>\n\n\n\n<li><strong>Preparar o ambiente:<\/strong> Um quarto escuro, silencioso e com temperatura agrad\u00e1vel favorece o relaxamento.<\/li>\n\n\n\n<li><strong>Evitar telas antes de dormir:<\/strong> A luz azul de celulares e computadores pode dificultar a produ\u00e7\u00e3o de melatonina, horm\u00f4nio respons\u00e1vel pelo sono.<\/li>\n\n\n\n<li><strong>Praticar t\u00e9cnicas de relaxamento:<\/strong> Atividades como medita\u00e7\u00e3o ou leitura leve ajudam a desacelerar a mente antes de deitar.<\/li>\n\n\n\n<li><strong>Higienizar roupas de cama:<\/strong> Manter len\u00e7\u00f3is e fronhas limpos reduz a presen\u00e7a de al\u00e9rgenos que podem atrapalhar o sono.<\/li>\n<\/ol>\n\n\n\n<h2 class=\"wp-block-heading\">Quando procurar ajuda m\u00e9dica para problemas de sono?<\/h2>\n\n\n\n<p><strong>Se a dificuldade para dormir ou permanecer dormindo persistir por mais de tr\u00eas meses, ou se houver sintomas como sonol\u00eancia excessiva durante o dia, \u00e9 recomend\u00e1vel buscar orienta\u00e7\u00e3o de um profissional de sa\u00fade.<\/strong> Dist\u00farbios como ins\u00f4nia e apneia do sono podem exigir diagn\u00f3stico e tratamento espec\u00edficos.<\/p>\n\n\n\n<p><strong>O acompanhamento m\u00e9dico \u00e9 importante para identificar poss\u00edveis causas subjacentes e indicar as melhores op\u00e7\u00f5es terap\u00eauticas, garantindo a recupera\u00e7\u00e3o da qualidade de vida e do bem-estar.<\/strong><\/p>\n\n\n\n<p><strong>Adotar pr\u00e1ticas saud\u00e1veis e estar atento aos sinais do corpo s\u00e3o passos essenciais para minimizar os efeitos de uma noite mal dormida e prevenir problemas mais graves relacionados ao sono.<\/strong><\/p>\n","protected":false},"excerpt":{"rendered":"<p>Dormiu mal e precisa render no dia seguinte? Veja como recuperar energia e concentra\u00e7\u00e3o com estrat\u00e9gias simples e eficazes.<\/p>\n","protected":false},"author":3,"featured_media":59939,"comment_status":"open","ping_status":"open","sticky":false,"template":"","format":"standard","meta":{"_yoast_wpseo_focuskw":"noite mal dormida","_yoast_wpseo_title":"%%title%%","_yoast_wpseo_metadesc":"Dormiu mal e precisa render no dia seguinte? Veja como recuperar energia e concentra\u00e7\u00e3o com estrat\u00e9gias simples e eficazes.","jnews-multi-image_gallery":[],"jnews_single_post":{"format":"standard"},"jnews_primary_category":[],"jnews_social_meta":[],"jnews_override_counter":[],"footnotes":""},"categories":[112],"post_tag":[144,564,1313],"class_list":["post-59936","post","type-post","status-publish","format-standard","has-post-thumbnail","hentry","category-curiosidades","tag-curiosidades","tag-dormir","tag-sono"],"yoast_head":"<!-- This site is optimized with the Yoast SEO plugin v24.6 - https:\/\/yoast.com\/wordpress\/plugins\/seo\/ -->\n<title>O melhor jeito de se recuperar de uma noite mal dormida<\/title>\n<meta name=\"description\" content=\"Dormiu mal e precisa render no dia seguinte? Veja como recuperar energia e concentra\u00e7\u00e3o com estrat\u00e9gias simples e eficazes.\" \/>\n<meta name=\"robots\" content=\"index, follow, max-snippet:-1, max-image-preview:large, max-video-preview:-1\" \/>\n<link rel=\"canonical\" href=\"https:\/\/www.correiobraziliense.com.br\/cbradar\/o-melhor-jeito-de-se-recuperar-de-uma-noite-mal-dormida\/\" \/>\n<meta property=\"og:locale\" content=\"pt_BR\" \/>\n<meta property=\"og:type\" content=\"article\" \/>\n<meta property=\"og:title\" content=\"O melhor jeito de se recuperar de uma noite mal dormida\" \/>\n<meta property=\"og:description\" content=\"Dormiu mal e precisa render no dia seguinte? Veja como recuperar energia e concentra\u00e7\u00e3o com estrat\u00e9gias simples e eficazes.\" \/>\n<meta property=\"og:url\" content=\"https:\/\/www.correiobraziliense.com.br\/cbradar\/o-melhor-jeito-de-se-recuperar-de-uma-noite-mal-dormida\/\" \/>\n<meta property=\"og:site_name\" content=\"Correio Braziliense - Radar\" \/>\n<meta property=\"article:published_time\" content=\"2025-06-27T21:13:00+00:00\" \/>\n<meta property=\"og:image\" content=\"https:\/\/www.correiobraziliense.com.br\/cbradar\/wp-content\/uploads\/2025\/06\/pessoa-dormindo_1750938958899.jpg\" \/>\n\t<meta property=\"og:image:width\" content=\"1280\" \/>\n\t<meta property=\"og:image:height\" content=\"720\" \/>\n\t<meta property=\"og:image:type\" content=\"image\/jpeg\" \/>\n<meta name=\"author\" content=\"Larissa Carvalho\" \/>\n<meta name=\"twitter:card\" content=\"summary_large_image\" \/>\n<meta name=\"twitter:label1\" content=\"Escrito por\" \/>\n\t<meta name=\"twitter:data1\" content=\"Larissa Carvalho\" \/>\n\t<meta name=\"twitter:label2\" content=\"Est. tempo de leitura\" \/>\n\t<meta name=\"twitter:data2\" content=\"4 minutos\" \/>\n<!-- \/ Yoast SEO plugin. -->","yoast_head_json":{"title":"O melhor jeito de se recuperar de uma noite mal dormida","description":"Dormiu mal e precisa render no dia seguinte? Veja como recuperar energia e concentra\u00e7\u00e3o com estrat\u00e9gias simples e eficazes.","robots":{"index":"index","follow":"follow","max-snippet":"max-snippet:-1","max-image-preview":"max-image-preview:large","max-video-preview":"max-video-preview:-1"},"canonical":"https:\/\/www.correiobraziliense.com.br\/cbradar\/o-melhor-jeito-de-se-recuperar-de-uma-noite-mal-dormida\/","og_locale":"pt_BR","og_type":"article","og_title":"O melhor jeito de se recuperar de uma noite mal dormida","og_description":"Dormiu mal e precisa render no dia seguinte? Veja como recuperar energia e concentra\u00e7\u00e3o com estrat\u00e9gias simples e eficazes.","og_url":"https:\/\/www.correiobraziliense.com.br\/cbradar\/o-melhor-jeito-de-se-recuperar-de-uma-noite-mal-dormida\/","og_site_name":"Correio Braziliense - Radar","article_published_time":"2025-06-27T21:13:00+00:00","og_image":[{"width":1280,"height":720,"url":"https:\/\/www.correiobraziliense.com.br\/cbradar\/wp-content\/uploads\/2025\/06\/pessoa-dormindo_1750938958899.jpg","type":"image\/jpeg"}],"author":"Larissa Carvalho","twitter_card":"summary_large_image","twitter_misc":{"Escrito por":"Larissa Carvalho","Est. tempo de leitura":"4 minutos"},"schema":{"@context":"https:\/\/schema.org","@graph":[{"@type":"WebPage","@id":"https:\/\/www.correiobraziliense.com.br\/cbradar\/o-melhor-jeito-de-se-recuperar-de-uma-noite-mal-dormida\/","url":"https:\/\/www.correiobraziliense.com.br\/cbradar\/o-melhor-jeito-de-se-recuperar-de-uma-noite-mal-dormida\/","name":"O melhor jeito de se recuperar de uma noite mal dormida","isPartOf":{"@id":"https:\/\/www.correiobraziliense.com.br\/cbradar\/#website"},"primaryImageOfPage":{"@id":"https:\/\/www.correiobraziliense.com.br\/cbradar\/o-melhor-jeito-de-se-recuperar-de-uma-noite-mal-dormida\/#primaryimage"},"image":{"@id":"https:\/\/www.correiobraziliense.com.br\/cbradar\/o-melhor-jeito-de-se-recuperar-de-uma-noite-mal-dormida\/#primaryimage"},"thumbnailUrl":"https:\/\/www.correiobraziliense.com.br\/cbradar\/wp-content\/uploads\/2025\/06\/pessoa-dormindo_1750938958899.jpg","datePublished":"2025-06-27T21:13:00+00:00","author":{"@id":"https:\/\/www.correiobraziliense.com.br\/cbradar\/#\/schema\/person\/58422787644df994b53a19d3e56c1513"},"description":"Dormiu mal e precisa render no dia seguinte? Veja como recuperar energia e concentra\u00e7\u00e3o com estrat\u00e9gias simples e eficazes.","breadcrumb":{"@id":"https:\/\/www.correiobraziliense.com.br\/cbradar\/o-melhor-jeito-de-se-recuperar-de-uma-noite-mal-dormida\/#breadcrumb"},"inLanguage":"pt-BR","potentialAction":[{"@type":"ReadAction","target":["https:\/\/www.correiobraziliense.com.br\/cbradar\/o-melhor-jeito-de-se-recuperar-de-uma-noite-mal-dormida\/"]}]},{"@type":"ImageObject","inLanguage":"pt-BR","@id":"https:\/\/www.correiobraziliense.com.br\/cbradar\/o-melhor-jeito-de-se-recuperar-de-uma-noite-mal-dormida\/#primaryimage","url":"https:\/\/www.correiobraziliense.com.br\/cbradar\/wp-content\/uploads\/2025\/06\/pessoa-dormindo_1750938958899.jpg","contentUrl":"https:\/\/www.correiobraziliense.com.br\/cbradar\/wp-content\/uploads\/2025\/06\/pessoa-dormindo_1750938958899.jpg","width":1280,"height":720,"caption":"pessoa dormindo. Cr\u00e9ditos: depositphotos.com \/ AllaSerebrina"},{"@type":"BreadcrumbList","@id":"https:\/\/www.correiobraziliense.com.br\/cbradar\/o-melhor-jeito-de-se-recuperar-de-uma-noite-mal-dormida\/#breadcrumb","itemListElement":[{"@type":"ListItem","position":1,"name":"In\u00edcio","item":"https:\/\/www.correiobraziliense.com.br\/cbradar\/"},{"@type":"ListItem","position":2,"name":"O melhor jeito de se recuperar de uma noite mal dormida"}]},{"@type":"WebSite","@id":"https:\/\/www.correiobraziliense.com.br\/cbradar\/#website","url":"https:\/\/www.correiobraziliense.com.br\/cbradar\/","name":"Correio Braziliense - Radar","description":"Acompanhe as \u00faltimas not\u00edcias e fique bem informado sobre tudo o que acontece no Brasil e no mundo.","potentialAction":[{"@type":"SearchAction","target":{"@type":"EntryPoint","urlTemplate":"https:\/\/www.correiobraziliense.com.br\/cbradar\/?s={search_term_string}"},"query-input":{"@type":"PropertyValueSpecification","valueRequired":true,"valueName":"search_term_string"}}],"inLanguage":"pt-BR"},{"@type":"Person","@id":"https:\/\/www.correiobraziliense.com.br\/cbradar\/#\/schema\/person\/58422787644df994b53a19d3e56c1513","name":"Larissa Carvalho","image":{"@type":"ImageObject","inLanguage":"pt-BR","@id":"https:\/\/www.correiobraziliense.com.br\/cbradar\/#\/schema\/person\/image\/","url":"https:\/\/secure.gravatar.com\/avatar\/fe4f91a0de32b52a838d0d612abdc1aa?s=96&d=mm&r=g","contentUrl":"https:\/\/secure.gravatar.com\/avatar\/fe4f91a0de32b52a838d0d612abdc1aa?s=96&d=mm&r=g","caption":"Larissa Carvalho"},"url":"https:\/\/www.correiobraziliense.com.br\/cbradar\/author\/larissamyth\/"}]}},"_links":{"self":[{"href":"https:\/\/www.correiobraziliense.com.br\/cbradar\/wp-json\/wp\/v2\/posts\/59936","targetHints":{"allow":["GET"]}}],"collection":[{"href":"https:\/\/www.correiobraziliense.com.br\/cbradar\/wp-json\/wp\/v2\/posts"}],"about":[{"href":"https:\/\/www.correiobraziliense.com.br\/cbradar\/wp-json\/wp\/v2\/types\/post"}],"author":[{"embeddable":true,"href":"https:\/\/www.correiobraziliense.com.br\/cbradar\/wp-json\/wp\/v2\/users\/3"}],"replies":[{"embeddable":true,"href":"https:\/\/www.correiobraziliense.com.br\/cbradar\/wp-json\/wp\/v2\/comments?post=59936"}],"version-history":[{"count":2,"href":"https:\/\/www.correiobraziliense.com.br\/cbradar\/wp-json\/wp\/v2\/posts\/59936\/revisions"}],"predecessor-version":[{"id":59944,"href":"https:\/\/www.correiobraziliense.com.br\/cbradar\/wp-json\/wp\/v2\/posts\/59936\/revisions\/59944"}],"wp:featuredmedia":[{"embeddable":true,"href":"https:\/\/www.correiobraziliense.com.br\/cbradar\/wp-json\/wp\/v2\/media\/59939"}],"wp:attachment":[{"href":"https:\/\/www.correiobraziliense.com.br\/cbradar\/wp-json\/wp\/v2\/media?parent=59936"}],"wp:term":[{"taxonomy":"category","embeddable":true,"href":"https:\/\/www.correiobraziliense.com.br\/cbradar\/wp-json\/wp\/v2\/categories?post=59936"},{"taxonomy":"post_tag","embeddable":true,"href":"https:\/\/www.correiobraziliense.com.br\/cbradar\/wp-json\/wp\/v2\/post_tag?post=59936"}],"curies":[{"name":"wp","href":"https:\/\/api.w.org\/{rel}","templated":true}]}}