{"id":59965,"date":"2025-06-26T09:13:57","date_gmt":"2025-06-26T12:13:57","guid":{"rendered":"https:\/\/www.correiobraziliense.com.br\/cbradar\/?p=59965"},"modified":"2025-07-05T19:06:54","modified_gmt":"2025-07-05T22:06:54","slug":"acordar-exatamente-neste-horario-deixa-voce-mais-feliz-veja-qual","status":"publish","type":"post","link":"https:\/\/www.correiobraziliense.com.br\/cbradar\/acordar-exatamente-neste-horario-deixa-voce-mais-feliz-veja-qual\/","title":{"rendered":"Acordar exatamente neste hor\u00e1rio deixa voc\u00ea mais feliz, veja qual"},"content":{"rendered":"\n<p>Estudos em <strong>cronobiologia<\/strong> mostram que acordar ao nascer do sol, entre 5h30 e 7h, pode aumentar a produ\u00e7\u00e3o de endorfinas e melhorar o humor. Alinhar a rotina com a luz natural estimula o bem-estar e traz energia logo nas primeiras horas do dia.<\/p>\n\n\n\n<p>Culturas como a japonesa j\u00e1 praticam esse h\u00e1bito h\u00e1 s\u00e9culos, e pesquisas confirmam que sincronizar o corpo com o ritmo do sol favorece clareza mental e pode at\u00e9 prolongar a expectativa de vida.<\/p>\n\n\n\n<h2 class=\"wp-block-heading\">Por que o hor\u00e1rio em que voc\u00ea acorda faz tanta diferen\u00e7a?<\/h2>\n\n\n\n<p>Levantar-se cedo, especialmente ao amanhecer, regula o <strong>ritmo circadiano<\/strong> e favorece o equil\u00edbrio biol\u00f3gico, promovendo sa\u00fade mental e f\u00edsica. A exposi\u00e7\u00e3o \u00e0 luz natural no in\u00edcio do dia melhora sono, disposi\u00e7\u00e3o e humor.<\/p>\n\n\n\n<p>No Jap\u00e3o, \u00e9 comum acordar \u00e0s 5h30 no ver\u00e3o e \u00e0s 7h no inverno, valorizando um in\u00edcio de dia tranquilo para influenciar positivamente o restante da rotina.<\/p>\n\n\n\n<h2 class=\"wp-block-heading\">Quais rituais das manh\u00e3s japonesas contribuem para o bem-estar?<\/h2>\n\n\n\n<ul class=\"wp-block-list\">\n<li>Pr\u00e1ticas calmas, como caligrafia e ch\u00e1 verde, ajudam a come\u00e7ar o dia com foco e serenidade.<\/li>\n\n\n\n<li>Alguns japoneses adotam o sono segmentado: dividem o descanso em duas partes para potencializar a recupera\u00e7\u00e3o.<\/li>\n<\/ul>\n\n\n\n<p>Curiosidade: mesmo com menos horas de sono total, essa divis\u00e3o pode proporcionar descanso profundo e restaurador, segundo relatos e pesquisas locais.<\/p>\n\n\n\n<figure class=\"wp-block-image size-large\"><img decoding=\"async\" width=\"1024\" height=\"576\" src=\"https:\/\/www.correiobraziliense.com.br\/cbradar\/wp-content\/uploads\/2025\/06\/pessoa-dormindo_1750939990455-1024x576.jpg\" alt=\"Acordar exatamente neste hor\u00e1rio deixa voc\u00ea mais feliz, veja qual\" class=\"wp-image-59968\" srcset=\"https:\/\/www.correiobraziliense.com.br\/cbradar\/wp-content\/uploads\/2025\/06\/pessoa-dormindo_1750939990455-1024x576.jpg 1024w, https:\/\/www.correiobraziliense.com.br\/cbradar\/wp-content\/uploads\/2025\/06\/pessoa-dormindo_1750939990455-300x169.jpg 300w, https:\/\/www.correiobraziliense.com.br\/cbradar\/wp-content\/uploads\/2025\/06\/pessoa-dormindo_1750939990455-768x432.jpg 768w, https:\/\/www.correiobraziliense.com.br\/cbradar\/wp-content\/uploads\/2025\/06\/pessoa-dormindo_1750939990455-750x422.jpg 750w, https:\/\/www.correiobraziliense.com.br\/cbradar\/wp-content\/uploads\/2025\/06\/pessoa-dormindo_1750939990455-1140x641.jpg 1140w, https:\/\/www.correiobraziliense.com.br\/cbradar\/wp-content\/uploads\/2025\/06\/pessoa-dormindo_1750939990455.jpg 1280w\" sizes=\"(max-width: 1024px) 100vw, 1024px\" \/><figcaption class=\"wp-element-caption\">pessoa dormindo. Cr\u00e9ditos: depositphotos.com \/ gpointstudio<\/figcaption><\/figure>\n\n\n\n<h2 class=\"wp-block-heading\">Como ajustar seu sono para acordar mais cedo sem perder qualidade?<\/h2>\n\n\n\n<p>Adiante o hor\u00e1rio de dormir em 10 a 15 minutos por noite e evite telas antes de deitar. Relaxar com leitura ou alongamentos favorece a transi\u00e7\u00e3o para o sono.<\/p>\n\n\n\n<p>Conhe\u00e7a seu <strong>cronotipo<\/strong>: nem todos se adaptam ao mesmo hor\u00e1rio. O importante \u00e9 encontrar o ritmo que equilibra energia, disposi\u00e7\u00e3o e bem-estar ao longo do dia.<\/p>\n","protected":false},"excerpt":{"rendered":"<p>O hor\u00e1rio em que voc\u00ea acorda influencia sua energia e sa\u00fade. Descubra os benef\u00edcios de seguir o ritmo do sol e como adaptar sua rotina.<\/p>\n","protected":false},"author":3,"featured_media":59966,"comment_status":"open","ping_status":"open","sticky":false,"template":"","format":"standard","meta":{"jnews-multi-image_gallery":[],"jnews_single_post":{"format":"standard"},"jnews_primary_category":[],"jnews_social_meta":[],"jnews_override_counter":[],"footnotes":""},"categories":[112],"post_tag":[6912,144,1313],"class_list":["post-59965","post","type-post","status-publish","format-standard","has-post-thumbnail","hentry","category-curiosidades","tag-acordar","tag-curiosidades","tag-sono"],"yoast_head":"<!-- This site is optimized with the Yoast SEO plugin v24.6 - https:\/\/yoast.com\/wordpress\/plugins\/seo\/ -->\n<title>Acordar exatamente neste hor\u00e1rio deixa voc\u00ea mais feliz, veja qual<\/title>\n<meta name=\"description\" content=\"O hor\u00e1rio em que voc\u00ea acorda influencia sua energia e sa\u00fade. Descubra os benef\u00edcios de seguir o ritmo do sol e como adaptar sua rotina.\" \/>\n<meta name=\"robots\" content=\"index, follow, max-snippet:-1, max-image-preview:large, max-video-preview:-1\" \/>\n<link rel=\"canonical\" href=\"https:\/\/www.correiobraziliense.com.br\/cbradar\/acordar-exatamente-neste-horario-deixa-voce-mais-feliz-veja-qual\/\" \/>\n<meta property=\"og:locale\" content=\"pt_BR\" \/>\n<meta property=\"og:type\" content=\"article\" \/>\n<meta property=\"og:title\" content=\"Acordar exatamente neste hor\u00e1rio deixa voc\u00ea mais feliz, veja qual\" \/>\n<meta property=\"og:description\" content=\"O hor\u00e1rio em que voc\u00ea acorda influencia sua energia e sa\u00fade. Descubra os benef\u00edcios de seguir o ritmo do sol e como adaptar sua rotina.\" \/>\n<meta property=\"og:url\" content=\"https:\/\/www.correiobraziliense.com.br\/cbradar\/acordar-exatamente-neste-horario-deixa-voce-mais-feliz-veja-qual\/\" \/>\n<meta property=\"og:site_name\" content=\"Correio Braziliense - Radar\" \/>\n<meta property=\"article:published_time\" content=\"2025-06-26T12:13:57+00:00\" \/>\n<meta property=\"article:modified_time\" content=\"2025-07-05T22:06:54+00:00\" \/>\n<meta property=\"og:image\" content=\"https:\/\/www.correiobraziliense.com.br\/cbradar\/wp-content\/uploads\/2025\/06\/pessoa-dormindo_1750939970450.jpg\" \/>\n\t<meta property=\"og:image:width\" content=\"1280\" \/>\n\t<meta property=\"og:image:height\" content=\"720\" \/>\n\t<meta property=\"og:image:type\" content=\"image\/jpeg\" \/>\n<meta name=\"author\" content=\"Larissa Carvalho\" \/>\n<meta name=\"twitter:card\" content=\"summary_large_image\" \/>\n<meta name=\"twitter:label1\" content=\"Escrito por\" \/>\n\t<meta name=\"twitter:data1\" content=\"Larissa Carvalho\" \/>\n\t<meta name=\"twitter:label2\" content=\"Est. tempo de leitura\" \/>\n\t<meta name=\"twitter:data2\" content=\"2 minutos\" \/>\n<!-- \/ Yoast SEO plugin. -->","yoast_head_json":{"title":"Acordar exatamente neste hor\u00e1rio deixa voc\u00ea mais feliz, veja qual","description":"O hor\u00e1rio em que voc\u00ea acorda influencia sua energia e sa\u00fade. Descubra os benef\u00edcios de seguir o ritmo do sol e como adaptar sua rotina.","robots":{"index":"index","follow":"follow","max-snippet":"max-snippet:-1","max-image-preview":"max-image-preview:large","max-video-preview":"max-video-preview:-1"},"canonical":"https:\/\/www.correiobraziliense.com.br\/cbradar\/acordar-exatamente-neste-horario-deixa-voce-mais-feliz-veja-qual\/","og_locale":"pt_BR","og_type":"article","og_title":"Acordar exatamente neste hor\u00e1rio deixa voc\u00ea mais feliz, veja qual","og_description":"O hor\u00e1rio em que voc\u00ea acorda influencia sua energia e sa\u00fade. Descubra os benef\u00edcios de seguir o ritmo do sol e como adaptar sua rotina.","og_url":"https:\/\/www.correiobraziliense.com.br\/cbradar\/acordar-exatamente-neste-horario-deixa-voce-mais-feliz-veja-qual\/","og_site_name":"Correio Braziliense - Radar","article_published_time":"2025-06-26T12:13:57+00:00","article_modified_time":"2025-07-05T22:06:54+00:00","og_image":[{"width":1280,"height":720,"url":"https:\/\/www.correiobraziliense.com.br\/cbradar\/wp-content\/uploads\/2025\/06\/pessoa-dormindo_1750939970450.jpg","type":"image\/jpeg"}],"author":"Larissa Carvalho","twitter_card":"summary_large_image","twitter_misc":{"Escrito por":"Larissa Carvalho","Est. tempo de leitura":"2 minutos"},"schema":{"@context":"https:\/\/schema.org","@graph":[{"@type":"WebPage","@id":"https:\/\/www.correiobraziliense.com.br\/cbradar\/acordar-exatamente-neste-horario-deixa-voce-mais-feliz-veja-qual\/","url":"https:\/\/www.correiobraziliense.com.br\/cbradar\/acordar-exatamente-neste-horario-deixa-voce-mais-feliz-veja-qual\/","name":"Acordar exatamente neste hor\u00e1rio deixa voc\u00ea mais feliz, veja qual","isPartOf":{"@id":"https:\/\/www.correiobraziliense.com.br\/cbradar\/#website"},"primaryImageOfPage":{"@id":"https:\/\/www.correiobraziliense.com.br\/cbradar\/acordar-exatamente-neste-horario-deixa-voce-mais-feliz-veja-qual\/#primaryimage"},"image":{"@id":"https:\/\/www.correiobraziliense.com.br\/cbradar\/acordar-exatamente-neste-horario-deixa-voce-mais-feliz-veja-qual\/#primaryimage"},"thumbnailUrl":"https:\/\/www.correiobraziliense.com.br\/cbradar\/wp-content\/uploads\/2025\/06\/pessoa-dormindo_1750939970450.jpg","datePublished":"2025-06-26T12:13:57+00:00","dateModified":"2025-07-05T22:06:54+00:00","author":{"@id":"https:\/\/www.correiobraziliense.com.br\/cbradar\/#\/schema\/person\/58422787644df994b53a19d3e56c1513"},"description":"O hor\u00e1rio em que voc\u00ea acorda influencia sua energia e sa\u00fade. Descubra os benef\u00edcios de seguir o ritmo do sol e como adaptar sua rotina.","breadcrumb":{"@id":"https:\/\/www.correiobraziliense.com.br\/cbradar\/acordar-exatamente-neste-horario-deixa-voce-mais-feliz-veja-qual\/#breadcrumb"},"inLanguage":"pt-BR","potentialAction":[{"@type":"ReadAction","target":["https:\/\/www.correiobraziliense.com.br\/cbradar\/acordar-exatamente-neste-horario-deixa-voce-mais-feliz-veja-qual\/"]}]},{"@type":"ImageObject","inLanguage":"pt-BR","@id":"https:\/\/www.correiobraziliense.com.br\/cbradar\/acordar-exatamente-neste-horario-deixa-voce-mais-feliz-veja-qual\/#primaryimage","url":"https:\/\/www.correiobraziliense.com.br\/cbradar\/wp-content\/uploads\/2025\/06\/pessoa-dormindo_1750939970450.jpg","contentUrl":"https:\/\/www.correiobraziliense.com.br\/cbradar\/wp-content\/uploads\/2025\/06\/pessoa-dormindo_1750939970450.jpg","width":1280,"height":720,"caption":"pessoa dormindo. Cr\u00e9ditos: depositphotos.com \/ AndrewLozovyi"},{"@type":"BreadcrumbList","@id":"https:\/\/www.correiobraziliense.com.br\/cbradar\/acordar-exatamente-neste-horario-deixa-voce-mais-feliz-veja-qual\/#breadcrumb","itemListElement":[{"@type":"ListItem","position":1,"name":"In\u00edcio","item":"https:\/\/www.correiobraziliense.com.br\/cbradar\/"},{"@type":"ListItem","position":2,"name":"Acordar exatamente neste hor\u00e1rio deixa voc\u00ea mais feliz, veja qual"}]},{"@type":"WebSite","@id":"https:\/\/www.correiobraziliense.com.br\/cbradar\/#website","url":"https:\/\/www.correiobraziliense.com.br\/cbradar\/","name":"Correio Braziliense - Radar","description":"Acompanhe as \u00faltimas not\u00edcias e fique bem informado sobre tudo o que acontece no Brasil e no mundo.","potentialAction":[{"@type":"SearchAction","target":{"@type":"EntryPoint","urlTemplate":"https:\/\/www.correiobraziliense.com.br\/cbradar\/?s={search_term_string}"},"query-input":{"@type":"PropertyValueSpecification","valueRequired":true,"valueName":"search_term_string"}}],"inLanguage":"pt-BR"},{"@type":"Person","@id":"https:\/\/www.correiobraziliense.com.br\/cbradar\/#\/schema\/person\/58422787644df994b53a19d3e56c1513","name":"Larissa Carvalho","image":{"@type":"ImageObject","inLanguage":"pt-BR","@id":"https:\/\/www.correiobraziliense.com.br\/cbradar\/#\/schema\/person\/image\/","url":"https:\/\/secure.gravatar.com\/avatar\/fe4f91a0de32b52a838d0d612abdc1aa?s=96&d=mm&r=g","contentUrl":"https:\/\/secure.gravatar.com\/avatar\/fe4f91a0de32b52a838d0d612abdc1aa?s=96&d=mm&r=g","caption":"Larissa Carvalho"},"url":"https:\/\/www.correiobraziliense.com.br\/cbradar\/author\/larissamyth\/"}]}},"_links":{"self":[{"href":"https:\/\/www.correiobraziliense.com.br\/cbradar\/wp-json\/wp\/v2\/posts\/59965","targetHints":{"allow":["GET"]}}],"collection":[{"href":"https:\/\/www.correiobraziliense.com.br\/cbradar\/wp-json\/wp\/v2\/posts"}],"about":[{"href":"https:\/\/www.correiobraziliense.com.br\/cbradar\/wp-json\/wp\/v2\/types\/post"}],"author":[{"embeddable":true,"href":"https:\/\/www.correiobraziliense.com.br\/cbradar\/wp-json\/wp\/v2\/users\/3"}],"replies":[{"embeddable":true,"href":"https:\/\/www.correiobraziliense.com.br\/cbradar\/wp-json\/wp\/v2\/comments?post=59965"}],"version-history":[{"count":1,"href":"https:\/\/www.correiobraziliense.com.br\/cbradar\/wp-json\/wp\/v2\/posts\/59965\/revisions"}],"predecessor-version":[{"id":59971,"href":"https:\/\/www.correiobraziliense.com.br\/cbradar\/wp-json\/wp\/v2\/posts\/59965\/revisions\/59971"}],"wp:featuredmedia":[{"embeddable":true,"href":"https:\/\/www.correiobraziliense.com.br\/cbradar\/wp-json\/wp\/v2\/media\/59966"}],"wp:attachment":[{"href":"https:\/\/www.correiobraziliense.com.br\/cbradar\/wp-json\/wp\/v2\/media?parent=59965"}],"wp:term":[{"taxonomy":"category","embeddable":true,"href":"https:\/\/www.correiobraziliense.com.br\/cbradar\/wp-json\/wp\/v2\/categories?post=59965"},{"taxonomy":"post_tag","embeddable":true,"href":"https:\/\/www.correiobraziliense.com.br\/cbradar\/wp-json\/wp\/v2\/post_tag?post=59965"}],"curies":[{"name":"wp","href":"https:\/\/api.w.org\/{rel}","templated":true}]}}