{"id":60284,"date":"2025-06-27T14:37:29","date_gmt":"2025-06-27T17:37:29","guid":{"rendered":"https:\/\/www.correiobraziliense.com.br\/cbradar\/?p=60284"},"modified":"2025-06-27T14:37:31","modified_gmt":"2025-06-27T17:37:31","slug":"como-plantar-pimentao-em-vasos-e-colher-o-ano-inteiro","status":"publish","type":"post","link":"https:\/\/www.correiobraziliense.com.br\/cbradar\/como-plantar-pimentao-em-vasos-e-colher-o-ano-inteiro\/","title":{"rendered":"Como plantar piment\u00e3o em vasos e colher o ano inteiro"},"content":{"rendered":"\n<p>Ter um p\u00e9 de piment\u00e3o crescendo em vaso \u00e9 uma alternativa pr\u00e1tica para quem deseja colher hortali\u00e7as frescas sem precisar de um grande espa\u00e7o. Essa t\u00e9cnica de cultivo dom\u00e9stico tem ganhado espa\u00e7o entre moradores de apartamentos e casas com \u00e1reas reduzidas, pois permite o aproveitamento de varandas, sacadas e at\u00e9 janelas bem iluminadas. O piment\u00e3o, al\u00e9m de ser um ingrediente vers\u00e1til na cozinha, destaca-se pelo valor nutricional e pelas cores vivas que trazem beleza ao ambiente.<\/p>\n\n\n\n<p>O plantio em vaso oferece autonomia sobre o manejo da planta, facilitando o controle de pragas e a escolha de insumos naturais. Com alguns cuidados b\u00e1sicos, \u00e9 poss\u00edvel obter frutos de qualidade, livres de res\u00edduos qu\u00edmicos, e ainda estimular h\u00e1bitos alimentares mais saud\u00e1veis. A seguir, veja como transformar pequenos espa\u00e7os em verdadeiras hortas urbanas com o cultivo de piment\u00e3o em vaso.<\/p>\n\n\n\n<h2 class=\"wp-block-heading\">Por que cultivar piment\u00e3o em vaso \u00e9 vantajoso?<\/h2>\n\n\n\n<p>O piment\u00e3o \u00e9 fonte de <strong>vitaminas C e A<\/strong>, fibras e antioxidantes, contribuindo para uma alimenta\u00e7\u00e3o equilibrada. O cultivo em vaso apresenta vantagens que v\u00e3o al\u00e9m da praticidade:<\/p>\n\n\n\n<ul class=\"wp-block-list\">\n<li>Permite o aproveitamento de \u00e1reas pequenas;<\/li>\n\n\n\n<li>Garante acesso a frutos frescos e livres de agrot\u00f3xicos;<\/li>\n\n\n\n<li>Reduz a necessidade de compras frequentes no mercado;<\/li>\n\n\n\n<li>Favorece o consumo de alimentos mais naturais;<\/li>\n\n\n\n<li>Decora o ambiente com plantas de folhas verdes e frutos coloridos.<\/li>\n<\/ul>\n\n\n\n<p>Al\u00e9m disso, cuidar de uma horta caseira pode ser uma atividade relaxante e educativa, incentivando o contato com a natureza mesmo em centros urbanos.<\/p>\n\n\n\n<h2 class=\"wp-block-heading\">Como plantar piment\u00e3o em vaso? Veja o passo a passo<\/h2>\n\n\n\n<p>Para iniciar o cultivo, \u00e9 importante selecionar um vaso com pelo menos 30 cent\u00edmetros de profundidade e di\u00e2metro, o que permite o desenvolvimento adequado das ra\u00edzes. O substrato deve ser leve e f\u00e9rtil, podendo ser feito com terra vegetal, areia e mat\u00e9ria org\u00e2nica.<\/p>\n\n\n\n<ol class=\"wp-block-list\">\n<li>Coloque uma camada de pedrinhas ou argila expandida no fundo do vaso para facilitar a drenagem.<\/li>\n\n\n\n<li>Preencha com o substrato, deixando alguns cent\u00edmetros livres na borda.<\/li>\n\n\n\n<li>Plante sementes ou mudas de piment\u00e3o, mantendo uma dist\u00e2ncia m\u00ednima entre elas.<\/li>\n\n\n\n<li>Regue de forma moderada, apenas para umedecer o solo.<\/li>\n\n\n\n<li>Posicione o vaso em local que receba luz solar direta por pelo menos seis horas di\u00e1rias.<\/li>\n<\/ol>\n\n\n\n<p>As sementes podem ser retiradas de frutos maduros ou adquiridas em lojas especializadas. Ap\u00f3s a germina\u00e7\u00e3o, as mudas devem ser transplantadas para o vaso definitivo quando atingirem cerca de 10 cent\u00edmetros de altura.<\/p>\n\n\n\n<figure class=\"wp-block-image size-large\"><img decoding=\"async\" width=\"1024\" height=\"576\" src=\"https:\/\/www.correiobraziliense.com.br\/cbradar\/wp-content\/uploads\/2025\/04\/pimentao_1744285093124-1024x576.jpg\" alt=\"Como plantar piment\u00e3o em vaso e colher o ano inteiro\n\" class=\"wp-image-21699\" srcset=\"https:\/\/www.correiobraziliense.com.br\/cbradar\/wp-content\/uploads\/2025\/04\/pimentao_1744285093124-1024x576.jpg 1024w, https:\/\/www.correiobraziliense.com.br\/cbradar\/wp-content\/uploads\/2025\/04\/pimentao_1744285093124-300x169.jpg 300w, https:\/\/www.correiobraziliense.com.br\/cbradar\/wp-content\/uploads\/2025\/04\/pimentao_1744285093124-768x432.jpg 768w, https:\/\/www.correiobraziliense.com.br\/cbradar\/wp-content\/uploads\/2025\/04\/pimentao_1744285093124-750x422.jpg 750w, https:\/\/www.correiobraziliense.com.br\/cbradar\/wp-content\/uploads\/2025\/04\/pimentao_1744285093124-1140x641.jpg 1140w, https:\/\/www.correiobraziliense.com.br\/cbradar\/wp-content\/uploads\/2025\/04\/pimentao_1744285093124.jpg 1280w\" sizes=\"(max-width: 1024px) 100vw, 1024px\" \/><figcaption class=\"wp-element-caption\">piment\u00e3o. Cr\u00e9ditos: depositphotos.com \/ fudio<\/figcaption><\/figure>\n\n\n\n<h2 class=\"wp-block-heading\">Quais cuidados s\u00e3o essenciais para o piment\u00e3o em vaso?<\/h2>\n\n\n\n<p>Manter o solo levemente \u00famido \u00e9 fundamental, evitando o excesso de \u00e1gua que pode causar apodrecimento das ra\u00edzes. A aduba\u00e7\u00e3o peri\u00f3dica, com compostos org\u00e2nicos ou fertilizantes ricos em f\u00f3sforo e pot\u00e1ssio, estimula o crescimento e a frutifica\u00e7\u00e3o. Recomenda-se podar folhas secas e galhos fr\u00e1geis para melhorar a circula\u00e7\u00e3o de ar e prevenir doen\u00e7as.<\/p>\n\n\n\n<p>O uso de tutores pode ser necess\u00e1rio quando a planta cresce e come\u00e7a a produzir frutos mais pesados. A exposi\u00e7\u00e3o ao sol pleno \u00e9 indispens\u00e1vel para que o piment\u00e3o desenvolva sabor e colora\u00e7\u00e3o adequados. Para evitar pragas, como pulg\u00f5es e \u00e1caros, \u00e9 indicado fazer inspe\u00e7\u00f5es regulares e utilizar solu\u00e7\u00f5es naturais, como \u00f3leo de neem, quando necess\u00e1rio.<\/p>\n\n\n\n<h2 class=\"wp-block-heading\">Quanto tempo demora para colher piment\u00e3o plantado em vaso?<\/h2>\n\n\n\n<p>O ciclo do piment\u00e3o, desde o plantio das sementes at\u00e9 a colheita dos primeiros frutos, costuma variar entre 70 e 90 dias. Ap\u00f3s esse per\u00edodo, a planta pode continuar produzindo por v\u00e1rios meses, especialmente se receber aduba\u00e7\u00e3o regular e cuidados com a rega e a luminosidade. A colheita deve ser feita quando os frutos atingirem o tamanho e a cor caracter\u00edsticos da variedade escolhida, utilizando tesoura para evitar danos aos ramos.<\/p>\n\n\n\n<h2 class=\"wp-block-heading\">\u00c9 poss\u00edvel colher piment\u00e3o o ano inteiro?<\/h2>\n\n\n\n<p>Embora o piment\u00e3o tenha melhor desempenho nas esta\u00e7\u00f5es mais quentes, o cultivo em vaso permite prolongar a produ\u00e7\u00e3o com pr\u00e1ticas simples. Manter o vaso em local protegido, refor\u00e7ar a aduba\u00e7\u00e3o e realizar podas frequentes s\u00e3o estrat\u00e9gias que favorecem a flora\u00e7\u00e3o e a frutifica\u00e7\u00e3o cont\u00ednuas. Em regi\u00f5es de clima ameno, \u00e9 poss\u00edvel colher piment\u00f5es quase durante todo o ano, aproveitando ao m\u00e1ximo o potencial da planta em ambientes dom\u00e9sticos.<\/p>\n","protected":false},"excerpt":{"rendered":"<p>Tudo sobre como plantar piment\u00e3o em vaso: vantagens, passo a passo, cuidados e dicas para colher piment\u00e3o fresco e saud\u00e1vel em pequenos espa\u00e7os.<\/p>\n","protected":false},"author":3,"featured_media":8582,"comment_status":"open","ping_status":"open","sticky":false,"template":"","format":"standard","meta":{"_yoast_wpseo_focuskw":"plantar piment\u00e3o","_yoast_wpseo_title":"%%title%%","_yoast_wpseo_metadesc":"Tudo sobre como plantar piment\u00e3o em vaso: vantagens, passo a passo, cuidados e dicas para colher piment\u00e3o fresco e saud\u00e1vel em pequenos espa\u00e7os.","jnews-multi-image_gallery":[],"jnews_single_post":{"format":"standard"},"jnews_primary_category":[],"jnews_social_meta":[],"jnews_override_counter":[],"footnotes":""},"categories":[136],"post_tag":[137,329],"class_list":["post-60284","post","type-post","status-publish","format-standard","has-post-thumbnail","hentry","category-jardinagem","tag-como-plantar","tag-jardinagem"],"yoast_head":"<!-- This site is optimized with the Yoast SEO plugin v24.6 - https:\/\/yoast.com\/wordpress\/plugins\/seo\/ -->\n<title>Como plantar piment\u00e3o em vasos e colher o ano inteiro<\/title>\n<meta name=\"description\" content=\"Tudo sobre como plantar piment\u00e3o em vaso: vantagens, passo a passo, cuidados e dicas para colher piment\u00e3o fresco e saud\u00e1vel em pequenos espa\u00e7os.\" \/>\n<meta name=\"robots\" content=\"index, follow, max-snippet:-1, max-image-preview:large, max-video-preview:-1\" \/>\n<link rel=\"canonical\" href=\"https:\/\/www.correiobraziliense.com.br\/cbradar\/como-plantar-pimentao-em-vasos-e-colher-o-ano-inteiro\/\" \/>\n<meta property=\"og:locale\" content=\"pt_BR\" \/>\n<meta property=\"og:type\" content=\"article\" \/>\n<meta property=\"og:title\" content=\"Como plantar piment\u00e3o em vasos e colher o ano inteiro\" \/>\n<meta property=\"og:description\" content=\"Tudo sobre como plantar piment\u00e3o em vaso: vantagens, passo a passo, cuidados e dicas para colher piment\u00e3o fresco e saud\u00e1vel em pequenos espa\u00e7os.\" \/>\n<meta property=\"og:url\" content=\"https:\/\/www.correiobraziliense.com.br\/cbradar\/como-plantar-pimentao-em-vasos-e-colher-o-ano-inteiro\/\" \/>\n<meta property=\"og:site_name\" content=\"Correio Braziliense - Radar\" \/>\n<meta property=\"article:published_time\" content=\"2025-06-27T17:37:29+00:00\" \/>\n<meta property=\"article:modified_time\" content=\"2025-06-27T17:37:31+00:00\" \/>\n<meta property=\"og:image\" content=\"https:\/\/www.correiobraziliense.com.br\/cbradar\/wp-content\/uploads\/2025\/03\/pimentao_1741025459983.jpg\" \/>\n\t<meta property=\"og:image:width\" content=\"1280\" \/>\n\t<meta property=\"og:image:height\" content=\"720\" \/>\n\t<meta property=\"og:image:type\" content=\"image\/jpeg\" \/>\n<meta name=\"author\" content=\"Larissa Carvalho\" \/>\n<meta name=\"twitter:card\" content=\"summary_large_image\" \/>\n<meta name=\"twitter:label1\" content=\"Escrito por\" \/>\n\t<meta name=\"twitter:data1\" content=\"Larissa Carvalho\" \/>\n\t<meta name=\"twitter:label2\" content=\"Est. tempo de leitura\" \/>\n\t<meta name=\"twitter:data2\" content=\"5 minutos\" \/>\n<!-- \/ Yoast SEO plugin. -->","yoast_head_json":{"title":"Como plantar piment\u00e3o em vasos e colher o ano inteiro","description":"Tudo sobre como plantar piment\u00e3o em vaso: vantagens, passo a passo, cuidados e dicas para colher piment\u00e3o fresco e saud\u00e1vel em pequenos espa\u00e7os.","robots":{"index":"index","follow":"follow","max-snippet":"max-snippet:-1","max-image-preview":"max-image-preview:large","max-video-preview":"max-video-preview:-1"},"canonical":"https:\/\/www.correiobraziliense.com.br\/cbradar\/como-plantar-pimentao-em-vasos-e-colher-o-ano-inteiro\/","og_locale":"pt_BR","og_type":"article","og_title":"Como plantar piment\u00e3o em vasos e colher o ano inteiro","og_description":"Tudo sobre como plantar piment\u00e3o em vaso: vantagens, passo a passo, cuidados e dicas para colher piment\u00e3o fresco e saud\u00e1vel em pequenos espa\u00e7os.","og_url":"https:\/\/www.correiobraziliense.com.br\/cbradar\/como-plantar-pimentao-em-vasos-e-colher-o-ano-inteiro\/","og_site_name":"Correio Braziliense - Radar","article_published_time":"2025-06-27T17:37:29+00:00","article_modified_time":"2025-06-27T17:37:31+00:00","og_image":[{"width":1280,"height":720,"url":"https:\/\/www.correiobraziliense.com.br\/cbradar\/wp-content\/uploads\/2025\/03\/pimentao_1741025459983.jpg","type":"image\/jpeg"}],"author":"Larissa Carvalho","twitter_card":"summary_large_image","twitter_misc":{"Escrito por":"Larissa Carvalho","Est. tempo de leitura":"5 minutos"},"schema":{"@context":"https:\/\/schema.org","@graph":[{"@type":"WebPage","@id":"https:\/\/www.correiobraziliense.com.br\/cbradar\/como-plantar-pimentao-em-vasos-e-colher-o-ano-inteiro\/","url":"https:\/\/www.correiobraziliense.com.br\/cbradar\/como-plantar-pimentao-em-vasos-e-colher-o-ano-inteiro\/","name":"Como plantar piment\u00e3o em vasos e colher o ano inteiro","isPartOf":{"@id":"https:\/\/www.correiobraziliense.com.br\/cbradar\/#website"},"primaryImageOfPage":{"@id":"https:\/\/www.correiobraziliense.com.br\/cbradar\/como-plantar-pimentao-em-vasos-e-colher-o-ano-inteiro\/#primaryimage"},"image":{"@id":"https:\/\/www.correiobraziliense.com.br\/cbradar\/como-plantar-pimentao-em-vasos-e-colher-o-ano-inteiro\/#primaryimage"},"thumbnailUrl":"https:\/\/www.correiobraziliense.com.br\/cbradar\/wp-content\/uploads\/2025\/03\/pimentao_1741025459983.jpg","datePublished":"2025-06-27T17:37:29+00:00","dateModified":"2025-06-27T17:37:31+00:00","author":{"@id":"https:\/\/www.correiobraziliense.com.br\/cbradar\/#\/schema\/person\/58422787644df994b53a19d3e56c1513"},"description":"Tudo sobre como plantar piment\u00e3o em vaso: vantagens, passo a passo, cuidados e dicas para colher piment\u00e3o fresco e saud\u00e1vel em pequenos espa\u00e7os.","breadcrumb":{"@id":"https:\/\/www.correiobraziliense.com.br\/cbradar\/como-plantar-pimentao-em-vasos-e-colher-o-ano-inteiro\/#breadcrumb"},"inLanguage":"pt-BR","potentialAction":[{"@type":"ReadAction","target":["https:\/\/www.correiobraziliense.com.br\/cbradar\/como-plantar-pimentao-em-vasos-e-colher-o-ano-inteiro\/"]}]},{"@type":"ImageObject","inLanguage":"pt-BR","@id":"https:\/\/www.correiobraziliense.com.br\/cbradar\/como-plantar-pimentao-em-vasos-e-colher-o-ano-inteiro\/#primaryimage","url":"https:\/\/www.correiobraziliense.com.br\/cbradar\/wp-content\/uploads\/2025\/03\/pimentao_1741025459983.jpg","contentUrl":"https:\/\/www.correiobraziliense.com.br\/cbradar\/wp-content\/uploads\/2025\/03\/pimentao_1741025459983.jpg","width":1280,"height":720,"caption":"Piment\u00e3o. Cr\u00e9ditos: depositphotos.com \/ VadimVasenin"},{"@type":"BreadcrumbList","@id":"https:\/\/www.correiobraziliense.com.br\/cbradar\/como-plantar-pimentao-em-vasos-e-colher-o-ano-inteiro\/#breadcrumb","itemListElement":[{"@type":"ListItem","position":1,"name":"In\u00edcio","item":"https:\/\/www.correiobraziliense.com.br\/cbradar\/"},{"@type":"ListItem","position":2,"name":"Como plantar piment\u00e3o em vasos e colher o ano inteiro"}]},{"@type":"WebSite","@id":"https:\/\/www.correiobraziliense.com.br\/cbradar\/#website","url":"https:\/\/www.correiobraziliense.com.br\/cbradar\/","name":"Correio Braziliense - Radar","description":"Acompanhe as \u00faltimas not\u00edcias e fique bem informado sobre tudo o que acontece no Brasil e no mundo.","potentialAction":[{"@type":"SearchAction","target":{"@type":"EntryPoint","urlTemplate":"https:\/\/www.correiobraziliense.com.br\/cbradar\/?s={search_term_string}"},"query-input":{"@type":"PropertyValueSpecification","valueRequired":true,"valueName":"search_term_string"}}],"inLanguage":"pt-BR"},{"@type":"Person","@id":"https:\/\/www.correiobraziliense.com.br\/cbradar\/#\/schema\/person\/58422787644df994b53a19d3e56c1513","name":"Larissa Carvalho","image":{"@type":"ImageObject","inLanguage":"pt-BR","@id":"https:\/\/www.correiobraziliense.com.br\/cbradar\/#\/schema\/person\/image\/","url":"https:\/\/secure.gravatar.com\/avatar\/fe4f91a0de32b52a838d0d612abdc1aa?s=96&d=mm&r=g","contentUrl":"https:\/\/secure.gravatar.com\/avatar\/fe4f91a0de32b52a838d0d612abdc1aa?s=96&d=mm&r=g","caption":"Larissa Carvalho"},"url":"https:\/\/www.correiobraziliense.com.br\/cbradar\/author\/larissamyth\/"}]}},"_links":{"self":[{"href":"https:\/\/www.correiobraziliense.com.br\/cbradar\/wp-json\/wp\/v2\/posts\/60284","targetHints":{"allow":["GET"]}}],"collection":[{"href":"https:\/\/www.correiobraziliense.com.br\/cbradar\/wp-json\/wp\/v2\/posts"}],"about":[{"href":"https:\/\/www.correiobraziliense.com.br\/cbradar\/wp-json\/wp\/v2\/types\/post"}],"author":[{"embeddable":true,"href":"https:\/\/www.correiobraziliense.com.br\/cbradar\/wp-json\/wp\/v2\/users\/3"}],"replies":[{"embeddable":true,"href":"https:\/\/www.correiobraziliense.com.br\/cbradar\/wp-json\/wp\/v2\/comments?post=60284"}],"version-history":[{"count":2,"href":"https:\/\/www.correiobraziliense.com.br\/cbradar\/wp-json\/wp\/v2\/posts\/60284\/revisions"}],"predecessor-version":[{"id":60286,"href":"https:\/\/www.correiobraziliense.com.br\/cbradar\/wp-json\/wp\/v2\/posts\/60284\/revisions\/60286"}],"wp:featuredmedia":[{"embeddable":true,"href":"https:\/\/www.correiobraziliense.com.br\/cbradar\/wp-json\/wp\/v2\/media\/8582"}],"wp:attachment":[{"href":"https:\/\/www.correiobraziliense.com.br\/cbradar\/wp-json\/wp\/v2\/media?parent=60284"}],"wp:term":[{"taxonomy":"category","embeddable":true,"href":"https:\/\/www.correiobraziliense.com.br\/cbradar\/wp-json\/wp\/v2\/categories?post=60284"},{"taxonomy":"post_tag","embeddable":true,"href":"https:\/\/www.correiobraziliense.com.br\/cbradar\/wp-json\/wp\/v2\/post_tag?post=60284"}],"curies":[{"name":"wp","href":"https:\/\/api.w.org\/{rel}","templated":true}]}}