{"id":60376,"date":"2025-06-28T06:53:00","date_gmt":"2025-06-28T09:53:00","guid":{"rendered":"https:\/\/www.correiobraziliense.com.br\/cbradar\/?p=60376"},"modified":"2025-06-27T18:04:03","modified_gmt":"2025-06-27T21:04:03","slug":"6-sinais-de-que-seu-cachorro-odeia-ser-abracado","status":"publish","type":"post","link":"https:\/\/www.correiobraziliense.com.br\/cbradar\/6-sinais-de-que-seu-cachorro-odeia-ser-abracado\/","title":{"rendered":"6 sinais de que seu cachorro odeia ser abra\u00e7ado"},"content":{"rendered":"\n<p>Demonstrar afeto aos c\u00e3es \u00e9 uma pr\u00e1tica comum entre tutores, que buscam maneiras de fortalecer o v\u00ednculo com seus animais de estima\u00e7\u00e3o. Entre as formas mais populares de carinho est\u00e3o as brincadeiras, os passeios e as car\u00edcias. No entanto, um gesto bastante frequente pode n\u00e3o ser t\u00e3o positivo quanto parece: o abra\u00e7o.<\/p>\n\n\n\n<p>Pesquisas recentes indicam que, embora o abra\u00e7o seja uma express\u00e3o de afeto natural para humanos, ele pode causar desconforto nos c\u00e3es. Especialistas em comportamento animal t\u00eam observado que muitos c\u00e3es apresentam sinais de estresse quando s\u00e3o abra\u00e7ados, contrariando a expectativa de que o gesto seja bem recebido.<\/p>\n\n\n\n<h2 class=\"wp-block-heading\">Por que abra\u00e7ar o cachorro pode causar desconforto?<\/h2>\n\n\n\n<p><strong>O ato de abra\u00e7ar um cachorro, apesar de parecer inofensivo, pode ser interpretado de forma diferente pelo animal.<\/strong> O principal motivo est\u00e1 relacionado ao instinto de sobreviv\u00eancia dos c\u00e3es. Quando um c\u00e3o \u00e9 abra\u00e7ado, seus movimentos ficam restritos, o que pode ser percebido como uma amea\u00e7a, j\u00e1 que impede uma poss\u00edvel fuga em situa\u00e7\u00f5es de perigo.<\/p>\n\n\n\n<p>De acordo com estudos realizados por especialistas em comportamento canino, como <strong>Elizabeth Ann Walsh<\/strong>, muitos c\u00e3es reagem ao abra\u00e7o demonstrando sinais claros de ansiedade. Entre esses sinais est\u00e3o o desvio do olhar, orelhas abaixadas, lambidas nos l\u00e1bios, respira\u00e7\u00e3o ofegante e at\u00e9 mesmo tentativas de se afastar. Essas rea\u00e7\u00f5es indicam que o animal n\u00e3o est\u00e1 confort\u00e1vel com a situa\u00e7\u00e3o.<\/p>\n\n\n\n<h2 class=\"wp-block-heading\">Quais s\u00e3o os sinais de estresse em c\u00e3es durante o abra\u00e7o?<\/h2>\n\n\n\n<p><strong>Identificar quando um cachorro est\u00e1 desconfort\u00e1vel \u00e9 fundamental para evitar situa\u00e7\u00f5es de estresse.<\/strong> Os sinais mais comuns apresentados durante um abra\u00e7o incluem:<\/p>\n\n\n\n<ul class=\"wp-block-list\">\n<li><strong>Evitar contato visual<\/strong><\/li>\n\n\n\n<li><strong>Lamber os l\u00e1bios repetidamente<\/strong><\/li>\n\n\n\n<li><strong>Parpadear com frequ\u00eancia<\/strong><\/li>\n\n\n\n<li><strong>Orelhas para tr\u00e1s ou abaixadas<\/strong><\/li>\n\n\n\n<li><strong>Jadear sem motivo aparente<\/strong><\/li>\n\n\n\n<li><strong>Tentar se afastar ou se esquivar<\/strong><\/li>\n<\/ul>\n\n\n\n<p>Esses comportamentos s\u00e3o formas de comunica\u00e7\u00e3o do c\u00e3o, indicando que ele prefere manter sua liberdade de movimento. O reconhecimento desses sinais ajuda a evitar situa\u00e7\u00f5es que possam gerar ansiedade ou at\u00e9 mesmo rea\u00e7\u00f5es agressivas.<\/p>\n\n\n\n<figure class=\"wp-block-image size-large\"><img decoding=\"async\" width=\"1024\" height=\"576\" src=\"https:\/\/www.correiobraziliense.com.br\/cbradar\/wp-content\/uploads\/2025\/06\/cachorro-abraco_1751058224234-1024x576.jpg\" alt=\"6 sinais de que seu cachorro odeia ser abra\u00e7ado\" class=\"wp-image-60379\" srcset=\"https:\/\/www.correiobraziliense.com.br\/cbradar\/wp-content\/uploads\/2025\/06\/cachorro-abraco_1751058224234-1024x576.jpg 1024w, https:\/\/www.correiobraziliense.com.br\/cbradar\/wp-content\/uploads\/2025\/06\/cachorro-abraco_1751058224234-300x169.jpg 300w, https:\/\/www.correiobraziliense.com.br\/cbradar\/wp-content\/uploads\/2025\/06\/cachorro-abraco_1751058224234-768x432.jpg 768w, https:\/\/www.correiobraziliense.com.br\/cbradar\/wp-content\/uploads\/2025\/06\/cachorro-abraco_1751058224234-750x422.jpg 750w, https:\/\/www.correiobraziliense.com.br\/cbradar\/wp-content\/uploads\/2025\/06\/cachorro-abraco_1751058224234-1140x641.jpg 1140w, https:\/\/www.correiobraziliense.com.br\/cbradar\/wp-content\/uploads\/2025\/06\/cachorro-abraco_1751058224234.jpg 1280w\" sizes=\"(max-width: 1024px) 100vw, 1024px\" \/><figcaption class=\"wp-element-caption\">cachorro abra\u00e7o. Cr\u00e9ditos: depositphotos.com \/ ArturVerkhovetskiy<\/figcaption><\/figure>\n\n\n\n<h2 class=\"wp-block-heading\">Como demonstrar carinho ao cachorro de forma segura?<\/h2>\n\n\n\n<p><strong>Existem diversas maneiras de expressar afeto aos c\u00e3es sem causar desconforto.<\/strong> Especialistas recomendam optar por gestos que respeitem o espa\u00e7o e o instinto do animal. Algumas alternativas ao abra\u00e7o incluem:<\/p>\n\n\n\n<ol class=\"wp-block-list\">\n<li><strong>Car\u00edcias suaves<\/strong> na cabe\u00e7a, pesco\u00e7o ou costas, sempre observando a rea\u00e7\u00e3o do c\u00e3o.<\/li>\n\n\n\n<li><strong>Brincadeiras interativas<\/strong>, como buscar a bolinha ou jogos de esconde-esconde.<\/li>\n\n\n\n<li><strong>Passeios regulares<\/strong>, que estimulam o bem-estar f\u00edsico e mental do animal.<\/li>\n\n\n\n<li><strong>Recompensas<\/strong> com petiscos ou elogios quando o c\u00e3o demonstra comportamentos positivos.<\/li>\n<\/ol>\n\n\n\n<p>Essas pr\u00e1ticas contribuem para fortalecer o v\u00ednculo entre tutor e animal, promovendo uma rela\u00e7\u00e3o baseada na confian\u00e7a e no respeito \u00e0s necessidades do cachorro.<\/p>\n\n\n\n<h2 class=\"wp-block-heading\">O que o comportamento do cachorro revela sobre seu afeto?<\/h2>\n\n\n\n<p><strong>Os c\u00e3es demonstram carinho de diversas formas, muitas vezes diferentes das expectativas humanas.<\/strong> Movimentar o rabo, seguir o tutor pela casa, buscar contato f\u00edsico espont\u00e2neo e relaxar ao lado do dono s\u00e3o sinais claros de afeto canino. Outros comportamentos, como dormir pr\u00f3ximo ao tutor ou suspirar quando est\u00e3o juntos, tamb\u00e9m indicam que o animal se sente seguro e confort\u00e1vel.<\/p>\n\n\n\n<p>Compreender as formas naturais de express\u00e3o dos c\u00e3es \u00e9 essencial para garantir o bem-estar deles. Respeitar os limites do animal e observar seus sinais de comunica\u00e7\u00e3o fortalece a conviv\u00eancia e contribui para uma rela\u00e7\u00e3o harmoniosa e saud\u00e1vel.<\/p>\n","protected":false},"excerpt":{"rendered":"<p>Muitos c\u00e3es n\u00e3o gostam de abra\u00e7os e demonstram desconforto com sinais sutis. Descubra quais s\u00e3o e evite causar estresse no seu pet.<\/p>\n","protected":false},"author":3,"featured_media":60378,"comment_status":"open","ping_status":"open","sticky":false,"template":"","format":"standard","meta":{"_yoast_wpseo_focuskw":"cachorro odeia abra\u00e7ado","_yoast_wpseo_title":"%%title%%","_yoast_wpseo_metadesc":"Muitos c\u00e3es n\u00e3o gostam de abra\u00e7os e demonstram desconforto com sinais sutis. Descubra quais s\u00e3o e evite causar estresse no seu pet.","jnews-multi-image_gallery":[],"jnews_single_post":{"format":"standard"},"jnews_primary_category":[],"jnews_social_meta":[],"jnews_override_counter":[],"footnotes":""},"categories":[112],"post_tag":[230,1977,378,144],"class_list":["post-60376","post","type-post","status-publish","format-standard","has-post-thumbnail","hentry","category-curiosidades","tag-animais","tag-animais-de-estimacao","tag-cachorro","tag-curiosidades"],"yoast_head":"<!-- This site is optimized with the Yoast SEO plugin v24.6 - https:\/\/yoast.com\/wordpress\/plugins\/seo\/ -->\n<title>6 sinais de que seu cachorro odeia ser abra\u00e7ado<\/title>\n<meta name=\"description\" content=\"Muitos c\u00e3es n\u00e3o gostam de abra\u00e7os e demonstram desconforto com sinais sutis. Descubra quais s\u00e3o e evite causar estresse no seu pet.\" \/>\n<meta name=\"robots\" content=\"index, follow, max-snippet:-1, max-image-preview:large, max-video-preview:-1\" \/>\n<link rel=\"canonical\" href=\"https:\/\/www.correiobraziliense.com.br\/cbradar\/6-sinais-de-que-seu-cachorro-odeia-ser-abracado\/\" \/>\n<meta property=\"og:locale\" content=\"pt_BR\" \/>\n<meta property=\"og:type\" content=\"article\" \/>\n<meta property=\"og:title\" content=\"6 sinais de que seu cachorro odeia ser abra\u00e7ado\" \/>\n<meta property=\"og:description\" content=\"Muitos c\u00e3es n\u00e3o gostam de abra\u00e7os e demonstram desconforto com sinais sutis. Descubra quais s\u00e3o e evite causar estresse no seu pet.\" \/>\n<meta property=\"og:url\" content=\"https:\/\/www.correiobraziliense.com.br\/cbradar\/6-sinais-de-que-seu-cachorro-odeia-ser-abracado\/\" \/>\n<meta property=\"og:site_name\" content=\"Correio Braziliense - Radar\" \/>\n<meta property=\"article:published_time\" content=\"2025-06-28T09:53:00+00:00\" \/>\n<meta property=\"og:image\" content=\"https:\/\/www.correiobraziliense.com.br\/cbradar\/wp-content\/uploads\/2025\/06\/cachorro-abraco_1751058189996.jpg\" \/>\n\t<meta property=\"og:image:width\" content=\"1280\" \/>\n\t<meta property=\"og:image:height\" content=\"720\" \/>\n\t<meta property=\"og:image:type\" content=\"image\/jpeg\" \/>\n<meta name=\"author\" content=\"Larissa Carvalho\" \/>\n<meta name=\"twitter:card\" content=\"summary_large_image\" \/>\n<meta name=\"twitter:label1\" content=\"Escrito por\" \/>\n\t<meta name=\"twitter:data1\" content=\"Larissa Carvalho\" \/>\n\t<meta name=\"twitter:label2\" content=\"Est. tempo de leitura\" \/>\n\t<meta name=\"twitter:data2\" content=\"4 minutos\" \/>\n<!-- \/ Yoast SEO plugin. -->","yoast_head_json":{"title":"6 sinais de que seu cachorro odeia ser abra\u00e7ado","description":"Muitos c\u00e3es n\u00e3o gostam de abra\u00e7os e demonstram desconforto com sinais sutis. Descubra quais s\u00e3o e evite causar estresse no seu pet.","robots":{"index":"index","follow":"follow","max-snippet":"max-snippet:-1","max-image-preview":"max-image-preview:large","max-video-preview":"max-video-preview:-1"},"canonical":"https:\/\/www.correiobraziliense.com.br\/cbradar\/6-sinais-de-que-seu-cachorro-odeia-ser-abracado\/","og_locale":"pt_BR","og_type":"article","og_title":"6 sinais de que seu cachorro odeia ser abra\u00e7ado","og_description":"Muitos c\u00e3es n\u00e3o gostam de abra\u00e7os e demonstram desconforto com sinais sutis. Descubra quais s\u00e3o e evite causar estresse no seu pet.","og_url":"https:\/\/www.correiobraziliense.com.br\/cbradar\/6-sinais-de-que-seu-cachorro-odeia-ser-abracado\/","og_site_name":"Correio Braziliense - Radar","article_published_time":"2025-06-28T09:53:00+00:00","og_image":[{"width":1280,"height":720,"url":"https:\/\/www.correiobraziliense.com.br\/cbradar\/wp-content\/uploads\/2025\/06\/cachorro-abraco_1751058189996.jpg","type":"image\/jpeg"}],"author":"Larissa Carvalho","twitter_card":"summary_large_image","twitter_misc":{"Escrito por":"Larissa Carvalho","Est. tempo de leitura":"4 minutos"},"schema":{"@context":"https:\/\/schema.org","@graph":[{"@type":"WebPage","@id":"https:\/\/www.correiobraziliense.com.br\/cbradar\/6-sinais-de-que-seu-cachorro-odeia-ser-abracado\/","url":"https:\/\/www.correiobraziliense.com.br\/cbradar\/6-sinais-de-que-seu-cachorro-odeia-ser-abracado\/","name":"6 sinais de que seu cachorro odeia ser abra\u00e7ado","isPartOf":{"@id":"https:\/\/www.correiobraziliense.com.br\/cbradar\/#website"},"primaryImageOfPage":{"@id":"https:\/\/www.correiobraziliense.com.br\/cbradar\/6-sinais-de-que-seu-cachorro-odeia-ser-abracado\/#primaryimage"},"image":{"@id":"https:\/\/www.correiobraziliense.com.br\/cbradar\/6-sinais-de-que-seu-cachorro-odeia-ser-abracado\/#primaryimage"},"thumbnailUrl":"https:\/\/www.correiobraziliense.com.br\/cbradar\/wp-content\/uploads\/2025\/06\/cachorro-abraco_1751058189996.jpg","datePublished":"2025-06-28T09:53:00+00:00","author":{"@id":"https:\/\/www.correiobraziliense.com.br\/cbradar\/#\/schema\/person\/58422787644df994b53a19d3e56c1513"},"description":"Muitos c\u00e3es n\u00e3o gostam de abra\u00e7os e demonstram desconforto com sinais sutis. Descubra quais s\u00e3o e evite causar estresse no seu pet.","breadcrumb":{"@id":"https:\/\/www.correiobraziliense.com.br\/cbradar\/6-sinais-de-que-seu-cachorro-odeia-ser-abracado\/#breadcrumb"},"inLanguage":"pt-BR","potentialAction":[{"@type":"ReadAction","target":["https:\/\/www.correiobraziliense.com.br\/cbradar\/6-sinais-de-que-seu-cachorro-odeia-ser-abracado\/"]}]},{"@type":"ImageObject","inLanguage":"pt-BR","@id":"https:\/\/www.correiobraziliense.com.br\/cbradar\/6-sinais-de-que-seu-cachorro-odeia-ser-abracado\/#primaryimage","url":"https:\/\/www.correiobraziliense.com.br\/cbradar\/wp-content\/uploads\/2025\/06\/cachorro-abraco_1751058189996.jpg","contentUrl":"https:\/\/www.correiobraziliense.com.br\/cbradar\/wp-content\/uploads\/2025\/06\/cachorro-abraco_1751058189996.jpg","width":1280,"height":720,"caption":"cachorro abra\u00e7o. Cr\u00e9ditos: depositphotos.com \/ NatashaFedorova"},{"@type":"BreadcrumbList","@id":"https:\/\/www.correiobraziliense.com.br\/cbradar\/6-sinais-de-que-seu-cachorro-odeia-ser-abracado\/#breadcrumb","itemListElement":[{"@type":"ListItem","position":1,"name":"In\u00edcio","item":"https:\/\/www.correiobraziliense.com.br\/cbradar\/"},{"@type":"ListItem","position":2,"name":"6 sinais de que seu cachorro odeia ser abra\u00e7ado"}]},{"@type":"WebSite","@id":"https:\/\/www.correiobraziliense.com.br\/cbradar\/#website","url":"https:\/\/www.correiobraziliense.com.br\/cbradar\/","name":"Correio Braziliense - Radar","description":"Acompanhe as \u00faltimas not\u00edcias e fique bem informado sobre tudo o que acontece no Brasil e no mundo.","potentialAction":[{"@type":"SearchAction","target":{"@type":"EntryPoint","urlTemplate":"https:\/\/www.correiobraziliense.com.br\/cbradar\/?s={search_term_string}"},"query-input":{"@type":"PropertyValueSpecification","valueRequired":true,"valueName":"search_term_string"}}],"inLanguage":"pt-BR"},{"@type":"Person","@id":"https:\/\/www.correiobraziliense.com.br\/cbradar\/#\/schema\/person\/58422787644df994b53a19d3e56c1513","name":"Larissa Carvalho","image":{"@type":"ImageObject","inLanguage":"pt-BR","@id":"https:\/\/www.correiobraziliense.com.br\/cbradar\/#\/schema\/person\/image\/","url":"https:\/\/secure.gravatar.com\/avatar\/fe4f91a0de32b52a838d0d612abdc1aa?s=96&d=mm&r=g","contentUrl":"https:\/\/secure.gravatar.com\/avatar\/fe4f91a0de32b52a838d0d612abdc1aa?s=96&d=mm&r=g","caption":"Larissa Carvalho"},"url":"https:\/\/www.correiobraziliense.com.br\/cbradar\/author\/larissamyth\/"}]}},"_links":{"self":[{"href":"https:\/\/www.correiobraziliense.com.br\/cbradar\/wp-json\/wp\/v2\/posts\/60376","targetHints":{"allow":["GET"]}}],"collection":[{"href":"https:\/\/www.correiobraziliense.com.br\/cbradar\/wp-json\/wp\/v2\/posts"}],"about":[{"href":"https:\/\/www.correiobraziliense.com.br\/cbradar\/wp-json\/wp\/v2\/types\/post"}],"author":[{"embeddable":true,"href":"https:\/\/www.correiobraziliense.com.br\/cbradar\/wp-json\/wp\/v2\/users\/3"}],"replies":[{"embeddable":true,"href":"https:\/\/www.correiobraziliense.com.br\/cbradar\/wp-json\/wp\/v2\/comments?post=60376"}],"version-history":[{"count":2,"href":"https:\/\/www.correiobraziliense.com.br\/cbradar\/wp-json\/wp\/v2\/posts\/60376\/revisions"}],"predecessor-version":[{"id":60380,"href":"https:\/\/www.correiobraziliense.com.br\/cbradar\/wp-json\/wp\/v2\/posts\/60376\/revisions\/60380"}],"wp:featuredmedia":[{"embeddable":true,"href":"https:\/\/www.correiobraziliense.com.br\/cbradar\/wp-json\/wp\/v2\/media\/60378"}],"wp:attachment":[{"href":"https:\/\/www.correiobraziliense.com.br\/cbradar\/wp-json\/wp\/v2\/media?parent=60376"}],"wp:term":[{"taxonomy":"category","embeddable":true,"href":"https:\/\/www.correiobraziliense.com.br\/cbradar\/wp-json\/wp\/v2\/categories?post=60376"},{"taxonomy":"post_tag","embeddable":true,"href":"https:\/\/www.correiobraziliense.com.br\/cbradar\/wp-json\/wp\/v2\/post_tag?post=60376"}],"curies":[{"name":"wp","href":"https:\/\/api.w.org\/{rel}","templated":true}]}}