{"id":60401,"date":"2025-06-28T10:03:00","date_gmt":"2025-06-28T13:03:00","guid":{"rendered":"https:\/\/www.correiobraziliense.com.br\/cbradar\/?p=60401"},"modified":"2025-06-27T18:20:17","modified_gmt":"2025-06-27T21:20:17","slug":"esse-alimento-que-voce-ja-tem-em-casa-elimina-o-mau-cheiro-do-guarda-roupa","status":"publish","type":"post","link":"https:\/\/www.correiobraziliense.com.br\/cbradar\/esse-alimento-que-voce-ja-tem-em-casa-elimina-o-mau-cheiro-do-guarda-roupa\/","title":{"rendered":"Esse alimento que voc\u00ea j\u00e1 tem em casa elimina o mau cheiro do guarda-roupa"},"content":{"rendered":"\n<p>Durante o inverno, a umidade costuma se tornar um desafio em muitos lares, especialmente em ambientes fechados como arm\u00e1rios e guarda-roupas. A falta de ventila\u00e7\u00e3o e as baixas temperaturas favorecem o surgimento de mofo e odores desagrad\u00e1veis, comprometendo a conserva\u00e7\u00e3o das roupas e outros objetos armazenados. Em meio a essas dificuldades, um truque simples utilizando um alimento comum pode ajudar a manter o ambiente seco e livre de problemas: o <strong>arroz<\/strong>.<\/p>\n\n\n\n<p>O uso do <strong>arroz<\/strong> como desumidificador natural \u00e9 uma alternativa pr\u00e1tica e acess\u00edvel para quem busca solu\u00e7\u00f5es caseiras. Este m\u00e9todo n\u00e3o exige grandes investimentos e pode ser aplicado rapidamente, utilizando apenas itens que j\u00e1 fazem parte do cotidiano dom\u00e9stico. Al\u00e9m disso, n\u00e3o envolve produtos qu\u00edmicos, sendo uma op\u00e7\u00e3o segura para casas com crian\u00e7as e animais de estima\u00e7\u00e3o.<\/p>\n\n\n\n<h2 class=\"wp-block-heading\">Como o arroz pode ajudar a combater a umidade?<\/h2>\n\n\n\n<p><strong>O arroz \u00e9 conhecido por sua capacidade de absorver l\u00edquidos e umidade do ambiente.<\/strong> Ao ser colocado em um recipiente aberto dentro do arm\u00e1rio, ele atua como um agente desumidificador, retirando o excesso de \u00e1gua do ar e dificultando a forma\u00e7\u00e3o de mofo e o aparecimento de odores indesejados. Essa caracter\u00edstica faz do <strong>arroz<\/strong> um aliado importante para preservar roupas, cal\u00e7ados e outros itens armazenados em locais fechados.<\/p>\n\n\n\n<p>Para aplicar o truque, basta separar uma x\u00edcara de <strong>arroz<\/strong> cru e coloc\u00e1-la em um pote ou tigela aberta. O recipiente deve ser posicionado em um local est\u00e1vel dentro do arm\u00e1rio, preferencialmente em uma prateleira ou canto onde n\u00e3o haja risco de queda. O <strong>arroz<\/strong> absorver\u00e1 gradualmente a umidade do ar, ajudando a manter o ambiente mais seco.<\/p>\n\n\n\n<h2 class=\"wp-block-heading\">Quais cuidados tomar ao usar arroz no arm\u00e1rio?<\/h2>\n\n\n\n<p><strong>Embora o procedimento seja simples, alguns cuidados podem garantir melhores resultados e evitar transtornos.<\/strong> \u00c9 importante escolher um recipiente firme, que n\u00e3o tombe facilmente ao movimentar roupas ou abrir portas. Recipientes baixos e largos, ou at\u00e9 mesmo potes de vidro com tampa aberta, s\u00e3o boas op\u00e7\u00f5es para evitar acidentes.<\/p>\n\n\n\n<ul class=\"wp-block-list\">\n<li><strong>Evite contato direto com roupas:<\/strong> O <strong>arroz<\/strong> deve ficar em um local onde n\u00e3o toque diretamente nas pe\u00e7as, prevenindo manchas ou res\u00edduos.<\/li>\n\n\n\n<li><strong>Troque o arroz periodicamente:<\/strong> Quando perceber que o <strong>arroz<\/strong> perdeu sua capacidade de absor\u00e7\u00e3o, substitua por uma nova por\u00e7\u00e3o.<\/li>\n\n\n\n<li><strong>Verifique sinais de umidade:<\/strong> Caso o ambiente continue \u00famido, pode ser necess\u00e1rio refor\u00e7ar a ventila\u00e7\u00e3o ou utilizar mais de um recipiente.<\/li>\n<\/ul>\n\n\n\n<figure class=\"wp-block-image size-large\"><img decoding=\"async\" width=\"1024\" height=\"576\" src=\"https:\/\/www.correiobraziliense.com.br\/cbradar\/wp-content\/uploads\/2025\/06\/arroz_1751059205571-1024x576.jpg\" alt=\"Esse alimento que voc\u00ea j\u00e1 tem em casa elimina o mau cheiro do guarda-roupa\" class=\"wp-image-60404\" srcset=\"https:\/\/www.correiobraziliense.com.br\/cbradar\/wp-content\/uploads\/2025\/06\/arroz_1751059205571-1024x576.jpg 1024w, https:\/\/www.correiobraziliense.com.br\/cbradar\/wp-content\/uploads\/2025\/06\/arroz_1751059205571-300x169.jpg 300w, https:\/\/www.correiobraziliense.com.br\/cbradar\/wp-content\/uploads\/2025\/06\/arroz_1751059205571-768x432.jpg 768w, https:\/\/www.correiobraziliense.com.br\/cbradar\/wp-content\/uploads\/2025\/06\/arroz_1751059205571-750x422.jpg 750w, https:\/\/www.correiobraziliense.com.br\/cbradar\/wp-content\/uploads\/2025\/06\/arroz_1751059205571-1140x641.jpg 1140w, https:\/\/www.correiobraziliense.com.br\/cbradar\/wp-content\/uploads\/2025\/06\/arroz_1751059205571.jpg 1280w\" sizes=\"(max-width: 1024px) 100vw, 1024px\" \/><figcaption class=\"wp-element-caption\">arroz. Cr\u00e9ditos: depositphotos.com \/ VadimVasenin<\/figcaption><\/figure>\n\n\n\n<h2 class=\"wp-block-heading\">Al\u00e9m de desumidificar, o arroz elimina odores?<\/h2>\n\n\n\n<p><strong>Sim, o arroz tamb\u00e9m pode ser utilizado para neutralizar cheiros desagrad\u00e1veis em ambientes fechados.<\/strong> Sua capacidade de absor\u00e7\u00e3o se estende a part\u00edculas respons\u00e1veis por odores, tornando-o \u00fatil em gavetas, sapateiras e outros espa\u00e7os pequenos. Para potencializar o efeito, algumas pessoas adicionam algumas gotas de ess\u00eancia ou cascas de frutas secas ao <strong>arroz<\/strong>, promovendo um aroma suave e agrad\u00e1vel.<\/p>\n\n\n\n<ol class=\"wp-block-list\">\n<li>Coloque uma x\u00edcara de <strong>arroz<\/strong> cru em um recipiente aberto.<\/li>\n\n\n\n<li>Adicione algumas gotas de ess\u00eancia, se desejar.<\/li>\n\n\n\n<li>Posicione o recipiente no local desejado e deixe agir por alguns dias.<\/li>\n<\/ol>\n\n\n\n<p>Esse m\u00e9todo \u00e9 especialmente \u00fatil em per\u00edodos de maior umidade, como outono e inverno, quando a circula\u00e7\u00e3o de ar \u00e9 reduzida. Al\u00e9m de preservar as roupas, o <strong>arroz<\/strong> contribui para um ambiente mais saud\u00e1vel e confort\u00e1vel.<\/p>\n\n\n\n<h2 class=\"wp-block-heading\">Quando substituir o arroz usado como desumidificador?<\/h2>\n\n\n\n<p><strong>A troca do arroz deve ser feita sempre que ele apresentar sinais de satura\u00e7\u00e3o, como aspecto inchado ou presen\u00e7a de umidade vis\u00edvel.<\/strong> Em geral, recomenda-se a substitui\u00e7\u00e3o a cada duas ou tr\u00eas semanas, dependendo do n\u00edvel de umidade do ambiente. Manter esse cuidado garante a efic\u00e1cia do m\u00e9todo e evita que o <strong>arroz<\/strong> se torne um foco de fungos ou insetos.<\/p>\n\n\n\n<p>Utilizar <strong>arroz<\/strong> para controlar a umidade e eliminar odores \u00e9 uma solu\u00e7\u00e3o pr\u00e1tica, econ\u00f4mica e segura, especialmente em \u00e9pocas frias. Com alguns cuidados simples, \u00e9 poss\u00edvel proteger roupas e objetos, mantendo o arm\u00e1rio sempre seco e livre de mofo.<\/p>\n","protected":false},"excerpt":{"rendered":"<p>Aprenda como usar arroz para proteger suas roupas do mofo e eliminar cheiros fortes. Um truque simples e eficaz para o inverno.<\/p>\n","protected":false},"author":3,"featured_media":60403,"comment_status":"open","ping_status":"open","sticky":false,"template":"","format":"standard","meta":{"_yoast_wpseo_focuskw":"alimento mau cheiro","_yoast_wpseo_title":"%%title%%","_yoast_wpseo_metadesc":"Aprenda como usar arroz para proteger suas roupas do mofo e eliminar cheiros fortes. Um truque simples e eficaz para o inverno.","jnews-multi-image_gallery":[],"jnews_single_post":{"format":"standard"},"jnews_primary_category":[],"jnews_social_meta":[],"jnews_override_counter":[],"footnotes":""},"categories":[112],"post_tag":[899,144],"class_list":["post-60401","post","type-post","status-publish","format-standard","has-post-thumbnail","hentry","category-curiosidades","tag-arroz","tag-curiosidades"],"yoast_head":"<!-- This site is optimized with the Yoast SEO plugin v24.6 - https:\/\/yoast.com\/wordpress\/plugins\/seo\/ -->\n<title>Esse alimento que voc\u00ea j\u00e1 tem em casa elimina o mau cheiro do guarda-roupa<\/title>\n<meta name=\"description\" content=\"Aprenda como usar arroz para proteger suas roupas do mofo e eliminar cheiros fortes. Um truque simples e eficaz para o inverno.\" \/>\n<meta name=\"robots\" content=\"index, follow, max-snippet:-1, max-image-preview:large, max-video-preview:-1\" \/>\n<link rel=\"canonical\" href=\"https:\/\/www.correiobraziliense.com.br\/cbradar\/esse-alimento-que-voce-ja-tem-em-casa-elimina-o-mau-cheiro-do-guarda-roupa\/\" \/>\n<meta property=\"og:locale\" content=\"pt_BR\" \/>\n<meta property=\"og:type\" content=\"article\" \/>\n<meta property=\"og:title\" content=\"Esse alimento que voc\u00ea j\u00e1 tem em casa elimina o mau cheiro do guarda-roupa\" \/>\n<meta property=\"og:description\" content=\"Aprenda como usar arroz para proteger suas roupas do mofo e eliminar cheiros fortes. Um truque simples e eficaz para o inverno.\" \/>\n<meta property=\"og:url\" content=\"https:\/\/www.correiobraziliense.com.br\/cbradar\/esse-alimento-que-voce-ja-tem-em-casa-elimina-o-mau-cheiro-do-guarda-roupa\/\" \/>\n<meta property=\"og:site_name\" content=\"Correio Braziliense - Radar\" \/>\n<meta property=\"article:published_time\" content=\"2025-06-28T13:03:00+00:00\" \/>\n<meta property=\"og:image\" content=\"https:\/\/www.correiobraziliense.com.br\/cbradar\/wp-content\/uploads\/2025\/06\/arroz_1751059175835.jpg\" \/>\n\t<meta property=\"og:image:width\" content=\"1280\" \/>\n\t<meta property=\"og:image:height\" content=\"720\" \/>\n\t<meta property=\"og:image:type\" content=\"image\/jpeg\" \/>\n<meta name=\"author\" content=\"Larissa Carvalho\" \/>\n<meta name=\"twitter:card\" content=\"summary_large_image\" \/>\n<meta name=\"twitter:label1\" content=\"Escrito por\" \/>\n\t<meta name=\"twitter:data1\" content=\"Larissa Carvalho\" \/>\n\t<meta name=\"twitter:label2\" content=\"Est. tempo de leitura\" \/>\n\t<meta name=\"twitter:data2\" content=\"4 minutos\" \/>\n<!-- \/ Yoast SEO plugin. -->","yoast_head_json":{"title":"Esse alimento que voc\u00ea j\u00e1 tem em casa elimina o mau cheiro do guarda-roupa","description":"Aprenda como usar arroz para proteger suas roupas do mofo e eliminar cheiros fortes. Um truque simples e eficaz para o inverno.","robots":{"index":"index","follow":"follow","max-snippet":"max-snippet:-1","max-image-preview":"max-image-preview:large","max-video-preview":"max-video-preview:-1"},"canonical":"https:\/\/www.correiobraziliense.com.br\/cbradar\/esse-alimento-que-voce-ja-tem-em-casa-elimina-o-mau-cheiro-do-guarda-roupa\/","og_locale":"pt_BR","og_type":"article","og_title":"Esse alimento que voc\u00ea j\u00e1 tem em casa elimina o mau cheiro do guarda-roupa","og_description":"Aprenda como usar arroz para proteger suas roupas do mofo e eliminar cheiros fortes. Um truque simples e eficaz para o inverno.","og_url":"https:\/\/www.correiobraziliense.com.br\/cbradar\/esse-alimento-que-voce-ja-tem-em-casa-elimina-o-mau-cheiro-do-guarda-roupa\/","og_site_name":"Correio Braziliense - Radar","article_published_time":"2025-06-28T13:03:00+00:00","og_image":[{"width":1280,"height":720,"url":"https:\/\/www.correiobraziliense.com.br\/cbradar\/wp-content\/uploads\/2025\/06\/arroz_1751059175835.jpg","type":"image\/jpeg"}],"author":"Larissa Carvalho","twitter_card":"summary_large_image","twitter_misc":{"Escrito por":"Larissa Carvalho","Est. tempo de leitura":"4 minutos"},"schema":{"@context":"https:\/\/schema.org","@graph":[{"@type":"WebPage","@id":"https:\/\/www.correiobraziliense.com.br\/cbradar\/esse-alimento-que-voce-ja-tem-em-casa-elimina-o-mau-cheiro-do-guarda-roupa\/","url":"https:\/\/www.correiobraziliense.com.br\/cbradar\/esse-alimento-que-voce-ja-tem-em-casa-elimina-o-mau-cheiro-do-guarda-roupa\/","name":"Esse alimento que voc\u00ea j\u00e1 tem em casa elimina o mau cheiro do guarda-roupa","isPartOf":{"@id":"https:\/\/www.correiobraziliense.com.br\/cbradar\/#website"},"primaryImageOfPage":{"@id":"https:\/\/www.correiobraziliense.com.br\/cbradar\/esse-alimento-que-voce-ja-tem-em-casa-elimina-o-mau-cheiro-do-guarda-roupa\/#primaryimage"},"image":{"@id":"https:\/\/www.correiobraziliense.com.br\/cbradar\/esse-alimento-que-voce-ja-tem-em-casa-elimina-o-mau-cheiro-do-guarda-roupa\/#primaryimage"},"thumbnailUrl":"https:\/\/www.correiobraziliense.com.br\/cbradar\/wp-content\/uploads\/2025\/06\/arroz_1751059175835.jpg","datePublished":"2025-06-28T13:03:00+00:00","author":{"@id":"https:\/\/www.correiobraziliense.com.br\/cbradar\/#\/schema\/person\/58422787644df994b53a19d3e56c1513"},"description":"Aprenda como usar arroz para proteger suas roupas do mofo e eliminar cheiros fortes. Um truque simples e eficaz para o inverno.","breadcrumb":{"@id":"https:\/\/www.correiobraziliense.com.br\/cbradar\/esse-alimento-que-voce-ja-tem-em-casa-elimina-o-mau-cheiro-do-guarda-roupa\/#breadcrumb"},"inLanguage":"pt-BR","potentialAction":[{"@type":"ReadAction","target":["https:\/\/www.correiobraziliense.com.br\/cbradar\/esse-alimento-que-voce-ja-tem-em-casa-elimina-o-mau-cheiro-do-guarda-roupa\/"]}]},{"@type":"ImageObject","inLanguage":"pt-BR","@id":"https:\/\/www.correiobraziliense.com.br\/cbradar\/esse-alimento-que-voce-ja-tem-em-casa-elimina-o-mau-cheiro-do-guarda-roupa\/#primaryimage","url":"https:\/\/www.correiobraziliense.com.br\/cbradar\/wp-content\/uploads\/2025\/06\/arroz_1751059175835.jpg","contentUrl":"https:\/\/www.correiobraziliense.com.br\/cbradar\/wp-content\/uploads\/2025\/06\/arroz_1751059175835.jpg","width":1280,"height":720,"caption":"arroz. Cr\u00e9ditos: depositphotos.com \/ AntonMatyukha"},{"@type":"BreadcrumbList","@id":"https:\/\/www.correiobraziliense.com.br\/cbradar\/esse-alimento-que-voce-ja-tem-em-casa-elimina-o-mau-cheiro-do-guarda-roupa\/#breadcrumb","itemListElement":[{"@type":"ListItem","position":1,"name":"In\u00edcio","item":"https:\/\/www.correiobraziliense.com.br\/cbradar\/"},{"@type":"ListItem","position":2,"name":"Esse alimento que voc\u00ea j\u00e1 tem em casa elimina o mau cheiro do guarda-roupa"}]},{"@type":"WebSite","@id":"https:\/\/www.correiobraziliense.com.br\/cbradar\/#website","url":"https:\/\/www.correiobraziliense.com.br\/cbradar\/","name":"Correio Braziliense - Radar","description":"Acompanhe as \u00faltimas not\u00edcias e fique bem informado sobre tudo o que acontece no Brasil e no mundo.","potentialAction":[{"@type":"SearchAction","target":{"@type":"EntryPoint","urlTemplate":"https:\/\/www.correiobraziliense.com.br\/cbradar\/?s={search_term_string}"},"query-input":{"@type":"PropertyValueSpecification","valueRequired":true,"valueName":"search_term_string"}}],"inLanguage":"pt-BR"},{"@type":"Person","@id":"https:\/\/www.correiobraziliense.com.br\/cbradar\/#\/schema\/person\/58422787644df994b53a19d3e56c1513","name":"Larissa Carvalho","image":{"@type":"ImageObject","inLanguage":"pt-BR","@id":"https:\/\/www.correiobraziliense.com.br\/cbradar\/#\/schema\/person\/image\/","url":"https:\/\/secure.gravatar.com\/avatar\/fe4f91a0de32b52a838d0d612abdc1aa?s=96&d=mm&r=g","contentUrl":"https:\/\/secure.gravatar.com\/avatar\/fe4f91a0de32b52a838d0d612abdc1aa?s=96&d=mm&r=g","caption":"Larissa Carvalho"},"url":"https:\/\/www.correiobraziliense.com.br\/cbradar\/author\/larissamyth\/"}]}},"_links":{"self":[{"href":"https:\/\/www.correiobraziliense.com.br\/cbradar\/wp-json\/wp\/v2\/posts\/60401","targetHints":{"allow":["GET"]}}],"collection":[{"href":"https:\/\/www.correiobraziliense.com.br\/cbradar\/wp-json\/wp\/v2\/posts"}],"about":[{"href":"https:\/\/www.correiobraziliense.com.br\/cbradar\/wp-json\/wp\/v2\/types\/post"}],"author":[{"embeddable":true,"href":"https:\/\/www.correiobraziliense.com.br\/cbradar\/wp-json\/wp\/v2\/users\/3"}],"replies":[{"embeddable":true,"href":"https:\/\/www.correiobraziliense.com.br\/cbradar\/wp-json\/wp\/v2\/comments?post=60401"}],"version-history":[{"count":2,"href":"https:\/\/www.correiobraziliense.com.br\/cbradar\/wp-json\/wp\/v2\/posts\/60401\/revisions"}],"predecessor-version":[{"id":60405,"href":"https:\/\/www.correiobraziliense.com.br\/cbradar\/wp-json\/wp\/v2\/posts\/60401\/revisions\/60405"}],"wp:featuredmedia":[{"embeddable":true,"href":"https:\/\/www.correiobraziliense.com.br\/cbradar\/wp-json\/wp\/v2\/media\/60403"}],"wp:attachment":[{"href":"https:\/\/www.correiobraziliense.com.br\/cbradar\/wp-json\/wp\/v2\/media?parent=60401"}],"wp:term":[{"taxonomy":"category","embeddable":true,"href":"https:\/\/www.correiobraziliense.com.br\/cbradar\/wp-json\/wp\/v2\/categories?post=60401"},{"taxonomy":"post_tag","embeddable":true,"href":"https:\/\/www.correiobraziliense.com.br\/cbradar\/wp-json\/wp\/v2\/post_tag?post=60401"}],"curies":[{"name":"wp","href":"https:\/\/api.w.org\/{rel}","templated":true}]}}