{"id":60467,"date":"2025-06-27T19:20:00","date_gmt":"2025-06-27T22:20:00","guid":{"rendered":"https:\/\/www.correiobraziliense.com.br\/cbradar\/?p=60467"},"modified":"2025-06-27T19:01:56","modified_gmt":"2025-06-27T22:01:56","slug":"os-4-alimentos-mais-perigosos-do-mundo-segundo-especialistas","status":"publish","type":"post","link":"https:\/\/www.correiobraziliense.com.br\/cbradar\/os-4-alimentos-mais-perigosos-do-mundo-segundo-especialistas\/","title":{"rendered":"Os 4 alimentos mais perigosos do mundo, segundo especialistas"},"content":{"rendered":"\n<p>Ao redor do mundo, certos alimentos ganharam fama n\u00e3o apenas por suas caracter\u00edsticas ex\u00f3ticas, mas tamb\u00e9m pelos riscos que oferecem \u00e0 sa\u00fade. O consumo desses produtos pode trazer consequ\u00eancias s\u00e9rias, especialmente quando n\u00e3o s\u00e3o preparados ou conservados corretamente. Por isso, especialistas em seguran\u00e7a alimentar alertam sobre a import\u00e2ncia de conhecer a proced\u00eancia e as condi\u00e7\u00f5es de preparo de tudo o que chega \u00e0 mesa.<\/p>\n\n\n\n<p>Entre os alimentos mais perigosos do planeta, destacam-se op\u00e7\u00f5es tradicionais de diferentes culturas, algumas delas proibidas em diversos pa\u00edses. O contato com toxinas, bact\u00e9rias e parasitas presentes nesses itens pode causar desde intoxica\u00e7\u00f5es leves at\u00e9 quadros graves que exigem atendimento m\u00e9dico imediato. A seguir, s\u00e3o apresentados detalhes sobre quatro desses alimentos e os motivos pelos quais s\u00e3o considerados arriscados para o consumo humano.<\/p>\n\n\n\n<h2 class=\"wp-block-heading\">Quais s\u00e3o os alimentos mais perigosos do mundo?<\/h2>\n\n\n\n<p><strong>Alguns produtos aliment\u00edcios chamam aten\u00e7\u00e3o por sua capacidade de provocar intoxica\u00e7\u00f5es severas.<\/strong> Entre eles, o <strong>casu marzu<\/strong>, a <strong>carne mo\u00edda mal cozida<\/strong>, o <strong>peixe fugu<\/strong> e o <strong>tubar\u00e3o fermentado<\/strong> da <strong>Groenl\u00e2ndia<\/strong> figuram entre os mais arriscados. Cada um desses alimentos apresenta riscos espec\u00edficos, seja pela presen\u00e7a de micro-organismos, toxinas naturais ou m\u00e9todos de preparo que desafiam os padr\u00f5es convencionais de seguran\u00e7a alimentar.<\/p>\n\n\n\n<ul class=\"wp-block-list\">\n<li><strong>Casu marzu:<\/strong> Queijo tradicional da <strong>Sardenha<\/strong>, produzido com a presen\u00e7a de larvas vivas. O consumo pode resultar em sintomas gastrointestinais graves, pois as larvas podem sobreviver ao \u00e1cido estomacal.<\/li>\n\n\n\n<li><strong>Carne mo\u00edda mal cozida:<\/strong> Frequentemente associada a infec\u00e7\u00f5es por bact\u00e9rias como <em>Escherichia coli<\/em> e <em>Salmonella<\/em>, principalmente quando n\u00e3o atinge a temperatura adequada durante o preparo.<\/li>\n\n\n\n<li><strong>Peixe fugu:<\/strong> Prato t\u00edpico do <strong>Jap\u00e3o<\/strong>, conhecido por conter tetrodotoxina, uma subst\u00e2ncia letal presente em \u00f3rg\u00e3os como f\u00edgado e ov\u00e1rios do animal.<\/li>\n\n\n\n<li><strong>Tubar\u00e3o fermentado da Groenl\u00e2ndia:<\/strong> Tradicional na <strong>Isl\u00e2ndia<\/strong>, esse alimento cont\u00e9m altos n\u00edveis de compostos t\u00f3xicos devido ao processo de fermenta\u00e7\u00e3o, podendo causar intoxica\u00e7\u00f5es severas.<\/li>\n<\/ul>\n\n\n\n<figure class=\"wp-block-image size-large\"><img decoding=\"async\" width=\"1024\" height=\"576\" src=\"https:\/\/www.correiobraziliense.com.br\/cbradar\/wp-content\/uploads\/2025\/06\/alimentos_1751061698400-1024x576.jpg\" alt=\"Os 4 alimentos mais perigosos do mundo, segundo especialistas\" class=\"wp-image-60470\" srcset=\"https:\/\/www.correiobraziliense.com.br\/cbradar\/wp-content\/uploads\/2025\/06\/alimentos_1751061698400-1024x576.jpg 1024w, https:\/\/www.correiobraziliense.com.br\/cbradar\/wp-content\/uploads\/2025\/06\/alimentos_1751061698400-300x169.jpg 300w, https:\/\/www.correiobraziliense.com.br\/cbradar\/wp-content\/uploads\/2025\/06\/alimentos_1751061698400-768x432.jpg 768w, https:\/\/www.correiobraziliense.com.br\/cbradar\/wp-content\/uploads\/2025\/06\/alimentos_1751061698400-750x422.jpg 750w, https:\/\/www.correiobraziliense.com.br\/cbradar\/wp-content\/uploads\/2025\/06\/alimentos_1751061698400-1140x641.jpg 1140w, https:\/\/www.correiobraziliense.com.br\/cbradar\/wp-content\/uploads\/2025\/06\/alimentos_1751061698400.jpg 1280w\" sizes=\"(max-width: 1024px) 100vw, 1024px\" \/><figcaption class=\"wp-element-caption\">alimentos. Cr\u00e9ditos: depositphotos.com \/ VadimVasenin<\/figcaption><\/figure>\n\n\n\n<h2 class=\"wp-block-heading\">Como esses alimentos podem afetar a sa\u00fade?<\/h2>\n\n\n\n<p><strong>O consumo desses produtos pode desencadear uma s\u00e9rie de sintomas, variando de desconfortos leves a quadros potencialmente fatais.<\/strong> No caso do <strong>casu marzu<\/strong>, a ingest\u00e3o das larvas pode provocar v\u00f4mitos, dores abdominais e diarreia. J\u00e1 a <strong>carne mo\u00edda mal cozida<\/strong> pode causar infec\u00e7\u00f5es alimentares graves, com risco de complica\u00e7\u00f5es renais, especialmente em crian\u00e7as e idosos.<\/p>\n\n\n\n<p>O <strong>peixe fugu<\/strong> \u00e9 not\u00f3rio pelo risco de paralisia muscular e insufici\u00eancia respirat\u00f3ria, j\u00e1 que a tetrodotoxina bloqueia sinais nervosos no corpo. Por fim, o <strong>tubar\u00e3o fermentado<\/strong> pode levar a sintomas neurol\u00f3gicos e gastrointestinais, incluindo convuls\u00f5es, devido \u00e0 presen\u00e7a de subst\u00e2ncias como a urea e outros compostos nitrogenados que n\u00e3o s\u00e3o eliminados pelo animal.<\/p>\n\n\n\n<h2 class=\"wp-block-heading\">Quais cuidados s\u00e3o recomendados ao consumir alimentos de risco?<\/h2>\n\n\n\n<p><strong>Para minimizar os perigos associados a esses alimentos, \u00e9 fundamental adotar medidas rigorosas de seguran\u00e7a alimentar.<\/strong> O preparo do <strong>peixe fugu<\/strong>, por exemplo, \u00e9 restrito a chefs altamente treinados e licenciados, que sabem remover corretamente as partes t\u00f3xicas do animal. No caso da <strong>carne mo\u00edda<\/strong>, recomenda-se sempre cozinhar at\u00e9 atingir temperaturas internas seguras, eliminando poss\u00edveis bact\u00e9rias.<\/p>\n\n\n\n<ol class=\"wp-block-list\">\n<li>Verificar a proced\u00eancia e a conserva\u00e7\u00e3o dos alimentos antes do consumo.<\/li>\n\n\n\n<li>Evitar produtos que n\u00e3o estejam regulamentados por \u00f3rg\u00e3os de sa\u00fade locais.<\/li>\n\n\n\n<li>Buscar informa\u00e7\u00f5es sobre m\u00e9todos adequados de preparo, especialmente para pratos tradicionais de outras culturas.<\/li>\n\n\n\n<li>Em caso de sintomas ap\u00f3s o consumo, procurar atendimento m\u00e9dico imediatamente.<\/li>\n<\/ol>\n\n\n\n<p><strong>O conhecimento sobre os riscos associados a certos alimentos \u00e9 essencial para garantir uma alimenta\u00e7\u00e3o segura.<\/strong> Ao optar por experimentar pratos ex\u00f3ticos ou tradicionais de outras regi\u00f5es, \u00e9 importante estar atento \u00e0s recomenda\u00e7\u00f5es de especialistas e \u00e0s normas sanit\u00e1rias, preservando assim a sa\u00fade e o bem-estar.<\/p>\n","protected":false},"excerpt":{"rendered":"<p>Alguns alimentos tradicionais s\u00e3o proibidos em v\u00e1rios pa\u00edses por causa de seus efeitos t\u00f3xicos. Veja o que a ci\u00eancia diz sobre esses riscos.<\/p>\n","protected":false},"author":3,"featured_media":60469,"comment_status":"open","ping_status":"open","sticky":false,"template":"","format":"standard","meta":{"_yoast_wpseo_focuskw":"alimentos mais perigosos mundo","_yoast_wpseo_title":"%%title%%","_yoast_wpseo_metadesc":"Alguns alimentos tradicionais s\u00e3o proibidos em v\u00e1rios pa\u00edses por causa de seus efeitos t\u00f3xicos. Veja o que a ci\u00eancia diz sobre esses riscos.","jnews-multi-image_gallery":[],"jnews_single_post":{"format":"standard"},"jnews_primary_category":[],"jnews_social_meta":[],"jnews_override_counter":[],"footnotes":""},"categories":[112],"post_tag":[1423,144],"class_list":["post-60467","post","type-post","status-publish","format-standard","has-post-thumbnail","hentry","category-curiosidades","tag-alimentos","tag-curiosidades"],"yoast_head":"<!-- This site is optimized with the Yoast SEO plugin v24.6 - https:\/\/yoast.com\/wordpress\/plugins\/seo\/ -->\n<title>Os 4 alimentos mais perigosos do mundo, segundo especialistas<\/title>\n<meta name=\"description\" content=\"Alguns alimentos tradicionais s\u00e3o proibidos em v\u00e1rios pa\u00edses por causa de seus efeitos t\u00f3xicos. Veja o que a ci\u00eancia diz sobre esses riscos.\" \/>\n<meta name=\"robots\" content=\"index, follow, max-snippet:-1, max-image-preview:large, max-video-preview:-1\" \/>\n<link rel=\"canonical\" href=\"https:\/\/www.correiobraziliense.com.br\/cbradar\/os-4-alimentos-mais-perigosos-do-mundo-segundo-especialistas\/\" \/>\n<meta property=\"og:locale\" content=\"pt_BR\" \/>\n<meta property=\"og:type\" content=\"article\" \/>\n<meta property=\"og:title\" content=\"Os 4 alimentos mais perigosos do mundo, segundo especialistas\" \/>\n<meta property=\"og:description\" content=\"Alguns alimentos tradicionais s\u00e3o proibidos em v\u00e1rios pa\u00edses por causa de seus efeitos t\u00f3xicos. Veja o que a ci\u00eancia diz sobre esses riscos.\" \/>\n<meta property=\"og:url\" content=\"https:\/\/www.correiobraziliense.com.br\/cbradar\/os-4-alimentos-mais-perigosos-do-mundo-segundo-especialistas\/\" \/>\n<meta property=\"og:site_name\" content=\"Correio Braziliense - Radar\" \/>\n<meta property=\"article:published_time\" content=\"2025-06-27T22:20:00+00:00\" \/>\n<meta property=\"og:image\" content=\"https:\/\/www.correiobraziliense.com.br\/cbradar\/wp-content\/uploads\/2025\/06\/alimentos_1751061594390.jpg\" \/>\n\t<meta property=\"og:image:width\" content=\"1280\" \/>\n\t<meta property=\"og:image:height\" content=\"720\" \/>\n\t<meta property=\"og:image:type\" content=\"image\/jpeg\" \/>\n<meta name=\"author\" content=\"Larissa Carvalho\" \/>\n<meta name=\"twitter:card\" content=\"summary_large_image\" \/>\n<meta name=\"twitter:label1\" content=\"Escrito por\" \/>\n\t<meta name=\"twitter:data1\" content=\"Larissa Carvalho\" \/>\n\t<meta name=\"twitter:label2\" content=\"Est. tempo de leitura\" \/>\n\t<meta name=\"twitter:data2\" content=\"4 minutos\" \/>\n<!-- \/ Yoast SEO plugin. -->","yoast_head_json":{"title":"Os 4 alimentos mais perigosos do mundo, segundo especialistas","description":"Alguns alimentos tradicionais s\u00e3o proibidos em v\u00e1rios pa\u00edses por causa de seus efeitos t\u00f3xicos. Veja o que a ci\u00eancia diz sobre esses riscos.","robots":{"index":"index","follow":"follow","max-snippet":"max-snippet:-1","max-image-preview":"max-image-preview:large","max-video-preview":"max-video-preview:-1"},"canonical":"https:\/\/www.correiobraziliense.com.br\/cbradar\/os-4-alimentos-mais-perigosos-do-mundo-segundo-especialistas\/","og_locale":"pt_BR","og_type":"article","og_title":"Os 4 alimentos mais perigosos do mundo, segundo especialistas","og_description":"Alguns alimentos tradicionais s\u00e3o proibidos em v\u00e1rios pa\u00edses por causa de seus efeitos t\u00f3xicos. Veja o que a ci\u00eancia diz sobre esses riscos.","og_url":"https:\/\/www.correiobraziliense.com.br\/cbradar\/os-4-alimentos-mais-perigosos-do-mundo-segundo-especialistas\/","og_site_name":"Correio Braziliense - Radar","article_published_time":"2025-06-27T22:20:00+00:00","og_image":[{"width":1280,"height":720,"url":"https:\/\/www.correiobraziliense.com.br\/cbradar\/wp-content\/uploads\/2025\/06\/alimentos_1751061594390.jpg","type":"image\/jpeg"}],"author":"Larissa Carvalho","twitter_card":"summary_large_image","twitter_misc":{"Escrito por":"Larissa Carvalho","Est. tempo de leitura":"4 minutos"},"schema":{"@context":"https:\/\/schema.org","@graph":[{"@type":"WebPage","@id":"https:\/\/www.correiobraziliense.com.br\/cbradar\/os-4-alimentos-mais-perigosos-do-mundo-segundo-especialistas\/","url":"https:\/\/www.correiobraziliense.com.br\/cbradar\/os-4-alimentos-mais-perigosos-do-mundo-segundo-especialistas\/","name":"Os 4 alimentos mais perigosos do mundo, segundo especialistas","isPartOf":{"@id":"https:\/\/www.correiobraziliense.com.br\/cbradar\/#website"},"primaryImageOfPage":{"@id":"https:\/\/www.correiobraziliense.com.br\/cbradar\/os-4-alimentos-mais-perigosos-do-mundo-segundo-especialistas\/#primaryimage"},"image":{"@id":"https:\/\/www.correiobraziliense.com.br\/cbradar\/os-4-alimentos-mais-perigosos-do-mundo-segundo-especialistas\/#primaryimage"},"thumbnailUrl":"https:\/\/www.correiobraziliense.com.br\/cbradar\/wp-content\/uploads\/2025\/06\/alimentos_1751061594390.jpg","datePublished":"2025-06-27T22:20:00+00:00","author":{"@id":"https:\/\/www.correiobraziliense.com.br\/cbradar\/#\/schema\/person\/58422787644df994b53a19d3e56c1513"},"description":"Alguns alimentos tradicionais s\u00e3o proibidos em v\u00e1rios pa\u00edses por causa de seus efeitos t\u00f3xicos. Veja o que a ci\u00eancia diz sobre esses riscos.","breadcrumb":{"@id":"https:\/\/www.correiobraziliense.com.br\/cbradar\/os-4-alimentos-mais-perigosos-do-mundo-segundo-especialistas\/#breadcrumb"},"inLanguage":"pt-BR","potentialAction":[{"@type":"ReadAction","target":["https:\/\/www.correiobraziliense.com.br\/cbradar\/os-4-alimentos-mais-perigosos-do-mundo-segundo-especialistas\/"]}]},{"@type":"ImageObject","inLanguage":"pt-BR","@id":"https:\/\/www.correiobraziliense.com.br\/cbradar\/os-4-alimentos-mais-perigosos-do-mundo-segundo-especialistas\/#primaryimage","url":"https:\/\/www.correiobraziliense.com.br\/cbradar\/wp-content\/uploads\/2025\/06\/alimentos_1751061594390.jpg","contentUrl":"https:\/\/www.correiobraziliense.com.br\/cbradar\/wp-content\/uploads\/2025\/06\/alimentos_1751061594390.jpg","width":1280,"height":720,"caption":"Alimentos. Cr\u00e9ditos: depositphotos.com \/ monticello"},{"@type":"BreadcrumbList","@id":"https:\/\/www.correiobraziliense.com.br\/cbradar\/os-4-alimentos-mais-perigosos-do-mundo-segundo-especialistas\/#breadcrumb","itemListElement":[{"@type":"ListItem","position":1,"name":"In\u00edcio","item":"https:\/\/www.correiobraziliense.com.br\/cbradar\/"},{"@type":"ListItem","position":2,"name":"Os 4 alimentos mais perigosos do mundo, segundo especialistas"}]},{"@type":"WebSite","@id":"https:\/\/www.correiobraziliense.com.br\/cbradar\/#website","url":"https:\/\/www.correiobraziliense.com.br\/cbradar\/","name":"Correio Braziliense - Radar","description":"Acompanhe as \u00faltimas not\u00edcias e fique bem informado sobre tudo o que acontece no Brasil e no mundo.","potentialAction":[{"@type":"SearchAction","target":{"@type":"EntryPoint","urlTemplate":"https:\/\/www.correiobraziliense.com.br\/cbradar\/?s={search_term_string}"},"query-input":{"@type":"PropertyValueSpecification","valueRequired":true,"valueName":"search_term_string"}}],"inLanguage":"pt-BR"},{"@type":"Person","@id":"https:\/\/www.correiobraziliense.com.br\/cbradar\/#\/schema\/person\/58422787644df994b53a19d3e56c1513","name":"Larissa Carvalho","image":{"@type":"ImageObject","inLanguage":"pt-BR","@id":"https:\/\/www.correiobraziliense.com.br\/cbradar\/#\/schema\/person\/image\/","url":"https:\/\/secure.gravatar.com\/avatar\/fe4f91a0de32b52a838d0d612abdc1aa?s=96&d=mm&r=g","contentUrl":"https:\/\/secure.gravatar.com\/avatar\/fe4f91a0de32b52a838d0d612abdc1aa?s=96&d=mm&r=g","caption":"Larissa Carvalho"},"url":"https:\/\/www.correiobraziliense.com.br\/cbradar\/author\/larissamyth\/"}]}},"_links":{"self":[{"href":"https:\/\/www.correiobraziliense.com.br\/cbradar\/wp-json\/wp\/v2\/posts\/60467","targetHints":{"allow":["GET"]}}],"collection":[{"href":"https:\/\/www.correiobraziliense.com.br\/cbradar\/wp-json\/wp\/v2\/posts"}],"about":[{"href":"https:\/\/www.correiobraziliense.com.br\/cbradar\/wp-json\/wp\/v2\/types\/post"}],"author":[{"embeddable":true,"href":"https:\/\/www.correiobraziliense.com.br\/cbradar\/wp-json\/wp\/v2\/users\/3"}],"replies":[{"embeddable":true,"href":"https:\/\/www.correiobraziliense.com.br\/cbradar\/wp-json\/wp\/v2\/comments?post=60467"}],"version-history":[{"count":2,"href":"https:\/\/www.correiobraziliense.com.br\/cbradar\/wp-json\/wp\/v2\/posts\/60467\/revisions"}],"predecessor-version":[{"id":60471,"href":"https:\/\/www.correiobraziliense.com.br\/cbradar\/wp-json\/wp\/v2\/posts\/60467\/revisions\/60471"}],"wp:featuredmedia":[{"embeddable":true,"href":"https:\/\/www.correiobraziliense.com.br\/cbradar\/wp-json\/wp\/v2\/media\/60469"}],"wp:attachment":[{"href":"https:\/\/www.correiobraziliense.com.br\/cbradar\/wp-json\/wp\/v2\/media?parent=60467"}],"wp:term":[{"taxonomy":"category","embeddable":true,"href":"https:\/\/www.correiobraziliense.com.br\/cbradar\/wp-json\/wp\/v2\/categories?post=60467"},{"taxonomy":"post_tag","embeddable":true,"href":"https:\/\/www.correiobraziliense.com.br\/cbradar\/wp-json\/wp\/v2\/post_tag?post=60467"}],"curies":[{"name":"wp","href":"https:\/\/api.w.org\/{rel}","templated":true}]}}