{"id":6074,"date":"2025-02-26T12:50:00","date_gmt":"2025-02-26T15:50:00","guid":{"rendered":"https:\/\/www.correiobraziliense.com.br\/cbradar\/?p=6074"},"modified":"2025-02-25T11:57:05","modified_gmt":"2025-02-25T14:57:05","slug":"essas-foram-as-marcas-de-azeite-proibidas-no-brasil","status":"publish","type":"post","link":"https:\/\/www.correiobraziliense.com.br\/cbradar\/essas-foram-as-marcas-de-azeite-proibidas-no-brasil\/","title":{"rendered":"Essas foram as marcas de azeite proibidas no Brasil"},"content":{"rendered":"\n<p>Desde o in\u00edcio de 2024, o <strong><a href=\"https:\/\/www.gov.br\/agricultura\/pt-br\" target=\"_blank\" rel=\"noreferrer noopener\">Minist\u00e9rio da Agricultura do Brasil<\/a> <\/strong>tem intensificado a fiscaliza\u00e7\u00e3o sobre a qualidade dos azeites comercializados no pa\u00eds. Essa a\u00e7\u00e3o visa garantir que os produtos dispon\u00edveis para os consumidores atendam aos padr\u00f5es de qualidade estabelecidos. At\u00e9 agora, 29 marcas tiveram lotes de azeites proibidos ou foram totalmente vetadas para consumo devido a irregularidades encontradas.<\/p>\n\n\n\n<p>A principal raz\u00e3o para a proibi\u00e7\u00e3o desses azeites \u00e9 a identifica\u00e7\u00e3o de fraudes, como a mistura de outros \u00f3leos vegetais ao azeite de oliva. Essa pr\u00e1tica n\u00e3o apenas descumpre os padr\u00f5es de qualidade, mas tamb\u00e9m representa um risco \u00e0 sa\u00fade dos consumidores. A fiscaliza\u00e7\u00e3o realizada entre novembro e dezembro de 2024 resultou na apreens\u00e3o de mais de 30 mil litros de azeite impr\u00f3prio para consumo.<\/p>\n\n\n\n<h2 class=\"wp-block-heading\"><strong>Quais s\u00e3o os riscos dos azeites adulterados?<\/strong><\/h2>\n\n\n\n<p>A adultera\u00e7\u00e3o dos azeites pode trazer diversos riscos \u00e0 sa\u00fade dos consumidores. Produtos fabricados em locais clandestinos, com condi\u00e7\u00f5es de higiene inadequadas, podem conter contaminantes que afetam a sa\u00fade. Al\u00e9m disso, a mistura de \u00f3leos vegetais diferentes pode alterar as propriedades nutricionais do azeite, comprometendo seus benef\u00edcios \u00e0 sa\u00fade.<\/p>\n\n\n\n<p>Empresas envolvidas em fraudes frequentemente possuem CNPJ&#8217;s suspensos ou baixados pela Receita Federal, o que aumenta as suspeitas de irregularidades. Em mar\u00e7o de 2024, o Minist\u00e9rio da Agricultura identificou produtos fabricados e comercializados em condi\u00e7\u00f5es prec\u00e1rias, refor\u00e7ando a necessidade de fiscaliza\u00e7\u00e3o rigorosa.<\/p>\n\n\n\n<figure class=\"wp-block-image size-large\"><img decoding=\"async\" width=\"1024\" height=\"576\" src=\"https:\/\/www.correiobraziliense.com.br\/cbradar\/wp-content\/uploads\/2025\/02\/azeite-_1740488466207-1024x576.jpg\" alt=\"Essas foram as marcas de azeite proibidas no Brasil\" class=\"wp-image-6075\" srcset=\"https:\/\/www.correiobraziliense.com.br\/cbradar\/wp-content\/uploads\/2025\/02\/azeite-_1740488466207-1024x576.jpg 1024w, https:\/\/www.correiobraziliense.com.br\/cbradar\/wp-content\/uploads\/2025\/02\/azeite-_1740488466207-300x169.jpg 300w, https:\/\/www.correiobraziliense.com.br\/cbradar\/wp-content\/uploads\/2025\/02\/azeite-_1740488466207-768x432.jpg 768w, https:\/\/www.correiobraziliense.com.br\/cbradar\/wp-content\/uploads\/2025\/02\/azeite-_1740488466207-750x422.jpg 750w, https:\/\/www.correiobraziliense.com.br\/cbradar\/wp-content\/uploads\/2025\/02\/azeite-_1740488466207-1140x641.jpg 1140w, https:\/\/www.correiobraziliense.com.br\/cbradar\/wp-content\/uploads\/2025\/02\/azeite-_1740488466207.jpg 1280w\" sizes=\"(max-width: 1024px) 100vw, 1024px\" \/><figcaption class=\"wp-element-caption\">Azeite em fiscaliza\u00e7\u00e3o. Cr\u00e9ditos: depositphotos.com \/ AntonMatyukha<\/figcaption><\/figure>\n\n\n\n<h2 class=\"wp-block-heading\"><strong>Quais marcas de azeite foram proibidas?<\/strong><\/h2>\n\n\n\n<p>O Minist\u00e9rio da Agricultura divulgou tr\u00eas listas de marcas de azeite impr\u00f3prios ou falsificados ao longo de 2024. Algumas marcas tiveram lotes espec\u00edficos recolhidos, enquanto outras foram completamente retiradas do mercado. Em setembro do mesmo ano, a Anvisa tamb\u00e9m proibiu a venda de duas marcas, Serrano e Cordilheira, por terem sido importadas e distribu\u00eddas por empresas sem CNPJ.<\/p>\n\n\n\n<ul class=\"wp-block-list\">\n<li>Almazara<\/li>\n\n\n\n<li>Alonso<\/li>\n\n\n\n<li>AZ Azeite<\/li>\n\n\n\n<li>Carcavelos<\/li>\n\n\n\n<li>Cordilheira<\/li>\n\n\n\n<li>De Alc\u00e2ntara<\/li>\n\n\n\n<li>Don Alejandro<\/li>\n\n\n\n<li>Escarpas das Oliveiras<\/li>\n\n\n\n<li>Garcia Torres<\/li>\n\n\n\n<li>Grego Santorini<\/li>\n\n\n\n<li>Imperial<\/li>\n\n\n\n<li>La Ventosa<\/li>\n\n\n\n<li>M\u00e1laga<\/li>\n\n\n\n<li>Mezzano<\/li>\n\n\n\n<li>Olivas del Tango<\/li>\n\n\n\n<li>Ouro Negro<\/li>\n\n\n\n<li>Oviedo<\/li>\n\n\n\n<li>P\u00e9rola Negra<\/li>\n\n\n\n<li>Quinta de Aveiro<\/li>\n\n\n\n<li>Quintas D\u2019Oliveira<\/li>\n\n\n\n<li>Rio Negro<\/li>\n\n\n\n<li>Serra Morena<\/li>\n\n\n\n<li>Serrano<\/li>\n\n\n\n<li>Terra de \u00d3bidos<\/li>\n\n\n\n<li>Uberaba<\/li>\n\n\n\n<li>Vila Real<\/li>\n\n\n\n<li>Vincenzo<\/li>\n<\/ul>\n\n\n\n<h2 class=\"wp-block-heading\"><strong>Como os consumidores podem se proteger?<\/strong><\/h2>\n\n\n\n<p>Para garantir a seguran\u00e7a ao consumir azeite, \u00e9 importante que os consumidores fiquem atentos \u00e0s marcas e proced\u00eancia dos produtos. Verificar se a marca est\u00e1 registrada e se possui CNPJ ativo \u00e9 uma medida preventiva eficaz. Al\u00e9m disso, \u00e9 aconselh\u00e1vel acompanhar as listas divulgadas pelo Minist\u00e9rio da Agricultura e pela Anvisa para evitar a compra de produtos proibidos.<\/p>\n\n\n\n<p>O Minist\u00e9rio da Agricultura continua a monitorar o mercado de azeites no Brasil, buscando proteger a sa\u00fade dos consumidores e garantir a qualidade dos produtos dispon\u00edveis. A fiscaliza\u00e7\u00e3o rigorosa e a divulga\u00e7\u00e3o de informa\u00e7\u00f5es s\u00e3o ferramentas essenciais nesse processo.<\/p>\n","protected":false},"excerpt":{"rendered":"<p>No Brasil, azeites adulterados s\u00e3o um risco \u00e0 sa\u00fade e ao consumo. Confira as marcas proibidas e aprenda como se prevenir.<\/p>\n","protected":false},"author":3,"featured_media":6076,"comment_status":"open","ping_status":"open","sticky":false,"template":"","format":"standard","meta":{"_yoast_wpseo_focuskw":"Azeite em fiscaliza\u00e7\u00e3o","_yoast_wpseo_title":"%%title%%","_yoast_wpseo_metadesc":"No Brasil, azeites adulterados s\u00e3o um risco \u00e0 sa\u00fade e ao consumo. Confira as marcas proibidas e aprenda como se prevenir.","jnews-multi-image_gallery":[],"jnews_single_post":{"format":"standard"},"jnews_primary_category":[],"jnews_social_meta":[],"jnews_override_counter":[],"footnotes":""},"categories":[112],"post_tag":[1108,1107,1109],"class_list":["post-6074","post","type-post","status-publish","format-standard","has-post-thumbnail","hentry","category-curiosidades","tag-anivsa","tag-azeite","tag-marcas-proibidas"],"yoast_head":"<!-- This site is optimized with the Yoast SEO plugin v24.6 - https:\/\/yoast.com\/wordpress\/plugins\/seo\/ -->\n<title>Essas foram as marcas de azeite proibidas no Brasil<\/title>\n<meta name=\"description\" content=\"No Brasil, azeites adulterados s\u00e3o um risco \u00e0 sa\u00fade e ao consumo. Confira as marcas proibidas e aprenda como se prevenir.\" \/>\n<meta name=\"robots\" content=\"index, follow, max-snippet:-1, max-image-preview:large, max-video-preview:-1\" \/>\n<link rel=\"canonical\" href=\"https:\/\/www.correiobraziliense.com.br\/cbradar\/essas-foram-as-marcas-de-azeite-proibidas-no-brasil\/\" \/>\n<meta property=\"og:locale\" content=\"pt_BR\" \/>\n<meta property=\"og:type\" content=\"article\" \/>\n<meta property=\"og:title\" content=\"Essas foram as marcas de azeite proibidas no Brasil\" \/>\n<meta property=\"og:description\" content=\"No Brasil, azeites adulterados s\u00e3o um risco \u00e0 sa\u00fade e ao consumo. Confira as marcas proibidas e aprenda como se prevenir.\" \/>\n<meta property=\"og:url\" content=\"https:\/\/www.correiobraziliense.com.br\/cbradar\/essas-foram-as-marcas-de-azeite-proibidas-no-brasil\/\" \/>\n<meta property=\"og:site_name\" content=\"Correio Braziliense - Radar\" \/>\n<meta property=\"article:published_time\" content=\"2025-02-26T15:50:00+00:00\" \/>\n<meta property=\"og:image\" content=\"https:\/\/www.correiobraziliense.com.br\/cbradar\/wp-content\/uploads\/2025\/02\/azeite-_1740488624799.jpg\" \/>\n\t<meta property=\"og:image:width\" content=\"1280\" \/>\n\t<meta property=\"og:image:height\" content=\"720\" \/>\n\t<meta property=\"og:image:type\" content=\"image\/jpeg\" \/>\n<meta name=\"author\" content=\"Larissa Carvalho\" \/>\n<meta name=\"twitter:card\" content=\"summary_large_image\" \/>\n<meta name=\"twitter:label1\" content=\"Escrito por\" \/>\n\t<meta name=\"twitter:data1\" content=\"Larissa Carvalho\" \/>\n\t<meta name=\"twitter:label2\" content=\"Est. tempo de leitura\" \/>\n\t<meta name=\"twitter:data2\" content=\"3 minutos\" \/>\n<!-- \/ Yoast SEO plugin. -->","yoast_head_json":{"title":"Essas foram as marcas de azeite proibidas no Brasil","description":"No Brasil, azeites adulterados s\u00e3o um risco \u00e0 sa\u00fade e ao consumo. Confira as marcas proibidas e aprenda como se prevenir.","robots":{"index":"index","follow":"follow","max-snippet":"max-snippet:-1","max-image-preview":"max-image-preview:large","max-video-preview":"max-video-preview:-1"},"canonical":"https:\/\/www.correiobraziliense.com.br\/cbradar\/essas-foram-as-marcas-de-azeite-proibidas-no-brasil\/","og_locale":"pt_BR","og_type":"article","og_title":"Essas foram as marcas de azeite proibidas no Brasil","og_description":"No Brasil, azeites adulterados s\u00e3o um risco \u00e0 sa\u00fade e ao consumo. Confira as marcas proibidas e aprenda como se prevenir.","og_url":"https:\/\/www.correiobraziliense.com.br\/cbradar\/essas-foram-as-marcas-de-azeite-proibidas-no-brasil\/","og_site_name":"Correio Braziliense - Radar","article_published_time":"2025-02-26T15:50:00+00:00","og_image":[{"width":1280,"height":720,"url":"https:\/\/www.correiobraziliense.com.br\/cbradar\/wp-content\/uploads\/2025\/02\/azeite-_1740488624799.jpg","type":"image\/jpeg"}],"author":"Larissa Carvalho","twitter_card":"summary_large_image","twitter_misc":{"Escrito por":"Larissa Carvalho","Est. tempo de leitura":"3 minutos"},"schema":{"@context":"https:\/\/schema.org","@graph":[{"@type":"WebPage","@id":"https:\/\/www.correiobraziliense.com.br\/cbradar\/essas-foram-as-marcas-de-azeite-proibidas-no-brasil\/","url":"https:\/\/www.correiobraziliense.com.br\/cbradar\/essas-foram-as-marcas-de-azeite-proibidas-no-brasil\/","name":"Essas foram as marcas de azeite proibidas no Brasil","isPartOf":{"@id":"https:\/\/www.correiobraziliense.com.br\/cbradar\/#website"},"primaryImageOfPage":{"@id":"https:\/\/www.correiobraziliense.com.br\/cbradar\/essas-foram-as-marcas-de-azeite-proibidas-no-brasil\/#primaryimage"},"image":{"@id":"https:\/\/www.correiobraziliense.com.br\/cbradar\/essas-foram-as-marcas-de-azeite-proibidas-no-brasil\/#primaryimage"},"thumbnailUrl":"https:\/\/www.correiobraziliense.com.br\/cbradar\/wp-content\/uploads\/2025\/02\/azeite-_1740488624799.jpg","datePublished":"2025-02-26T15:50:00+00:00","author":{"@id":"https:\/\/www.correiobraziliense.com.br\/cbradar\/#\/schema\/person\/58422787644df994b53a19d3e56c1513"},"description":"No Brasil, azeites adulterados s\u00e3o um risco \u00e0 sa\u00fade e ao consumo. Confira as marcas proibidas e aprenda como se prevenir.","breadcrumb":{"@id":"https:\/\/www.correiobraziliense.com.br\/cbradar\/essas-foram-as-marcas-de-azeite-proibidas-no-brasil\/#breadcrumb"},"inLanguage":"pt-BR","potentialAction":[{"@type":"ReadAction","target":["https:\/\/www.correiobraziliense.com.br\/cbradar\/essas-foram-as-marcas-de-azeite-proibidas-no-brasil\/"]}]},{"@type":"ImageObject","inLanguage":"pt-BR","@id":"https:\/\/www.correiobraziliense.com.br\/cbradar\/essas-foram-as-marcas-de-azeite-proibidas-no-brasil\/#primaryimage","url":"https:\/\/www.correiobraziliense.com.br\/cbradar\/wp-content\/uploads\/2025\/02\/azeite-_1740488624799.jpg","contentUrl":"https:\/\/www.correiobraziliense.com.br\/cbradar\/wp-content\/uploads\/2025\/02\/azeite-_1740488624799.jpg","width":1280,"height":720,"caption":"Azeite. Cr\u00e9ditos: depositphotos.com \/ VadimVasenin"},{"@type":"BreadcrumbList","@id":"https:\/\/www.correiobraziliense.com.br\/cbradar\/essas-foram-as-marcas-de-azeite-proibidas-no-brasil\/#breadcrumb","itemListElement":[{"@type":"ListItem","position":1,"name":"In\u00edcio","item":"https:\/\/www.correiobraziliense.com.br\/cbradar\/"},{"@type":"ListItem","position":2,"name":"Essas foram as marcas de azeite proibidas no Brasil"}]},{"@type":"WebSite","@id":"https:\/\/www.correiobraziliense.com.br\/cbradar\/#website","url":"https:\/\/www.correiobraziliense.com.br\/cbradar\/","name":"Correio Braziliense - Radar","description":"Acompanhe as \u00faltimas not\u00edcias e fique bem informado sobre tudo o que acontece no Brasil e no mundo.","potentialAction":[{"@type":"SearchAction","target":{"@type":"EntryPoint","urlTemplate":"https:\/\/www.correiobraziliense.com.br\/cbradar\/?s={search_term_string}"},"query-input":{"@type":"PropertyValueSpecification","valueRequired":true,"valueName":"search_term_string"}}],"inLanguage":"pt-BR"},{"@type":"Person","@id":"https:\/\/www.correiobraziliense.com.br\/cbradar\/#\/schema\/person\/58422787644df994b53a19d3e56c1513","name":"Larissa Carvalho","image":{"@type":"ImageObject","inLanguage":"pt-BR","@id":"https:\/\/www.correiobraziliense.com.br\/cbradar\/#\/schema\/person\/image\/","url":"https:\/\/secure.gravatar.com\/avatar\/fe4f91a0de32b52a838d0d612abdc1aa?s=96&d=mm&r=g","contentUrl":"https:\/\/secure.gravatar.com\/avatar\/fe4f91a0de32b52a838d0d612abdc1aa?s=96&d=mm&r=g","caption":"Larissa Carvalho"},"url":"https:\/\/www.correiobraziliense.com.br\/cbradar\/author\/larissamyth\/"}]}},"_links":{"self":[{"href":"https:\/\/www.correiobraziliense.com.br\/cbradar\/wp-json\/wp\/v2\/posts\/6074","targetHints":{"allow":["GET"]}}],"collection":[{"href":"https:\/\/www.correiobraziliense.com.br\/cbradar\/wp-json\/wp\/v2\/posts"}],"about":[{"href":"https:\/\/www.correiobraziliense.com.br\/cbradar\/wp-json\/wp\/v2\/types\/post"}],"author":[{"embeddable":true,"href":"https:\/\/www.correiobraziliense.com.br\/cbradar\/wp-json\/wp\/v2\/users\/3"}],"replies":[{"embeddable":true,"href":"https:\/\/www.correiobraziliense.com.br\/cbradar\/wp-json\/wp\/v2\/comments?post=6074"}],"version-history":[{"count":2,"href":"https:\/\/www.correiobraziliense.com.br\/cbradar\/wp-json\/wp\/v2\/posts\/6074\/revisions"}],"predecessor-version":[{"id":6118,"href":"https:\/\/www.correiobraziliense.com.br\/cbradar\/wp-json\/wp\/v2\/posts\/6074\/revisions\/6118"}],"wp:featuredmedia":[{"embeddable":true,"href":"https:\/\/www.correiobraziliense.com.br\/cbradar\/wp-json\/wp\/v2\/media\/6076"}],"wp:attachment":[{"href":"https:\/\/www.correiobraziliense.com.br\/cbradar\/wp-json\/wp\/v2\/media?parent=6074"}],"wp:term":[{"taxonomy":"category","embeddable":true,"href":"https:\/\/www.correiobraziliense.com.br\/cbradar\/wp-json\/wp\/v2\/categories?post=6074"},{"taxonomy":"post_tag","embeddable":true,"href":"https:\/\/www.correiobraziliense.com.br\/cbradar\/wp-json\/wp\/v2\/post_tag?post=6074"}],"curies":[{"name":"wp","href":"https:\/\/api.w.org\/{rel}","templated":true}]}}