{"id":60788,"date":"2025-06-28T09:40:00","date_gmt":"2025-06-28T12:40:00","guid":{"rendered":"https:\/\/www.correiobraziliense.com.br\/cbradar\/?p=60788"},"modified":"2025-06-28T09:07:30","modified_gmt":"2025-06-28T12:07:30","slug":"a-planta-que-repele-mosquitos-naturalmente-e-ainda-decora-sua-casa","status":"publish","type":"post","link":"https:\/\/www.correiobraziliense.com.br\/cbradar\/a-planta-que-repele-mosquitos-naturalmente-e-ainda-decora-sua-casa\/","title":{"rendered":"A planta que repele mosquitos naturalmente e ainda decora sua casa"},"content":{"rendered":"\n<p>Entre as plantas mais conhecidas por seu perfume marcante e colora\u00e7\u00e3o vibrante, a lavanda se destaca n\u00e3o apenas pela beleza, mas tamb\u00e9m por sua utilidade no dia a dia. Com flores de tom roxo intenso e um aroma inconfund\u00edvel, essa esp\u00e9cie \u00e9 frequentemente utilizada tanto na decora\u00e7\u00e3o de ambientes quanto em pr\u00e1ticas voltadas ao bem-estar, como o Feng Shui. Al\u00e9m de contribuir para a atmosfera do lar, a lavanda oferece benef\u00edcios pr\u00e1ticos, sendo reconhecida como uma alternativa natural para afastar insetos indesejados.<\/p>\n\n\n\n<p>Ap\u00f3s per\u00edodos de chuva, \u00e9 comum notar o aumento da presen\u00e7a de mosquitos dentro de casa, mesmo fora das \u00e9pocas mais quentes do ano. Muitas pessoas buscam solu\u00e7\u00f5es para esse inc\u00f4modo sem recorrer a produtos qu\u00edmicos ou aeross\u00f3is. Nesse contexto, a lavanda surge como uma op\u00e7\u00e3o eficaz, j\u00e1 que seu aroma, apreciado por grande parte das pessoas, \u00e9 considerado desagrad\u00e1vel para esses insetos.<\/p>\n\n\n\n<h2 class=\"wp-block-heading\">Por que a lavanda \u00e9 eficiente contra mosquitos?<\/h2>\n\n\n\n<p>A lavanda possui \u00f3leos essenciais que liberam um perfume intenso, capaz de agir como repelente natural. O cheiro exalado pelas flores e folhas interfere na capacidade dos mosquitos de localizar pessoas e animais, dificultando a aproxima\u00e7\u00e3o desses insetos. Por esse motivo, manter vasos de lavanda em \u00e1reas estrat\u00e9gicas da casa, como varandas, janelas e jardins, pode ajudar a reduzir a incid\u00eancia de mosquitos sem comprometer a sa\u00fade dos moradores.<\/p>\n\n\n\n<h2 class=\"wp-block-heading\">Como cultivar lavanda em casa?<\/h2>\n\n\n\n<p>Para garantir que a lavanda cres\u00e7a saud\u00e1vel e mantenha seu potencial arom\u00e1tico, alguns cuidados s\u00e3o essenciais. A planta prefere locais bem iluminados, recebendo pelo menos seis horas de sol direto diariamente. O solo deve ser leve, com boa drenagem, evitando o ac\u00famulo de \u00e1gua que pode prejudicar as ra\u00edzes. Recomenda-se regar apenas quando a terra estiver seca ao toque, prevenindo o excesso de umidade.<\/p>\n\n\n\n<ul class=\"wp-block-list\">\n<li><strong>Luz solar:<\/strong> m\u00ednimo de seis horas por dia.<\/li>\n\n\n\n<li><strong>Solo:<\/strong> arenoso e bem drenado.<\/li>\n\n\n\n<li><strong>Rega:<\/strong> moderada, apenas quando necess\u00e1rio.<\/li>\n\n\n\n<li><strong>Poda:<\/strong> ap\u00f3s a flora\u00e7\u00e3o, para estimular novos brotos.<\/li>\n\n\n\n<li><strong>Multiplica\u00e7\u00e3o:<\/strong> por sementes na primavera ou por estacas ao longo do ano.<\/li>\n<\/ul>\n\n\n\n<figure class=\"wp-block-image size-large\"><img decoding=\"async\" width=\"1024\" height=\"576\" src=\"https:\/\/www.correiobraziliense.com.br\/cbradar\/wp-content\/uploads\/2025\/06\/lavanda_1751112402289-1024x576.jpg\" alt=\"A planta que repele mosquitos naturalmente e ainda decora sua casa\" class=\"wp-image-60791\" srcset=\"https:\/\/www.correiobraziliense.com.br\/cbradar\/wp-content\/uploads\/2025\/06\/lavanda_1751112402289-1024x576.jpg 1024w, https:\/\/www.correiobraziliense.com.br\/cbradar\/wp-content\/uploads\/2025\/06\/lavanda_1751112402289-300x169.jpg 300w, https:\/\/www.correiobraziliense.com.br\/cbradar\/wp-content\/uploads\/2025\/06\/lavanda_1751112402289-768x432.jpg 768w, https:\/\/www.correiobraziliense.com.br\/cbradar\/wp-content\/uploads\/2025\/06\/lavanda_1751112402289-750x422.jpg 750w, https:\/\/www.correiobraziliense.com.br\/cbradar\/wp-content\/uploads\/2025\/06\/lavanda_1751112402289-1140x641.jpg 1140w, https:\/\/www.correiobraziliense.com.br\/cbradar\/wp-content\/uploads\/2025\/06\/lavanda_1751112402289.jpg 1280w\" sizes=\"(max-width: 1024px) 100vw, 1024px\" \/><figcaption class=\"wp-element-caption\">lavanda. Cr\u00e9ditos: depositphotos.com \/ anskuw<\/figcaption><\/figure>\n\n\n\n<h2 class=\"wp-block-heading\">Quais outros benef\u00edcios a lavanda pode oferecer ao ambiente?<\/h2>\n\n\n\n<p>Al\u00e9m de atuar como repelente natural, a lavanda \u00e9 valorizada por suas propriedades arom\u00e1ticas e decorativas. Seu perfume contribui para a sensa\u00e7\u00e3o de tranquilidade nos ambientes, sendo utilizada em aromaterapia e em pr\u00e1ticas de harmoniza\u00e7\u00e3o de espa\u00e7os. No Feng Shui, acredita-se que a lavanda promove energia positiva, tornando-se uma escolha frequente para quem busca equil\u00edbrio e bem-estar em casa.<\/p>\n\n\n\n<p>Outra vantagem \u00e9 a facilidade de cultivo, j\u00e1 que a lavanda \u00e9 uma planta resistente e demanda poucos cuidados. Sua presen\u00e7a pode ser combinada com outras esp\u00e9cies, como hortel\u00e3 e manjeric\u00e3o, que tamb\u00e9m ajudam a afastar insetos e enriquecem o visual do jardim ou da varanda.<\/p>\n\n\n\n<h2 class=\"wp-block-heading\">Como evitar problemas comuns no cultivo da lavanda?<\/h2>\n\n\n\n<p>Apesar de ser robusta, a lavanda pode enfrentar desafios como o ataque de pulg\u00f5es ou o surgimento de fungos, especialmente em ambientes com excesso de umidade. Para evitar esses problemas, \u00e9 importante garantir que o vaso tenha furos para drenagem e evitar encharcar o solo. Caso apare\u00e7am pragas, a remo\u00e7\u00e3o manual ou o uso de solu\u00e7\u00f5es naturais pode ser suficiente para manter a planta saud\u00e1vel.<\/p>\n\n\n\n<ol class=\"wp-block-list\">\n<li>Verifique a umidade do solo antes de regar.<\/li>\n\n\n\n<li>Realize podas regulares para estimular o crescimento.<\/li>\n\n\n\n<li>Observe sinais de pragas e trate rapidamente.<\/li>\n\n\n\n<li>Evite locais muito \u00famidos ou com pouca ventila\u00e7\u00e3o.<\/li>\n<\/ol>\n\n\n\n<p>Em 2025, a busca por alternativas naturais para o controle de insetos e a valoriza\u00e7\u00e3o de ambientes agrad\u00e1veis segue em alta. A lavanda, com sua combina\u00e7\u00e3o de cor, aroma e praticidade, continua sendo uma escolha relevante para quem deseja unir beleza, funcionalidade e bem-estar no lar.<\/p>\n\n\n\n<p><\/p>\n","protected":false},"excerpt":{"rendered":"<p>Descubra como a lavanda pode deixar sua casa mais bonita, perfumada e livre de insetos. Dicas de cultivo e cuidados para ter essa planta maravilhosa em casa.<\/p>\n","protected":false},"author":3,"featured_media":60790,"comment_status":"open","ping_status":"open","sticky":false,"template":"","format":"standard","meta":{"_yoast_wpseo_focuskw":"planta repele mosquitos","_yoast_wpseo_title":"%%title%%","_yoast_wpseo_metadesc":"Descubra como a lavanda pode deixar sua casa mais bonita, perfumada e livre de insetos. Dicas de cultivo e cuidados para ter essa planta maravilhosa em casa.","jnews-multi-image_gallery":[],"jnews_single_post":{"format":"standard"},"jnews_primary_category":[],"jnews_social_meta":[],"jnews_override_counter":[],"footnotes":""},"categories":[136],"post_tag":[329],"class_list":["post-60788","post","type-post","status-publish","format-standard","has-post-thumbnail","hentry","category-jardinagem","tag-jardinagem"],"yoast_head":"<!-- This site is optimized with the Yoast SEO plugin v24.6 - https:\/\/yoast.com\/wordpress\/plugins\/seo\/ -->\n<title>A planta que repele mosquitos naturalmente e ainda decora sua casa<\/title>\n<meta name=\"description\" content=\"Descubra como a lavanda pode deixar sua casa mais bonita, perfumada e livre de insetos. Dicas de cultivo e cuidados para ter essa planta maravilhosa em casa.\" \/>\n<meta name=\"robots\" content=\"index, follow, max-snippet:-1, max-image-preview:large, max-video-preview:-1\" \/>\n<link rel=\"canonical\" href=\"https:\/\/www.correiobraziliense.com.br\/cbradar\/a-planta-que-repele-mosquitos-naturalmente-e-ainda-decora-sua-casa\/\" \/>\n<meta property=\"og:locale\" content=\"pt_BR\" \/>\n<meta property=\"og:type\" content=\"article\" \/>\n<meta property=\"og:title\" content=\"A planta que repele mosquitos naturalmente e ainda decora sua casa\" \/>\n<meta property=\"og:description\" content=\"Descubra como a lavanda pode deixar sua casa mais bonita, perfumada e livre de insetos. Dicas de cultivo e cuidados para ter essa planta maravilhosa em casa.\" \/>\n<meta property=\"og:url\" content=\"https:\/\/www.correiobraziliense.com.br\/cbradar\/a-planta-que-repele-mosquitos-naturalmente-e-ainda-decora-sua-casa\/\" \/>\n<meta property=\"og:site_name\" content=\"Correio Braziliense - Radar\" \/>\n<meta property=\"article:published_time\" content=\"2025-06-28T12:40:00+00:00\" \/>\n<meta property=\"og:image\" content=\"https:\/\/www.correiobraziliense.com.br\/cbradar\/wp-content\/uploads\/2025\/06\/lavanda_1751112315902.jpg\" \/>\n\t<meta property=\"og:image:width\" content=\"1280\" \/>\n\t<meta property=\"og:image:height\" content=\"720\" \/>\n\t<meta property=\"og:image:type\" content=\"image\/jpeg\" \/>\n<meta name=\"author\" content=\"Larissa Carvalho\" \/>\n<meta name=\"twitter:card\" content=\"summary_large_image\" \/>\n<meta name=\"twitter:label1\" content=\"Escrito por\" \/>\n\t<meta name=\"twitter:data1\" content=\"Larissa Carvalho\" \/>\n\t<meta name=\"twitter:label2\" content=\"Est. tempo de leitura\" \/>\n\t<meta name=\"twitter:data2\" content=\"4 minutos\" \/>\n<!-- \/ Yoast SEO plugin. -->","yoast_head_json":{"title":"A planta que repele mosquitos naturalmente e ainda decora sua casa","description":"Descubra como a lavanda pode deixar sua casa mais bonita, perfumada e livre de insetos. Dicas de cultivo e cuidados para ter essa planta maravilhosa em casa.","robots":{"index":"index","follow":"follow","max-snippet":"max-snippet:-1","max-image-preview":"max-image-preview:large","max-video-preview":"max-video-preview:-1"},"canonical":"https:\/\/www.correiobraziliense.com.br\/cbradar\/a-planta-que-repele-mosquitos-naturalmente-e-ainda-decora-sua-casa\/","og_locale":"pt_BR","og_type":"article","og_title":"A planta que repele mosquitos naturalmente e ainda decora sua casa","og_description":"Descubra como a lavanda pode deixar sua casa mais bonita, perfumada e livre de insetos. Dicas de cultivo e cuidados para ter essa planta maravilhosa em casa.","og_url":"https:\/\/www.correiobraziliense.com.br\/cbradar\/a-planta-que-repele-mosquitos-naturalmente-e-ainda-decora-sua-casa\/","og_site_name":"Correio Braziliense - Radar","article_published_time":"2025-06-28T12:40:00+00:00","og_image":[{"width":1280,"height":720,"url":"https:\/\/www.correiobraziliense.com.br\/cbradar\/wp-content\/uploads\/2025\/06\/lavanda_1751112315902.jpg","type":"image\/jpeg"}],"author":"Larissa Carvalho","twitter_card":"summary_large_image","twitter_misc":{"Escrito por":"Larissa Carvalho","Est. tempo de leitura":"4 minutos"},"schema":{"@context":"https:\/\/schema.org","@graph":[{"@type":"WebPage","@id":"https:\/\/www.correiobraziliense.com.br\/cbradar\/a-planta-que-repele-mosquitos-naturalmente-e-ainda-decora-sua-casa\/","url":"https:\/\/www.correiobraziliense.com.br\/cbradar\/a-planta-que-repele-mosquitos-naturalmente-e-ainda-decora-sua-casa\/","name":"A planta que repele mosquitos naturalmente e ainda decora sua casa","isPartOf":{"@id":"https:\/\/www.correiobraziliense.com.br\/cbradar\/#website"},"primaryImageOfPage":{"@id":"https:\/\/www.correiobraziliense.com.br\/cbradar\/a-planta-que-repele-mosquitos-naturalmente-e-ainda-decora-sua-casa\/#primaryimage"},"image":{"@id":"https:\/\/www.correiobraziliense.com.br\/cbradar\/a-planta-que-repele-mosquitos-naturalmente-e-ainda-decora-sua-casa\/#primaryimage"},"thumbnailUrl":"https:\/\/www.correiobraziliense.com.br\/cbradar\/wp-content\/uploads\/2025\/06\/lavanda_1751112315902.jpg","datePublished":"2025-06-28T12:40:00+00:00","author":{"@id":"https:\/\/www.correiobraziliense.com.br\/cbradar\/#\/schema\/person\/58422787644df994b53a19d3e56c1513"},"description":"Descubra como a lavanda pode deixar sua casa mais bonita, perfumada e livre de insetos. Dicas de cultivo e cuidados para ter essa planta maravilhosa em casa.","breadcrumb":{"@id":"https:\/\/www.correiobraziliense.com.br\/cbradar\/a-planta-que-repele-mosquitos-naturalmente-e-ainda-decora-sua-casa\/#breadcrumb"},"inLanguage":"pt-BR","potentialAction":[{"@type":"ReadAction","target":["https:\/\/www.correiobraziliense.com.br\/cbradar\/a-planta-que-repele-mosquitos-naturalmente-e-ainda-decora-sua-casa\/"]}]},{"@type":"ImageObject","inLanguage":"pt-BR","@id":"https:\/\/www.correiobraziliense.com.br\/cbradar\/a-planta-que-repele-mosquitos-naturalmente-e-ainda-decora-sua-casa\/#primaryimage","url":"https:\/\/www.correiobraziliense.com.br\/cbradar\/wp-content\/uploads\/2025\/06\/lavanda_1751112315902.jpg","contentUrl":"https:\/\/www.correiobraziliense.com.br\/cbradar\/wp-content\/uploads\/2025\/06\/lavanda_1751112315902.jpg","width":1280,"height":720,"caption":"lavanda. Cr\u00e9ditos: depositphotos.com \/ KateGrishekinaBO"},{"@type":"BreadcrumbList","@id":"https:\/\/www.correiobraziliense.com.br\/cbradar\/a-planta-que-repele-mosquitos-naturalmente-e-ainda-decora-sua-casa\/#breadcrumb","itemListElement":[{"@type":"ListItem","position":1,"name":"In\u00edcio","item":"https:\/\/www.correiobraziliense.com.br\/cbradar\/"},{"@type":"ListItem","position":2,"name":"A planta que repele mosquitos naturalmente e ainda decora sua casa"}]},{"@type":"WebSite","@id":"https:\/\/www.correiobraziliense.com.br\/cbradar\/#website","url":"https:\/\/www.correiobraziliense.com.br\/cbradar\/","name":"Correio Braziliense - Radar","description":"Acompanhe as \u00faltimas not\u00edcias e fique bem informado sobre tudo o que acontece no Brasil e no mundo.","potentialAction":[{"@type":"SearchAction","target":{"@type":"EntryPoint","urlTemplate":"https:\/\/www.correiobraziliense.com.br\/cbradar\/?s={search_term_string}"},"query-input":{"@type":"PropertyValueSpecification","valueRequired":true,"valueName":"search_term_string"}}],"inLanguage":"pt-BR"},{"@type":"Person","@id":"https:\/\/www.correiobraziliense.com.br\/cbradar\/#\/schema\/person\/58422787644df994b53a19d3e56c1513","name":"Larissa Carvalho","image":{"@type":"ImageObject","inLanguage":"pt-BR","@id":"https:\/\/www.correiobraziliense.com.br\/cbradar\/#\/schema\/person\/image\/","url":"https:\/\/secure.gravatar.com\/avatar\/fe4f91a0de32b52a838d0d612abdc1aa?s=96&d=mm&r=g","contentUrl":"https:\/\/secure.gravatar.com\/avatar\/fe4f91a0de32b52a838d0d612abdc1aa?s=96&d=mm&r=g","caption":"Larissa Carvalho"},"url":"https:\/\/www.correiobraziliense.com.br\/cbradar\/author\/larissamyth\/"}]}},"_links":{"self":[{"href":"https:\/\/www.correiobraziliense.com.br\/cbradar\/wp-json\/wp\/v2\/posts\/60788","targetHints":{"allow":["GET"]}}],"collection":[{"href":"https:\/\/www.correiobraziliense.com.br\/cbradar\/wp-json\/wp\/v2\/posts"}],"about":[{"href":"https:\/\/www.correiobraziliense.com.br\/cbradar\/wp-json\/wp\/v2\/types\/post"}],"author":[{"embeddable":true,"href":"https:\/\/www.correiobraziliense.com.br\/cbradar\/wp-json\/wp\/v2\/users\/3"}],"replies":[{"embeddable":true,"href":"https:\/\/www.correiobraziliense.com.br\/cbradar\/wp-json\/wp\/v2\/comments?post=60788"}],"version-history":[{"count":2,"href":"https:\/\/www.correiobraziliense.com.br\/cbradar\/wp-json\/wp\/v2\/posts\/60788\/revisions"}],"predecessor-version":[{"id":60792,"href":"https:\/\/www.correiobraziliense.com.br\/cbradar\/wp-json\/wp\/v2\/posts\/60788\/revisions\/60792"}],"wp:featuredmedia":[{"embeddable":true,"href":"https:\/\/www.correiobraziliense.com.br\/cbradar\/wp-json\/wp\/v2\/media\/60790"}],"wp:attachment":[{"href":"https:\/\/www.correiobraziliense.com.br\/cbradar\/wp-json\/wp\/v2\/media?parent=60788"}],"wp:term":[{"taxonomy":"category","embeddable":true,"href":"https:\/\/www.correiobraziliense.com.br\/cbradar\/wp-json\/wp\/v2\/categories?post=60788"},{"taxonomy":"post_tag","embeddable":true,"href":"https:\/\/www.correiobraziliense.com.br\/cbradar\/wp-json\/wp\/v2\/post_tag?post=60788"}],"curies":[{"name":"wp","href":"https:\/\/api.w.org\/{rel}","templated":true}]}}