{"id":60868,"date":"2025-06-29T14:53:00","date_gmt":"2025-06-29T17:53:00","guid":{"rendered":"https:\/\/www.correiobraziliense.com.br\/cbradar\/?p=60868"},"modified":"2025-06-28T12:06:14","modified_gmt":"2025-06-28T15:06:14","slug":"7-praticas-diarias-que-protegem-seu-cerebro-do-envelhecimento","status":"publish","type":"post","link":"https:\/\/www.correiobraziliense.com.br\/cbradar\/7-praticas-diarias-que-protegem-seu-cerebro-do-envelhecimento\/","title":{"rendered":"7 pr\u00e1ticas di\u00e1rias que protegem seu c\u00e9rebro do envelhecimento"},"content":{"rendered":"\n<p>Com o passar dos anos, \u00e9 comum notar algumas mudan\u00e7as na mem\u00f3ria e na capacidade de concentra\u00e7\u00e3o. Pequenos esquecimentos, como perder compromissos ou demorar mais para lembrar de informa\u00e7\u00f5es recentes, podem surgir naturalmente com o envelhecimento. No entanto, existem estrat\u00e9gias simples e eficazes que podem ser incorporadas ao dia a dia para manter a sa\u00fade do c\u00e9rebro e preservar as fun\u00e7\u00f5es cognitivas por mais tempo.<\/p>\n\n\n\n<p>Especialistas destacam que, embora o decl\u00ednio cognitivo fa\u00e7a parte do processo natural de envelhecimento, sinais como esquecimento frequente de tarefas rotineiras, dificuldade para realizar atividades habituais ou perda de foco podem indicar a necessidade de aten\u00e7\u00e3o. Por isso, <strong>adotar h\u00e1bitos saud\u00e1veis e pr\u00e1ticas que estimulam o c\u00e9rebro pode fazer diferen\u00e7a significativa na qualidade de vida e no bem-estar mental.<\/strong><\/p>\n\n\n\n<h2 class=\"wp-block-heading\">Como manter o c\u00e9rebro saud\u00e1vel diariamente?<\/h2>\n\n\n\n<p><strong>O cuidado com a sa\u00fade cerebral envolve uma combina\u00e7\u00e3o de fatores que v\u00e3o al\u00e9m do simples exerc\u00edcio mental.<\/strong> A pr\u00e1tica regular de atividades f\u00edsicas, por exemplo, \u00e9 apontada como uma das principais formas de estimular o fluxo sangu\u00edneo no c\u00e9rebro, contribuindo para o bom funcionamento das fun\u00e7\u00f5es cognitivas. Caminhadas, dan\u00e7a ou qualquer outra atividade prazerosa podem ser incorporadas \u00e0 rotina, promovendo benef\u00edcios tanto para o corpo quanto para a mente.<\/p>\n\n\n\n<p><strong>Outro aspecto fundamental \u00e9 a qualidade do sono.<\/strong> Durante o descanso profundo, o c\u00e9rebro realiza processos essenciais, como a consolida\u00e7\u00e3o da mem\u00f3ria e a elimina\u00e7\u00e3o de res\u00edduos metab\u00f3licos. Estabelecer uma rotina noturna, evitar o uso de dispositivos eletr\u00f4nicos antes de dormir e adotar atividades relaxantes, como leitura ou alongamentos leves, favorecem um sono reparador e ajudam a manter a mente ativa.<\/p>\n\n\n\n<h2 class=\"wp-block-heading\">Quais atividades estimulam a mem\u00f3ria e a cogni\u00e7\u00e3o?<\/h2>\n\n\n\n<p><strong>Al\u00e9m dos cuidados f\u00edsicos, desafiar o c\u00e9rebro com novas experi\u00eancias \u00e9 uma estrat\u00e9gia recomendada para fortalecer a mem\u00f3ria e outras habilidades cognitivas.<\/strong> Jogos de palavras, quebra-cabe\u00e7as, aprender um novo idioma ou instrumento musical s\u00e3o exemplos de atividades que estimulam diferentes \u00e1reas do c\u00e9rebro, criando novas conex\u00f5es neurais e aumentando a chamada reserva cognitiva.<\/p>\n\n\n\n<ul class=\"wp-block-list\">\n<li><strong>Palavras cruzadas e jogos de l\u00f3gica:<\/strong> estimulam o racioc\u00ednio e a mem\u00f3ria de curto prazo.<\/li>\n\n\n\n<li><strong>Aprendizagem cont\u00ednua:<\/strong> cursos, leitura de livros ou participa\u00e7\u00e3o em grupos de estudo mant\u00eam o c\u00e9rebro em constante atividade.<\/li>\n\n\n\n<li><strong>Atividades art\u00edsticas:<\/strong> pintura, m\u00fasica ou artesanato promovem criatividade e coordena\u00e7\u00e3o motora.<\/li>\n<\/ul>\n\n\n\n<p><strong>O contato social tamb\u00e9m exerce papel importante na preserva\u00e7\u00e3o das fun\u00e7\u00f5es cerebrais.<\/strong> Conversar com amigos, participar de encontros ou manter contato regular com familiares s\u00e3o formas de estimular a comunica\u00e7\u00e3o, reduzir o isolamento e prevenir sintomas de depress\u00e3o, fatores que podem impactar negativamente a sa\u00fade mental.<\/p>\n\n\n\n<figure class=\"wp-block-image size-large\"><img decoding=\"async\" width=\"1024\" height=\"576\" src=\"https:\/\/www.correiobraziliense.com.br\/cbradar\/wp-content\/uploads\/2025\/06\/saude-mental_1751123160940-1024x576.jpg\" alt=\"7 pr\u00e1ticas di\u00e1rias que protegem seu c\u00e9rebro do envelhecimento\" class=\"wp-image-60871\" srcset=\"https:\/\/www.correiobraziliense.com.br\/cbradar\/wp-content\/uploads\/2025\/06\/saude-mental_1751123160940-1024x576.jpg 1024w, https:\/\/www.correiobraziliense.com.br\/cbradar\/wp-content\/uploads\/2025\/06\/saude-mental_1751123160940-300x169.jpg 300w, https:\/\/www.correiobraziliense.com.br\/cbradar\/wp-content\/uploads\/2025\/06\/saude-mental_1751123160940-768x432.jpg 768w, https:\/\/www.correiobraziliense.com.br\/cbradar\/wp-content\/uploads\/2025\/06\/saude-mental_1751123160940-750x422.jpg 750w, https:\/\/www.correiobraziliense.com.br\/cbradar\/wp-content\/uploads\/2025\/06\/saude-mental_1751123160940-1140x641.jpg 1140w, https:\/\/www.correiobraziliense.com.br\/cbradar\/wp-content\/uploads\/2025\/06\/saude-mental_1751123160940.jpg 1280w\" sizes=\"(max-width: 1024px) 100vw, 1024px\" \/><figcaption class=\"wp-element-caption\">sa\u00fade mental. Cr\u00e9ditos: depositphotos.com \/ VitalikRadko<\/figcaption><\/figure>\n\n\n\n<h2 class=\"wp-block-heading\">Como a alimenta\u00e7\u00e3o influencia a sa\u00fade do c\u00e9rebro?<\/h2>\n\n\n\n<p><strong>A escolha dos alimentos consumidos diariamente tem impacto direto no funcionamento cerebral.<\/strong> Uma dieta equilibrada, rica em vegetais de folhas verdes, frutas vermelhas, gr\u00e3os integrais e gorduras saud\u00e1veis, fornece nutrientes essenciais para o bom desempenho das fun\u00e7\u00f5es cognitivas. Alimentos como peixes ricos em \u00f4mega-3, nozes, azeite de oliva e at\u00e9 mesmo o chocolate amargo, em quantidades moderadas, s\u00e3o aliados na prote\u00e7\u00e3o dos neur\u00f4nios e na preven\u00e7\u00e3o do decl\u00ednio cognitivo.<\/p>\n\n\n\n<ol class=\"wp-block-list\">\n<li><strong>Folhas verdes:<\/strong> fontes de vitaminas e minerais que auxiliam na manuten\u00e7\u00e3o das c\u00e9lulas cerebrais.<\/li>\n\n\n\n<li><strong>Frutas vermelhas:<\/strong> antioxidantes que combatem o estresse oxidativo.<\/li>\n\n\n\n<li><strong>Peixes e oleaginosas:<\/strong> ricos em \u00e1cidos graxos que reduzem inflama\u00e7\u00f5es no c\u00e9rebro.<\/li>\n\n\n\n<li><strong>Gr\u00e3os integrais:<\/strong> fornecem energia constante para o funcionamento cerebral.<\/li>\n<\/ol>\n\n\n\n<p><strong>Manter uma alimenta\u00e7\u00e3o variada e balanceada, associada a outros h\u00e1bitos saud\u00e1veis, contribui para a longevidade e para a preserva\u00e7\u00e3o das capacidades mentais ao longo do tempo.<\/strong><\/p>\n\n\n\n<h2 class=\"wp-block-heading\">Quais sinais indicam a necessidade de buscar orienta\u00e7\u00e3o especializada?<\/h2>\n\n\n\n<p><strong>Embora pequenas falhas de mem\u00f3ria sejam comuns, alguns sintomas podem indicar quadros que exigem avalia\u00e7\u00e3o profissional.<\/strong> Esquecimentos frequentes de informa\u00e7\u00f5es rec\u00e9m-aprendidas, dificuldade persistente em realizar tarefas rotineiras, repeti\u00e7\u00e3o constante de perguntas ou perda de interesse por atividades habituais s\u00e3o exemplos de sinais que merecem aten\u00e7\u00e3o. Nesses casos, a orienta\u00e7\u00e3o de um profissional de sa\u00fade pode ajudar a identificar poss\u00edveis causas e recomendar interven\u00e7\u00f5es adequadas.<\/p>\n\n\n\n<p>Em <strong>2025<\/strong>, a expectativa de vida segue aumentando, e a busca por qualidade de vida inclui o cuidado com a sa\u00fade mental. <strong>Adotar pr\u00e1ticas que estimulam o c\u00e9rebro, manter uma alimenta\u00e7\u00e3o equilibrada, praticar atividades f\u00edsicas e valorizar o conv\u00edvio social s\u00e3o medidas acess\u00edveis que podem ser incorporadas \u00e0 rotina de qualquer pessoa, independentemente da idade.<\/strong> Dessa forma, \u00e9 poss\u00edvel promover o bem-estar e preservar as fun\u00e7\u00f5es cognitivas, favorecendo uma vida mais ativa e saud\u00e1vel.<\/p>\n","protected":false},"excerpt":{"rendered":"<p>Dormir bem, comer certo e se exercitar s\u00e3o chaves para proteger a mente. Descubra como essas atitudes impactam sua mem\u00f3ria e foco.<\/p>\n","protected":false},"author":3,"featured_media":60870,"comment_status":"open","ping_status":"open","sticky":false,"template":"","format":"standard","meta":{"_yoast_wpseo_focuskw":"sa\u00fade mental","_yoast_wpseo_title":"%%title%%","_yoast_wpseo_metadesc":"Dormir bem, comer certo e se exercitar s\u00e3o chaves para proteger a mente. Descubra como essas atitudes impactam sua mem\u00f3ria e foco.","jnews-multi-image_gallery":[],"jnews_single_post":{"format":"standard"},"jnews_primary_category":[],"jnews_social_meta":[],"jnews_override_counter":[],"footnotes":""},"categories":[112],"post_tag":[144,565,405],"class_list":["post-60868","post","type-post","status-publish","format-standard","has-post-thumbnail","hentry","category-curiosidades","tag-curiosidades","tag-saude","tag-saude-mental"],"yoast_head":"<!-- This site is optimized with the Yoast SEO plugin v24.6 - https:\/\/yoast.com\/wordpress\/plugins\/seo\/ -->\n<title>7 pr\u00e1ticas di\u00e1rias que protegem seu c\u00e9rebro do envelhecimento<\/title>\n<meta name=\"description\" content=\"Dormir bem, comer certo e se exercitar s\u00e3o chaves para proteger a mente. Descubra como essas atitudes impactam sua mem\u00f3ria e foco.\" \/>\n<meta name=\"robots\" content=\"index, follow, max-snippet:-1, max-image-preview:large, max-video-preview:-1\" \/>\n<link rel=\"canonical\" href=\"https:\/\/www.correiobraziliense.com.br\/cbradar\/7-praticas-diarias-que-protegem-seu-cerebro-do-envelhecimento\/\" \/>\n<meta property=\"og:locale\" content=\"pt_BR\" \/>\n<meta property=\"og:type\" content=\"article\" \/>\n<meta property=\"og:title\" content=\"7 pr\u00e1ticas di\u00e1rias que protegem seu c\u00e9rebro do envelhecimento\" \/>\n<meta property=\"og:description\" content=\"Dormir bem, comer certo e se exercitar s\u00e3o chaves para proteger a mente. Descubra como essas atitudes impactam sua mem\u00f3ria e foco.\" \/>\n<meta property=\"og:url\" content=\"https:\/\/www.correiobraziliense.com.br\/cbradar\/7-praticas-diarias-que-protegem-seu-cerebro-do-envelhecimento\/\" \/>\n<meta property=\"og:site_name\" content=\"Correio Braziliense - Radar\" \/>\n<meta property=\"article:published_time\" content=\"2025-06-29T17:53:00+00:00\" \/>\n<meta property=\"og:image\" content=\"https:\/\/www.correiobraziliense.com.br\/cbradar\/wp-content\/uploads\/2025\/06\/saude-mental_1751123099091.jpg\" \/>\n\t<meta property=\"og:image:width\" content=\"1280\" \/>\n\t<meta property=\"og:image:height\" content=\"720\" \/>\n\t<meta property=\"og:image:type\" content=\"image\/jpeg\" \/>\n<meta name=\"author\" content=\"Larissa Carvalho\" \/>\n<meta name=\"twitter:card\" content=\"summary_large_image\" \/>\n<meta name=\"twitter:label1\" content=\"Escrito por\" \/>\n\t<meta name=\"twitter:data1\" content=\"Larissa Carvalho\" \/>\n\t<meta name=\"twitter:label2\" content=\"Est. tempo de leitura\" \/>\n\t<meta name=\"twitter:data2\" content=\"5 minutos\" \/>\n<!-- \/ Yoast SEO plugin. -->","yoast_head_json":{"title":"7 pr\u00e1ticas di\u00e1rias que protegem seu c\u00e9rebro do envelhecimento","description":"Dormir bem, comer certo e se exercitar s\u00e3o chaves para proteger a mente. Descubra como essas atitudes impactam sua mem\u00f3ria e foco.","robots":{"index":"index","follow":"follow","max-snippet":"max-snippet:-1","max-image-preview":"max-image-preview:large","max-video-preview":"max-video-preview:-1"},"canonical":"https:\/\/www.correiobraziliense.com.br\/cbradar\/7-praticas-diarias-que-protegem-seu-cerebro-do-envelhecimento\/","og_locale":"pt_BR","og_type":"article","og_title":"7 pr\u00e1ticas di\u00e1rias que protegem seu c\u00e9rebro do envelhecimento","og_description":"Dormir bem, comer certo e se exercitar s\u00e3o chaves para proteger a mente. Descubra como essas atitudes impactam sua mem\u00f3ria e foco.","og_url":"https:\/\/www.correiobraziliense.com.br\/cbradar\/7-praticas-diarias-que-protegem-seu-cerebro-do-envelhecimento\/","og_site_name":"Correio Braziliense - Radar","article_published_time":"2025-06-29T17:53:00+00:00","og_image":[{"width":1280,"height":720,"url":"https:\/\/www.correiobraziliense.com.br\/cbradar\/wp-content\/uploads\/2025\/06\/saude-mental_1751123099091.jpg","type":"image\/jpeg"}],"author":"Larissa Carvalho","twitter_card":"summary_large_image","twitter_misc":{"Escrito por":"Larissa Carvalho","Est. tempo de leitura":"5 minutos"},"schema":{"@context":"https:\/\/schema.org","@graph":[{"@type":"WebPage","@id":"https:\/\/www.correiobraziliense.com.br\/cbradar\/7-praticas-diarias-que-protegem-seu-cerebro-do-envelhecimento\/","url":"https:\/\/www.correiobraziliense.com.br\/cbradar\/7-praticas-diarias-que-protegem-seu-cerebro-do-envelhecimento\/","name":"7 pr\u00e1ticas di\u00e1rias que protegem seu c\u00e9rebro do envelhecimento","isPartOf":{"@id":"https:\/\/www.correiobraziliense.com.br\/cbradar\/#website"},"primaryImageOfPage":{"@id":"https:\/\/www.correiobraziliense.com.br\/cbradar\/7-praticas-diarias-que-protegem-seu-cerebro-do-envelhecimento\/#primaryimage"},"image":{"@id":"https:\/\/www.correiobraziliense.com.br\/cbradar\/7-praticas-diarias-que-protegem-seu-cerebro-do-envelhecimento\/#primaryimage"},"thumbnailUrl":"https:\/\/www.correiobraziliense.com.br\/cbradar\/wp-content\/uploads\/2025\/06\/saude-mental_1751123099091.jpg","datePublished":"2025-06-29T17:53:00+00:00","author":{"@id":"https:\/\/www.correiobraziliense.com.br\/cbradar\/#\/schema\/person\/58422787644df994b53a19d3e56c1513"},"description":"Dormir bem, comer certo e se exercitar s\u00e3o chaves para proteger a mente. Descubra como essas atitudes impactam sua mem\u00f3ria e foco.","breadcrumb":{"@id":"https:\/\/www.correiobraziliense.com.br\/cbradar\/7-praticas-diarias-que-protegem-seu-cerebro-do-envelhecimento\/#breadcrumb"},"inLanguage":"pt-BR","potentialAction":[{"@type":"ReadAction","target":["https:\/\/www.correiobraziliense.com.br\/cbradar\/7-praticas-diarias-que-protegem-seu-cerebro-do-envelhecimento\/"]}]},{"@type":"ImageObject","inLanguage":"pt-BR","@id":"https:\/\/www.correiobraziliense.com.br\/cbradar\/7-praticas-diarias-que-protegem-seu-cerebro-do-envelhecimento\/#primaryimage","url":"https:\/\/www.correiobraziliense.com.br\/cbradar\/wp-content\/uploads\/2025\/06\/saude-mental_1751123099091.jpg","contentUrl":"https:\/\/www.correiobraziliense.com.br\/cbradar\/wp-content\/uploads\/2025\/06\/saude-mental_1751123099091.jpg","width":1280,"height":720,"caption":"sa\u00fade mental. Cr\u00e9ditos: depositphotos.com \/ HayDmitriy"},{"@type":"BreadcrumbList","@id":"https:\/\/www.correiobraziliense.com.br\/cbradar\/7-praticas-diarias-que-protegem-seu-cerebro-do-envelhecimento\/#breadcrumb","itemListElement":[{"@type":"ListItem","position":1,"name":"In\u00edcio","item":"https:\/\/www.correiobraziliense.com.br\/cbradar\/"},{"@type":"ListItem","position":2,"name":"7 pr\u00e1ticas di\u00e1rias que protegem seu c\u00e9rebro do envelhecimento"}]},{"@type":"WebSite","@id":"https:\/\/www.correiobraziliense.com.br\/cbradar\/#website","url":"https:\/\/www.correiobraziliense.com.br\/cbradar\/","name":"Correio Braziliense - Radar","description":"Acompanhe as \u00faltimas not\u00edcias e fique bem informado sobre tudo o que acontece no Brasil e no mundo.","potentialAction":[{"@type":"SearchAction","target":{"@type":"EntryPoint","urlTemplate":"https:\/\/www.correiobraziliense.com.br\/cbradar\/?s={search_term_string}"},"query-input":{"@type":"PropertyValueSpecification","valueRequired":true,"valueName":"search_term_string"}}],"inLanguage":"pt-BR"},{"@type":"Person","@id":"https:\/\/www.correiobraziliense.com.br\/cbradar\/#\/schema\/person\/58422787644df994b53a19d3e56c1513","name":"Larissa Carvalho","image":{"@type":"ImageObject","inLanguage":"pt-BR","@id":"https:\/\/www.correiobraziliense.com.br\/cbradar\/#\/schema\/person\/image\/","url":"https:\/\/secure.gravatar.com\/avatar\/fe4f91a0de32b52a838d0d612abdc1aa?s=96&d=mm&r=g","contentUrl":"https:\/\/secure.gravatar.com\/avatar\/fe4f91a0de32b52a838d0d612abdc1aa?s=96&d=mm&r=g","caption":"Larissa Carvalho"},"url":"https:\/\/www.correiobraziliense.com.br\/cbradar\/author\/larissamyth\/"}]}},"_links":{"self":[{"href":"https:\/\/www.correiobraziliense.com.br\/cbradar\/wp-json\/wp\/v2\/posts\/60868","targetHints":{"allow":["GET"]}}],"collection":[{"href":"https:\/\/www.correiobraziliense.com.br\/cbradar\/wp-json\/wp\/v2\/posts"}],"about":[{"href":"https:\/\/www.correiobraziliense.com.br\/cbradar\/wp-json\/wp\/v2\/types\/post"}],"author":[{"embeddable":true,"href":"https:\/\/www.correiobraziliense.com.br\/cbradar\/wp-json\/wp\/v2\/users\/3"}],"replies":[{"embeddable":true,"href":"https:\/\/www.correiobraziliense.com.br\/cbradar\/wp-json\/wp\/v2\/comments?post=60868"}],"version-history":[{"count":2,"href":"https:\/\/www.correiobraziliense.com.br\/cbradar\/wp-json\/wp\/v2\/posts\/60868\/revisions"}],"predecessor-version":[{"id":60872,"href":"https:\/\/www.correiobraziliense.com.br\/cbradar\/wp-json\/wp\/v2\/posts\/60868\/revisions\/60872"}],"wp:featuredmedia":[{"embeddable":true,"href":"https:\/\/www.correiobraziliense.com.br\/cbradar\/wp-json\/wp\/v2\/media\/60870"}],"wp:attachment":[{"href":"https:\/\/www.correiobraziliense.com.br\/cbradar\/wp-json\/wp\/v2\/media?parent=60868"}],"wp:term":[{"taxonomy":"category","embeddable":true,"href":"https:\/\/www.correiobraziliense.com.br\/cbradar\/wp-json\/wp\/v2\/categories?post=60868"},{"taxonomy":"post_tag","embeddable":true,"href":"https:\/\/www.correiobraziliense.com.br\/cbradar\/wp-json\/wp\/v2\/post_tag?post=60868"}],"curies":[{"name":"wp","href":"https:\/\/api.w.org\/{rel}","templated":true}]}}