{"id":60888,"date":"2025-06-29T17:03:00","date_gmt":"2025-06-29T20:03:00","guid":{"rendered":"https:\/\/www.correiobraziliense.com.br\/cbradar\/?p=60888"},"modified":"2025-06-28T12:36:24","modified_gmt":"2025-06-28T15:36:24","slug":"5-produtos-que-nunca-deveriam-ser-guardados-no-banheiro","status":"publish","type":"post","link":"https:\/\/www.correiobraziliense.com.br\/cbradar\/5-produtos-que-nunca-deveriam-ser-guardados-no-banheiro\/","title":{"rendered":"5 produtos que nunca deveriam ser guardados no banheiro"},"content":{"rendered":"\n<p>Em muitos lares, o banheiro \u00e9 utilizado n\u00e3o apenas para higiene pessoal, mas tamb\u00e9m como espa\u00e7o de armazenamento para cosm\u00e9ticos, perfumes e at\u00e9 medicamentos. Apesar da praticidade, esse h\u00e1bito pode comprometer a qualidade e a durabilidade de diversos produtos. O ambiente \u00famido e sujeito a varia\u00e7\u00f5es de temperatura pode afetar negativamente itens de beleza e sa\u00fade, tornando necess\u00e1rio repensar onde guardar esses objetos.<\/p>\n\n\n\n<p>Especialistas alertam que a exposi\u00e7\u00e3o constante \u00e0 umidade e ao calor pode acelerar a degrada\u00e7\u00e3o de ingredientes ativos presentes em protetores solares, maquiagens e produtos naturais para cuidados com a pele. Al\u00e9m disso, perfumes e fragr\u00e2ncias tamb\u00e9m sofrem altera\u00e7\u00f5es em sua composi\u00e7\u00e3o quando mantidos em locais inadequados, perdendo aroma e efic\u00e1cia mais rapidamente.<\/p>\n\n\n\n<h2 class=\"wp-block-heading\">Por que o banheiro n\u00e3o \u00e9 o melhor local para guardar cosm\u00e9ticos?<\/h2>\n\n\n\n<p>O ambiente desse c\u00f4modo \u00e9 caracterizado por altos n\u00edveis de umidade e mudan\u00e7as frequentes de temperatura, especialmente ap\u00f3s banhos quentes. Essas condi\u00e7\u00f5es criam um cen\u00e1rio prop\u00edcio para a prolifera\u00e7\u00e3o de bact\u00e9rias e para a deteriora\u00e7\u00e3o de produtos sens\u00edveis. Cosm\u00e9ticos, por exemplo, podem ter sua textura, cor e cheiro alterados, al\u00e9m de perderem propriedades importantes para a pele.<\/p>\n\n\n\n<h2 class=\"wp-block-heading\">Quais produtos s\u00e3o mais afetados pela umidade e calor?<\/h2>\n\n\n\n<p>Entre os itens mais prejudicados pelo armazenamento inadequado no banheiro est\u00e3o:<\/p>\n\n\n\n<ul class=\"wp-block-list\">\n<li><strong>Protetor solar:<\/strong> A exposi\u00e7\u00e3o ao calor e \u00e0 umidade pode tornar as mol\u00e9culas do filtro solar inst\u00e1veis, reduzindo sua capacidade de prote\u00e7\u00e3o.<\/li>\n\n\n\n<li><strong>Perfumes:<\/strong> As fragr\u00e2ncias oxidam e perdem intensidade quando submetidas a varia\u00e7\u00f5es de temperatura, alterando o aroma original.<\/li>\n\n\n\n<li><strong>Produtos naturais para a pele:<\/strong> Por conterem menos conservantes, esses produtos s\u00e3o mais suscet\u00edveis \u00e0 contamina\u00e7\u00e3o bacteriana em ambientes \u00famidos.<\/li>\n\n\n\n<li><strong>Maquiagem:<\/strong> Pinc\u00e9is, esponjas e p\u00f3s absorvem umidade facilmente, tornando-se ambientes favor\u00e1veis ao crescimento de microrganismos.<\/li>\n<\/ul>\n\n\n\n<p>Al\u00e9m desses, medicamentos tamb\u00e9m podem perder efic\u00e1cia quando expostos a condi\u00e7\u00f5es adversas, mesmo dentro de embalagens fechadas.<\/p>\n\n\n\n<figure class=\"wp-block-image size-large\"><img decoding=\"async\" width=\"1024\" height=\"576\" src=\"https:\/\/www.correiobraziliense.com.br\/cbradar\/wp-content\/uploads\/2025\/06\/banheiro_1751124953835-1024x576.jpg\" alt=\"5 produtos que nunca deveriam ser guardados no banheiro\" class=\"wp-image-60891\" srcset=\"https:\/\/www.correiobraziliense.com.br\/cbradar\/wp-content\/uploads\/2025\/06\/banheiro_1751124953835-1024x576.jpg 1024w, https:\/\/www.correiobraziliense.com.br\/cbradar\/wp-content\/uploads\/2025\/06\/banheiro_1751124953835-300x169.jpg 300w, https:\/\/www.correiobraziliense.com.br\/cbradar\/wp-content\/uploads\/2025\/06\/banheiro_1751124953835-768x432.jpg 768w, https:\/\/www.correiobraziliense.com.br\/cbradar\/wp-content\/uploads\/2025\/06\/banheiro_1751124953835-750x422.jpg 750w, https:\/\/www.correiobraziliense.com.br\/cbradar\/wp-content\/uploads\/2025\/06\/banheiro_1751124953835-1140x641.jpg 1140w, https:\/\/www.correiobraziliense.com.br\/cbradar\/wp-content\/uploads\/2025\/06\/banheiro_1751124953835.jpg 1280w\" sizes=\"(max-width: 1024px) 100vw, 1024px\" \/><figcaption class=\"wp-element-caption\">banheiro. Cr\u00e9ditos: depositphotos.com \/ dit26978<\/figcaption><\/figure>\n\n\n\n<h2 class=\"wp-block-heading\">Como armazenar cosm\u00e9ticos e perfumes de forma adequada?<\/h2>\n\n\n\n<p>Para garantir a durabilidade e a seguran\u00e7a dos produtos de beleza, \u00e9 recomendado adotar algumas pr\u00e1ticas simples:<\/p>\n\n\n\n<ol class=\"wp-block-list\">\n<li>Guarde perfumes e fragr\u00e2ncias em locais frescos e escuros, como gavetas ou arm\u00e1rios no quarto, longe da luz direta e de fontes de calor.<\/li>\n\n\n\n<li>Armazene protetores solares, cremes e maquiagens em ambientes secos, com temperatura est\u00e1vel e boa ventila\u00e7\u00e3o.<\/li>\n\n\n\n<li>Evite deixar pinc\u00e9is e esponjas expostos \u00e0 umidade; ap\u00f3s o uso, limpe-os e mantenha-os em recipientes fechados fora do banheiro.<\/li>\n\n\n\n<li>Produtos naturais e aqueles com ingredientes sens\u00edveis, como vitamina C e retinol, devem ser mantidos longe do vapor do banho para evitar degrada\u00e7\u00e3o.<\/li>\n<\/ol>\n\n\n\n<p>Essas medidas simples podem prolongar a vida \u00fatil dos produtos e reduzir riscos de contamina\u00e7\u00e3o. Al\u00e9m disso, alguns especialistas recomendam o uso de caixas organizadoras, espec\u00edficas para cosm\u00e9ticos, que ajudam a manter os produtos protegidos mesmo fora do banheiro.<\/p>\n\n\n\n<h2 class=\"wp-block-heading\">Por que evitar guardar medicamentos no banheiro?<\/h2>\n\n\n\n<p>O armazenamento de medicamentos em ambientes \u00famidos pode comprometer sua efic\u00e1cia e seguran\u00e7a. A umidade pode alterar a composi\u00e7\u00e3o qu\u00edmica dos rem\u00e9dios, tornando-os menos potentes ou at\u00e9 mesmo inseguros para o consumo. O ideal \u00e9 mant\u00ea-los em locais secos, protegidos da luz e com temperatura controlada, como uma gaveta no quarto ou em um arm\u00e1rio espec\u00edfico.<\/p>\n\n\n\n<p>Repensar o local onde s\u00e3o guardados cosm\u00e9ticos, perfumes e medicamentos \u00e9 uma atitude importante para preservar a qualidade desses produtos e garantir a sa\u00fade. Pequenas mudan\u00e7as de h\u00e1bito, como transferir itens para ambientes mais secos e frescos, podem fazer diferen\u00e7a significativa no dia a dia.<\/p>\n","protected":false},"excerpt":{"rendered":"<p>Umidade e calor podem estragar seus itens de beleza sem voc\u00ea perceber. Veja onde guardar perfumes, maquiagem e rem\u00e9dios de forma segura.<\/p>\n","protected":false},"author":3,"featured_media":60890,"comment_status":"open","ping_status":"open","sticky":false,"template":"","format":"standard","meta":{"_yoast_wpseo_focuskw":"produtos guardados banheiro","_yoast_wpseo_title":"%%title%%","_yoast_wpseo_metadesc":"Umidade e calor podem estragar seus itens de beleza sem voc\u00ea perceber. Veja onde guardar perfumes, maquiagem e rem\u00e9dios de forma segura.","jnews-multi-image_gallery":[],"jnews_single_post":{"format":"standard"},"jnews_primary_category":[],"jnews_social_meta":[],"jnews_override_counter":[],"footnotes":""},"categories":[112],"post_tag":[4985,144],"class_list":["post-60888","post","type-post","status-publish","format-standard","has-post-thumbnail","hentry","category-curiosidades","tag-banheiro","tag-curiosidades"],"yoast_head":"<!-- This site is optimized with the Yoast SEO plugin v24.6 - https:\/\/yoast.com\/wordpress\/plugins\/seo\/ -->\n<title>5 produtos que nunca deveriam ser guardados no banheiro<\/title>\n<meta name=\"description\" content=\"Umidade e calor podem estragar seus itens de beleza sem voc\u00ea perceber. Veja onde guardar perfumes, maquiagem e rem\u00e9dios de forma segura.\" \/>\n<meta name=\"robots\" content=\"index, follow, max-snippet:-1, max-image-preview:large, max-video-preview:-1\" \/>\n<link rel=\"canonical\" href=\"https:\/\/www.correiobraziliense.com.br\/cbradar\/5-produtos-que-nunca-deveriam-ser-guardados-no-banheiro\/\" \/>\n<meta property=\"og:locale\" content=\"pt_BR\" \/>\n<meta property=\"og:type\" content=\"article\" \/>\n<meta property=\"og:title\" content=\"5 produtos que nunca deveriam ser guardados no banheiro\" \/>\n<meta property=\"og:description\" content=\"Umidade e calor podem estragar seus itens de beleza sem voc\u00ea perceber. Veja onde guardar perfumes, maquiagem e rem\u00e9dios de forma segura.\" \/>\n<meta property=\"og:url\" content=\"https:\/\/www.correiobraziliense.com.br\/cbradar\/5-produtos-que-nunca-deveriam-ser-guardados-no-banheiro\/\" \/>\n<meta property=\"og:site_name\" content=\"Correio Braziliense - Radar\" \/>\n<meta property=\"article:published_time\" content=\"2025-06-29T20:03:00+00:00\" \/>\n<meta property=\"og:image\" content=\"https:\/\/www.correiobraziliense.com.br\/cbradar\/wp-content\/uploads\/2025\/06\/banheiro_1751124493486.jpg\" \/>\n\t<meta property=\"og:image:width\" content=\"1280\" \/>\n\t<meta property=\"og:image:height\" content=\"720\" \/>\n\t<meta property=\"og:image:type\" content=\"image\/jpeg\" \/>\n<meta name=\"author\" content=\"Larissa Carvalho\" \/>\n<meta name=\"twitter:card\" content=\"summary_large_image\" \/>\n<meta name=\"twitter:label1\" content=\"Escrito por\" \/>\n\t<meta name=\"twitter:data1\" content=\"Larissa Carvalho\" \/>\n\t<meta name=\"twitter:label2\" content=\"Est. tempo de leitura\" \/>\n\t<meta name=\"twitter:data2\" content=\"4 minutos\" \/>\n<!-- \/ Yoast SEO plugin. -->","yoast_head_json":{"title":"5 produtos que nunca deveriam ser guardados no banheiro","description":"Umidade e calor podem estragar seus itens de beleza sem voc\u00ea perceber. Veja onde guardar perfumes, maquiagem e rem\u00e9dios de forma segura.","robots":{"index":"index","follow":"follow","max-snippet":"max-snippet:-1","max-image-preview":"max-image-preview:large","max-video-preview":"max-video-preview:-1"},"canonical":"https:\/\/www.correiobraziliense.com.br\/cbradar\/5-produtos-que-nunca-deveriam-ser-guardados-no-banheiro\/","og_locale":"pt_BR","og_type":"article","og_title":"5 produtos que nunca deveriam ser guardados no banheiro","og_description":"Umidade e calor podem estragar seus itens de beleza sem voc\u00ea perceber. Veja onde guardar perfumes, maquiagem e rem\u00e9dios de forma segura.","og_url":"https:\/\/www.correiobraziliense.com.br\/cbradar\/5-produtos-que-nunca-deveriam-ser-guardados-no-banheiro\/","og_site_name":"Correio Braziliense - Radar","article_published_time":"2025-06-29T20:03:00+00:00","og_image":[{"width":1280,"height":720,"url":"https:\/\/www.correiobraziliense.com.br\/cbradar\/wp-content\/uploads\/2025\/06\/banheiro_1751124493486.jpg","type":"image\/jpeg"}],"author":"Larissa Carvalho","twitter_card":"summary_large_image","twitter_misc":{"Escrito por":"Larissa Carvalho","Est. tempo de leitura":"4 minutos"},"schema":{"@context":"https:\/\/schema.org","@graph":[{"@type":"WebPage","@id":"https:\/\/www.correiobraziliense.com.br\/cbradar\/5-produtos-que-nunca-deveriam-ser-guardados-no-banheiro\/","url":"https:\/\/www.correiobraziliense.com.br\/cbradar\/5-produtos-que-nunca-deveriam-ser-guardados-no-banheiro\/","name":"5 produtos que nunca deveriam ser guardados no banheiro","isPartOf":{"@id":"https:\/\/www.correiobraziliense.com.br\/cbradar\/#website"},"primaryImageOfPage":{"@id":"https:\/\/www.correiobraziliense.com.br\/cbradar\/5-produtos-que-nunca-deveriam-ser-guardados-no-banheiro\/#primaryimage"},"image":{"@id":"https:\/\/www.correiobraziliense.com.br\/cbradar\/5-produtos-que-nunca-deveriam-ser-guardados-no-banheiro\/#primaryimage"},"thumbnailUrl":"https:\/\/www.correiobraziliense.com.br\/cbradar\/wp-content\/uploads\/2025\/06\/banheiro_1751124493486.jpg","datePublished":"2025-06-29T20:03:00+00:00","author":{"@id":"https:\/\/www.correiobraziliense.com.br\/cbradar\/#\/schema\/person\/58422787644df994b53a19d3e56c1513"},"description":"Umidade e calor podem estragar seus itens de beleza sem voc\u00ea perceber. Veja onde guardar perfumes, maquiagem e rem\u00e9dios de forma segura.","breadcrumb":{"@id":"https:\/\/www.correiobraziliense.com.br\/cbradar\/5-produtos-que-nunca-deveriam-ser-guardados-no-banheiro\/#breadcrumb"},"inLanguage":"pt-BR","potentialAction":[{"@type":"ReadAction","target":["https:\/\/www.correiobraziliense.com.br\/cbradar\/5-produtos-que-nunca-deveriam-ser-guardados-no-banheiro\/"]}]},{"@type":"ImageObject","inLanguage":"pt-BR","@id":"https:\/\/www.correiobraziliense.com.br\/cbradar\/5-produtos-que-nunca-deveriam-ser-guardados-no-banheiro\/#primaryimage","url":"https:\/\/www.correiobraziliense.com.br\/cbradar\/wp-content\/uploads\/2025\/06\/banheiro_1751124493486.jpg","contentUrl":"https:\/\/www.correiobraziliense.com.br\/cbradar\/wp-content\/uploads\/2025\/06\/banheiro_1751124493486.jpg","width":1280,"height":720,"caption":"banheiro. Cr\u00e9ditos: depositphotos.com \/ hemul75"},{"@type":"BreadcrumbList","@id":"https:\/\/www.correiobraziliense.com.br\/cbradar\/5-produtos-que-nunca-deveriam-ser-guardados-no-banheiro\/#breadcrumb","itemListElement":[{"@type":"ListItem","position":1,"name":"In\u00edcio","item":"https:\/\/www.correiobraziliense.com.br\/cbradar\/"},{"@type":"ListItem","position":2,"name":"5 produtos que nunca deveriam ser guardados no banheiro"}]},{"@type":"WebSite","@id":"https:\/\/www.correiobraziliense.com.br\/cbradar\/#website","url":"https:\/\/www.correiobraziliense.com.br\/cbradar\/","name":"Correio Braziliense - Radar","description":"Acompanhe as \u00faltimas not\u00edcias e fique bem informado sobre tudo o que acontece no Brasil e no mundo.","potentialAction":[{"@type":"SearchAction","target":{"@type":"EntryPoint","urlTemplate":"https:\/\/www.correiobraziliense.com.br\/cbradar\/?s={search_term_string}"},"query-input":{"@type":"PropertyValueSpecification","valueRequired":true,"valueName":"search_term_string"}}],"inLanguage":"pt-BR"},{"@type":"Person","@id":"https:\/\/www.correiobraziliense.com.br\/cbradar\/#\/schema\/person\/58422787644df994b53a19d3e56c1513","name":"Larissa Carvalho","image":{"@type":"ImageObject","inLanguage":"pt-BR","@id":"https:\/\/www.correiobraziliense.com.br\/cbradar\/#\/schema\/person\/image\/","url":"https:\/\/secure.gravatar.com\/avatar\/fe4f91a0de32b52a838d0d612abdc1aa?s=96&d=mm&r=g","contentUrl":"https:\/\/secure.gravatar.com\/avatar\/fe4f91a0de32b52a838d0d612abdc1aa?s=96&d=mm&r=g","caption":"Larissa Carvalho"},"url":"https:\/\/www.correiobraziliense.com.br\/cbradar\/author\/larissamyth\/"}]}},"_links":{"self":[{"href":"https:\/\/www.correiobraziliense.com.br\/cbradar\/wp-json\/wp\/v2\/posts\/60888","targetHints":{"allow":["GET"]}}],"collection":[{"href":"https:\/\/www.correiobraziliense.com.br\/cbradar\/wp-json\/wp\/v2\/posts"}],"about":[{"href":"https:\/\/www.correiobraziliense.com.br\/cbradar\/wp-json\/wp\/v2\/types\/post"}],"author":[{"embeddable":true,"href":"https:\/\/www.correiobraziliense.com.br\/cbradar\/wp-json\/wp\/v2\/users\/3"}],"replies":[{"embeddable":true,"href":"https:\/\/www.correiobraziliense.com.br\/cbradar\/wp-json\/wp\/v2\/comments?post=60888"}],"version-history":[{"count":2,"href":"https:\/\/www.correiobraziliense.com.br\/cbradar\/wp-json\/wp\/v2\/posts\/60888\/revisions"}],"predecessor-version":[{"id":60892,"href":"https:\/\/www.correiobraziliense.com.br\/cbradar\/wp-json\/wp\/v2\/posts\/60888\/revisions\/60892"}],"wp:featuredmedia":[{"embeddable":true,"href":"https:\/\/www.correiobraziliense.com.br\/cbradar\/wp-json\/wp\/v2\/media\/60890"}],"wp:attachment":[{"href":"https:\/\/www.correiobraziliense.com.br\/cbradar\/wp-json\/wp\/v2\/media?parent=60888"}],"wp:term":[{"taxonomy":"category","embeddable":true,"href":"https:\/\/www.correiobraziliense.com.br\/cbradar\/wp-json\/wp\/v2\/categories?post=60888"},{"taxonomy":"post_tag","embeddable":true,"href":"https:\/\/www.correiobraziliense.com.br\/cbradar\/wp-json\/wp\/v2\/post_tag?post=60888"}],"curies":[{"name":"wp","href":"https:\/\/api.w.org\/{rel}","templated":true}]}}