{"id":61122,"date":"2025-06-29T18:33:00","date_gmt":"2025-06-29T21:33:00","guid":{"rendered":"https:\/\/www.correiobraziliense.com.br\/cbradar\/?p=61122"},"modified":"2025-06-29T02:28:11","modified_gmt":"2025-06-29T05:28:11","slug":"essa-capital-nordestina-guarda-paisagens-de-tirar-o-folego","status":"publish","type":"post","link":"https:\/\/www.correiobraziliense.com.br\/cbradar\/essa-capital-nordestina-guarda-paisagens-de-tirar-o-folego\/","title":{"rendered":"Essa capital nordestina guarda paisagens de tirar o f\u00f4lego"},"content":{"rendered":"\n<p><a href=\"https:\/\/www.fortaleza.ce.gov.br\/\" target=\"_blank\" rel=\"noreferrer noopener\"><strong>Fortaleza<\/strong> <\/a>\u00e9 a capital do <a href=\"https:\/\/www.correiobraziliense.com.br\/cbradar\/esse-povoado-no-ceara-e-considerado-um-dos-lugares-mais-tranquilos-do-brasil-para-viver\/\" target=\"_blank\" rel=\"noreferrer noopener\"><strong>Cear\u00e1<\/strong> <\/a>e uma das principais metr\u00f3poles do <strong>Nordeste brasileiro<\/strong>, com mais de 2,7 milh\u00f5es de habitantes. Localizada no litoral atl\u00e2ntico, a cidade \u00e9 mundialmente conhecida como a <strong>Terra do Sol<\/strong>, oferecendo 300 dias de sol por ano, 25 quil\u00f4metros de praias urbanas deslumbrantes e uma das culturas mais ricas e vibrantes do pa\u00eds.<\/p>\n\n\n\n<p>Considerada uma das cidades que mais crescem no <strong>Brasil<\/strong>, <strong>Fortaleza<\/strong> combina tradi\u00e7\u00e3o nordestina com modernidade cosmopolita, sendo um importante centro econ\u00f4mico, cultural e tur\u00edstico. A cidade serve como portal de entrada para as belezas naturais do <strong>Cear\u00e1<\/strong>, incluindo <strong>Jericoacoara<\/strong>, <strong>Canoa Quebrada<\/strong> e <strong>Cumbuco<\/strong>, destinos que est\u00e3o entre os mais procurados do mundo.<\/p>\n\n\n\n<h2 class=\"wp-block-heading\">Qual \u00e9 a melhor \u00e9poca para ir para Fortaleza?<\/h2>\n\n\n\n<p><strong>Fortaleza<\/strong> pode ser visitada durante todo o ano devido ao seu clima tropical semi\u00e1rido, com temperaturas que variam entre 23\u00b0C e 32\u00b0C. O per\u00edodo de dezembro a julho \u00e9 considerado ideal, com menos chuvas e ventos mais consistentes, perfeitos para esportes aqu\u00e1ticos como kitesurf e windsurf.<\/p>\n\n\n\n<p>Os meses de agosto a novembro constituem o per\u00edodo chuvoso, mas mesmo assim as precipita\u00e7\u00f5es s\u00e3o geralmente r\u00e1pidas e concentradas, n\u00e3o prejudicando significativamente o turismo. Durante esta \u00e9poca, a cidade fica mais verde, os pre\u00e7os s\u00e3o menores e h\u00e1 menos aglomera\u00e7\u00f5es, sendo uma excelente op\u00e7\u00e3o para quem busca economia.<\/p>\n\n\n<div class=\"wp-block-image\">\n<figure class=\"aligncenter size-large\"><img decoding=\"async\" width=\"1024\" height=\"576\" src=\"https:\/\/www.correiobraziliense.com.br\/cbradar\/wp-content\/uploads\/2025\/03\/Fortaleza_1741916151998-1024x576.jpg\" alt=\"A capital vibrante do Nordeste que encanta pela qualidade de vida\" class=\"wp-image-12380\" srcset=\"https:\/\/www.correiobraziliense.com.br\/cbradar\/wp-content\/uploads\/2025\/03\/Fortaleza_1741916151998-1024x576.jpg 1024w, https:\/\/www.correiobraziliense.com.br\/cbradar\/wp-content\/uploads\/2025\/03\/Fortaleza_1741916151998-300x169.jpg 300w, https:\/\/www.correiobraziliense.com.br\/cbradar\/wp-content\/uploads\/2025\/03\/Fortaleza_1741916151998-768x432.jpg 768w, https:\/\/www.correiobraziliense.com.br\/cbradar\/wp-content\/uploads\/2025\/03\/Fortaleza_1741916151998-750x422.jpg 750w, https:\/\/www.correiobraziliense.com.br\/cbradar\/wp-content\/uploads\/2025\/03\/Fortaleza_1741916151998-1140x641.jpg 1140w, https:\/\/www.correiobraziliense.com.br\/cbradar\/wp-content\/uploads\/2025\/03\/Fortaleza_1741916151998.jpg 1280w\" sizes=\"(max-width: 1024px) 100vw, 1024px\" \/><figcaption class=\"wp-element-caption\">Fortaleza \/\/Cr\u00e9ditos: depositphotos.com \/ Ranimiro<\/figcaption><\/figure><\/div>\n\n\n<h2 class=\"wp-block-heading\">O que devo saber antes de ir a Fortaleza?<\/h2>\n\n\n\n<p><strong>Fortaleza<\/strong> \u00e9 uma metr\u00f3pole completa com excelente infraestrutura tur\u00edstica, mas algumas dicas s\u00e3o importantes para aproveitar melhor a estadia. A cidade possui diferentes regi\u00f5es com caracter\u00edsticas pr\u00f3prias: <strong>Iracema<\/strong> e <strong>Meireles<\/strong> concentram a vida noturna e hot\u00e9is de luxo, enquanto o <strong>Centro<\/strong> preserva a hist\u00f3ria e cultura local.<\/p>\n\n\n\n<p>\u00c9 essencial usar protetor solar potente devido \u00e0 forte incid\u00eancia solar, manter-se hidratado e experimentar a rica gastronomia cearense. A cidade \u00e9 segura para turistas, mas como qualquer grande metr\u00f3pole, requer cuidados b\u00e1sicos com pertences pessoais, especialmente em aglomera\u00e7\u00f5es.<\/p>\n\n\n\n<h2 class=\"wp-block-heading\">O que fazer em Fortaleza?<\/h2>\n\n\n\n<p><strong>Fortaleza<\/strong> oferece uma impressionante diversidade de atra\u00e7\u00f5es que combinam natureza, cultura, hist\u00f3ria e entretenimento:<\/p>\n\n\n\n<ul class=\"wp-block-list\">\n<li><strong>Praia de Iracema<\/strong>: Famosa pela vida noturna agitada, com bares, restaurantes e a ic\u00f4nica <strong>Ponte dos Ingleses<\/strong>. <\/li>\n\n\n\n<li><strong>Centro Drag\u00e3o do Mar<\/strong>: Complexo cultural com teatros, cinemas, museus e planet\u00e1rio, cora\u00e7\u00e3o cultural da cidade. <\/li>\n\n\n\n<li><strong>Mercado Central<\/strong>: Tradicional mercado com artesanato local, redes, cashacas e produtos t\u00edpicos cearenses. <\/li>\n\n\n\n<li><strong>Praia do Futuro<\/strong>: Extensa faixa de areia com famosas barracas de praia que oferecem estrutura completa de lazer. <\/li>\n\n\n\n<li><strong>Theatro Jos\u00e9 de Alencar<\/strong>: Bel\u00edssimo teatro em estilo art nouveau, patrim\u00f4nio arquitet\u00f4nico da cidade. <\/li>\n\n\n\n<li><strong>Museu da Cacha\u00e7a<\/strong>: Espa\u00e7o dedicado \u00e0 tradicional bebida brasileira, com degusta\u00e7\u00f5es e hist\u00f3ria.<\/li>\n\n\n\n<li><strong>Catedral Metropolitana<\/strong>: Impressionante constru\u00e7\u00e3o g\u00f3tica, uma das maiores catedrais do <strong>Brasil<\/strong>. <\/li>\n\n\n\n<li><strong>Centro de Turismo<\/strong>: Antiga cadeia p\u00fablica transformada em centro de compras de artesanato e cultura local. <\/li>\n\n\n\n<li><strong>Aqu\u00e1rio Cear\u00e1<\/strong>: Moderno aqu\u00e1rio com esp\u00e9cies marinhas regionais e atividades educativas. <\/li>\n\n\n\n<li><strong>Fortaleza de Nossa Senhora da Assun\u00e7\u00e3o<\/strong>: Forte hist\u00f3rico que deu origem ao nome da cidade.<\/li>\n<\/ul>\n\n\n\n<h2 class=\"wp-block-heading\">\u00c9 muito caro ir para Fortaleza?<\/h2>\n\n\n\n<p><strong>Fortaleza<\/strong> oferece excelente custo-benef\u00edcio comparada a outros destinos tur\u00edsticos brasileiros, especialmente para quem vem de outras regi\u00f5es do pa\u00eds. A cidade possui op\u00e7\u00f5es de hospedagem para todos os or\u00e7amentos, desde hostels econ\u00f4micos at\u00e9 resorts de luxo, com pre\u00e7os que variam significativamente entre alta e baixa temporada.<\/p>\n\n\n\n<p>A gastronomia local \u00e9 acess\u00edvel e saborosa, com pratos fartos por pre\u00e7os justos. As principais atra\u00e7\u00f5es tur\u00edsticas, como praias e centros culturais, s\u00e3o gratuitas ou t\u00eam valores m\u00f3dicos. O transporte p\u00fablico \u00e9 eficiente e barato, e muitas atra\u00e7\u00f5es podem ser visitadas a p\u00e9 ou de bicicleta.<\/p>\n\n\n\n<blockquote class=\"instagram-media\" data-instgrm-captioned data-instgrm-permalink=\"https:\/\/www.instagram.com\/reel\/DK9asBHO4wa\/?utm_source=ig_embed&amp;utm_campaign=loading\" data-instgrm-version=\"14\" style=\" background:#FFF; border:0; border-radius:3px; box-shadow:0 0 1px 0 rgba(0,0,0,0.5),0 1px 10px 0 rgba(0,0,0,0.15); margin: 1px; max-width:540px; min-width:326px; padding:0; width:99.375%; width:-webkit-calc(100% - 2px); width:calc(100% - 2px);\"><div style=\"padding:16px;\"> <a href=\"https:\/\/www.instagram.com\/reel\/DK9asBHO4wa\/?utm_source=ig_embed&amp;utm_campaign=loading\" style=\" background:#FFFFFF; line-height:0; padding:0 0; text-align:center; text-decoration:none; width:100%;\" target=\"_blank\"> <div style=\" display: flex; flex-direction: row; align-items: center;\"> <div style=\"background-color: #F4F4F4; border-radius: 50%; flex-grow: 0; height: 40px; margin-right: 14px; width: 40px;\"><\/div> <div style=\"display: flex; flex-direction: column; flex-grow: 1; justify-content: center;\"> <div style=\" background-color: #F4F4F4; border-radius: 4px; flex-grow: 0; height: 14px; margin-bottom: 6px; width: 100px;\"><\/div> <div style=\" background-color: #F4F4F4; border-radius: 4px; flex-grow: 0; height: 14px; width: 60px;\"><\/div><\/div><\/div><div style=\"padding: 19% 0;\"><\/div> <div style=\"display:block; height:50px; margin:0 auto 12px; width:50px;\"><svg width=\"50px\" height=\"50px\" viewBox=\"0 0 60 60\" version=\"1.1\" xmlns=\"https:\/\/www.w3.org\/2000\/svg\" xmlns:xlink=\"https:\/\/www.w3.org\/1999\/xlink\"><g stroke=\"none\" stroke-width=\"1\" fill=\"none\" fill-rule=\"evenodd\"><g transform=\"translate(-511.000000, -20.000000)\" fill=\"#000000\"><g><path d=\"M556.869,30.41 C554.814,30.41 553.148,32.076 553.148,34.131 C553.148,36.186 554.814,37.852 556.869,37.852 C558.924,37.852 560.59,36.186 560.59,34.131 C560.59,32.076 558.924,30.41 556.869,30.41 M541,60.657 C535.114,60.657 530.342,55.887 530.342,50 C530.342,44.114 535.114,39.342 541,39.342 C546.887,39.342 551.658,44.114 551.658,50 C551.658,55.887 546.887,60.657 541,60.657 M541,33.886 C532.1,33.886 524.886,41.1 524.886,50 C524.886,58.899 532.1,66.113 541,66.113 C549.9,66.113 557.115,58.899 557.115,50 C557.115,41.1 549.9,33.886 541,33.886 M565.378,62.101 C565.244,65.022 564.756,66.606 564.346,67.663 C563.803,69.06 563.154,70.057 562.106,71.106 C561.058,72.155 560.06,72.803 558.662,73.347 C557.607,73.757 556.021,74.244 553.102,74.378 C549.944,74.521 548.997,74.552 541,74.552 C533.003,74.552 532.056,74.521 528.898,74.378 C525.979,74.244 524.393,73.757 523.338,73.347 C521.94,72.803 520.942,72.155 519.894,71.106 C518.846,70.057 518.197,69.06 517.654,67.663 C517.244,66.606 516.755,65.022 516.623,62.101 C516.479,58.943 516.448,57.996 516.448,50 C516.448,42.003 516.479,41.056 516.623,37.899 C516.755,34.978 517.244,33.391 517.654,32.338 C518.197,30.938 518.846,29.942 519.894,28.894 C520.942,27.846 521.94,27.196 523.338,26.654 C524.393,26.244 525.979,25.756 528.898,25.623 C532.057,25.479 533.004,25.448 541,25.448 C548.997,25.448 549.943,25.479 553.102,25.623 C556.021,25.756 557.607,26.244 558.662,26.654 C560.06,27.196 561.058,27.846 562.106,28.894 C563.154,29.942 563.803,30.938 564.346,32.338 C564.756,33.391 565.244,34.978 565.378,37.899 C565.522,41.056 565.552,42.003 565.552,50 C565.552,57.996 565.522,58.943 565.378,62.101 M570.82,37.631 C570.674,34.438 570.167,32.258 569.425,30.349 C568.659,28.377 567.633,26.702 565.965,25.035 C564.297,23.368 562.623,22.342 560.652,21.575 C558.743,20.834 556.562,20.326 553.369,20.18 C550.169,20.033 549.148,20 541,20 C532.853,20 531.831,20.033 528.631,20.18 C525.438,20.326 523.257,20.834 521.349,21.575 C519.376,22.342 517.703,23.368 516.035,25.035 C514.368,26.702 513.342,28.377 512.574,30.349 C511.834,32.258 511.326,34.438 511.181,37.631 C511.035,40.831 511,41.851 511,50 C511,58.147 511.035,59.17 511.181,62.369 C511.326,65.562 511.834,67.743 512.574,69.651 C513.342,71.625 514.368,73.296 516.035,74.965 C517.703,76.634 519.376,77.658 521.349,78.425 C523.257,79.167 525.438,79.673 528.631,79.82 C531.831,79.965 532.853,80.001 541,80.001 C549.148,80.001 550.169,79.965 553.369,79.82 C556.562,79.673 558.743,79.167 560.652,78.425 C562.623,77.658 564.297,76.634 565.965,74.965 C567.633,73.296 568.659,71.625 569.425,69.651 C570.167,67.743 570.674,65.562 570.82,62.369 C570.966,59.17 571,58.147 571,50 C571,41.851 570.966,40.831 570.82,37.631\"><\/path><\/g><\/g><\/g><\/svg><\/div><div style=\"padding-top: 8px;\"> <div style=\" color:#3897f0; font-family:Arial,sans-serif; font-size:14px; font-style:normal; font-weight:550; line-height:18px;\">Ver essa foto no Instagram<\/div><\/div><div style=\"padding: 12.5% 0;\"><\/div> <div style=\"display: flex; flex-direction: row; margin-bottom: 14px; align-items: center;\"><div> <div style=\"background-color: #F4F4F4; border-radius: 50%; height: 12.5px; width: 12.5px; transform: translateX(0px) translateY(7px);\"><\/div> <div style=\"background-color: #F4F4F4; height: 12.5px; transform: rotate(-45deg) translateX(3px) translateY(1px); width: 12.5px; flex-grow: 0; margin-right: 14px; margin-left: 2px;\"><\/div> <div style=\"background-color: #F4F4F4; border-radius: 50%; height: 12.5px; width: 12.5px; transform: translateX(9px) translateY(-18px);\"><\/div><\/div><div style=\"margin-left: 8px;\"> <div style=\" background-color: #F4F4F4; border-radius: 50%; flex-grow: 0; height: 20px; width: 20px;\"><\/div> <div style=\" width: 0; height: 0; border-top: 2px solid transparent; border-left: 6px solid #f4f4f4; border-bottom: 2px solid transparent; transform: translateX(16px) translateY(-4px) rotate(30deg)\"><\/div><\/div><div style=\"margin-left: auto;\"> <div style=\" width: 0px; border-top: 8px solid #F4F4F4; border-right: 8px solid transparent; transform: translateY(16px);\"><\/div> <div style=\" background-color: #F4F4F4; flex-grow: 0; height: 12px; width: 16px; transform: translateY(-4px);\"><\/div> <div style=\" width: 0; height: 0; border-top: 8px solid #F4F4F4; border-left: 8px solid transparent; transform: translateY(-4px) translateX(8px);\"><\/div><\/div><\/div> <div style=\"display: flex; flex-direction: column; flex-grow: 1; justify-content: center; margin-bottom: 24px;\"> <div style=\" background-color: #F4F4F4; border-radius: 4px; flex-grow: 0; height: 14px; margin-bottom: 6px; width: 224px;\"><\/div> <div style=\" background-color: #F4F4F4; border-radius: 4px; flex-grow: 0; height: 14px; width: 144px;\"><\/div><\/div><\/a><p style=\" color:#c9c8cd; font-family:Arial,sans-serif; font-size:14px; line-height:17px; margin-bottom:0; margin-top:8px; overflow:hidden; padding:8px 0 7px; text-align:center; text-overflow:ellipsis; white-space:nowrap;\"><a href=\"https:\/\/www.instagram.com\/reel\/DK9asBHO4wa\/?utm_source=ig_embed&amp;utm_campaign=loading\" style=\" color:#c9c8cd; font-family:Arial,sans-serif; font-size:14px; font-style:normal; font-weight:normal; line-height:17px; text-decoration:none;\" target=\"_blank\">Uma publica\u00e7\u00e3o compartilhada por Prefeitura de Fortaleza (@prefeituradefortaleza)<\/a><\/p><\/div><\/blockquote>\n<script async src=\"\/\/www.instagram.com\/embed.js\"><\/script>\n\n\n\n<h2 class=\"wp-block-heading\">Vale a pena visitar Fortaleza?<\/h2>\n\n\n\n<p><strong>Fortaleza<\/strong> \u00e9 absolutamente um destino imperd\u00edvel, oferecendo uma das experi\u00eancias mais ricas e diversificadas do <strong>Brasil<\/strong>. A combina\u00e7\u00e3o de praias urbanas de qualidade internacional, rica cultura nordestina, gastronomia excepcional, vida noturna vibrante e hospitalidade cearense fazem da cidade um destino \u00fanico.<\/p>\n\n\n\n<p>A cidade serve como base perfeita para explorar as maravilhas do <strong>Cear\u00e1<\/strong>, incluindo destinos mundialmente famosos como <strong>Jericoacoara<\/strong> e <strong>Canoa Quebrada<\/strong>. A infraestrutura tur\u00edstica de primeiro mundo, o clima privilegiado e a diversidade de atra\u00e7\u00f5es garantem experi\u00eancias memor\u00e1veis para todos os perfis de viajantes.<\/p>\n\n\n\n<h2 class=\"wp-block-heading\">Como chegar em Fortaleza?<\/h2>\n\n\n\n<p><strong>Fortaleza<\/strong> possui o <strong>Aeroporto Internacional Pinto Martins<\/strong>, um dos mais movimentados do <strong>Nordeste<\/strong>, com voos diretos para as principais cidades brasileiras e conex\u00f5es internacionais. O aeroporto fica a apenas 6 km do centro da cidade, com f\u00e1cil acesso por t\u00e1xi, uber ou \u00f4nibus.<\/p>\n\n\n\n<p>Para quem prefere viajar por terra, <strong>Fortaleza<\/strong> \u00e9 bem conectada por rodovias federais como a <strong>BR-116<\/strong> e <strong>BR-222<\/strong>, com rodovi\u00e1ria que recebe \u00f4nibus de todo o pa\u00eds. A cidade tamb\u00e9m possui porto para cruzeiros mar\u00edtimos, sendo parada obrigat\u00f3ria de roteiros pelo litoral nordestino.<\/p>\n","protected":false},"excerpt":{"rendered":"<p>Fortaleza \u00e9 a capital do Cear\u00e1 e uma das principais metr\u00f3poles do Nordeste brasileiro, com mais de 2,7 milh\u00f5es de habitantes. Localizada no litoral atl\u00e2ntico, a cidade \u00e9 mundialmente conhecida como a Terra do Sol, oferecendo 300 dias de sol por ano, 25 quil\u00f4metros de praias urbanas deslumbrantes e uma das culturas mais ricas e [&hellip;]<\/p>\n","protected":false},"author":8,"featured_media":12377,"comment_status":"open","ping_status":"open","sticky":false,"template":"","format":"standard","meta":{"_yoast_wpseo_focuskw":"capital","_yoast_wpseo_title":"","_yoast_wpseo_metadesc":"Essa capital do Nordeste impressiona com praias, natureza e clima tropical. Descubra por que ela \u00e9 um dos destinos mais encantadores de 2025.","jnews-multi-image_gallery":[],"jnews_single_post":{"format":"standard"},"jnews_primary_category":[],"jnews_social_meta":[],"jnews_override_counter":[],"footnotes":""},"categories":[108,111],"post_tag":[1460,1459],"class_list":["post-61122","post","type-post","status-publish","format-standard","has-post-thumbnail","hentry","category-cidades","category-turismo","tag-ceara","tag-fortaleza"],"yoast_head":"<!-- This site is optimized with the Yoast SEO plugin v24.6 - https:\/\/yoast.com\/wordpress\/plugins\/seo\/ -->\n<title>Essa capital nordestina guarda paisagens de tirar o f\u00f4lego - Correio Braziliense - Radar<\/title>\n<meta name=\"description\" content=\"Essa capital do Nordeste impressiona com praias, natureza e clima tropical. Descubra por que ela \u00e9 um dos destinos mais encantadores de 2025.\" \/>\n<meta name=\"robots\" content=\"index, follow, max-snippet:-1, max-image-preview:large, max-video-preview:-1\" \/>\n<link rel=\"canonical\" href=\"https:\/\/www.correiobraziliense.com.br\/cbradar\/essa-capital-nordestina-guarda-paisagens-de-tirar-o-folego\/\" \/>\n<meta property=\"og:locale\" content=\"pt_BR\" \/>\n<meta property=\"og:type\" content=\"article\" \/>\n<meta property=\"og:title\" content=\"Essa capital nordestina guarda paisagens de tirar o f\u00f4lego - Correio Braziliense - Radar\" \/>\n<meta property=\"og:description\" content=\"Essa capital do Nordeste impressiona com praias, natureza e clima tropical. Descubra por que ela \u00e9 um dos destinos mais encantadores de 2025.\" \/>\n<meta property=\"og:url\" content=\"https:\/\/www.correiobraziliense.com.br\/cbradar\/essa-capital-nordestina-guarda-paisagens-de-tirar-o-folego\/\" \/>\n<meta property=\"og:site_name\" content=\"Correio Braziliense - Radar\" \/>\n<meta property=\"article:published_time\" content=\"2025-06-29T21:33:00+00:00\" \/>\n<meta property=\"og:image\" content=\"https:\/\/www.correiobraziliense.com.br\/cbradar\/wp-content\/uploads\/2025\/03\/Fortaleza_1741916141532.jpg\" \/>\n\t<meta property=\"og:image:width\" content=\"1280\" \/>\n\t<meta property=\"og:image:height\" content=\"720\" \/>\n\t<meta property=\"og:image:type\" content=\"image\/jpeg\" \/>\n<meta name=\"author\" content=\"Maura Pereira\" \/>\n<meta name=\"twitter:card\" content=\"summary_large_image\" \/>\n<meta name=\"twitter:label1\" content=\"Escrito por\" \/>\n\t<meta name=\"twitter:data1\" content=\"Maura Pereira\" \/>\n\t<meta name=\"twitter:label2\" content=\"Est. tempo de leitura\" \/>\n\t<meta name=\"twitter:data2\" content=\"5 minutos\" \/>\n<!-- \/ Yoast SEO plugin. -->","yoast_head_json":{"title":"Essa capital nordestina guarda paisagens de tirar o f\u00f4lego - Correio Braziliense - Radar","description":"Essa capital do Nordeste impressiona com praias, natureza e clima tropical. Descubra por que ela \u00e9 um dos destinos mais encantadores de 2025.","robots":{"index":"index","follow":"follow","max-snippet":"max-snippet:-1","max-image-preview":"max-image-preview:large","max-video-preview":"max-video-preview:-1"},"canonical":"https:\/\/www.correiobraziliense.com.br\/cbradar\/essa-capital-nordestina-guarda-paisagens-de-tirar-o-folego\/","og_locale":"pt_BR","og_type":"article","og_title":"Essa capital nordestina guarda paisagens de tirar o f\u00f4lego - Correio Braziliense - Radar","og_description":"Essa capital do Nordeste impressiona com praias, natureza e clima tropical. Descubra por que ela \u00e9 um dos destinos mais encantadores de 2025.","og_url":"https:\/\/www.correiobraziliense.com.br\/cbradar\/essa-capital-nordestina-guarda-paisagens-de-tirar-o-folego\/","og_site_name":"Correio Braziliense - Radar","article_published_time":"2025-06-29T21:33:00+00:00","og_image":[{"width":1280,"height":720,"url":"https:\/\/www.correiobraziliense.com.br\/cbradar\/wp-content\/uploads\/2025\/03\/Fortaleza_1741916141532.jpg","type":"image\/jpeg"}],"author":"Maura Pereira","twitter_card":"summary_large_image","twitter_misc":{"Escrito por":"Maura Pereira","Est. tempo de leitura":"5 minutos"},"schema":{"@context":"https:\/\/schema.org","@graph":[{"@type":"WebPage","@id":"https:\/\/www.correiobraziliense.com.br\/cbradar\/essa-capital-nordestina-guarda-paisagens-de-tirar-o-folego\/","url":"https:\/\/www.correiobraziliense.com.br\/cbradar\/essa-capital-nordestina-guarda-paisagens-de-tirar-o-folego\/","name":"Essa capital nordestina guarda paisagens de tirar o f\u00f4lego - Correio Braziliense - Radar","isPartOf":{"@id":"https:\/\/www.correiobraziliense.com.br\/cbradar\/#website"},"primaryImageOfPage":{"@id":"https:\/\/www.correiobraziliense.com.br\/cbradar\/essa-capital-nordestina-guarda-paisagens-de-tirar-o-folego\/#primaryimage"},"image":{"@id":"https:\/\/www.correiobraziliense.com.br\/cbradar\/essa-capital-nordestina-guarda-paisagens-de-tirar-o-folego\/#primaryimage"},"thumbnailUrl":"https:\/\/www.correiobraziliense.com.br\/cbradar\/wp-content\/uploads\/2025\/03\/Fortaleza_1741916141532.jpg","datePublished":"2025-06-29T21:33:00+00:00","author":{"@id":"https:\/\/www.correiobraziliense.com.br\/cbradar\/#\/schema\/person\/4053c651a9bfc785afc6f4cbc9032fd3"},"description":"Essa capital do Nordeste impressiona com praias, natureza e clima tropical. Descubra por que ela \u00e9 um dos destinos mais encantadores de 2025.","breadcrumb":{"@id":"https:\/\/www.correiobraziliense.com.br\/cbradar\/essa-capital-nordestina-guarda-paisagens-de-tirar-o-folego\/#breadcrumb"},"inLanguage":"pt-BR","potentialAction":[{"@type":"ReadAction","target":["https:\/\/www.correiobraziliense.com.br\/cbradar\/essa-capital-nordestina-guarda-paisagens-de-tirar-o-folego\/"]}]},{"@type":"ImageObject","inLanguage":"pt-BR","@id":"https:\/\/www.correiobraziliense.com.br\/cbradar\/essa-capital-nordestina-guarda-paisagens-de-tirar-o-folego\/#primaryimage","url":"https:\/\/www.correiobraziliense.com.br\/cbradar\/wp-content\/uploads\/2025\/03\/Fortaleza_1741916141532.jpg","contentUrl":"https:\/\/www.correiobraziliense.com.br\/cbradar\/wp-content\/uploads\/2025\/03\/Fortaleza_1741916141532.jpg","width":1280,"height":720,"caption":"Fortaleza encanta com praias incr\u00edveis, cultura rica e clima acolhedor para todos os visitantes. \/\/ Cr\u00e9ditos: depositphotos.com \/ gustavofrazao"},{"@type":"BreadcrumbList","@id":"https:\/\/www.correiobraziliense.com.br\/cbradar\/essa-capital-nordestina-guarda-paisagens-de-tirar-o-folego\/#breadcrumb","itemListElement":[{"@type":"ListItem","position":1,"name":"In\u00edcio","item":"https:\/\/www.correiobraziliense.com.br\/cbradar\/"},{"@type":"ListItem","position":2,"name":"Essa capital nordestina guarda paisagens de tirar o f\u00f4lego"}]},{"@type":"WebSite","@id":"https:\/\/www.correiobraziliense.com.br\/cbradar\/#website","url":"https:\/\/www.correiobraziliense.com.br\/cbradar\/","name":"Correio Braziliense - Radar","description":"Acompanhe as \u00faltimas not\u00edcias e fique bem informado sobre tudo o que acontece no Brasil e no mundo.","potentialAction":[{"@type":"SearchAction","target":{"@type":"EntryPoint","urlTemplate":"https:\/\/www.correiobraziliense.com.br\/cbradar\/?s={search_term_string}"},"query-input":{"@type":"PropertyValueSpecification","valueRequired":true,"valueName":"search_term_string"}}],"inLanguage":"pt-BR"},{"@type":"Person","@id":"https:\/\/www.correiobraziliense.com.br\/cbradar\/#\/schema\/person\/4053c651a9bfc785afc6f4cbc9032fd3","name":"Maura Pereira","image":{"@type":"ImageObject","inLanguage":"pt-BR","@id":"https:\/\/www.correiobraziliense.com.br\/cbradar\/#\/schema\/person\/image\/","url":"https:\/\/secure.gravatar.com\/avatar\/3effd6bdadfa447f15089c7f7144eaa6?s=96&d=mm&r=g","contentUrl":"https:\/\/secure.gravatar.com\/avatar\/3effd6bdadfa447f15089c7f7144eaa6?s=96&d=mm&r=g","caption":"Maura Pereira"},"sameAs":["https:\/\/www.correiobraziliense.com.br\/"],"url":"https:\/\/www.correiobraziliense.com.br\/cbradar\/author\/mauramyth\/"}]}},"_links":{"self":[{"href":"https:\/\/www.correiobraziliense.com.br\/cbradar\/wp-json\/wp\/v2\/posts\/61122","targetHints":{"allow":["GET"]}}],"collection":[{"href":"https:\/\/www.correiobraziliense.com.br\/cbradar\/wp-json\/wp\/v2\/posts"}],"about":[{"href":"https:\/\/www.correiobraziliense.com.br\/cbradar\/wp-json\/wp\/v2\/types\/post"}],"author":[{"embeddable":true,"href":"https:\/\/www.correiobraziliense.com.br\/cbradar\/wp-json\/wp\/v2\/users\/8"}],"replies":[{"embeddable":true,"href":"https:\/\/www.correiobraziliense.com.br\/cbradar\/wp-json\/wp\/v2\/comments?post=61122"}],"version-history":[{"count":9,"href":"https:\/\/www.correiobraziliense.com.br\/cbradar\/wp-json\/wp\/v2\/posts\/61122\/revisions"}],"predecessor-version":[{"id":61158,"href":"https:\/\/www.correiobraziliense.com.br\/cbradar\/wp-json\/wp\/v2\/posts\/61122\/revisions\/61158"}],"wp:featuredmedia":[{"embeddable":true,"href":"https:\/\/www.correiobraziliense.com.br\/cbradar\/wp-json\/wp\/v2\/media\/12377"}],"wp:attachment":[{"href":"https:\/\/www.correiobraziliense.com.br\/cbradar\/wp-json\/wp\/v2\/media?parent=61122"}],"wp:term":[{"taxonomy":"category","embeddable":true,"href":"https:\/\/www.correiobraziliense.com.br\/cbradar\/wp-json\/wp\/v2\/categories?post=61122"},{"taxonomy":"post_tag","embeddable":true,"href":"https:\/\/www.correiobraziliense.com.br\/cbradar\/wp-json\/wp\/v2\/post_tag?post=61122"}],"curies":[{"name":"wp","href":"https:\/\/api.w.org\/{rel}","templated":true}]}}