{"id":6116,"date":"2025-02-26T13:30:00","date_gmt":"2025-02-26T16:30:00","guid":{"rendered":"https:\/\/www.correiobraziliense.com.br\/cbradar\/?p=6116"},"modified":"2025-02-25T11:57:13","modified_gmt":"2025-02-25T14:57:13","slug":"passo-a-passo-para-plantar-alface-em-casa","status":"publish","type":"post","link":"https:\/\/www.correiobraziliense.com.br\/cbradar\/passo-a-passo-para-plantar-alface-em-casa\/","title":{"rendered":"Passo a passo para plantar alface em casa"},"content":{"rendered":"\n<p><a href=\"https:\/\/www.correiobraziliense.com.br\/cbradar\/como-plantar-morangos-em-casa-de-forma-criativa-e-sustentavel\/\" target=\"_blank\" rel=\"noreferrer noopener\">Plantar<\/a> alface em casa \u00e9 uma pr\u00e1tica que vem ganhando popularidade entre aqueles que buscam uma alimenta\u00e7\u00e3o mais saud\u00e1vel e sustent\u00e1vel. A alface \u00e9 uma hortali\u00e7a de f\u00e1cil cultivo, adaptando-se bem a diferentes tipos de ambientes, o que a torna ideal para hortas caseiras. Al\u00e9m de ser uma maneira de garantir folhas frescas e livres de<strong>\u00a0agrot\u00f3xicos,<\/strong>\u00a0cultivar alface em casa pode ser uma atividade relaxante e econ\u00f4mica.<\/p>\n\n\n\n<p>Para come\u00e7ar a plantar alface, \u00e9 importante entender alguns aspectos fundamentais, como a escolha do tipo de alface, o preparo do solo e os cuidados necess\u00e1rios durante o crescimento. Este artigo oferece um guia detalhado sobre como cultivar alface em casa, desde a sele\u00e7\u00e3o das sementes at\u00e9 a colheita, garantindo uma safra saud\u00e1vel e saborosa.<\/p>\n\n\n\n<h2 class=\"wp-block-heading\"><strong>Qual \u00e9 a melhor \u00e9poca para plantar alface?<\/strong><\/h2>\n\n\n\n<p>A alface prefere climas amenos, com temperaturas variando entre 10\u00b0C e 25\u00b0C. Por isso, a melhor \u00e9poca para plantar alface \u00e9 durante o outono e a primavera, quando as condi\u00e7\u00f5es clim\u00e1ticas s\u00e3o mais favor\u00e1veis. Em regi\u00f5es de clima mais quente, \u00e9 aconselh\u00e1vel evitar o plantio durante o ver\u00e3o, enquanto em \u00e1reas mais frias, o plantio pode ser feito durante o ver\u00e3o.<\/p>\n\n\n\n<p>Escolher a \u00e9poca certa para plantar alface \u00e9 crucial para garantir uma colheita bem-sucedida. As temperaturas extremas, sejam elas de calor ou frio, podem prejudicar o desenvolvimento da planta, afetando sua qualidade e sabor.<\/p>\n\n\n\n<figure class=\"wp-block-image\"><img decoding=\"async\" width=\"1024\" height=\"576\" src=\"https:\/\/www.correiobraziliense.com.br\/cbradar\/wp-content\/uploads\/2025\/02\/alface-em-casa_1740489322307-1024x576.jpg\" alt=\"Passo a passo para plantar alface em casa\" class=\"wp-image-6081\" srcset=\"https:\/\/www.correiobraziliense.com.br\/cbradar\/wp-content\/uploads\/2025\/02\/alface-em-casa_1740489322307-1024x576.jpg 1024w, https:\/\/www.correiobraziliense.com.br\/cbradar\/wp-content\/uploads\/2025\/02\/alface-em-casa_1740489322307-300x169.jpg 300w, https:\/\/www.correiobraziliense.com.br\/cbradar\/wp-content\/uploads\/2025\/02\/alface-em-casa_1740489322307-768x432.jpg 768w, https:\/\/www.correiobraziliense.com.br\/cbradar\/wp-content\/uploads\/2025\/02\/alface-em-casa_1740489322307-750x422.jpg 750w, https:\/\/www.correiobraziliense.com.br\/cbradar\/wp-content\/uploads\/2025\/02\/alface-em-casa_1740489322307-1140x641.jpg 1140w, https:\/\/www.correiobraziliense.com.br\/cbradar\/wp-content\/uploads\/2025\/02\/alface-em-casa_1740489322307.jpg 1280w\" sizes=\"(max-width: 1024px) 100vw, 1024px\" \/><figcaption class=\"wp-element-caption\">Alface. Cr\u00e9ditos: depositphotos.com \/ ijeab<\/figcaption><\/figure>\n\n\n\n<h2 class=\"wp-block-heading\"><strong>Como preparar o solo para plantar alface?<\/strong><\/h2>\n\n\n\n<p>O solo \u00e9 um dos fatores mais importantes no cultivo de alface. Ele deve ser f\u00e9rtil, bem drenado e rico em nutrientes. Para melhorar a qualidade do solo, recomenda-se a adi\u00e7\u00e3o de composto org\u00e2nico ou h\u00famus de minhoca. Esses materiais ajudam a fornecer os nutrientes necess\u00e1rios para o crescimento saud\u00e1vel da alface.<\/p>\n\n\n\n<p>Al\u00e9m disso, \u00e9 essencial nivelar o solo para evitar o ac\u00famulo de \u00e1gua, que pode causar o apodrecimento das ra\u00edzes. Remover pedras, ervas daninhas e outros res\u00edduos tamb\u00e9m \u00e9 importante para garantir que a alface cres\u00e7a sem obst\u00e1culos.<\/p>\n\n\n\n<h2 class=\"wp-block-heading\"><strong>Quais s\u00e3o os passos para plantar alface?<\/strong><\/h2>\n\n\n\n<p>Para plantar alface, siga os passos abaixo:<\/p>\n\n\n\n<ol class=\"wp-block-list\">\n<li><strong>Escolha das sementes:<\/strong>\u00a0Opte por sementes de qualidade, adquiridas de fornecedores confi\u00e1veis. Variedades como crespa, americana, lisa e romana s\u00e3o populares e podem ser escolhidas de acordo com o gosto pessoal e as condi\u00e7\u00f5es clim\u00e1ticas da regi\u00e3o.<\/li>\n\n\n\n<li><strong>Plantio:<\/strong>\u00a0As sementes podem ser plantadas diretamente no solo ou em sementeiras. A profundidade ideal \u00e9 de cerca de 1 cm, com uma dist\u00e2ncia de 30 cm entre cada planta.<\/li>\n\n\n\n<li><strong>Rega:<\/strong>\u00a0Mantenha o solo \u00famido, mas evite encharcar. A rega deve ser feita regularmente, de prefer\u00eancia pela manh\u00e3 ou no final da tarde.<\/li>\n\n\n\n<li><strong>Aduba\u00e7\u00e3o:<\/strong>\u00a0Realize aduba\u00e7\u00f5es peri\u00f3dicas para garantir que a alface receba todos os nutrientes necess\u00e1rios para seu desenvolvimento.<\/li>\n<\/ol>\n\n\n\n<h2 class=\"wp-block-heading\"><strong>Como fazer a colheita da alface?<\/strong><\/h2>\n\n\n\n<p>A colheita da alface pode ser feita quando as folhas atingem um tamanho adequado para consumo, geralmente entre 40 a 60 dias ap\u00f3s o plantio. As folhas podem ser colhidas individualmente, conforme necess\u00e1rio, o que permite que a planta continue a crescer e produzir novas folhas.<\/p>\n\n\n\n<p>Plantar alface em casa \u00e9 uma atividade gratificante que oferece in\u00fameros benef\u00edcios para a sa\u00fade e o bem-estar. Com as dicas e orienta\u00e7\u00f5es apresentadas, qualquer pessoa pode come\u00e7ar sua pr\u00f3pria horta de alface, desfrutando de folhas frescas e saborosas diretamente do jardim.<\/p>\n","protected":false},"excerpt":{"rendered":"<p>Veja dicas de como plantar alface em casa e ter sempre fresco na sua geladeira. Dicas simples e pr\u00e1ticas para o processo!<\/p>\n","protected":false},"author":3,"featured_media":6080,"comment_status":"open","ping_status":"open","sticky":false,"template":"","format":"standard","meta":{"_yoast_wpseo_focuskw":"pantar alface","_yoast_wpseo_title":"%%title%%","_yoast_wpseo_metadesc":"Veja dicas de como plantar alface em casa e ter sempre fresco na sua geladeira. Dicas simples e pr\u00e1ticas para o processo!","jnews-multi-image_gallery":[],"jnews_single_post":{"format":"standard"},"jnews_primary_category":[],"jnews_social_meta":[],"jnews_override_counter":[],"footnotes":""},"categories":[136],"post_tag":[1110,137],"class_list":["post-6116","post","type-post","status-publish","format-standard","has-post-thumbnail","hentry","category-jardinagem","tag-alface","tag-como-plantar"],"yoast_head":"<!-- This site is optimized with the Yoast SEO plugin v24.6 - https:\/\/yoast.com\/wordpress\/plugins\/seo\/ -->\n<title>Passo a passo para plantar alface em casa<\/title>\n<meta name=\"description\" content=\"Veja dicas de como plantar alface em casa e ter sempre fresco na sua geladeira. Dicas simples e pr\u00e1ticas para o processo!\" \/>\n<meta name=\"robots\" content=\"index, follow, max-snippet:-1, max-image-preview:large, max-video-preview:-1\" \/>\n<link rel=\"canonical\" href=\"https:\/\/www.correiobraziliense.com.br\/cbradar\/passo-a-passo-para-plantar-alface-em-casa\/\" \/>\n<meta property=\"og:locale\" content=\"pt_BR\" \/>\n<meta property=\"og:type\" content=\"article\" \/>\n<meta property=\"og:title\" content=\"Passo a passo para plantar alface em casa\" \/>\n<meta property=\"og:description\" content=\"Veja dicas de como plantar alface em casa e ter sempre fresco na sua geladeira. Dicas simples e pr\u00e1ticas para o processo!\" \/>\n<meta property=\"og:url\" content=\"https:\/\/www.correiobraziliense.com.br\/cbradar\/passo-a-passo-para-plantar-alface-em-casa\/\" \/>\n<meta property=\"og:site_name\" content=\"Correio Braziliense - Radar\" \/>\n<meta property=\"article:published_time\" content=\"2025-02-26T16:30:00+00:00\" \/>\n<meta property=\"og:image\" content=\"https:\/\/www.correiobraziliense.com.br\/cbradar\/wp-content\/uploads\/2025\/02\/alface-em-casa_1740489225976.jpg\" \/>\n\t<meta property=\"og:image:width\" content=\"1280\" \/>\n\t<meta property=\"og:image:height\" content=\"720\" \/>\n\t<meta property=\"og:image:type\" content=\"image\/jpeg\" \/>\n<meta name=\"author\" content=\"Larissa Carvalho\" \/>\n<meta name=\"twitter:card\" content=\"summary_large_image\" \/>\n<meta name=\"twitter:label1\" content=\"Escrito por\" \/>\n\t<meta name=\"twitter:data1\" content=\"Larissa Carvalho\" \/>\n\t<meta name=\"twitter:label2\" content=\"Est. tempo de leitura\" \/>\n\t<meta name=\"twitter:data2\" content=\"4 minutos\" \/>\n<!-- \/ Yoast SEO plugin. -->","yoast_head_json":{"title":"Passo a passo para plantar alface em casa","description":"Veja dicas de como plantar alface em casa e ter sempre fresco na sua geladeira. Dicas simples e pr\u00e1ticas para o processo!","robots":{"index":"index","follow":"follow","max-snippet":"max-snippet:-1","max-image-preview":"max-image-preview:large","max-video-preview":"max-video-preview:-1"},"canonical":"https:\/\/www.correiobraziliense.com.br\/cbradar\/passo-a-passo-para-plantar-alface-em-casa\/","og_locale":"pt_BR","og_type":"article","og_title":"Passo a passo para plantar alface em casa","og_description":"Veja dicas de como plantar alface em casa e ter sempre fresco na sua geladeira. Dicas simples e pr\u00e1ticas para o processo!","og_url":"https:\/\/www.correiobraziliense.com.br\/cbradar\/passo-a-passo-para-plantar-alface-em-casa\/","og_site_name":"Correio Braziliense - Radar","article_published_time":"2025-02-26T16:30:00+00:00","og_image":[{"width":1280,"height":720,"url":"https:\/\/www.correiobraziliense.com.br\/cbradar\/wp-content\/uploads\/2025\/02\/alface-em-casa_1740489225976.jpg","type":"image\/jpeg"}],"author":"Larissa Carvalho","twitter_card":"summary_large_image","twitter_misc":{"Escrito por":"Larissa Carvalho","Est. tempo de leitura":"4 minutos"},"schema":{"@context":"https:\/\/schema.org","@graph":[{"@type":"WebPage","@id":"https:\/\/www.correiobraziliense.com.br\/cbradar\/passo-a-passo-para-plantar-alface-em-casa\/","url":"https:\/\/www.correiobraziliense.com.br\/cbradar\/passo-a-passo-para-plantar-alface-em-casa\/","name":"Passo a passo para plantar alface em casa","isPartOf":{"@id":"https:\/\/www.correiobraziliense.com.br\/cbradar\/#website"},"primaryImageOfPage":{"@id":"https:\/\/www.correiobraziliense.com.br\/cbradar\/passo-a-passo-para-plantar-alface-em-casa\/#primaryimage"},"image":{"@id":"https:\/\/www.correiobraziliense.com.br\/cbradar\/passo-a-passo-para-plantar-alface-em-casa\/#primaryimage"},"thumbnailUrl":"https:\/\/www.correiobraziliense.com.br\/cbradar\/wp-content\/uploads\/2025\/02\/alface-em-casa_1740489225976.jpg","datePublished":"2025-02-26T16:30:00+00:00","author":{"@id":"https:\/\/www.correiobraziliense.com.br\/cbradar\/#\/schema\/person\/58422787644df994b53a19d3e56c1513"},"description":"Veja dicas de como plantar alface em casa e ter sempre fresco na sua geladeira. Dicas simples e pr\u00e1ticas para o processo!","breadcrumb":{"@id":"https:\/\/www.correiobraziliense.com.br\/cbradar\/passo-a-passo-para-plantar-alface-em-casa\/#breadcrumb"},"inLanguage":"pt-BR","potentialAction":[{"@type":"ReadAction","target":["https:\/\/www.correiobraziliense.com.br\/cbradar\/passo-a-passo-para-plantar-alface-em-casa\/"]}]},{"@type":"ImageObject","inLanguage":"pt-BR","@id":"https:\/\/www.correiobraziliense.com.br\/cbradar\/passo-a-passo-para-plantar-alface-em-casa\/#primaryimage","url":"https:\/\/www.correiobraziliense.com.br\/cbradar\/wp-content\/uploads\/2025\/02\/alface-em-casa_1740489225976.jpg","contentUrl":"https:\/\/www.correiobraziliense.com.br\/cbradar\/wp-content\/uploads\/2025\/02\/alface-em-casa_1740489225976.jpg","width":1280,"height":720,"caption":"Dicas de como plantar alface em casa. Cr\u00e9ditos: depositphotos.com \/ viki2win"},{"@type":"BreadcrumbList","@id":"https:\/\/www.correiobraziliense.com.br\/cbradar\/passo-a-passo-para-plantar-alface-em-casa\/#breadcrumb","itemListElement":[{"@type":"ListItem","position":1,"name":"In\u00edcio","item":"https:\/\/www.correiobraziliense.com.br\/cbradar\/"},{"@type":"ListItem","position":2,"name":"Passo a passo para plantar alface em casa"}]},{"@type":"WebSite","@id":"https:\/\/www.correiobraziliense.com.br\/cbradar\/#website","url":"https:\/\/www.correiobraziliense.com.br\/cbradar\/","name":"Correio Braziliense - Radar","description":"Acompanhe as \u00faltimas not\u00edcias e fique bem informado sobre tudo o que acontece no Brasil e no mundo.","potentialAction":[{"@type":"SearchAction","target":{"@type":"EntryPoint","urlTemplate":"https:\/\/www.correiobraziliense.com.br\/cbradar\/?s={search_term_string}"},"query-input":{"@type":"PropertyValueSpecification","valueRequired":true,"valueName":"search_term_string"}}],"inLanguage":"pt-BR"},{"@type":"Person","@id":"https:\/\/www.correiobraziliense.com.br\/cbradar\/#\/schema\/person\/58422787644df994b53a19d3e56c1513","name":"Larissa Carvalho","image":{"@type":"ImageObject","inLanguage":"pt-BR","@id":"https:\/\/www.correiobraziliense.com.br\/cbradar\/#\/schema\/person\/image\/","url":"https:\/\/secure.gravatar.com\/avatar\/fe4f91a0de32b52a838d0d612abdc1aa?s=96&d=mm&r=g","contentUrl":"https:\/\/secure.gravatar.com\/avatar\/fe4f91a0de32b52a838d0d612abdc1aa?s=96&d=mm&r=g","caption":"Larissa Carvalho"},"url":"https:\/\/www.correiobraziliense.com.br\/cbradar\/author\/larissamyth\/"}]}},"_links":{"self":[{"href":"https:\/\/www.correiobraziliense.com.br\/cbradar\/wp-json\/wp\/v2\/posts\/6116","targetHints":{"allow":["GET"]}}],"collection":[{"href":"https:\/\/www.correiobraziliense.com.br\/cbradar\/wp-json\/wp\/v2\/posts"}],"about":[{"href":"https:\/\/www.correiobraziliense.com.br\/cbradar\/wp-json\/wp\/v2\/types\/post"}],"author":[{"embeddable":true,"href":"https:\/\/www.correiobraziliense.com.br\/cbradar\/wp-json\/wp\/v2\/users\/3"}],"replies":[{"embeddable":true,"href":"https:\/\/www.correiobraziliense.com.br\/cbradar\/wp-json\/wp\/v2\/comments?post=6116"}],"version-history":[{"count":1,"href":"https:\/\/www.correiobraziliense.com.br\/cbradar\/wp-json\/wp\/v2\/posts\/6116\/revisions"}],"predecessor-version":[{"id":6117,"href":"https:\/\/www.correiobraziliense.com.br\/cbradar\/wp-json\/wp\/v2\/posts\/6116\/revisions\/6117"}],"wp:featuredmedia":[{"embeddable":true,"href":"https:\/\/www.correiobraziliense.com.br\/cbradar\/wp-json\/wp\/v2\/media\/6080"}],"wp:attachment":[{"href":"https:\/\/www.correiobraziliense.com.br\/cbradar\/wp-json\/wp\/v2\/media?parent=6116"}],"wp:term":[{"taxonomy":"category","embeddable":true,"href":"https:\/\/www.correiobraziliense.com.br\/cbradar\/wp-json\/wp\/v2\/categories?post=6116"},{"taxonomy":"post_tag","embeddable":true,"href":"https:\/\/www.correiobraziliense.com.br\/cbradar\/wp-json\/wp\/v2\/post_tag?post=6116"}],"curies":[{"name":"wp","href":"https:\/\/api.w.org\/{rel}","templated":true}]}}