{"id":61195,"date":"2025-06-30T10:53:00","date_gmt":"2025-06-30T13:53:00","guid":{"rendered":"https:\/\/www.correiobraziliense.com.br\/cbradar\/?p=61195"},"modified":"2025-06-29T05:16:23","modified_gmt":"2025-06-29T08:16:23","slug":"como-plantar-laranja-em-casa","status":"publish","type":"post","link":"https:\/\/www.correiobraziliense.com.br\/cbradar\/como-plantar-laranja-em-casa\/","title":{"rendered":"Como plantar laranja em casa?"},"content":{"rendered":"\n<p>A <a href=\"https:\/\/pt.wikipedia.org\/wiki\/Laranja\" target=\"_blank\" rel=\"noreferrer noopener\"><strong>laranja<\/strong> <\/a>\u00e9 uma fruta c\u00edtrica refrescante, rica em vitamina C e perfeita para sucos e sobremesas. Cultivar uma laranjeira em casa \u00e9 uma atividade gratificante que traz beleza e frutos saborosos. Este guia ensina como <strong><a href=\"https:\/\/www.correiobraziliense.com.br\/cbradar\/cultivar-babosa-virou-tendencia-e-tem-um-motivo-especial-por-tras\/\" target=\"_blank\" rel=\"noreferrer noopener\">plantar <\/a>laranja<\/strong> de forma pr\u00e1tica.<\/p>\n\n\n\n<h2 class=\"wp-block-heading\">Como escolher o melhor solo para plantar laranja?<\/h2>\n\n\n\n<p><strong>O melhor solo para plantar laranja \u00e9 profundo, bem drenado e com pH entre 6,0 e 7,0.<\/strong> Misture terra vegetal, composto org\u00e2nico e areia para garantir drenagem. Evite solos argilosos, pois ret\u00eam \u00e1gua e prejudicam as ra\u00edzes. Adicione calc\u00e1rio dolom\u00edtico para corrigir a acidez. Um solo bem preparado \u00e9 essencial para uma laranjeira cheia de <strong>laranjas<\/strong> suculentas.<\/p>\n\n\n<div class=\"wp-block-image\">\n<figure class=\"aligncenter size-large\"><img decoding=\"async\" width=\"1024\" height=\"576\" src=\"https:\/\/www.correiobraziliense.com.br\/cbradar\/wp-content\/uploads\/2025\/06\/laranjeira-arvore_1749889900856-1024x576.jpg\" alt=\"\" class=\"wp-image-53277\" srcset=\"https:\/\/www.correiobraziliense.com.br\/cbradar\/wp-content\/uploads\/2025\/06\/laranjeira-arvore_1749889900856-1024x576.jpg 1024w, https:\/\/www.correiobraziliense.com.br\/cbradar\/wp-content\/uploads\/2025\/06\/laranjeira-arvore_1749889900856-300x169.jpg 300w, https:\/\/www.correiobraziliense.com.br\/cbradar\/wp-content\/uploads\/2025\/06\/laranjeira-arvore_1749889900856-768x432.jpg 768w, https:\/\/www.correiobraziliense.com.br\/cbradar\/wp-content\/uploads\/2025\/06\/laranjeira-arvore_1749889900856-750x422.jpg 750w, https:\/\/www.correiobraziliense.com.br\/cbradar\/wp-content\/uploads\/2025\/06\/laranjeira-arvore_1749889900856-1140x641.jpg 1140w, https:\/\/www.correiobraziliense.com.br\/cbradar\/wp-content\/uploads\/2025\/06\/laranjeira-arvore_1749889900856.jpg 1280w\" sizes=\"(max-width: 1024px) 100vw, 1024px\" \/><figcaption class=\"wp-element-caption\">Laranjeira \/\/ Cr\u00e9ditos: depositphotos.com \/ paulobaqueta<\/figcaption><\/figure><\/div>\n\n\n<h2 class=\"wp-block-heading\">Quando \u00e9 a melhor \u00e9poca para iniciar o plantio de laranja?<\/h2>\n\n\n\n<p><strong>A melhor \u00e9poca para plantar laranja \u00e9 na primavera, entre setembro e novembro no Brasil.<\/strong> O clima quente e \u00famido favorece o desenvolvimento. No <strong>Sudeste<\/strong> e <strong>Nordeste<\/strong>, o plantio pode ser feito em outras esta\u00e7\u00f5es, exceto no inverno do <strong>Sul<\/strong>. Escolher o momento certo garante uma laranjeira forte e produtiva, com frutos de qualidade.<\/p>\n\n\n\n<h2 class=\"wp-block-heading\">Como preparar as mudas de laranja antes do plantio?<\/h2>\n\n\n\n<p><strong>As mudas de laranja devem ser compradas em viveiros certificados.<\/strong> Escolha mudas enxertadas, com 50 cm de altura e ra\u00edzes saud\u00e1veis. Mergulhe as ra\u00edzes em \u00e1gua por 4 a 6 horas antes de plantar para hidrat\u00e1-las. Retire folhas secas com tesoura esterilizada. Esse cuidado inicial ajuda a <strong>laranja<\/strong> a se adaptar ao novo ambiente.<\/p>\n\n\n\n<h2 class=\"wp-block-heading\">Como realizar o plantio de laranja passo a passo?<\/h2>\n\n\n\n<ul class=\"wp-block-list\">\n<li><strong>Escolha o local<\/strong>: Prefira sol pleno e prote\u00e7\u00e3o contra ventos.<\/li>\n\n\n\n<li><strong>Prepare o solo<\/strong>: Fa\u00e7a covas de 50&#215;50 cm com composto org\u00e2nico.<\/li>\n\n\n\n<li><strong>Plante a muda<\/strong>: Coloque a muda no centro, cobrindo as ra\u00edzes.<\/li>\n\n\n\n<li><strong>Regue bem<\/strong>: Molhe o solo ap\u00f3s o plantio, mantendo-o \u00famido.<\/li>\n\n\n\n<li><strong>Use estaca<\/strong>: Apoie a muda contra ventos com uma estaca.<\/li>\n\n\n\n<li><strong>Espa\u00e7e as \u00e1rvores<\/strong>: Deixe 4 a 5 metros entre laranjeiras.<\/li>\n<\/ul>\n\n\n\n<h2 class=\"wp-block-heading\">Como prevenir doen\u00e7as comuns no cultivo de laranja?<\/h2>\n\n\n\n<p><strong>Para prevenir doen\u00e7as na laranja, mantenha a \u00e1rvore ventilada e o solo drenado.<\/strong> A gomose \u00e9 evitada com podas e pasta bordalesa. Pragas como a mosca-das-frutas s\u00e3o controladas com armadilhas org\u00e2nicas. Inspecione folhas e frutos regularmente, removendo partes afetadas. Cuidados preventivos garantem <strong>laranjas<\/strong> saud\u00e1veis e saborosas.<\/p>\n\n\n\n<h2 class=\"wp-block-heading\">Como fazer a poda da laranja e como ocorre o florescimento e a frutifica\u00e7\u00e3o?<\/h2>\n\n\n\n<p><strong>A poda da laranja remove galhos secos ou cruzados.<\/strong> Corte na primavera com tesoura esterilizada para estimular o crescimento. O florescimento ocorre entre setembro e outubro, com flores brancas que atraem abelhas. A frutifica\u00e7\u00e3o come\u00e7a entre 6 e 12 meses, dependendo da variedade, como <strong>laranja-pera<\/strong>. Podas anuais garantem frutos de qualidade.<\/p>\n\n\n\n<h2 class=\"wp-block-heading\">Curiosidades sobre a laranja<\/h2>\n\n\n\n<ul class=\"wp-block-list\">\n<li><strong>Origem asi\u00e1tica<\/strong>: A <strong>laranja<\/strong> \u00e9 nativa da <strong>China<\/strong>.<\/li>\n\n\n\n<li><strong>S\u00edmbolo de sa\u00fade<\/strong>: No <strong>Brasil<\/strong>, \u00e9 associada \u00e0 imunidade.<\/li>\n\n\n\n<li><strong>Uso vers\u00e1til<\/strong>: Usada em perfumes e \u00f3leos essenciais.<\/li>\n\n\n\n<li><strong>Produ\u00e7\u00e3o nacional<\/strong>: <strong>S\u00e3o Paulo<\/strong> \u00e9 o maior produtor de <strong>laranja<\/strong>.<\/li>\n<\/ul>\n\n\n\n<h2 class=\"wp-block-heading\">Benef\u00edcios da laranja para a sa\u00fade<\/h2>\n\n\n\n<p>A <strong>laranja<\/strong> \u00e9 rica em vitamina C, fibras e antioxidantes, fortalecendo a imunidade e prevenindo gripes. Seu suco reduz o colesterol e melhora a sa\u00fade cardiovascular. A casca da <strong>laranja<\/strong> \u00e9 usada em ch\u00e1s para digest\u00e3o. Cultivar laranjeiras em casa garante frutas frescas e nutritivas.<\/p>\n\n\n\n<h2 class=\"wp-block-heading\">Perguntas Frequentes &#8211; FAQ<\/h2>\n\n\n\n<ol class=\"wp-block-list\">\n<li><strong>Posso plantar laranja em vaso?<\/strong><br>Sim, variedades an\u00e3s, como <strong>laranja-kinkan<\/strong>, s\u00e3o ideais.<\/li>\n\n\n\n<li><strong>Quanto tempo leva para colher laranjas?<\/strong><br>Entre 2 e 3 anos ap\u00f3s o plantio.<\/li>\n\n\n\n<li><strong>Como evitar pragas na laranjeira?<\/strong><br>Use armadilhas org\u00e2nicas e plante <strong>manjeric\u00e3o<\/strong> como repelente.<\/li>\n\n\n\n<li><strong>A laranja \u00e9 resistente ao frio?<\/strong><br>Tolerante a temperaturas amenas, mas precisa de prote\u00e7\u00e3o em geadas.<\/li>\n<\/ol>\n","protected":false},"excerpt":{"rendered":"<p>A laranja \u00e9 uma fruta c\u00edtrica refrescante, rica em vitamina C e perfeita para sucos e sobremesas. Cultivar uma laranjeira em casa \u00e9 uma atividade gratificante que traz beleza e frutos saborosos. Este guia ensina como plantar laranja de forma pr\u00e1tica. Como escolher o melhor solo para plantar laranja? O melhor solo para plantar laranja [&hellip;]<\/p>\n","protected":false},"author":8,"featured_media":53275,"comment_status":"open","ping_status":"open","sticky":false,"template":"","format":"standard","meta":{"_yoast_wpseo_focuskw":"plantar","_yoast_wpseo_title":"","_yoast_wpseo_metadesc":"Aprenda como plantar laranja em casa, mesmo em vasos, e colha frutas frescas, saud\u00e1veis e cheias de vitamina C direto do seu quintal.","jnews-multi-image_gallery":[],"jnews_single_post":{"format":"standard"},"jnews_primary_category":[],"jnews_social_meta":[],"jnews_override_counter":[],"footnotes":""},"categories":[136],"post_tag":[137,867],"class_list":["post-61195","post","type-post","status-publish","format-standard","has-post-thumbnail","hentry","category-jardinagem","tag-como-plantar","tag-laranja"],"yoast_head":"<!-- This site is optimized with the Yoast SEO plugin v24.6 - https:\/\/yoast.com\/wordpress\/plugins\/seo\/ -->\n<title>Como plantar laranja em casa? - Correio Braziliense - Radar<\/title>\n<meta name=\"description\" content=\"Aprenda como plantar laranja em casa, mesmo em vasos, e colha frutas frescas, saud\u00e1veis e cheias de vitamina C direto do seu quintal.\" \/>\n<meta name=\"robots\" content=\"index, follow, max-snippet:-1, max-image-preview:large, max-video-preview:-1\" \/>\n<link rel=\"canonical\" href=\"https:\/\/www.correiobraziliense.com.br\/cbradar\/como-plantar-laranja-em-casa\/\" \/>\n<meta property=\"og:locale\" content=\"pt_BR\" \/>\n<meta property=\"og:type\" content=\"article\" \/>\n<meta property=\"og:title\" content=\"Como plantar laranja em casa? - Correio Braziliense - Radar\" \/>\n<meta property=\"og:description\" content=\"Aprenda como plantar laranja em casa, mesmo em vasos, e colha frutas frescas, saud\u00e1veis e cheias de vitamina C direto do seu quintal.\" \/>\n<meta property=\"og:url\" content=\"https:\/\/www.correiobraziliense.com.br\/cbradar\/como-plantar-laranja-em-casa\/\" \/>\n<meta property=\"og:site_name\" content=\"Correio Braziliense - Radar\" \/>\n<meta property=\"article:published_time\" content=\"2025-06-30T13:53:00+00:00\" \/>\n<meta property=\"og:image\" content=\"https:\/\/www.correiobraziliense.com.br\/cbradar\/wp-content\/uploads\/2025\/06\/laranjeira-arvore_1749889888758.jpg\" \/>\n\t<meta property=\"og:image:width\" content=\"1280\" \/>\n\t<meta property=\"og:image:height\" content=\"720\" \/>\n\t<meta property=\"og:image:type\" content=\"image\/jpeg\" \/>\n<meta name=\"author\" content=\"Maura Pereira\" \/>\n<meta name=\"twitter:card\" content=\"summary_large_image\" \/>\n<meta name=\"twitter:label1\" content=\"Escrito por\" \/>\n\t<meta name=\"twitter:data1\" content=\"Maura Pereira\" \/>\n\t<meta name=\"twitter:label2\" content=\"Est. tempo de leitura\" \/>\n\t<meta name=\"twitter:data2\" content=\"4 minutos\" \/>\n<!-- \/ Yoast SEO plugin. -->","yoast_head_json":{"title":"Como plantar laranja em casa? - Correio Braziliense - Radar","description":"Aprenda como plantar laranja em casa, mesmo em vasos, e colha frutas frescas, saud\u00e1veis e cheias de vitamina C direto do seu quintal.","robots":{"index":"index","follow":"follow","max-snippet":"max-snippet:-1","max-image-preview":"max-image-preview:large","max-video-preview":"max-video-preview:-1"},"canonical":"https:\/\/www.correiobraziliense.com.br\/cbradar\/como-plantar-laranja-em-casa\/","og_locale":"pt_BR","og_type":"article","og_title":"Como plantar laranja em casa? - Correio Braziliense - Radar","og_description":"Aprenda como plantar laranja em casa, mesmo em vasos, e colha frutas frescas, saud\u00e1veis e cheias de vitamina C direto do seu quintal.","og_url":"https:\/\/www.correiobraziliense.com.br\/cbradar\/como-plantar-laranja-em-casa\/","og_site_name":"Correio Braziliense - Radar","article_published_time":"2025-06-30T13:53:00+00:00","og_image":[{"width":1280,"height":720,"url":"https:\/\/www.correiobraziliense.com.br\/cbradar\/wp-content\/uploads\/2025\/06\/laranjeira-arvore_1749889888758.jpg","type":"image\/jpeg"}],"author":"Maura Pereira","twitter_card":"summary_large_image","twitter_misc":{"Escrito por":"Maura Pereira","Est. tempo de leitura":"4 minutos"},"schema":{"@context":"https:\/\/schema.org","@graph":[{"@type":"WebPage","@id":"https:\/\/www.correiobraziliense.com.br\/cbradar\/como-plantar-laranja-em-casa\/","url":"https:\/\/www.correiobraziliense.com.br\/cbradar\/como-plantar-laranja-em-casa\/","name":"Como plantar laranja em casa? - Correio Braziliense - Radar","isPartOf":{"@id":"https:\/\/www.correiobraziliense.com.br\/cbradar\/#website"},"primaryImageOfPage":{"@id":"https:\/\/www.correiobraziliense.com.br\/cbradar\/como-plantar-laranja-em-casa\/#primaryimage"},"image":{"@id":"https:\/\/www.correiobraziliense.com.br\/cbradar\/como-plantar-laranja-em-casa\/#primaryimage"},"thumbnailUrl":"https:\/\/www.correiobraziliense.com.br\/cbradar\/wp-content\/uploads\/2025\/06\/laranjeira-arvore_1749889888758.jpg","datePublished":"2025-06-30T13:53:00+00:00","author":{"@id":"https:\/\/www.correiobraziliense.com.br\/cbradar\/#\/schema\/person\/4053c651a9bfc785afc6f4cbc9032fd3"},"description":"Aprenda como plantar laranja em casa, mesmo em vasos, e colha frutas frescas, saud\u00e1veis e cheias de vitamina C direto do seu quintal.","breadcrumb":{"@id":"https:\/\/www.correiobraziliense.com.br\/cbradar\/como-plantar-laranja-em-casa\/#breadcrumb"},"inLanguage":"pt-BR","potentialAction":[{"@type":"ReadAction","target":["https:\/\/www.correiobraziliense.com.br\/cbradar\/como-plantar-laranja-em-casa\/"]}]},{"@type":"ImageObject","inLanguage":"pt-BR","@id":"https:\/\/www.correiobraziliense.com.br\/cbradar\/como-plantar-laranja-em-casa\/#primaryimage","url":"https:\/\/www.correiobraziliense.com.br\/cbradar\/wp-content\/uploads\/2025\/06\/laranjeira-arvore_1749889888758.jpg","contentUrl":"https:\/\/www.correiobraziliense.com.br\/cbradar\/wp-content\/uploads\/2025\/06\/laranjeira-arvore_1749889888758.jpg","width":1280,"height":720,"caption":"Laranja \u00e9 uma fruta c\u00edtrica que pode ser cultivada em casa por meio de mudas enxertadas. \/\/ Cr\u00e9ditos: depositphotos.com \/ sripfoto"},{"@type":"BreadcrumbList","@id":"https:\/\/www.correiobraziliense.com.br\/cbradar\/como-plantar-laranja-em-casa\/#breadcrumb","itemListElement":[{"@type":"ListItem","position":1,"name":"In\u00edcio","item":"https:\/\/www.correiobraziliense.com.br\/cbradar\/"},{"@type":"ListItem","position":2,"name":"Como plantar laranja em casa?"}]},{"@type":"WebSite","@id":"https:\/\/www.correiobraziliense.com.br\/cbradar\/#website","url":"https:\/\/www.correiobraziliense.com.br\/cbradar\/","name":"Correio Braziliense - Radar","description":"Acompanhe as \u00faltimas not\u00edcias e fique bem informado sobre tudo o que acontece no Brasil e no mundo.","potentialAction":[{"@type":"SearchAction","target":{"@type":"EntryPoint","urlTemplate":"https:\/\/www.correiobraziliense.com.br\/cbradar\/?s={search_term_string}"},"query-input":{"@type":"PropertyValueSpecification","valueRequired":true,"valueName":"search_term_string"}}],"inLanguage":"pt-BR"},{"@type":"Person","@id":"https:\/\/www.correiobraziliense.com.br\/cbradar\/#\/schema\/person\/4053c651a9bfc785afc6f4cbc9032fd3","name":"Maura Pereira","image":{"@type":"ImageObject","inLanguage":"pt-BR","@id":"https:\/\/www.correiobraziliense.com.br\/cbradar\/#\/schema\/person\/image\/","url":"https:\/\/secure.gravatar.com\/avatar\/3effd6bdadfa447f15089c7f7144eaa6?s=96&d=mm&r=g","contentUrl":"https:\/\/secure.gravatar.com\/avatar\/3effd6bdadfa447f15089c7f7144eaa6?s=96&d=mm&r=g","caption":"Maura Pereira"},"sameAs":["https:\/\/www.correiobraziliense.com.br\/"],"url":"https:\/\/www.correiobraziliense.com.br\/cbradar\/author\/mauramyth\/"}]}},"_links":{"self":[{"href":"https:\/\/www.correiobraziliense.com.br\/cbradar\/wp-json\/wp\/v2\/posts\/61195","targetHints":{"allow":["GET"]}}],"collection":[{"href":"https:\/\/www.correiobraziliense.com.br\/cbradar\/wp-json\/wp\/v2\/posts"}],"about":[{"href":"https:\/\/www.correiobraziliense.com.br\/cbradar\/wp-json\/wp\/v2\/types\/post"}],"author":[{"embeddable":true,"href":"https:\/\/www.correiobraziliense.com.br\/cbradar\/wp-json\/wp\/v2\/users\/8"}],"replies":[{"embeddable":true,"href":"https:\/\/www.correiobraziliense.com.br\/cbradar\/wp-json\/wp\/v2\/comments?post=61195"}],"version-history":[{"count":6,"href":"https:\/\/www.correiobraziliense.com.br\/cbradar\/wp-json\/wp\/v2\/posts\/61195\/revisions"}],"predecessor-version":[{"id":61269,"href":"https:\/\/www.correiobraziliense.com.br\/cbradar\/wp-json\/wp\/v2\/posts\/61195\/revisions\/61269"}],"wp:featuredmedia":[{"embeddable":true,"href":"https:\/\/www.correiobraziliense.com.br\/cbradar\/wp-json\/wp\/v2\/media\/53275"}],"wp:attachment":[{"href":"https:\/\/www.correiobraziliense.com.br\/cbradar\/wp-json\/wp\/v2\/media?parent=61195"}],"wp:term":[{"taxonomy":"category","embeddable":true,"href":"https:\/\/www.correiobraziliense.com.br\/cbradar\/wp-json\/wp\/v2\/categories?post=61195"},{"taxonomy":"post_tag","embeddable":true,"href":"https:\/\/www.correiobraziliense.com.br\/cbradar\/wp-json\/wp\/v2\/post_tag?post=61195"}],"curies":[{"name":"wp","href":"https:\/\/api.w.org\/{rel}","templated":true}]}}